{"id":23353,"date":"2015-10-26T00:00:00","date_gmt":"2015-10-25T23:00:00","guid":{"rendered":"https:\/\/lightweb.dev\/l\/svm-temp\/nyheter\/minnesstund-for-dod-finsk-kvinna-stalls-in-avvaktar-obduktionsrapport\/"},"modified":"2015-10-26T00:00:00","modified_gmt":"2015-10-25T23:00:00","slug":"minnesstund-for-dod-finsk-kvinna-stalls-in-avvaktar-obduktionsrapport","status":"publish","type":"post","link":"https:\/\/lightweb.dev\/l\/svm-temp\/nyheter\/minnesstund-for-dod-finsk-kvinna-stalls-in-avvaktar-obduktionsrapport\/","title":{"rendered":"Minnesstund f\u00f6r d\u00f6d finsk kvinna st\u00e4lls in \u2013 avvaktar obduktionsrapport"},"content":{"rendered":"<p> Fuengirola kommun meddelar att den minnesstund som var planerad till klockan 12 p\u00e5 m\u00e5ndagen framf\u00f6r kommunhus tills vidare st\u00e4lls in. Anledningen \u00e4r att den prelimin\u00e4ra obduktionsrapporten som utf\u00f6rdes vid r\u00e4ttsmedicinska i M\u00e1laga inte har fastst\u00e4llt d\u00f6dsorsaken. I v\u00e4ntan p\u00e5 den fullst\u00e4ndiga rapporten \u00e4r minnesstunden inst\u00e4lld.<\/p>\n<p>\u201dKommunfullm\u00e4ktige vill tillsammans med alla inv\u00e5nare uttrycka den stora sorg och sympati vi k\u00e4nner med de anh\u00f6riga\u201d skriver kommunen i ett pressmeddelande p\u00e5 m\u00e5ndagsmorgonen.<\/p>\n<p>Det var tidigt i l\u00f6rdags morse som den 36-\u00e5riga finska kvinnan hittades d\u00f6d i en bostad p\u00e5 avenida de Los Boliches 14 i Fuengirola. Strax efter\u00e5t greps en finsk man i samma \u00e5lder.<\/p>\n<p>Diario SUR uppger att de f\u00f6rsta rapporterna pekar mot att kvinnan skulle ha mottagit flera slag mot huvudet och avlidit av allvarliga skallskador. I nul\u00e4get handlar det om att klarl\u00e4gga hur kvinnan har f\u00e5tt dessa skador, om det handlar om misshandel eller om hon har \u00e5dragit sig dessa genom att falla.<\/p>\n<p>En person larmade r\u00e4ddningstj\u00e4nsten efter att mannen skrikit p\u00e5 hj\u00e4lp fr\u00e5n balkongen till l\u00e4genheten. Minuterna senare kom en lokal polispatrull till platsen och fann den livl\u00f6sa kroppen i sovrummet.<\/p>\n<p>Enligt uppgifter till tidningen skulle paret ha bes\u00f6kt en bar p\u00e5 fredagskv\u00e4llen. Mannen ska ha \u00e5terv\u00e4nt till bostaden f\u00f6rst. Efter att kvinnan kommit hem ska en diskussion ha startat mellan mannen och kvinnan.<\/p>\n<p>Den gripne 36-\u00e5rige mannen nekar till att ha misshandlat kvinnan. Finl\u00e4ndaren s\u00e4ger att han somnade och n\u00e4r han vaknade fann han henne d\u00f6d och bad om hj\u00e4lp.<\/p>\n<p>Paret har tv\u00e5 barn, 8 och 10 \u00e5r gamla. De har omh\u00e4ndertagits av de sociala myndigheterna uppger La Opini\u00f3n de M\u00e1laga. <\/p>\n","protected":false},"excerpt":{"rendered":"<p>Fuengirola kommun meddelar att den minnesstund som var planerad till klockan 12 p\u00e5 m\u00e5ndagen framf\u00f6r kommunhus tills vidare st\u00e4lls in. Anledningen \u00e4r att den prelimin\u00e4ra obduktionsrapporten som utf\u00f6rdes vid r\u00e4ttsmedicinska i M\u00e1laga inte har fastst\u00e4llt d\u00f6dsorsaken. I v\u00e4ntan p\u00e5 den fullst\u00e4ndiga rapporten \u00e4r minnesstunden inst\u00e4lld. \u201dKommunfullm\u00e4ktige vill tillsammans med alla inv\u00e5nare uttrycka den stora sorg [&hellip;]<\/p>\n","protected":false},"author":8,"featured_media":23354,"comment_status":"open","ping_status":"open","sticky":false,"template":"","format":"standard","meta":{"_et_pb_use_builder":"","_et_pb_old_content":"","_et_gb_content_width":"","footnotes":""},"categories":[395,3],"tags":[],"class_list":["post-23353","post","type-post","status-publish","format-standard","has-post-thumbnail","hentry","category-arkiv-nyheter","category-nyheter"],"yoast_head":"<!-- This site is optimized with the Yoast SEO Premium plugin v26.2 (Yoast SEO v27.4) - https:\/\/yoast.com\/product\/yoast-seo-premium-wordpress\/ -->\n<title>Minnesstund f\u00f6r d\u00f6d finsk kvinna st\u00e4lls in \u2013 avvaktar obduktionsrapport - Svenska Magasinet<\/title>\n<meta name=\"robots\" content=\"noindex, follow, max-snippet:-1, max-image-preview:large, max-video-preview:-1\" \/>\n<meta property=\"og:locale\" content=\"sv_SE\" \/>\n<meta property=\"og:type\" content=\"article\" \/>\n<meta property=\"og:title\" content=\"Minnesstund f\u00f6r d\u00f6d finsk kvinna st\u00e4lls in \u2013 avvaktar obduktionsrapport\" \/>\n<meta property=\"og:description\" content=\"Fuengirola kommun meddelar att den minnesstund som var planerad till klockan 12 p\u00e5 m\u00e5ndagen framf\u00f6r kommunhus tills vidare st\u00e4lls in. Anledningen \u00e4r att den prelimin\u00e4ra obduktionsrapporten som utf\u00f6rdes vid r\u00e4ttsmedicinska i M\u00e1laga inte har fastst\u00e4llt d\u00f6dsorsaken. I v\u00e4ntan p\u00e5 den fullst\u00e4ndiga rapporten \u00e4r minnesstunden inst\u00e4lld. \u201dKommunfullm\u00e4ktige vill tillsammans med alla inv\u00e5nare uttrycka den stora sorg [&hellip;]\" \/>\n<meta property=\"og:url\" content=\"https:\/\/lightweb.dev\/l\/svm-temp\/nyheter\/minnesstund-for-dod-finsk-kvinna-stalls-in-avvaktar-obduktionsrapport\/\" \/>\n<meta property=\"og:site_name\" content=\"Svenska Magasinet\" \/>\n<meta property=\"article:publisher\" content=\"https:\/\/www.facebook.com\/svenskamagasinet\" \/>\n<meta property=\"article:published_time\" content=\"2015-10-25T23:00:00+00:00\" \/>\n<meta property=\"og:image\" content=\"https:\/\/lightweb.dev\/l\/svm-temp\/wp-content\/uploads\/2022\/06\/minnesstund-for-dod-finsk-kvinna-stalls-in-avvaktar-obduktionsrapport.png\" \/>\n\t<meta property=\"og:image:width\" content=\"280\" \/>\n\t<meta property=\"og:image:height\" content=\"209\" \/>\n\t<meta property=\"og:image:type\" content=\"image\/png\" \/>\n<meta name=\"author\" content=\"Redaktionen SvM\" \/>\n<meta name=\"twitter:card\" content=\"summary_large_image\" \/>\n<meta name=\"twitter:creator\" content=\"@SvenskaMagasine\" \/>\n<meta name=\"twitter:site\" content=\"@SvenskaMagasine\" \/>\n<script type=\"application\/ld+json\" class=\"yoast-schema-graph\">{\"@context\":\"https:\\\/\\\/schema.org\",\"@graph\":[{\"@type\":\"Article\",\"@id\":\"https:\\\/\\\/lightweb.dev\\\/l\\\/svm-temp\\\/nyheter\\\/minnesstund-for-dod-finsk-kvinna-stalls-in-avvaktar-obduktionsrapport\\\/#article\",\"isPartOf\":{\"@id\":\"https:\\\/\\\/lightweb.dev\\\/l\\\/svm-temp\\\/nyheter\\\/minnesstund-for-dod-finsk-kvinna-stalls-in-avvaktar-obduktionsrapport\\\/\"},\"author\":{\"name\":\"Redaktionen SvM\",\"@id\":\"https:\\\/\\\/lightweb.dev\\\/l\\\/svm-temp\\\/#\\\/schema\\\/person\\\/206a3bda5b607b0c25e1749191e4d837\"},\"headline\":\"Minnesstund f\u00f6r d\u00f6d finsk kvinna st\u00e4lls in \u2013 avvaktar obduktionsrapport\",\"datePublished\":\"2015-10-25T23:00:00+00:00\",\"mainEntityOfPage\":{\"@id\":\"https:\\\/\\\/lightweb.dev\\\/l\\\/svm-temp\\\/nyheter\\\/minnesstund-for-dod-finsk-kvinna-stalls-in-avvaktar-obduktionsrapport\\\/\"},\"wordCount\":315,\"commentCount\":0,\"publisher\":{\"@id\":\"https:\\\/\\\/lightweb.dev\\\/l\\\/svm-temp\\\/#organization\"},\"image\":{\"@id\":\"https:\\\/\\\/lightweb.dev\\\/l\\\/svm-temp\\\/nyheter\\\/minnesstund-for-dod-finsk-kvinna-stalls-in-avvaktar-obduktionsrapport\\\/#primaryimage\"},\"thumbnailUrl\":\"https:\\\/\\\/lightweb.dev\\\/l\\\/svm-temp\\\/wp-content\\\/uploads\\\/2022\\\/06\\\/minnesstund-for-dod-finsk-kvinna-stalls-in-avvaktar-obduktionsrapport.png\",\"articleSection\":[\"Arkiv\",\"Nyheter\"],\"inLanguage\":\"sv-SE\"},{\"@type\":\"WebPage\",\"@id\":\"https:\\\/\\\/lightweb.dev\\\/l\\\/svm-temp\\\/nyheter\\\/minnesstund-for-dod-finsk-kvinna-stalls-in-avvaktar-obduktionsrapport\\\/\",\"url\":\"https:\\\/\\\/lightweb.dev\\\/l\\\/svm-temp\\\/nyheter\\\/minnesstund-for-dod-finsk-kvinna-stalls-in-avvaktar-obduktionsrapport\\\/\",\"name\":\"Minnesstund f\u00f6r d\u00f6d finsk kvinna st\u00e4lls in \u2013 avvaktar obduktionsrapport - Svenska Magasinet\",\"isPartOf\":{\"@id\":\"https:\\\/\\\/lightweb.dev\\\/l\\\/svm-temp\\\/#website\"},\"primaryImageOfPage\":{\"@id\":\"https:\\\/\\\/lightweb.dev\\\/l\\\/svm-temp\\\/nyheter\\\/minnesstund-for-dod-finsk-kvinna-stalls-in-avvaktar-obduktionsrapport\\\/#primaryimage\"},\"image\":{\"@id\":\"https:\\\/\\\/lightweb.dev\\\/l\\\/svm-temp\\\/nyheter\\\/minnesstund-for-dod-finsk-kvinna-stalls-in-avvaktar-obduktionsrapport\\\/#primaryimage\"},\"thumbnailUrl\":\"https:\\\/\\\/lightweb.dev\\\/l\\\/svm-temp\\\/wp-content\\\/uploads\\\/2022\\\/06\\\/minnesstund-for-dod-finsk-kvinna-stalls-in-avvaktar-obduktionsrapport.png\",\"datePublished\":\"2015-10-25T23:00:00+00:00\",\"breadcrumb\":{\"@id\":\"https:\\\/\\\/lightweb.dev\\\/l\\\/svm-temp\\\/nyheter\\\/minnesstund-for-dod-finsk-kvinna-stalls-in-avvaktar-obduktionsrapport\\\/#breadcrumb\"},\"inLanguage\":\"sv-SE\",\"potentialAction\":[{\"@type\":\"ReadAction\",\"target\":[\"https:\\\/\\\/lightweb.dev\\\/l\\\/svm-temp\\\/nyheter\\\/minnesstund-for-dod-finsk-kvinna-stalls-in-avvaktar-obduktionsrapport\\\/\"]}]},{\"@type\":\"ImageObject\",\"inLanguage\":\"sv-SE\",\"@id\":\"https:\\\/\\\/lightweb.dev\\\/l\\\/svm-temp\\\/nyheter\\\/minnesstund-for-dod-finsk-kvinna-stalls-in-avvaktar-obduktionsrapport\\\/#primaryimage\",\"url\":\"https:\\\/\\\/lightweb.dev\\\/l\\\/svm-temp\\\/wp-content\\\/uploads\\\/2022\\\/06\\\/minnesstund-for-dod-finsk-kvinna-stalls-in-avvaktar-obduktionsrapport.png\",\"contentUrl\":\"https:\\\/\\\/lightweb.dev\\\/l\\\/svm-temp\\\/wp-content\\\/uploads\\\/2022\\\/06\\\/minnesstund-for-dod-finsk-kvinna-stalls-in-avvaktar-obduktionsrapport.png\",\"width\":280,\"height\":209},{\"@type\":\"BreadcrumbList\",\"@id\":\"https:\\\/\\\/lightweb.dev\\\/l\\\/svm-temp\\\/nyheter\\\/minnesstund-for-dod-finsk-kvinna-stalls-in-avvaktar-obduktionsrapport\\\/#breadcrumb\",\"itemListElement\":[{\"@type\":\"ListItem\",\"position\":1,\"name\":\"Hem\",\"item\":\"https:\\\/\\\/lightweb.dev\\\/l\\\/svm-temp\\\/\"},{\"@type\":\"ListItem\",\"position\":2,\"name\":\"Minnesstund f\u00f6r d\u00f6d finsk kvinna st\u00e4lls in \u2013 avvaktar obduktionsrapport\"}]},{\"@type\":\"WebSite\",\"@id\":\"https:\\\/\\\/lightweb.dev\\\/l\\\/svm-temp\\\/#website\",\"url\":\"https:\\\/\\\/lightweb.dev\\\/l\\\/svm-temp\\\/\",\"name\":\"Svenska Magasinet\",\"description\":\"Dina Spanska nyheter p&aring; Svenska\",\"publisher\":{\"@id\":\"https:\\\/\\\/lightweb.dev\\\/l\\\/svm-temp\\\/#organization\"},\"potentialAction\":[{\"@type\":\"SearchAction\",\"target\":{\"@type\":\"EntryPoint\",\"urlTemplate\":\"https:\\\/\\\/lightweb.dev\\\/l\\\/svm-temp\\\/?s={search_term_string}\"},\"query-input\":{\"@type\":\"PropertyValueSpecification\",\"valueRequired\":true,\"valueName\":\"search_term_string\"}}],\"inLanguage\":\"sv-SE\"},{\"@type\":\"Organization\",\"@id\":\"https:\\\/\\\/lightweb.dev\\\/l\\\/svm-temp\\\/#organization\",\"name\":\"Melkerson y Nott SL\",\"alternateName\":\"Svenska Magasinet\",\"url\":\"https:\\\/\\\/lightweb.dev\\\/l\\\/svm-temp\\\/\",\"logo\":{\"@type\":\"ImageObject\",\"inLanguage\":\"sv-SE\",\"@id\":\"https:\\\/\\\/lightweb.dev\\\/l\\\/svm-temp\\\/#\\\/schema\\\/logo\\\/image\\\/\",\"url\":\"https:\\\/\\\/lightweb.dev\\\/l\\\/svm-temp\\\/wp-content\\\/uploads\\\/2025\\\/02\\\/SvM-logo-Xtra-Centrerad-SVART.png\",\"contentUrl\":\"https:\\\/\\\/lightweb.dev\\\/l\\\/svm-temp\\\/wp-content\\\/uploads\\\/2025\\\/02\\\/SvM-logo-Xtra-Centrerad-SVART.png\",\"width\":300,\"height\":99,\"caption\":\"Melkerson y Nott SL\"},\"image\":{\"@id\":\"https:\\\/\\\/lightweb.dev\\\/l\\\/svm-temp\\\/#\\\/schema\\\/logo\\\/image\\\/\"},\"sameAs\":[\"https:\\\/\\\/www.facebook.com\\\/svenskamagasinet\",\"https:\\\/\\\/x.com\\\/SvenskaMagasine\"]},{\"@type\":\"Person\",\"@id\":\"https:\\\/\\\/lightweb.dev\\\/l\\\/svm-temp\\\/#\\\/schema\\\/person\\\/206a3bda5b607b0c25e1749191e4d837\",\"name\":\"Redaktionen SvM\",\"description\":\"Redaktionen\",\"sameAs\":[\"https:\\\/\\\/lightweb.dev\\\/l\\\/svm-temp\"],\"url\":\"https:\\\/\\\/lightweb.dev\\\/l\\\/svm-temp\\\/reporter\\\/redaktionen\\\/\"}]}<\/script>\n<!-- \/ Yoast SEO Premium plugin. -->","yoast_head_json":{"title":"Minnesstund f\u00f6r d\u00f6d finsk kvinna st\u00e4lls in \u2013 avvaktar obduktionsrapport - Svenska Magasinet","robots":{"index":"noindex","follow":"follow","max-snippet":"max-snippet:-1","max-image-preview":"max-image-preview:large","max-video-preview":"max-video-preview:-1"},"og_locale":"sv_SE","og_type":"article","og_title":"Minnesstund f\u00f6r d\u00f6d finsk kvinna st\u00e4lls in \u2013 avvaktar obduktionsrapport","og_description":"Fuengirola kommun meddelar att den minnesstund som var planerad till klockan 12 p\u00e5 m\u00e5ndagen framf\u00f6r kommunhus tills vidare st\u00e4lls in. Anledningen \u00e4r att den prelimin\u00e4ra obduktionsrapporten som utf\u00f6rdes vid r\u00e4ttsmedicinska i M\u00e1laga inte har fastst\u00e4llt d\u00f6dsorsaken. I v\u00e4ntan p\u00e5 den fullst\u00e4ndiga rapporten \u00e4r minnesstunden inst\u00e4lld. \u201dKommunfullm\u00e4ktige vill tillsammans med alla inv\u00e5nare uttrycka den stora sorg [&hellip;]","og_url":"https:\/\/lightweb.dev\/l\/svm-temp\/nyheter\/minnesstund-for-dod-finsk-kvinna-stalls-in-avvaktar-obduktionsrapport\/","og_site_name":"Svenska Magasinet","article_publisher":"https:\/\/www.facebook.com\/svenskamagasinet","article_published_time":"2015-10-25T23:00:00+00:00","og_image":[{"width":280,"height":209,"url":"https:\/\/lightweb.dev\/l\/svm-temp\/wp-content\/uploads\/2022\/06\/minnesstund-for-dod-finsk-kvinna-stalls-in-avvaktar-obduktionsrapport.png","type":"image\/png"}],"author":"Redaktionen SvM","twitter_card":"summary_large_image","twitter_creator":"@SvenskaMagasine","twitter_site":"@SvenskaMagasine","schema":{"@context":"https:\/\/schema.org","@graph":[{"@type":"Article","@id":"https:\/\/lightweb.dev\/l\/svm-temp\/nyheter\/minnesstund-for-dod-finsk-kvinna-stalls-in-avvaktar-obduktionsrapport\/#article","isPartOf":{"@id":"https:\/\/lightweb.dev\/l\/svm-temp\/nyheter\/minnesstund-for-dod-finsk-kvinna-stalls-in-avvaktar-obduktionsrapport\/"},"author":{"name":"Redaktionen SvM","@id":"https:\/\/lightweb.dev\/l\/svm-temp\/#\/schema\/person\/206a3bda5b607b0c25e1749191e4d837"},"headline":"Minnesstund f\u00f6r d\u00f6d finsk kvinna st\u00e4lls in \u2013 avvaktar obduktionsrapport","datePublished":"2015-10-25T23:00:00+00:00","mainEntityOfPage":{"@id":"https:\/\/lightweb.dev\/l\/svm-temp\/nyheter\/minnesstund-for-dod-finsk-kvinna-stalls-in-avvaktar-obduktionsrapport\/"},"wordCount":315,"commentCount":0,"publisher":{"@id":"https:\/\/lightweb.dev\/l\/svm-temp\/#organization"},"image":{"@id":"https:\/\/lightweb.dev\/l\/svm-temp\/nyheter\/minnesstund-for-dod-finsk-kvinna-stalls-in-avvaktar-obduktionsrapport\/#primaryimage"},"thumbnailUrl":"https:\/\/lightweb.dev\/l\/svm-temp\/wp-content\/uploads\/2022\/06\/minnesstund-for-dod-finsk-kvinna-stalls-in-avvaktar-obduktionsrapport.png","articleSection":["Arkiv","Nyheter"],"inLanguage":"sv-SE"},{"@type":"WebPage","@id":"https:\/\/lightweb.dev\/l\/svm-temp\/nyheter\/minnesstund-for-dod-finsk-kvinna-stalls-in-avvaktar-obduktionsrapport\/","url":"https:\/\/lightweb.dev\/l\/svm-temp\/nyheter\/minnesstund-for-dod-finsk-kvinna-stalls-in-avvaktar-obduktionsrapport\/","name":"Minnesstund f\u00f6r d\u00f6d finsk kvinna st\u00e4lls in \u2013 avvaktar obduktionsrapport - Svenska Magasinet","isPartOf":{"@id":"https:\/\/lightweb.dev\/l\/svm-temp\/#website"},"primaryImageOfPage":{"@id":"https:\/\/lightweb.dev\/l\/svm-temp\/nyheter\/minnesstund-for-dod-finsk-kvinna-stalls-in-avvaktar-obduktionsrapport\/#primaryimage"},"image":{"@id":"https:\/\/lightweb.dev\/l\/svm-temp\/nyheter\/minnesstund-for-dod-finsk-kvinna-stalls-in-avvaktar-obduktionsrapport\/#primaryimage"},"thumbnailUrl":"https:\/\/lightweb.dev\/l\/svm-temp\/wp-content\/uploads\/2022\/06\/minnesstund-for-dod-finsk-kvinna-stalls-in-avvaktar-obduktionsrapport.png","datePublished":"2015-10-25T23:00:00+00:00","breadcrumb":{"@id":"https:\/\/lightweb.dev\/l\/svm-temp\/nyheter\/minnesstund-for-dod-finsk-kvinna-stalls-in-avvaktar-obduktionsrapport\/#breadcrumb"},"inLanguage":"sv-SE","potentialAction":[{"@type":"ReadAction","target":["https:\/\/lightweb.dev\/l\/svm-temp\/nyheter\/minnesstund-for-dod-finsk-kvinna-stalls-in-avvaktar-obduktionsrapport\/"]}]},{"@type":"ImageObject","inLanguage":"sv-SE","@id":"https:\/\/lightweb.dev\/l\/svm-temp\/nyheter\/minnesstund-for-dod-finsk-kvinna-stalls-in-avvaktar-obduktionsrapport\/#primaryimage","url":"https:\/\/lightweb.dev\/l\/svm-temp\/wp-content\/uploads\/2022\/06\/minnesstund-for-dod-finsk-kvinna-stalls-in-avvaktar-obduktionsrapport.png","contentUrl":"https:\/\/lightweb.dev\/l\/svm-temp\/wp-content\/uploads\/2022\/06\/minnesstund-for-dod-finsk-kvinna-stalls-in-avvaktar-obduktionsrapport.png","width":280,"height":209},{"@type":"BreadcrumbList","@id":"https:\/\/lightweb.dev\/l\/svm-temp\/nyheter\/minnesstund-for-dod-finsk-kvinna-stalls-in-avvaktar-obduktionsrapport\/#breadcrumb","itemListElement":[{"@type":"ListItem","position":1,"name":"Hem","item":"https:\/\/lightweb.dev\/l\/svm-temp\/"},{"@type":"ListItem","position":2,"name":"Minnesstund f\u00f6r d\u00f6d finsk kvinna st\u00e4lls in \u2013 avvaktar obduktionsrapport"}]},{"@type":"WebSite","@id":"https:\/\/lightweb.dev\/l\/svm-temp\/#website","url":"https:\/\/lightweb.dev\/l\/svm-temp\/","name":"Svenska Magasinet","description":"Dina Spanska nyheter p&aring; Svenska","publisher":{"@id":"https:\/\/lightweb.dev\/l\/svm-temp\/#organization"},"potentialAction":[{"@type":"SearchAction","target":{"@type":"EntryPoint","urlTemplate":"https:\/\/lightweb.dev\/l\/svm-temp\/?s={search_term_string}"},"query-input":{"@type":"PropertyValueSpecification","valueRequired":true,"valueName":"search_term_string"}}],"inLanguage":"sv-SE"},{"@type":"Organization","@id":"https:\/\/lightweb.dev\/l\/svm-temp\/#organization","name":"Melkerson y Nott SL","alternateName":"Svenska Magasinet","url":"https:\/\/lightweb.dev\/l\/svm-temp\/","logo":{"@type":"ImageObject","inLanguage":"sv-SE","@id":"https:\/\/lightweb.dev\/l\/svm-temp\/#\/schema\/logo\/image\/","url":"https:\/\/lightweb.dev\/l\/svm-temp\/wp-content\/uploads\/2025\/02\/SvM-logo-Xtra-Centrerad-SVART.png","contentUrl":"https:\/\/lightweb.dev\/l\/svm-temp\/wp-content\/uploads\/2025\/02\/SvM-logo-Xtra-Centrerad-SVART.png","width":300,"height":99,"caption":"Melkerson y Nott SL"},"image":{"@id":"https:\/\/lightweb.dev\/l\/svm-temp\/#\/schema\/logo\/image\/"},"sameAs":["https:\/\/www.facebook.com\/svenskamagasinet","https:\/\/x.com\/SvenskaMagasine"]},{"@type":"Person","@id":"https:\/\/lightweb.dev\/l\/svm-temp\/#\/schema\/person\/206a3bda5b607b0c25e1749191e4d837","name":"Redaktionen SvM","description":"Redaktionen","sameAs":["https:\/\/lightweb.dev\/l\/svm-temp"],"url":"https:\/\/lightweb.dev\/l\/svm-temp\/reporter\/redaktionen\/"}]}},"_links":{"self":[{"href":"https:\/\/lightweb.dev\/l\/svm-temp\/wp-json\/wp\/v2\/posts\/23353","targetHints":{"allow":["GET"]}}],"collection":[{"href":"https:\/\/lightweb.dev\/l\/svm-temp\/wp-json\/wp\/v2\/posts"}],"about":[{"href":"https:\/\/lightweb.dev\/l\/svm-temp\/wp-json\/wp\/v2\/types\/post"}],"author":[{"embeddable":true,"href":"https:\/\/lightweb.dev\/l\/svm-temp\/wp-json\/wp\/v2\/users\/8"}],"replies":[{"embeddable":true,"href":"https:\/\/lightweb.dev\/l\/svm-temp\/wp-json\/wp\/v2\/comments?post=23353"}],"version-history":[{"count":0,"href":"https:\/\/lightweb.dev\/l\/svm-temp\/wp-json\/wp\/v2\/posts\/23353\/revisions"}],"wp:featuredmedia":[{"embeddable":true,"href":"https:\/\/lightweb.dev\/l\/svm-temp\/wp-json\/wp\/v2\/media\/23354"}],"wp:attachment":[{"href":"https:\/\/lightweb.dev\/l\/svm-temp\/wp-json\/wp\/v2\/media?parent=23353"}],"wp:term":[{"taxonomy":"category","embeddable":true,"href":"https:\/\/lightweb.dev\/l\/svm-temp\/wp-json\/wp\/v2\/categories?post=23353"},{"taxonomy":"post_tag","embeddable":true,"href":"https:\/\/lightweb.dev\/l\/svm-temp\/wp-json\/wp\/v2\/tags?post=23353"}],"curies":[{"name":"wp","href":"https:\/\/api.w.org\/{rel}","templated":true}]}}