{"id":23355,"date":"2015-10-26T00:00:00","date_gmt":"2015-10-25T23:00:00","guid":{"rendered":"https:\/\/lightweb.dev\/l\/svm-temp\/nyheter\/kopt-lagenhet-och-ger-tva-konserter-i-madrid-och-barcelona\/"},"modified":"2015-10-26T00:00:00","modified_gmt":"2015-10-25T23:00:00","slug":"kopt-lagenhet-och-ger-tva-konserter-i-madrid-och-barcelona","status":"publish","type":"post","link":"https:\/\/lightweb.dev\/l\/svm-temp\/nyheter\/kopt-lagenhet-och-ger-tva-konserter-i-madrid-och-barcelona\/","title":{"rendered":"K\u00f6pt l\u00e4genhet och ger tv\u00e5 konserter i Madrid och Barcelona"},"content":{"rendered":"<p> Nu t\u00e4nker Eurovisionvinnaren M\u00e5ns Zelmerl\u00f6w l\u00e4gga Spanien f\u00f6r sina f\u00f6tter. Han b\u00f6rjar med tv\u00e5 konserter i Madrid och Barcelona i b\u00f6rjan p\u00e5 november. I en intervju f\u00f6r koncernen Vocentos dagstidningar ger han r\u00e5det att Spanien b\u00f6r g\u00f6ra som Sverige; l\u00e5ta tv-tittarna till 50 procent avg\u00f6ra vilken l\u00e5t som ska representera landet. D\u00e5 kunde Spanien f\u00e5 r\u00e4tt artist och l\u00e5t &#8211; som vann.<\/p>\n<p>P\u00e5 fr\u00e5gan vilken av artisterna Edurne, Pastora Soler och Enrique Iglesias han skulle f\u00f6redra svarar han Edurne.<\/p>\n<p>-Henne \u00e4r jag k\u00e4r i (skratt)&#8230;<\/p>\n<p>Sedan en tid har M\u00e5ns en l\u00e4genhet i Barcelona. Han var i staden f\u00f6r att se p\u00e5 fotboll och f\u00f6r\u00e4lskade sig i platsen. Och k\u00f6pte en l\u00e4genhet i omr\u00e5det El Raval n\u00e4ra hamnen.<\/p>\n<p>Den 4 november upptr\u00e4der M\u00e5ns Zelmerl\u00f6w p\u00e5 Razzmatazz i Barcelona. Dagen innan, den 3 november, \u00e4r det sala La Riviera i Madrid som g\u00e4ller. <\/p>\n","protected":false},"excerpt":{"rendered":"<p>Nu t\u00e4nker Eurovisionvinnaren M\u00e5ns Zelmerl\u00f6w l\u00e4gga Spanien f\u00f6r sina f\u00f6tter. Han b\u00f6rjar med tv\u00e5 konserter i Madrid och Barcelona i b\u00f6rjan p\u00e5 november. I en intervju f\u00f6r koncernen Vocentos dagstidningar ger han r\u00e5det att Spanien b\u00f6r g\u00f6ra som Sverige; l\u00e5ta tv-tittarna till 50 procent avg\u00f6ra vilken l\u00e5t som ska representera landet. D\u00e5 kunde Spanien f\u00e5 [&hellip;]<\/p>\n","protected":false},"author":8,"featured_media":23356,"comment_status":"open","ping_status":"open","sticky":false,"template":"","format":"standard","meta":{"_et_pb_use_builder":"","_et_pb_old_content":"","_et_gb_content_width":"","footnotes":""},"categories":[395,3],"tags":[],"class_list":["post-23355","post","type-post","status-publish","format-standard","has-post-thumbnail","hentry","category-arkiv-nyheter","category-nyheter"],"yoast_head":"<!-- This site is optimized with the Yoast SEO Premium plugin v26.2 (Yoast SEO v27.4) - https:\/\/yoast.com\/product\/yoast-seo-premium-wordpress\/ -->\n<title>K\u00f6pt l\u00e4genhet och ger tv\u00e5 konserter i Madrid och Barcelona - Svenska Magasinet<\/title>\n<meta name=\"robots\" content=\"noindex, follow, max-snippet:-1, max-image-preview:large, max-video-preview:-1\" \/>\n<meta property=\"og:locale\" content=\"sv_SE\" \/>\n<meta property=\"og:type\" content=\"article\" \/>\n<meta property=\"og:title\" content=\"K\u00f6pt l\u00e4genhet och ger tv\u00e5 konserter i Madrid och Barcelona\" \/>\n<meta property=\"og:description\" content=\"Nu t\u00e4nker Eurovisionvinnaren M\u00e5ns Zelmerl\u00f6w l\u00e4gga Spanien f\u00f6r sina f\u00f6tter. Han b\u00f6rjar med tv\u00e5 konserter i Madrid och Barcelona i b\u00f6rjan p\u00e5 november. I en intervju f\u00f6r koncernen Vocentos dagstidningar ger han r\u00e5det att Spanien b\u00f6r g\u00f6ra som Sverige; l\u00e5ta tv-tittarna till 50 procent avg\u00f6ra vilken l\u00e5t som ska representera landet. D\u00e5 kunde Spanien f\u00e5 [&hellip;]\" \/>\n<meta property=\"og:url\" content=\"https:\/\/lightweb.dev\/l\/svm-temp\/nyheter\/kopt-lagenhet-och-ger-tva-konserter-i-madrid-och-barcelona\/\" \/>\n<meta property=\"og:site_name\" content=\"Svenska Magasinet\" \/>\n<meta property=\"article:publisher\" content=\"https:\/\/www.facebook.com\/svenskamagasinet\" \/>\n<meta property=\"article:published_time\" content=\"2015-10-25T23:00:00+00:00\" \/>\n<meta property=\"og:image\" content=\"https:\/\/lightweb.dev\/l\/svm-temp\/wp-content\/uploads\/2022\/06\/kopt-lagenhet-och-ger-tva-konserter-i-madrid-och-barcelona.png\" \/>\n\t<meta property=\"og:image:width\" content=\"400\" \/>\n\t<meta property=\"og:image:height\" content=\"200\" \/>\n\t<meta property=\"og:image:type\" content=\"image\/png\" \/>\n<meta name=\"author\" content=\"Redaktionen SvM\" \/>\n<meta name=\"twitter:card\" content=\"summary_large_image\" \/>\n<meta name=\"twitter:creator\" content=\"@SvenskaMagasine\" \/>\n<meta name=\"twitter:site\" content=\"@SvenskaMagasine\" \/>\n<script type=\"application\/ld+json\" class=\"yoast-schema-graph\">{\"@context\":\"https:\\\/\\\/schema.org\",\"@graph\":[{\"@type\":\"Article\",\"@id\":\"https:\\\/\\\/lightweb.dev\\\/l\\\/svm-temp\\\/nyheter\\\/kopt-lagenhet-och-ger-tva-konserter-i-madrid-och-barcelona\\\/#article\",\"isPartOf\":{\"@id\":\"https:\\\/\\\/lightweb.dev\\\/l\\\/svm-temp\\\/nyheter\\\/kopt-lagenhet-och-ger-tva-konserter-i-madrid-och-barcelona\\\/\"},\"author\":{\"name\":\"Redaktionen SvM\",\"@id\":\"https:\\\/\\\/lightweb.dev\\\/l\\\/svm-temp\\\/#\\\/schema\\\/person\\\/206a3bda5b607b0c25e1749191e4d837\"},\"headline\":\"K\u00f6pt l\u00e4genhet och ger tv\u00e5 konserter i Madrid och Barcelona\",\"datePublished\":\"2015-10-25T23:00:00+00:00\",\"mainEntityOfPage\":{\"@id\":\"https:\\\/\\\/lightweb.dev\\\/l\\\/svm-temp\\\/nyheter\\\/kopt-lagenhet-och-ger-tva-konserter-i-madrid-och-barcelona\\\/\"},\"wordCount\":184,\"commentCount\":0,\"publisher\":{\"@id\":\"https:\\\/\\\/lightweb.dev\\\/l\\\/svm-temp\\\/#organization\"},\"image\":{\"@id\":\"https:\\\/\\\/lightweb.dev\\\/l\\\/svm-temp\\\/nyheter\\\/kopt-lagenhet-och-ger-tva-konserter-i-madrid-och-barcelona\\\/#primaryimage\"},\"thumbnailUrl\":\"https:\\\/\\\/lightweb.dev\\\/l\\\/svm-temp\\\/wp-content\\\/uploads\\\/2022\\\/06\\\/kopt-lagenhet-och-ger-tva-konserter-i-madrid-och-barcelona.png\",\"articleSection\":[\"Arkiv\",\"Nyheter\"],\"inLanguage\":\"sv-SE\"},{\"@type\":\"WebPage\",\"@id\":\"https:\\\/\\\/lightweb.dev\\\/l\\\/svm-temp\\\/nyheter\\\/kopt-lagenhet-och-ger-tva-konserter-i-madrid-och-barcelona\\\/\",\"url\":\"https:\\\/\\\/lightweb.dev\\\/l\\\/svm-temp\\\/nyheter\\\/kopt-lagenhet-och-ger-tva-konserter-i-madrid-och-barcelona\\\/\",\"name\":\"K\u00f6pt l\u00e4genhet och ger tv\u00e5 konserter i Madrid och Barcelona - Svenska Magasinet\",\"isPartOf\":{\"@id\":\"https:\\\/\\\/lightweb.dev\\\/l\\\/svm-temp\\\/#website\"},\"primaryImageOfPage\":{\"@id\":\"https:\\\/\\\/lightweb.dev\\\/l\\\/svm-temp\\\/nyheter\\\/kopt-lagenhet-och-ger-tva-konserter-i-madrid-och-barcelona\\\/#primaryimage\"},\"image\":{\"@id\":\"https:\\\/\\\/lightweb.dev\\\/l\\\/svm-temp\\\/nyheter\\\/kopt-lagenhet-och-ger-tva-konserter-i-madrid-och-barcelona\\\/#primaryimage\"},\"thumbnailUrl\":\"https:\\\/\\\/lightweb.dev\\\/l\\\/svm-temp\\\/wp-content\\\/uploads\\\/2022\\\/06\\\/kopt-lagenhet-och-ger-tva-konserter-i-madrid-och-barcelona.png\",\"datePublished\":\"2015-10-25T23:00:00+00:00\",\"breadcrumb\":{\"@id\":\"https:\\\/\\\/lightweb.dev\\\/l\\\/svm-temp\\\/nyheter\\\/kopt-lagenhet-och-ger-tva-konserter-i-madrid-och-barcelona\\\/#breadcrumb\"},\"inLanguage\":\"sv-SE\",\"potentialAction\":[{\"@type\":\"ReadAction\",\"target\":[\"https:\\\/\\\/lightweb.dev\\\/l\\\/svm-temp\\\/nyheter\\\/kopt-lagenhet-och-ger-tva-konserter-i-madrid-och-barcelona\\\/\"]}]},{\"@type\":\"ImageObject\",\"inLanguage\":\"sv-SE\",\"@id\":\"https:\\\/\\\/lightweb.dev\\\/l\\\/svm-temp\\\/nyheter\\\/kopt-lagenhet-och-ger-tva-konserter-i-madrid-och-barcelona\\\/#primaryimage\",\"url\":\"https:\\\/\\\/lightweb.dev\\\/l\\\/svm-temp\\\/wp-content\\\/uploads\\\/2022\\\/06\\\/kopt-lagenhet-och-ger-tva-konserter-i-madrid-och-barcelona.png\",\"contentUrl\":\"https:\\\/\\\/lightweb.dev\\\/l\\\/svm-temp\\\/wp-content\\\/uploads\\\/2022\\\/06\\\/kopt-lagenhet-och-ger-tva-konserter-i-madrid-och-barcelona.png\",\"width\":400,\"height\":200},{\"@type\":\"BreadcrumbList\",\"@id\":\"https:\\\/\\\/lightweb.dev\\\/l\\\/svm-temp\\\/nyheter\\\/kopt-lagenhet-och-ger-tva-konserter-i-madrid-och-barcelona\\\/#breadcrumb\",\"itemListElement\":[{\"@type\":\"ListItem\",\"position\":1,\"name\":\"Hem\",\"item\":\"https:\\\/\\\/lightweb.dev\\\/l\\\/svm-temp\\\/\"},{\"@type\":\"ListItem\",\"position\":2,\"name\":\"K\u00f6pt l\u00e4genhet och ger tv\u00e5 konserter i Madrid och Barcelona\"}]},{\"@type\":\"WebSite\",\"@id\":\"https:\\\/\\\/lightweb.dev\\\/l\\\/svm-temp\\\/#website\",\"url\":\"https:\\\/\\\/lightweb.dev\\\/l\\\/svm-temp\\\/\",\"name\":\"Svenska Magasinet\",\"description\":\"Dina Spanska nyheter p&aring; Svenska\",\"publisher\":{\"@id\":\"https:\\\/\\\/lightweb.dev\\\/l\\\/svm-temp\\\/#organization\"},\"potentialAction\":[{\"@type\":\"SearchAction\",\"target\":{\"@type\":\"EntryPoint\",\"urlTemplate\":\"https:\\\/\\\/lightweb.dev\\\/l\\\/svm-temp\\\/?s={search_term_string}\"},\"query-input\":{\"@type\":\"PropertyValueSpecification\",\"valueRequired\":true,\"valueName\":\"search_term_string\"}}],\"inLanguage\":\"sv-SE\"},{\"@type\":\"Organization\",\"@id\":\"https:\\\/\\\/lightweb.dev\\\/l\\\/svm-temp\\\/#organization\",\"name\":\"Melkerson y Nott SL\",\"alternateName\":\"Svenska Magasinet\",\"url\":\"https:\\\/\\\/lightweb.dev\\\/l\\\/svm-temp\\\/\",\"logo\":{\"@type\":\"ImageObject\",\"inLanguage\":\"sv-SE\",\"@id\":\"https:\\\/\\\/lightweb.dev\\\/l\\\/svm-temp\\\/#\\\/schema\\\/logo\\\/image\\\/\",\"url\":\"https:\\\/\\\/lightweb.dev\\\/l\\\/svm-temp\\\/wp-content\\\/uploads\\\/2025\\\/02\\\/SvM-logo-Xtra-Centrerad-SVART.png\",\"contentUrl\":\"https:\\\/\\\/lightweb.dev\\\/l\\\/svm-temp\\\/wp-content\\\/uploads\\\/2025\\\/02\\\/SvM-logo-Xtra-Centrerad-SVART.png\",\"width\":300,\"height\":99,\"caption\":\"Melkerson y Nott SL\"},\"image\":{\"@id\":\"https:\\\/\\\/lightweb.dev\\\/l\\\/svm-temp\\\/#\\\/schema\\\/logo\\\/image\\\/\"},\"sameAs\":[\"https:\\\/\\\/www.facebook.com\\\/svenskamagasinet\",\"https:\\\/\\\/x.com\\\/SvenskaMagasine\"]},{\"@type\":\"Person\",\"@id\":\"https:\\\/\\\/lightweb.dev\\\/l\\\/svm-temp\\\/#\\\/schema\\\/person\\\/206a3bda5b607b0c25e1749191e4d837\",\"name\":\"Redaktionen SvM\",\"description\":\"Redaktionen\",\"sameAs\":[\"https:\\\/\\\/lightweb.dev\\\/l\\\/svm-temp\"],\"url\":\"https:\\\/\\\/lightweb.dev\\\/l\\\/svm-temp\\\/reporter\\\/redaktionen\\\/\"}]}<\/script>\n<!-- \/ Yoast SEO Premium plugin. -->","yoast_head_json":{"title":"K\u00f6pt l\u00e4genhet och ger tv\u00e5 konserter i Madrid och Barcelona - Svenska Magasinet","robots":{"index":"noindex","follow":"follow","max-snippet":"max-snippet:-1","max-image-preview":"max-image-preview:large","max-video-preview":"max-video-preview:-1"},"og_locale":"sv_SE","og_type":"article","og_title":"K\u00f6pt l\u00e4genhet och ger tv\u00e5 konserter i Madrid och Barcelona","og_description":"Nu t\u00e4nker Eurovisionvinnaren M\u00e5ns Zelmerl\u00f6w l\u00e4gga Spanien f\u00f6r sina f\u00f6tter. Han b\u00f6rjar med tv\u00e5 konserter i Madrid och Barcelona i b\u00f6rjan p\u00e5 november. I en intervju f\u00f6r koncernen Vocentos dagstidningar ger han r\u00e5det att Spanien b\u00f6r g\u00f6ra som Sverige; l\u00e5ta tv-tittarna till 50 procent avg\u00f6ra vilken l\u00e5t som ska representera landet. D\u00e5 kunde Spanien f\u00e5 [&hellip;]","og_url":"https:\/\/lightweb.dev\/l\/svm-temp\/nyheter\/kopt-lagenhet-och-ger-tva-konserter-i-madrid-och-barcelona\/","og_site_name":"Svenska Magasinet","article_publisher":"https:\/\/www.facebook.com\/svenskamagasinet","article_published_time":"2015-10-25T23:00:00+00:00","og_image":[{"width":400,"height":200,"url":"https:\/\/lightweb.dev\/l\/svm-temp\/wp-content\/uploads\/2022\/06\/kopt-lagenhet-och-ger-tva-konserter-i-madrid-och-barcelona.png","type":"image\/png"}],"author":"Redaktionen SvM","twitter_card":"summary_large_image","twitter_creator":"@SvenskaMagasine","twitter_site":"@SvenskaMagasine","schema":{"@context":"https:\/\/schema.org","@graph":[{"@type":"Article","@id":"https:\/\/lightweb.dev\/l\/svm-temp\/nyheter\/kopt-lagenhet-och-ger-tva-konserter-i-madrid-och-barcelona\/#article","isPartOf":{"@id":"https:\/\/lightweb.dev\/l\/svm-temp\/nyheter\/kopt-lagenhet-och-ger-tva-konserter-i-madrid-och-barcelona\/"},"author":{"name":"Redaktionen SvM","@id":"https:\/\/lightweb.dev\/l\/svm-temp\/#\/schema\/person\/206a3bda5b607b0c25e1749191e4d837"},"headline":"K\u00f6pt l\u00e4genhet och ger tv\u00e5 konserter i Madrid och Barcelona","datePublished":"2015-10-25T23:00:00+00:00","mainEntityOfPage":{"@id":"https:\/\/lightweb.dev\/l\/svm-temp\/nyheter\/kopt-lagenhet-och-ger-tva-konserter-i-madrid-och-barcelona\/"},"wordCount":184,"commentCount":0,"publisher":{"@id":"https:\/\/lightweb.dev\/l\/svm-temp\/#organization"},"image":{"@id":"https:\/\/lightweb.dev\/l\/svm-temp\/nyheter\/kopt-lagenhet-och-ger-tva-konserter-i-madrid-och-barcelona\/#primaryimage"},"thumbnailUrl":"https:\/\/lightweb.dev\/l\/svm-temp\/wp-content\/uploads\/2022\/06\/kopt-lagenhet-och-ger-tva-konserter-i-madrid-och-barcelona.png","articleSection":["Arkiv","Nyheter"],"inLanguage":"sv-SE"},{"@type":"WebPage","@id":"https:\/\/lightweb.dev\/l\/svm-temp\/nyheter\/kopt-lagenhet-och-ger-tva-konserter-i-madrid-och-barcelona\/","url":"https:\/\/lightweb.dev\/l\/svm-temp\/nyheter\/kopt-lagenhet-och-ger-tva-konserter-i-madrid-och-barcelona\/","name":"K\u00f6pt l\u00e4genhet och ger tv\u00e5 konserter i Madrid och Barcelona - Svenska Magasinet","isPartOf":{"@id":"https:\/\/lightweb.dev\/l\/svm-temp\/#website"},"primaryImageOfPage":{"@id":"https:\/\/lightweb.dev\/l\/svm-temp\/nyheter\/kopt-lagenhet-och-ger-tva-konserter-i-madrid-och-barcelona\/#primaryimage"},"image":{"@id":"https:\/\/lightweb.dev\/l\/svm-temp\/nyheter\/kopt-lagenhet-och-ger-tva-konserter-i-madrid-och-barcelona\/#primaryimage"},"thumbnailUrl":"https:\/\/lightweb.dev\/l\/svm-temp\/wp-content\/uploads\/2022\/06\/kopt-lagenhet-och-ger-tva-konserter-i-madrid-och-barcelona.png","datePublished":"2015-10-25T23:00:00+00:00","breadcrumb":{"@id":"https:\/\/lightweb.dev\/l\/svm-temp\/nyheter\/kopt-lagenhet-och-ger-tva-konserter-i-madrid-och-barcelona\/#breadcrumb"},"inLanguage":"sv-SE","potentialAction":[{"@type":"ReadAction","target":["https:\/\/lightweb.dev\/l\/svm-temp\/nyheter\/kopt-lagenhet-och-ger-tva-konserter-i-madrid-och-barcelona\/"]}]},{"@type":"ImageObject","inLanguage":"sv-SE","@id":"https:\/\/lightweb.dev\/l\/svm-temp\/nyheter\/kopt-lagenhet-och-ger-tva-konserter-i-madrid-och-barcelona\/#primaryimage","url":"https:\/\/lightweb.dev\/l\/svm-temp\/wp-content\/uploads\/2022\/06\/kopt-lagenhet-och-ger-tva-konserter-i-madrid-och-barcelona.png","contentUrl":"https:\/\/lightweb.dev\/l\/svm-temp\/wp-content\/uploads\/2022\/06\/kopt-lagenhet-och-ger-tva-konserter-i-madrid-och-barcelona.png","width":400,"height":200},{"@type":"BreadcrumbList","@id":"https:\/\/lightweb.dev\/l\/svm-temp\/nyheter\/kopt-lagenhet-och-ger-tva-konserter-i-madrid-och-barcelona\/#breadcrumb","itemListElement":[{"@type":"ListItem","position":1,"name":"Hem","item":"https:\/\/lightweb.dev\/l\/svm-temp\/"},{"@type":"ListItem","position":2,"name":"K\u00f6pt l\u00e4genhet och ger tv\u00e5 konserter i Madrid och Barcelona"}]},{"@type":"WebSite","@id":"https:\/\/lightweb.dev\/l\/svm-temp\/#website","url":"https:\/\/lightweb.dev\/l\/svm-temp\/","name":"Svenska Magasinet","description":"Dina Spanska nyheter p&aring; Svenska","publisher":{"@id":"https:\/\/lightweb.dev\/l\/svm-temp\/#organization"},"potentialAction":[{"@type":"SearchAction","target":{"@type":"EntryPoint","urlTemplate":"https:\/\/lightweb.dev\/l\/svm-temp\/?s={search_term_string}"},"query-input":{"@type":"PropertyValueSpecification","valueRequired":true,"valueName":"search_term_string"}}],"inLanguage":"sv-SE"},{"@type":"Organization","@id":"https:\/\/lightweb.dev\/l\/svm-temp\/#organization","name":"Melkerson y Nott SL","alternateName":"Svenska Magasinet","url":"https:\/\/lightweb.dev\/l\/svm-temp\/","logo":{"@type":"ImageObject","inLanguage":"sv-SE","@id":"https:\/\/lightweb.dev\/l\/svm-temp\/#\/schema\/logo\/image\/","url":"https:\/\/lightweb.dev\/l\/svm-temp\/wp-content\/uploads\/2025\/02\/SvM-logo-Xtra-Centrerad-SVART.png","contentUrl":"https:\/\/lightweb.dev\/l\/svm-temp\/wp-content\/uploads\/2025\/02\/SvM-logo-Xtra-Centrerad-SVART.png","width":300,"height":99,"caption":"Melkerson y Nott SL"},"image":{"@id":"https:\/\/lightweb.dev\/l\/svm-temp\/#\/schema\/logo\/image\/"},"sameAs":["https:\/\/www.facebook.com\/svenskamagasinet","https:\/\/x.com\/SvenskaMagasine"]},{"@type":"Person","@id":"https:\/\/lightweb.dev\/l\/svm-temp\/#\/schema\/person\/206a3bda5b607b0c25e1749191e4d837","name":"Redaktionen SvM","description":"Redaktionen","sameAs":["https:\/\/lightweb.dev\/l\/svm-temp"],"url":"https:\/\/lightweb.dev\/l\/svm-temp\/reporter\/redaktionen\/"}]}},"_links":{"self":[{"href":"https:\/\/lightweb.dev\/l\/svm-temp\/wp-json\/wp\/v2\/posts\/23355","targetHints":{"allow":["GET"]}}],"collection":[{"href":"https:\/\/lightweb.dev\/l\/svm-temp\/wp-json\/wp\/v2\/posts"}],"about":[{"href":"https:\/\/lightweb.dev\/l\/svm-temp\/wp-json\/wp\/v2\/types\/post"}],"author":[{"embeddable":true,"href":"https:\/\/lightweb.dev\/l\/svm-temp\/wp-json\/wp\/v2\/users\/8"}],"replies":[{"embeddable":true,"href":"https:\/\/lightweb.dev\/l\/svm-temp\/wp-json\/wp\/v2\/comments?post=23355"}],"version-history":[{"count":0,"href":"https:\/\/lightweb.dev\/l\/svm-temp\/wp-json\/wp\/v2\/posts\/23355\/revisions"}],"wp:featuredmedia":[{"embeddable":true,"href":"https:\/\/lightweb.dev\/l\/svm-temp\/wp-json\/wp\/v2\/media\/23356"}],"wp:attachment":[{"href":"https:\/\/lightweb.dev\/l\/svm-temp\/wp-json\/wp\/v2\/media?parent=23355"}],"wp:term":[{"taxonomy":"category","embeddable":true,"href":"https:\/\/lightweb.dev\/l\/svm-temp\/wp-json\/wp\/v2\/categories?post=23355"},{"taxonomy":"post_tag","embeddable":true,"href":"https:\/\/lightweb.dev\/l\/svm-temp\/wp-json\/wp\/v2\/tags?post=23355"}],"curies":[{"name":"wp","href":"https:\/\/api.w.org\/{rel}","templated":true}]}}