{"id":23363,"date":"2015-10-24T00:00:00","date_gmt":"2015-10-23T22:00:00","guid":{"rendered":"https:\/\/lightweb.dev\/l\/svm-temp\/nyheter\/finsk-kvinna-troligtvis-mordad-i-fuengirola\/"},"modified":"2015-10-24T00:00:00","modified_gmt":"2015-10-23T22:00:00","slug":"finsk-kvinna-troligtvis-mordad-i-fuengirola","status":"publish","type":"post","link":"https:\/\/lightweb.dev\/l\/svm-temp\/nyheter\/finsk-kvinna-troligtvis-mordad-i-fuengirola\/","title":{"rendered":"Finsk kvinna troligtvis m\u00f6rdad i Fuengirola"},"content":{"rendered":"<p> En 36-\u00e5rig finsk man har gripits i stadsdelen Los Boliches i Fuengirola p\u00e5 l\u00f6rdagen efter att en kvinna av samma nationalitet hittats d\u00f6d p\u00e5 morgonen. Kroppen \u00e4r f\u00f6rd till r\u00e4ttsmedicinska i M\u00e1laga f\u00f6r obduktion. Mannen och kvinnan var i Fuengirola p\u00e5 semester.<\/p>\n<p>Nationalpolisen i Fuengirola har inlett en f\u00f6runders\u00f6kning efter att en 36-\u00e5rig finsk kvinna hittats d\u00f6d i en bostad p\u00e5 avenida de Los Boliches vid \u00e5tta-tiden p\u00e5 l\u00f6rdagsmorgonen. Diario SUR:s n\u00e4tupplaga uppger att kvinnans kropp visar tecken p\u00e5 att ha blivit misshandlad.<\/p>\n<p>I skrivande stund pekar de faktiska omst\u00e4ndigheterna p\u00e5 att det r\u00f6r sig om \u00e4nnu ett fall av k\u00f6nsrelaterat v\u00e5ld. Enligt Rosa del Mar Rodr\u00edguez vid kvinnojouren IAM (Instituto Andaluz de la Mujer) finns det inga tidigare anm\u00e4lningar om misshandel uppger nyhetsbyr\u00e5n Europa Press.<\/p>\n<p>Nyhetsbyr\u00e5n EFE uppger att paret har tv\u00e5 barn.<\/p>\n<p>Fuengirola kommun kommer att h\u00e5lla en tyst minut p\u00e5 m\u00e5ndag klockan 12 f\u00f6r den d\u00f6da finska kvinnan.<\/p>\n<p>\u201dVi k\u00e4nner avsky och best\u00f6rtning \u00f6ver mordet p\u00e5 kvinnan. Vi vill uttrycka v\u00e5r djupa sorg och sympati till offrets familj\u201d uppger Fuengirolas kommunfullm\u00e4ktige som kommer h\u00e5lla en tyst minut p\u00e5 Plaza Espa\u00f1a framf\u00f6r kommunhuset p\u00e5 m\u00e5ndag.<\/p>\n<p>Ytterligare en kvinna har hittats m\u00f6rdad i Spanien p\u00e5 l\u00f6rdagen. I Ponte Sampaio i Pontevedra kommun. Kvinnans tidigare partner har gripits, misst\u00e4nkt f\u00f6r att ligga bakom kvinnans d\u00f6d. <\/p>\n","protected":false},"excerpt":{"rendered":"<p>En 36-\u00e5rig finsk man har gripits i stadsdelen Los Boliches i Fuengirola p\u00e5 l\u00f6rdagen efter att en kvinna av samma nationalitet hittats d\u00f6d p\u00e5 morgonen. Kroppen \u00e4r f\u00f6rd till r\u00e4ttsmedicinska i M\u00e1laga f\u00f6r obduktion. Mannen och kvinnan var i Fuengirola p\u00e5 semester. Nationalpolisen i Fuengirola har inlett en f\u00f6runders\u00f6kning efter att en 36-\u00e5rig finsk kvinna [&hellip;]<\/p>\n","protected":false},"author":8,"featured_media":23364,"comment_status":"open","ping_status":"open","sticky":false,"template":"","format":"standard","meta":{"_et_pb_use_builder":"","_et_pb_old_content":"","_et_gb_content_width":"","footnotes":""},"categories":[395,3],"tags":[],"class_list":["post-23363","post","type-post","status-publish","format-standard","has-post-thumbnail","hentry","category-arkiv-nyheter","category-nyheter"],"yoast_head":"<!-- This site is optimized with the Yoast SEO Premium plugin v26.2 (Yoast SEO v27.4) - https:\/\/yoast.com\/product\/yoast-seo-premium-wordpress\/ -->\n<title>Finsk kvinna troligtvis m\u00f6rdad i Fuengirola - Svenska Magasinet<\/title>\n<meta name=\"robots\" content=\"noindex, follow, max-snippet:-1, max-image-preview:large, max-video-preview:-1\" \/>\n<meta property=\"og:locale\" content=\"sv_SE\" \/>\n<meta property=\"og:type\" content=\"article\" \/>\n<meta property=\"og:title\" content=\"Finsk kvinna troligtvis m\u00f6rdad i Fuengirola\" \/>\n<meta property=\"og:description\" content=\"En 36-\u00e5rig finsk man har gripits i stadsdelen Los Boliches i Fuengirola p\u00e5 l\u00f6rdagen efter att en kvinna av samma nationalitet hittats d\u00f6d p\u00e5 morgonen. Kroppen \u00e4r f\u00f6rd till r\u00e4ttsmedicinska i M\u00e1laga f\u00f6r obduktion. Mannen och kvinnan var i Fuengirola p\u00e5 semester. Nationalpolisen i Fuengirola har inlett en f\u00f6runders\u00f6kning efter att en 36-\u00e5rig finsk kvinna [&hellip;]\" \/>\n<meta property=\"og:url\" content=\"https:\/\/lightweb.dev\/l\/svm-temp\/nyheter\/finsk-kvinna-troligtvis-mordad-i-fuengirola\/\" \/>\n<meta property=\"og:site_name\" content=\"Svenska Magasinet\" \/>\n<meta property=\"article:publisher\" content=\"https:\/\/www.facebook.com\/svenskamagasinet\" \/>\n<meta property=\"article:published_time\" content=\"2015-10-23T22:00:00+00:00\" \/>\n<meta property=\"og:image\" content=\"https:\/\/lightweb.dev\/l\/svm-temp\/wp-content\/uploads\/2022\/06\/finsk-kvinna-troligtvis-mordad-i-fuengirola.png\" \/>\n\t<meta property=\"og:image:width\" content=\"300\" \/>\n\t<meta property=\"og:image:height\" content=\"200\" \/>\n\t<meta property=\"og:image:type\" content=\"image\/png\" \/>\n<meta name=\"author\" content=\"Redaktionen SvM\" \/>\n<meta name=\"twitter:card\" content=\"summary_large_image\" \/>\n<meta name=\"twitter:creator\" content=\"@SvenskaMagasine\" \/>\n<meta name=\"twitter:site\" content=\"@SvenskaMagasine\" \/>\n<script type=\"application\/ld+json\" class=\"yoast-schema-graph\">{\"@context\":\"https:\\\/\\\/schema.org\",\"@graph\":[{\"@type\":\"Article\",\"@id\":\"https:\\\/\\\/lightweb.dev\\\/l\\\/svm-temp\\\/nyheter\\\/finsk-kvinna-troligtvis-mordad-i-fuengirola\\\/#article\",\"isPartOf\":{\"@id\":\"https:\\\/\\\/lightweb.dev\\\/l\\\/svm-temp\\\/nyheter\\\/finsk-kvinna-troligtvis-mordad-i-fuengirola\\\/\"},\"author\":{\"name\":\"Redaktionen SvM\",\"@id\":\"https:\\\/\\\/lightweb.dev\\\/l\\\/svm-temp\\\/#\\\/schema\\\/person\\\/206a3bda5b607b0c25e1749191e4d837\"},\"headline\":\"Finsk kvinna troligtvis m\u00f6rdad i Fuengirola\",\"datePublished\":\"2015-10-23T22:00:00+00:00\",\"mainEntityOfPage\":{\"@id\":\"https:\\\/\\\/lightweb.dev\\\/l\\\/svm-temp\\\/nyheter\\\/finsk-kvinna-troligtvis-mordad-i-fuengirola\\\/\"},\"wordCount\":260,\"commentCount\":0,\"publisher\":{\"@id\":\"https:\\\/\\\/lightweb.dev\\\/l\\\/svm-temp\\\/#organization\"},\"image\":{\"@id\":\"https:\\\/\\\/lightweb.dev\\\/l\\\/svm-temp\\\/nyheter\\\/finsk-kvinna-troligtvis-mordad-i-fuengirola\\\/#primaryimage\"},\"thumbnailUrl\":\"https:\\\/\\\/lightweb.dev\\\/l\\\/svm-temp\\\/wp-content\\\/uploads\\\/2022\\\/06\\\/finsk-kvinna-troligtvis-mordad-i-fuengirola.png\",\"articleSection\":[\"Arkiv\",\"Nyheter\"],\"inLanguage\":\"sv-SE\"},{\"@type\":\"WebPage\",\"@id\":\"https:\\\/\\\/lightweb.dev\\\/l\\\/svm-temp\\\/nyheter\\\/finsk-kvinna-troligtvis-mordad-i-fuengirola\\\/\",\"url\":\"https:\\\/\\\/lightweb.dev\\\/l\\\/svm-temp\\\/nyheter\\\/finsk-kvinna-troligtvis-mordad-i-fuengirola\\\/\",\"name\":\"Finsk kvinna troligtvis m\u00f6rdad i Fuengirola - Svenska Magasinet\",\"isPartOf\":{\"@id\":\"https:\\\/\\\/lightweb.dev\\\/l\\\/svm-temp\\\/#website\"},\"primaryImageOfPage\":{\"@id\":\"https:\\\/\\\/lightweb.dev\\\/l\\\/svm-temp\\\/nyheter\\\/finsk-kvinna-troligtvis-mordad-i-fuengirola\\\/#primaryimage\"},\"image\":{\"@id\":\"https:\\\/\\\/lightweb.dev\\\/l\\\/svm-temp\\\/nyheter\\\/finsk-kvinna-troligtvis-mordad-i-fuengirola\\\/#primaryimage\"},\"thumbnailUrl\":\"https:\\\/\\\/lightweb.dev\\\/l\\\/svm-temp\\\/wp-content\\\/uploads\\\/2022\\\/06\\\/finsk-kvinna-troligtvis-mordad-i-fuengirola.png\",\"datePublished\":\"2015-10-23T22:00:00+00:00\",\"breadcrumb\":{\"@id\":\"https:\\\/\\\/lightweb.dev\\\/l\\\/svm-temp\\\/nyheter\\\/finsk-kvinna-troligtvis-mordad-i-fuengirola\\\/#breadcrumb\"},\"inLanguage\":\"sv-SE\",\"potentialAction\":[{\"@type\":\"ReadAction\",\"target\":[\"https:\\\/\\\/lightweb.dev\\\/l\\\/svm-temp\\\/nyheter\\\/finsk-kvinna-troligtvis-mordad-i-fuengirola\\\/\"]}]},{\"@type\":\"ImageObject\",\"inLanguage\":\"sv-SE\",\"@id\":\"https:\\\/\\\/lightweb.dev\\\/l\\\/svm-temp\\\/nyheter\\\/finsk-kvinna-troligtvis-mordad-i-fuengirola\\\/#primaryimage\",\"url\":\"https:\\\/\\\/lightweb.dev\\\/l\\\/svm-temp\\\/wp-content\\\/uploads\\\/2022\\\/06\\\/finsk-kvinna-troligtvis-mordad-i-fuengirola.png\",\"contentUrl\":\"https:\\\/\\\/lightweb.dev\\\/l\\\/svm-temp\\\/wp-content\\\/uploads\\\/2022\\\/06\\\/finsk-kvinna-troligtvis-mordad-i-fuengirola.png\",\"width\":300,\"height\":200},{\"@type\":\"BreadcrumbList\",\"@id\":\"https:\\\/\\\/lightweb.dev\\\/l\\\/svm-temp\\\/nyheter\\\/finsk-kvinna-troligtvis-mordad-i-fuengirola\\\/#breadcrumb\",\"itemListElement\":[{\"@type\":\"ListItem\",\"position\":1,\"name\":\"Hem\",\"item\":\"https:\\\/\\\/lightweb.dev\\\/l\\\/svm-temp\\\/\"},{\"@type\":\"ListItem\",\"position\":2,\"name\":\"Finsk kvinna troligtvis m\u00f6rdad i Fuengirola\"}]},{\"@type\":\"WebSite\",\"@id\":\"https:\\\/\\\/lightweb.dev\\\/l\\\/svm-temp\\\/#website\",\"url\":\"https:\\\/\\\/lightweb.dev\\\/l\\\/svm-temp\\\/\",\"name\":\"Svenska Magasinet\",\"description\":\"Dina Spanska nyheter p&aring; Svenska\",\"publisher\":{\"@id\":\"https:\\\/\\\/lightweb.dev\\\/l\\\/svm-temp\\\/#organization\"},\"potentialAction\":[{\"@type\":\"SearchAction\",\"target\":{\"@type\":\"EntryPoint\",\"urlTemplate\":\"https:\\\/\\\/lightweb.dev\\\/l\\\/svm-temp\\\/?s={search_term_string}\"},\"query-input\":{\"@type\":\"PropertyValueSpecification\",\"valueRequired\":true,\"valueName\":\"search_term_string\"}}],\"inLanguage\":\"sv-SE\"},{\"@type\":\"Organization\",\"@id\":\"https:\\\/\\\/lightweb.dev\\\/l\\\/svm-temp\\\/#organization\",\"name\":\"Melkerson y Nott SL\",\"alternateName\":\"Svenska Magasinet\",\"url\":\"https:\\\/\\\/lightweb.dev\\\/l\\\/svm-temp\\\/\",\"logo\":{\"@type\":\"ImageObject\",\"inLanguage\":\"sv-SE\",\"@id\":\"https:\\\/\\\/lightweb.dev\\\/l\\\/svm-temp\\\/#\\\/schema\\\/logo\\\/image\\\/\",\"url\":\"https:\\\/\\\/lightweb.dev\\\/l\\\/svm-temp\\\/wp-content\\\/uploads\\\/2025\\\/02\\\/SvM-logo-Xtra-Centrerad-SVART.png\",\"contentUrl\":\"https:\\\/\\\/lightweb.dev\\\/l\\\/svm-temp\\\/wp-content\\\/uploads\\\/2025\\\/02\\\/SvM-logo-Xtra-Centrerad-SVART.png\",\"width\":300,\"height\":99,\"caption\":\"Melkerson y Nott SL\"},\"image\":{\"@id\":\"https:\\\/\\\/lightweb.dev\\\/l\\\/svm-temp\\\/#\\\/schema\\\/logo\\\/image\\\/\"},\"sameAs\":[\"https:\\\/\\\/www.facebook.com\\\/svenskamagasinet\",\"https:\\\/\\\/x.com\\\/SvenskaMagasine\"]},{\"@type\":\"Person\",\"@id\":\"https:\\\/\\\/lightweb.dev\\\/l\\\/svm-temp\\\/#\\\/schema\\\/person\\\/206a3bda5b607b0c25e1749191e4d837\",\"name\":\"Redaktionen SvM\",\"description\":\"Redaktionen\",\"sameAs\":[\"https:\\\/\\\/lightweb.dev\\\/l\\\/svm-temp\"],\"url\":\"https:\\\/\\\/lightweb.dev\\\/l\\\/svm-temp\\\/reporter\\\/redaktionen\\\/\"}]}<\/script>\n<!-- \/ Yoast SEO Premium plugin. -->","yoast_head_json":{"title":"Finsk kvinna troligtvis m\u00f6rdad i Fuengirola - Svenska Magasinet","robots":{"index":"noindex","follow":"follow","max-snippet":"max-snippet:-1","max-image-preview":"max-image-preview:large","max-video-preview":"max-video-preview:-1"},"og_locale":"sv_SE","og_type":"article","og_title":"Finsk kvinna troligtvis m\u00f6rdad i Fuengirola","og_description":"En 36-\u00e5rig finsk man har gripits i stadsdelen Los Boliches i Fuengirola p\u00e5 l\u00f6rdagen efter att en kvinna av samma nationalitet hittats d\u00f6d p\u00e5 morgonen. Kroppen \u00e4r f\u00f6rd till r\u00e4ttsmedicinska i M\u00e1laga f\u00f6r obduktion. Mannen och kvinnan var i Fuengirola p\u00e5 semester. Nationalpolisen i Fuengirola har inlett en f\u00f6runders\u00f6kning efter att en 36-\u00e5rig finsk kvinna [&hellip;]","og_url":"https:\/\/lightweb.dev\/l\/svm-temp\/nyheter\/finsk-kvinna-troligtvis-mordad-i-fuengirola\/","og_site_name":"Svenska Magasinet","article_publisher":"https:\/\/www.facebook.com\/svenskamagasinet","article_published_time":"2015-10-23T22:00:00+00:00","og_image":[{"width":300,"height":200,"url":"https:\/\/lightweb.dev\/l\/svm-temp\/wp-content\/uploads\/2022\/06\/finsk-kvinna-troligtvis-mordad-i-fuengirola.png","type":"image\/png"}],"author":"Redaktionen SvM","twitter_card":"summary_large_image","twitter_creator":"@SvenskaMagasine","twitter_site":"@SvenskaMagasine","schema":{"@context":"https:\/\/schema.org","@graph":[{"@type":"Article","@id":"https:\/\/lightweb.dev\/l\/svm-temp\/nyheter\/finsk-kvinna-troligtvis-mordad-i-fuengirola\/#article","isPartOf":{"@id":"https:\/\/lightweb.dev\/l\/svm-temp\/nyheter\/finsk-kvinna-troligtvis-mordad-i-fuengirola\/"},"author":{"name":"Redaktionen SvM","@id":"https:\/\/lightweb.dev\/l\/svm-temp\/#\/schema\/person\/206a3bda5b607b0c25e1749191e4d837"},"headline":"Finsk kvinna troligtvis m\u00f6rdad i Fuengirola","datePublished":"2015-10-23T22:00:00+00:00","mainEntityOfPage":{"@id":"https:\/\/lightweb.dev\/l\/svm-temp\/nyheter\/finsk-kvinna-troligtvis-mordad-i-fuengirola\/"},"wordCount":260,"commentCount":0,"publisher":{"@id":"https:\/\/lightweb.dev\/l\/svm-temp\/#organization"},"image":{"@id":"https:\/\/lightweb.dev\/l\/svm-temp\/nyheter\/finsk-kvinna-troligtvis-mordad-i-fuengirola\/#primaryimage"},"thumbnailUrl":"https:\/\/lightweb.dev\/l\/svm-temp\/wp-content\/uploads\/2022\/06\/finsk-kvinna-troligtvis-mordad-i-fuengirola.png","articleSection":["Arkiv","Nyheter"],"inLanguage":"sv-SE"},{"@type":"WebPage","@id":"https:\/\/lightweb.dev\/l\/svm-temp\/nyheter\/finsk-kvinna-troligtvis-mordad-i-fuengirola\/","url":"https:\/\/lightweb.dev\/l\/svm-temp\/nyheter\/finsk-kvinna-troligtvis-mordad-i-fuengirola\/","name":"Finsk kvinna troligtvis m\u00f6rdad i Fuengirola - Svenska Magasinet","isPartOf":{"@id":"https:\/\/lightweb.dev\/l\/svm-temp\/#website"},"primaryImageOfPage":{"@id":"https:\/\/lightweb.dev\/l\/svm-temp\/nyheter\/finsk-kvinna-troligtvis-mordad-i-fuengirola\/#primaryimage"},"image":{"@id":"https:\/\/lightweb.dev\/l\/svm-temp\/nyheter\/finsk-kvinna-troligtvis-mordad-i-fuengirola\/#primaryimage"},"thumbnailUrl":"https:\/\/lightweb.dev\/l\/svm-temp\/wp-content\/uploads\/2022\/06\/finsk-kvinna-troligtvis-mordad-i-fuengirola.png","datePublished":"2015-10-23T22:00:00+00:00","breadcrumb":{"@id":"https:\/\/lightweb.dev\/l\/svm-temp\/nyheter\/finsk-kvinna-troligtvis-mordad-i-fuengirola\/#breadcrumb"},"inLanguage":"sv-SE","potentialAction":[{"@type":"ReadAction","target":["https:\/\/lightweb.dev\/l\/svm-temp\/nyheter\/finsk-kvinna-troligtvis-mordad-i-fuengirola\/"]}]},{"@type":"ImageObject","inLanguage":"sv-SE","@id":"https:\/\/lightweb.dev\/l\/svm-temp\/nyheter\/finsk-kvinna-troligtvis-mordad-i-fuengirola\/#primaryimage","url":"https:\/\/lightweb.dev\/l\/svm-temp\/wp-content\/uploads\/2022\/06\/finsk-kvinna-troligtvis-mordad-i-fuengirola.png","contentUrl":"https:\/\/lightweb.dev\/l\/svm-temp\/wp-content\/uploads\/2022\/06\/finsk-kvinna-troligtvis-mordad-i-fuengirola.png","width":300,"height":200},{"@type":"BreadcrumbList","@id":"https:\/\/lightweb.dev\/l\/svm-temp\/nyheter\/finsk-kvinna-troligtvis-mordad-i-fuengirola\/#breadcrumb","itemListElement":[{"@type":"ListItem","position":1,"name":"Hem","item":"https:\/\/lightweb.dev\/l\/svm-temp\/"},{"@type":"ListItem","position":2,"name":"Finsk kvinna troligtvis m\u00f6rdad i Fuengirola"}]},{"@type":"WebSite","@id":"https:\/\/lightweb.dev\/l\/svm-temp\/#website","url":"https:\/\/lightweb.dev\/l\/svm-temp\/","name":"Svenska Magasinet","description":"Dina Spanska nyheter p&aring; Svenska","publisher":{"@id":"https:\/\/lightweb.dev\/l\/svm-temp\/#organization"},"potentialAction":[{"@type":"SearchAction","target":{"@type":"EntryPoint","urlTemplate":"https:\/\/lightweb.dev\/l\/svm-temp\/?s={search_term_string}"},"query-input":{"@type":"PropertyValueSpecification","valueRequired":true,"valueName":"search_term_string"}}],"inLanguage":"sv-SE"},{"@type":"Organization","@id":"https:\/\/lightweb.dev\/l\/svm-temp\/#organization","name":"Melkerson y Nott SL","alternateName":"Svenska Magasinet","url":"https:\/\/lightweb.dev\/l\/svm-temp\/","logo":{"@type":"ImageObject","inLanguage":"sv-SE","@id":"https:\/\/lightweb.dev\/l\/svm-temp\/#\/schema\/logo\/image\/","url":"https:\/\/lightweb.dev\/l\/svm-temp\/wp-content\/uploads\/2025\/02\/SvM-logo-Xtra-Centrerad-SVART.png","contentUrl":"https:\/\/lightweb.dev\/l\/svm-temp\/wp-content\/uploads\/2025\/02\/SvM-logo-Xtra-Centrerad-SVART.png","width":300,"height":99,"caption":"Melkerson y Nott SL"},"image":{"@id":"https:\/\/lightweb.dev\/l\/svm-temp\/#\/schema\/logo\/image\/"},"sameAs":["https:\/\/www.facebook.com\/svenskamagasinet","https:\/\/x.com\/SvenskaMagasine"]},{"@type":"Person","@id":"https:\/\/lightweb.dev\/l\/svm-temp\/#\/schema\/person\/206a3bda5b607b0c25e1749191e4d837","name":"Redaktionen SvM","description":"Redaktionen","sameAs":["https:\/\/lightweb.dev\/l\/svm-temp"],"url":"https:\/\/lightweb.dev\/l\/svm-temp\/reporter\/redaktionen\/"}]}},"_links":{"self":[{"href":"https:\/\/lightweb.dev\/l\/svm-temp\/wp-json\/wp\/v2\/posts\/23363","targetHints":{"allow":["GET"]}}],"collection":[{"href":"https:\/\/lightweb.dev\/l\/svm-temp\/wp-json\/wp\/v2\/posts"}],"about":[{"href":"https:\/\/lightweb.dev\/l\/svm-temp\/wp-json\/wp\/v2\/types\/post"}],"author":[{"embeddable":true,"href":"https:\/\/lightweb.dev\/l\/svm-temp\/wp-json\/wp\/v2\/users\/8"}],"replies":[{"embeddable":true,"href":"https:\/\/lightweb.dev\/l\/svm-temp\/wp-json\/wp\/v2\/comments?post=23363"}],"version-history":[{"count":0,"href":"https:\/\/lightweb.dev\/l\/svm-temp\/wp-json\/wp\/v2\/posts\/23363\/revisions"}],"wp:featuredmedia":[{"embeddable":true,"href":"https:\/\/lightweb.dev\/l\/svm-temp\/wp-json\/wp\/v2\/media\/23364"}],"wp:attachment":[{"href":"https:\/\/lightweb.dev\/l\/svm-temp\/wp-json\/wp\/v2\/media?parent=23363"}],"wp:term":[{"taxonomy":"category","embeddable":true,"href":"https:\/\/lightweb.dev\/l\/svm-temp\/wp-json\/wp\/v2\/categories?post=23363"},{"taxonomy":"post_tag","embeddable":true,"href":"https:\/\/lightweb.dev\/l\/svm-temp\/wp-json\/wp\/v2\/tags?post=23363"}],"curies":[{"name":"wp","href":"https:\/\/api.w.org\/{rel}","templated":true}]}}