{"id":23365,"date":"2015-10-24T00:00:00","date_gmt":"2015-10-23T22:00:00","guid":{"rendered":"https:\/\/lightweb.dev\/l\/svm-temp\/nyheter\/tre-spanska-militarer-saknas-efter-helikopterolycka\/"},"modified":"2015-10-24T00:00:00","modified_gmt":"2015-10-23T22:00:00","slug":"tre-spanska-militarer-saknas-efter-helikopterolycka","status":"publish","type":"post","link":"https:\/\/lightweb.dev\/l\/svm-temp\/nyheter\/tre-spanska-militarer-saknas-efter-helikopterolycka\/","title":{"rendered":"Tre spanska milit\u00e4rer saknas efter helikopterolycka"},"content":{"rendered":"<p> F\u00f6rst uppgav marockanska myndigheter att tre spanska milit\u00e4rer vars helikopter st\u00f6rtade i havet mellan Gran Canaria och V\u00e4stsahara hade plockats upp och r\u00e4ddats av en marockansk fiskare. De uppgifterna som publicerades i fredags morse st\u00e4mde inte.<\/p>\n<p>Sedan helikopterolyckan \u00e4r de tre spanska milit\u00e4rflygarna f\u00f6rsvunna. Helikoptern uppges ligga p\u00e5 40 meters djup 40 sj\u00f6mil (74 km) utanf\u00f6r V\u00e4stsaharas kust skriver spanska medier.<\/p>\n<p>Bes\u00e4ttningen som s\u00f6ks tillh\u00f6r en r\u00e4ddningssektion inom flygvapnet som g\u00e5r under namnet SAR (Superpuma del Servicio B\u00fasqueda y Rescate). De f\u00f6rsvunna \u00e4r kapten Jos\u00e9 Morales Rodr\u00edguez (Barcelona), l\u00f6jtnant Sa\u00fal L\u00f3pez Quesada (Madrid) och sergant Jhonander Ojeda Alem\u00e1n (Gran Canaria).<\/p>\n<p>Den spanske f\u00f6rsvarsministern Pedro Moren\u00e9s \u00e4r p\u00e5 plats vid flygbasen Gando (Gran Canaria) varifr\u00e5n s\u00f6karbetet samordnas. Havsstr\u00f6mmar f\u00f6rsv\u00e5rar arbetet med att f\u00f6rs\u00f6ka finna de saknade milit\u00e4rerna.<\/p>\n<p>Spanska f\u00f6rsvarsdepartementet s\u00e4ger att \u201df\u00f6rvirrande rapporter\u201d fr\u00e5n marockanska myndigheter f\u00f6rsenade s\u00f6karbetet. Det har f\u00f6rekommit uppgifter att de tre milit\u00e4rerna skulle vara ombord p\u00e5 en fiskeb\u00e5t utan kommunikation.<\/p>\n<p>Helikoptern, en Super Puma 802, f\u00f6rsvann d\u00e5 den skulle \u00e5terv\u00e4nda till Gando (Gran Canaria) efter att ha deltagit i \u00f6vningar i Senegal och har gjort ett uppeh\u00e5ll i Mauretanien. <\/p>\n","protected":false},"excerpt":{"rendered":"<p>F\u00f6rst uppgav marockanska myndigheter att tre spanska milit\u00e4rer vars helikopter st\u00f6rtade i havet mellan Gran Canaria och V\u00e4stsahara hade plockats upp och r\u00e4ddats av en marockansk fiskare. De uppgifterna som publicerades i fredags morse st\u00e4mde inte. Sedan helikopterolyckan \u00e4r de tre spanska milit\u00e4rflygarna f\u00f6rsvunna. Helikoptern uppges ligga p\u00e5 40 meters djup 40 sj\u00f6mil (74 km) [&hellip;]<\/p>\n","protected":false},"author":8,"featured_media":23366,"comment_status":"open","ping_status":"open","sticky":false,"template":"","format":"standard","meta":{"_et_pb_use_builder":"","_et_pb_old_content":"","_et_gb_content_width":"","footnotes":""},"categories":[395,3],"tags":[],"class_list":["post-23365","post","type-post","status-publish","format-standard","has-post-thumbnail","hentry","category-arkiv-nyheter","category-nyheter"],"yoast_head":"<!-- This site is optimized with the Yoast SEO Premium plugin v26.2 (Yoast SEO v27.4) - https:\/\/yoast.com\/product\/yoast-seo-premium-wordpress\/ -->\n<title>Tre spanska milit\u00e4rer saknas efter helikopterolycka - Svenska Magasinet<\/title>\n<meta name=\"robots\" content=\"noindex, follow, max-snippet:-1, max-image-preview:large, max-video-preview:-1\" \/>\n<meta property=\"og:locale\" content=\"sv_SE\" \/>\n<meta property=\"og:type\" content=\"article\" \/>\n<meta property=\"og:title\" content=\"Tre spanska milit\u00e4rer saknas efter helikopterolycka\" \/>\n<meta property=\"og:description\" content=\"F\u00f6rst uppgav marockanska myndigheter att tre spanska milit\u00e4rer vars helikopter st\u00f6rtade i havet mellan Gran Canaria och V\u00e4stsahara hade plockats upp och r\u00e4ddats av en marockansk fiskare. De uppgifterna som publicerades i fredags morse st\u00e4mde inte. Sedan helikopterolyckan \u00e4r de tre spanska milit\u00e4rflygarna f\u00f6rsvunna. Helikoptern uppges ligga p\u00e5 40 meters djup 40 sj\u00f6mil (74 km) [&hellip;]\" \/>\n<meta property=\"og:url\" content=\"https:\/\/lightweb.dev\/l\/svm-temp\/nyheter\/tre-spanska-militarer-saknas-efter-helikopterolycka\/\" \/>\n<meta property=\"og:site_name\" content=\"Svenska Magasinet\" \/>\n<meta property=\"article:publisher\" content=\"https:\/\/www.facebook.com\/svenskamagasinet\" \/>\n<meta property=\"article:published_time\" content=\"2015-10-23T22:00:00+00:00\" \/>\n<meta property=\"og:image\" content=\"https:\/\/lightweb.dev\/l\/svm-temp\/wp-content\/uploads\/2022\/06\/tre-spanska-militarer-saknas-efter-helikopterolycka.png\" \/>\n\t<meta property=\"og:image:width\" content=\"307\" \/>\n\t<meta property=\"og:image:height\" content=\"200\" \/>\n\t<meta property=\"og:image:type\" content=\"image\/png\" \/>\n<meta name=\"author\" content=\"Redaktionen SvM\" \/>\n<meta name=\"twitter:card\" content=\"summary_large_image\" \/>\n<meta name=\"twitter:creator\" content=\"@SvenskaMagasine\" \/>\n<meta name=\"twitter:site\" content=\"@SvenskaMagasine\" \/>\n<script type=\"application\/ld+json\" class=\"yoast-schema-graph\">{\"@context\":\"https:\\\/\\\/schema.org\",\"@graph\":[{\"@type\":\"Article\",\"@id\":\"https:\\\/\\\/lightweb.dev\\\/l\\\/svm-temp\\\/nyheter\\\/tre-spanska-militarer-saknas-efter-helikopterolycka\\\/#article\",\"isPartOf\":{\"@id\":\"https:\\\/\\\/lightweb.dev\\\/l\\\/svm-temp\\\/nyheter\\\/tre-spanska-militarer-saknas-efter-helikopterolycka\\\/\"},\"author\":{\"name\":\"Redaktionen SvM\",\"@id\":\"https:\\\/\\\/lightweb.dev\\\/l\\\/svm-temp\\\/#\\\/schema\\\/person\\\/206a3bda5b607b0c25e1749191e4d837\"},\"headline\":\"Tre spanska milit\u00e4rer saknas efter helikopterolycka\",\"datePublished\":\"2015-10-23T22:00:00+00:00\",\"mainEntityOfPage\":{\"@id\":\"https:\\\/\\\/lightweb.dev\\\/l\\\/svm-temp\\\/nyheter\\\/tre-spanska-militarer-saknas-efter-helikopterolycka\\\/\"},\"wordCount\":230,\"commentCount\":0,\"publisher\":{\"@id\":\"https:\\\/\\\/lightweb.dev\\\/l\\\/svm-temp\\\/#organization\"},\"image\":{\"@id\":\"https:\\\/\\\/lightweb.dev\\\/l\\\/svm-temp\\\/nyheter\\\/tre-spanska-militarer-saknas-efter-helikopterolycka\\\/#primaryimage\"},\"thumbnailUrl\":\"https:\\\/\\\/lightweb.dev\\\/l\\\/svm-temp\\\/wp-content\\\/uploads\\\/2022\\\/06\\\/tre-spanska-militarer-saknas-efter-helikopterolycka.png\",\"articleSection\":[\"Arkiv\",\"Nyheter\"],\"inLanguage\":\"sv-SE\"},{\"@type\":\"WebPage\",\"@id\":\"https:\\\/\\\/lightweb.dev\\\/l\\\/svm-temp\\\/nyheter\\\/tre-spanska-militarer-saknas-efter-helikopterolycka\\\/\",\"url\":\"https:\\\/\\\/lightweb.dev\\\/l\\\/svm-temp\\\/nyheter\\\/tre-spanska-militarer-saknas-efter-helikopterolycka\\\/\",\"name\":\"Tre spanska milit\u00e4rer saknas efter helikopterolycka - Svenska Magasinet\",\"isPartOf\":{\"@id\":\"https:\\\/\\\/lightweb.dev\\\/l\\\/svm-temp\\\/#website\"},\"primaryImageOfPage\":{\"@id\":\"https:\\\/\\\/lightweb.dev\\\/l\\\/svm-temp\\\/nyheter\\\/tre-spanska-militarer-saknas-efter-helikopterolycka\\\/#primaryimage\"},\"image\":{\"@id\":\"https:\\\/\\\/lightweb.dev\\\/l\\\/svm-temp\\\/nyheter\\\/tre-spanska-militarer-saknas-efter-helikopterolycka\\\/#primaryimage\"},\"thumbnailUrl\":\"https:\\\/\\\/lightweb.dev\\\/l\\\/svm-temp\\\/wp-content\\\/uploads\\\/2022\\\/06\\\/tre-spanska-militarer-saknas-efter-helikopterolycka.png\",\"datePublished\":\"2015-10-23T22:00:00+00:00\",\"breadcrumb\":{\"@id\":\"https:\\\/\\\/lightweb.dev\\\/l\\\/svm-temp\\\/nyheter\\\/tre-spanska-militarer-saknas-efter-helikopterolycka\\\/#breadcrumb\"},\"inLanguage\":\"sv-SE\",\"potentialAction\":[{\"@type\":\"ReadAction\",\"target\":[\"https:\\\/\\\/lightweb.dev\\\/l\\\/svm-temp\\\/nyheter\\\/tre-spanska-militarer-saknas-efter-helikopterolycka\\\/\"]}]},{\"@type\":\"ImageObject\",\"inLanguage\":\"sv-SE\",\"@id\":\"https:\\\/\\\/lightweb.dev\\\/l\\\/svm-temp\\\/nyheter\\\/tre-spanska-militarer-saknas-efter-helikopterolycka\\\/#primaryimage\",\"url\":\"https:\\\/\\\/lightweb.dev\\\/l\\\/svm-temp\\\/wp-content\\\/uploads\\\/2022\\\/06\\\/tre-spanska-militarer-saknas-efter-helikopterolycka.png\",\"contentUrl\":\"https:\\\/\\\/lightweb.dev\\\/l\\\/svm-temp\\\/wp-content\\\/uploads\\\/2022\\\/06\\\/tre-spanska-militarer-saknas-efter-helikopterolycka.png\",\"width\":307,\"height\":200},{\"@type\":\"BreadcrumbList\",\"@id\":\"https:\\\/\\\/lightweb.dev\\\/l\\\/svm-temp\\\/nyheter\\\/tre-spanska-militarer-saknas-efter-helikopterolycka\\\/#breadcrumb\",\"itemListElement\":[{\"@type\":\"ListItem\",\"position\":1,\"name\":\"Hem\",\"item\":\"https:\\\/\\\/lightweb.dev\\\/l\\\/svm-temp\\\/\"},{\"@type\":\"ListItem\",\"position\":2,\"name\":\"Tre spanska milit\u00e4rer saknas efter helikopterolycka\"}]},{\"@type\":\"WebSite\",\"@id\":\"https:\\\/\\\/lightweb.dev\\\/l\\\/svm-temp\\\/#website\",\"url\":\"https:\\\/\\\/lightweb.dev\\\/l\\\/svm-temp\\\/\",\"name\":\"Svenska Magasinet\",\"description\":\"Dina Spanska nyheter p&aring; Svenska\",\"publisher\":{\"@id\":\"https:\\\/\\\/lightweb.dev\\\/l\\\/svm-temp\\\/#organization\"},\"potentialAction\":[{\"@type\":\"SearchAction\",\"target\":{\"@type\":\"EntryPoint\",\"urlTemplate\":\"https:\\\/\\\/lightweb.dev\\\/l\\\/svm-temp\\\/?s={search_term_string}\"},\"query-input\":{\"@type\":\"PropertyValueSpecification\",\"valueRequired\":true,\"valueName\":\"search_term_string\"}}],\"inLanguage\":\"sv-SE\"},{\"@type\":\"Organization\",\"@id\":\"https:\\\/\\\/lightweb.dev\\\/l\\\/svm-temp\\\/#organization\",\"name\":\"Melkerson y Nott SL\",\"alternateName\":\"Svenska Magasinet\",\"url\":\"https:\\\/\\\/lightweb.dev\\\/l\\\/svm-temp\\\/\",\"logo\":{\"@type\":\"ImageObject\",\"inLanguage\":\"sv-SE\",\"@id\":\"https:\\\/\\\/lightweb.dev\\\/l\\\/svm-temp\\\/#\\\/schema\\\/logo\\\/image\\\/\",\"url\":\"https:\\\/\\\/lightweb.dev\\\/l\\\/svm-temp\\\/wp-content\\\/uploads\\\/2025\\\/02\\\/SvM-logo-Xtra-Centrerad-SVART.png\",\"contentUrl\":\"https:\\\/\\\/lightweb.dev\\\/l\\\/svm-temp\\\/wp-content\\\/uploads\\\/2025\\\/02\\\/SvM-logo-Xtra-Centrerad-SVART.png\",\"width\":300,\"height\":99,\"caption\":\"Melkerson y Nott SL\"},\"image\":{\"@id\":\"https:\\\/\\\/lightweb.dev\\\/l\\\/svm-temp\\\/#\\\/schema\\\/logo\\\/image\\\/\"},\"sameAs\":[\"https:\\\/\\\/www.facebook.com\\\/svenskamagasinet\",\"https:\\\/\\\/x.com\\\/SvenskaMagasine\"]},{\"@type\":\"Person\",\"@id\":\"https:\\\/\\\/lightweb.dev\\\/l\\\/svm-temp\\\/#\\\/schema\\\/person\\\/206a3bda5b607b0c25e1749191e4d837\",\"name\":\"Redaktionen SvM\",\"description\":\"Redaktionen\",\"sameAs\":[\"https:\\\/\\\/lightweb.dev\\\/l\\\/svm-temp\"],\"url\":\"https:\\\/\\\/lightweb.dev\\\/l\\\/svm-temp\\\/reporter\\\/redaktionen\\\/\"}]}<\/script>\n<!-- \/ Yoast SEO Premium plugin. -->","yoast_head_json":{"title":"Tre spanska milit\u00e4rer saknas efter helikopterolycka - Svenska Magasinet","robots":{"index":"noindex","follow":"follow","max-snippet":"max-snippet:-1","max-image-preview":"max-image-preview:large","max-video-preview":"max-video-preview:-1"},"og_locale":"sv_SE","og_type":"article","og_title":"Tre spanska milit\u00e4rer saknas efter helikopterolycka","og_description":"F\u00f6rst uppgav marockanska myndigheter att tre spanska milit\u00e4rer vars helikopter st\u00f6rtade i havet mellan Gran Canaria och V\u00e4stsahara hade plockats upp och r\u00e4ddats av en marockansk fiskare. De uppgifterna som publicerades i fredags morse st\u00e4mde inte. Sedan helikopterolyckan \u00e4r de tre spanska milit\u00e4rflygarna f\u00f6rsvunna. Helikoptern uppges ligga p\u00e5 40 meters djup 40 sj\u00f6mil (74 km) [&hellip;]","og_url":"https:\/\/lightweb.dev\/l\/svm-temp\/nyheter\/tre-spanska-militarer-saknas-efter-helikopterolycka\/","og_site_name":"Svenska Magasinet","article_publisher":"https:\/\/www.facebook.com\/svenskamagasinet","article_published_time":"2015-10-23T22:00:00+00:00","og_image":[{"width":307,"height":200,"url":"https:\/\/lightweb.dev\/l\/svm-temp\/wp-content\/uploads\/2022\/06\/tre-spanska-militarer-saknas-efter-helikopterolycka.png","type":"image\/png"}],"author":"Redaktionen SvM","twitter_card":"summary_large_image","twitter_creator":"@SvenskaMagasine","twitter_site":"@SvenskaMagasine","schema":{"@context":"https:\/\/schema.org","@graph":[{"@type":"Article","@id":"https:\/\/lightweb.dev\/l\/svm-temp\/nyheter\/tre-spanska-militarer-saknas-efter-helikopterolycka\/#article","isPartOf":{"@id":"https:\/\/lightweb.dev\/l\/svm-temp\/nyheter\/tre-spanska-militarer-saknas-efter-helikopterolycka\/"},"author":{"name":"Redaktionen SvM","@id":"https:\/\/lightweb.dev\/l\/svm-temp\/#\/schema\/person\/206a3bda5b607b0c25e1749191e4d837"},"headline":"Tre spanska milit\u00e4rer saknas efter helikopterolycka","datePublished":"2015-10-23T22:00:00+00:00","mainEntityOfPage":{"@id":"https:\/\/lightweb.dev\/l\/svm-temp\/nyheter\/tre-spanska-militarer-saknas-efter-helikopterolycka\/"},"wordCount":230,"commentCount":0,"publisher":{"@id":"https:\/\/lightweb.dev\/l\/svm-temp\/#organization"},"image":{"@id":"https:\/\/lightweb.dev\/l\/svm-temp\/nyheter\/tre-spanska-militarer-saknas-efter-helikopterolycka\/#primaryimage"},"thumbnailUrl":"https:\/\/lightweb.dev\/l\/svm-temp\/wp-content\/uploads\/2022\/06\/tre-spanska-militarer-saknas-efter-helikopterolycka.png","articleSection":["Arkiv","Nyheter"],"inLanguage":"sv-SE"},{"@type":"WebPage","@id":"https:\/\/lightweb.dev\/l\/svm-temp\/nyheter\/tre-spanska-militarer-saknas-efter-helikopterolycka\/","url":"https:\/\/lightweb.dev\/l\/svm-temp\/nyheter\/tre-spanska-militarer-saknas-efter-helikopterolycka\/","name":"Tre spanska milit\u00e4rer saknas efter helikopterolycka - Svenska Magasinet","isPartOf":{"@id":"https:\/\/lightweb.dev\/l\/svm-temp\/#website"},"primaryImageOfPage":{"@id":"https:\/\/lightweb.dev\/l\/svm-temp\/nyheter\/tre-spanska-militarer-saknas-efter-helikopterolycka\/#primaryimage"},"image":{"@id":"https:\/\/lightweb.dev\/l\/svm-temp\/nyheter\/tre-spanska-militarer-saknas-efter-helikopterolycka\/#primaryimage"},"thumbnailUrl":"https:\/\/lightweb.dev\/l\/svm-temp\/wp-content\/uploads\/2022\/06\/tre-spanska-militarer-saknas-efter-helikopterolycka.png","datePublished":"2015-10-23T22:00:00+00:00","breadcrumb":{"@id":"https:\/\/lightweb.dev\/l\/svm-temp\/nyheter\/tre-spanska-militarer-saknas-efter-helikopterolycka\/#breadcrumb"},"inLanguage":"sv-SE","potentialAction":[{"@type":"ReadAction","target":["https:\/\/lightweb.dev\/l\/svm-temp\/nyheter\/tre-spanska-militarer-saknas-efter-helikopterolycka\/"]}]},{"@type":"ImageObject","inLanguage":"sv-SE","@id":"https:\/\/lightweb.dev\/l\/svm-temp\/nyheter\/tre-spanska-militarer-saknas-efter-helikopterolycka\/#primaryimage","url":"https:\/\/lightweb.dev\/l\/svm-temp\/wp-content\/uploads\/2022\/06\/tre-spanska-militarer-saknas-efter-helikopterolycka.png","contentUrl":"https:\/\/lightweb.dev\/l\/svm-temp\/wp-content\/uploads\/2022\/06\/tre-spanska-militarer-saknas-efter-helikopterolycka.png","width":307,"height":200},{"@type":"BreadcrumbList","@id":"https:\/\/lightweb.dev\/l\/svm-temp\/nyheter\/tre-spanska-militarer-saknas-efter-helikopterolycka\/#breadcrumb","itemListElement":[{"@type":"ListItem","position":1,"name":"Hem","item":"https:\/\/lightweb.dev\/l\/svm-temp\/"},{"@type":"ListItem","position":2,"name":"Tre spanska milit\u00e4rer saknas efter helikopterolycka"}]},{"@type":"WebSite","@id":"https:\/\/lightweb.dev\/l\/svm-temp\/#website","url":"https:\/\/lightweb.dev\/l\/svm-temp\/","name":"Svenska Magasinet","description":"Dina Spanska nyheter p&aring; Svenska","publisher":{"@id":"https:\/\/lightweb.dev\/l\/svm-temp\/#organization"},"potentialAction":[{"@type":"SearchAction","target":{"@type":"EntryPoint","urlTemplate":"https:\/\/lightweb.dev\/l\/svm-temp\/?s={search_term_string}"},"query-input":{"@type":"PropertyValueSpecification","valueRequired":true,"valueName":"search_term_string"}}],"inLanguage":"sv-SE"},{"@type":"Organization","@id":"https:\/\/lightweb.dev\/l\/svm-temp\/#organization","name":"Melkerson y Nott SL","alternateName":"Svenska Magasinet","url":"https:\/\/lightweb.dev\/l\/svm-temp\/","logo":{"@type":"ImageObject","inLanguage":"sv-SE","@id":"https:\/\/lightweb.dev\/l\/svm-temp\/#\/schema\/logo\/image\/","url":"https:\/\/lightweb.dev\/l\/svm-temp\/wp-content\/uploads\/2025\/02\/SvM-logo-Xtra-Centrerad-SVART.png","contentUrl":"https:\/\/lightweb.dev\/l\/svm-temp\/wp-content\/uploads\/2025\/02\/SvM-logo-Xtra-Centrerad-SVART.png","width":300,"height":99,"caption":"Melkerson y Nott SL"},"image":{"@id":"https:\/\/lightweb.dev\/l\/svm-temp\/#\/schema\/logo\/image\/"},"sameAs":["https:\/\/www.facebook.com\/svenskamagasinet","https:\/\/x.com\/SvenskaMagasine"]},{"@type":"Person","@id":"https:\/\/lightweb.dev\/l\/svm-temp\/#\/schema\/person\/206a3bda5b607b0c25e1749191e4d837","name":"Redaktionen SvM","description":"Redaktionen","sameAs":["https:\/\/lightweb.dev\/l\/svm-temp"],"url":"https:\/\/lightweb.dev\/l\/svm-temp\/reporter\/redaktionen\/"}]}},"_links":{"self":[{"href":"https:\/\/lightweb.dev\/l\/svm-temp\/wp-json\/wp\/v2\/posts\/23365","targetHints":{"allow":["GET"]}}],"collection":[{"href":"https:\/\/lightweb.dev\/l\/svm-temp\/wp-json\/wp\/v2\/posts"}],"about":[{"href":"https:\/\/lightweb.dev\/l\/svm-temp\/wp-json\/wp\/v2\/types\/post"}],"author":[{"embeddable":true,"href":"https:\/\/lightweb.dev\/l\/svm-temp\/wp-json\/wp\/v2\/users\/8"}],"replies":[{"embeddable":true,"href":"https:\/\/lightweb.dev\/l\/svm-temp\/wp-json\/wp\/v2\/comments?post=23365"}],"version-history":[{"count":0,"href":"https:\/\/lightweb.dev\/l\/svm-temp\/wp-json\/wp\/v2\/posts\/23365\/revisions"}],"wp:featuredmedia":[{"embeddable":true,"href":"https:\/\/lightweb.dev\/l\/svm-temp\/wp-json\/wp\/v2\/media\/23366"}],"wp:attachment":[{"href":"https:\/\/lightweb.dev\/l\/svm-temp\/wp-json\/wp\/v2\/media?parent=23365"}],"wp:term":[{"taxonomy":"category","embeddable":true,"href":"https:\/\/lightweb.dev\/l\/svm-temp\/wp-json\/wp\/v2\/categories?post=23365"},{"taxonomy":"post_tag","embeddable":true,"href":"https:\/\/lightweb.dev\/l\/svm-temp\/wp-json\/wp\/v2\/tags?post=23365"}],"curies":[{"name":"wp","href":"https:\/\/api.w.org\/{rel}","templated":true}]}}