{"id":23385,"date":"2015-10-21T00:00:00","date_gmt":"2015-10-20T22:00:00","guid":{"rendered":"https:\/\/lightweb.dev\/l\/svm-temp\/nyheter\/aklagare-kraver-atta-ars-fangelse-for-valdtakt-pa-svensk-kvinna\/"},"modified":"2015-10-21T00:00:00","modified_gmt":"2015-10-20T22:00:00","slug":"aklagare-kraver-atta-ars-fangelse-for-valdtakt-pa-svensk-kvinna","status":"publish","type":"post","link":"https:\/\/lightweb.dev\/l\/svm-temp\/nyheter\/aklagare-kraver-atta-ars-fangelse-for-valdtakt-pa-svensk-kvinna\/","title":{"rendered":"\u00c5klagare kr\u00e4ver \u00e5tta \u00e5rs f\u00e4ngelse f\u00f6r v\u00e5ldt\u00e4kt p\u00e5 svensk kvinna"},"content":{"rendered":"<p> Den svenska kvinnan var i Spanien f\u00f6r att g\u00f6ra en pilgrimsvandring till Camino de Santiago. Nu riskerar en man att bli d\u00f6md till \u00e5tta \u00e5rs f\u00e4ngelse f\u00f6r v\u00e5ldt\u00e4kt p\u00e5 kvinnan.<\/p>\n<p>En \u00e5klagare i Burgos kr\u00e4ver \u00e5tta \u00e5rs f\u00e4ngelse f\u00f6r en man som \u00e4r \u00e5talad f\u00f6r att ha v\u00e5ldtagit en svensk kvinna p\u00e5 ett vandrarhem (bilden) p\u00e5 calle Fern\u00e1n Gonz\u00e1lez n\u00e4ra Burgos katedral d\u00e4r pilgrimsvandrare brukar \u00f6vernatta. H\u00e4ndelsen intr\u00e4ffade den 17 augusti 2013 i samband med att den svenska kvinnan gjorde en pilgrimsvandring till Camino de Santiago.<\/p>\n<p>Enligt \u00e5talet ska mannen som \u00e4r spansk medborgare och som namnges som Manuel M R tagit sig in till kvinnan som l\u00e5g p\u00e5 en s\u00e4ng. Mannen var vid tillf\u00e4llet naken. Han ska ha f\u00f6rs\u00f6kt f\u00e5 kvinnan att r\u00f6ra honom men hon v\u00e4grade.<\/p>\n<p>Mannen gav inte upp och tog tag i hennes armar h\u00e5rt bakifr\u00e5n och ska enligt \u00e5talat d\u00e4refter fullbordat v\u00e5ldt\u00e4kten skriver dagstidningen Diario de Burgos. Kvinnan reste tillbaka till Sverige efter h\u00e4ndelsen men \u00e5terkom till Spanien f\u00f6r att polisanm\u00e4la h\u00e4ndelsen.<\/p>\n<p>R\u00e4tteg\u00e5ng kommer att h\u00e5llas vid en domstol i Burgos den 18 januari. <\/p>\n","protected":false},"excerpt":{"rendered":"<p>Den svenska kvinnan var i Spanien f\u00f6r att g\u00f6ra en pilgrimsvandring till Camino de Santiago. Nu riskerar en man att bli d\u00f6md till \u00e5tta \u00e5rs f\u00e4ngelse f\u00f6r v\u00e5ldt\u00e4kt p\u00e5 kvinnan. En \u00e5klagare i Burgos kr\u00e4ver \u00e5tta \u00e5rs f\u00e4ngelse f\u00f6r en man som \u00e4r \u00e5talad f\u00f6r att ha v\u00e5ldtagit en svensk kvinna p\u00e5 ett vandrarhem (bilden) [&hellip;]<\/p>\n","protected":false},"author":8,"featured_media":23386,"comment_status":"open","ping_status":"open","sticky":false,"template":"","format":"standard","meta":{"_et_pb_use_builder":"","_et_pb_old_content":"","_et_gb_content_width":"","footnotes":""},"categories":[395,3],"tags":[],"class_list":["post-23385","post","type-post","status-publish","format-standard","has-post-thumbnail","hentry","category-arkiv-nyheter","category-nyheter"],"yoast_head":"<!-- This site is optimized with the Yoast SEO Premium plugin v26.2 (Yoast SEO v27.4) - https:\/\/yoast.com\/product\/yoast-seo-premium-wordpress\/ -->\n<title>\u00c5klagare kr\u00e4ver \u00e5tta \u00e5rs f\u00e4ngelse f\u00f6r v\u00e5ldt\u00e4kt p\u00e5 svensk kvinna - Svenska Magasinet<\/title>\n<meta name=\"robots\" content=\"noindex, follow, max-snippet:-1, max-image-preview:large, max-video-preview:-1\" \/>\n<meta property=\"og:locale\" content=\"sv_SE\" \/>\n<meta property=\"og:type\" content=\"article\" \/>\n<meta property=\"og:title\" content=\"\u00c5klagare kr\u00e4ver \u00e5tta \u00e5rs f\u00e4ngelse f\u00f6r v\u00e5ldt\u00e4kt p\u00e5 svensk kvinna\" \/>\n<meta property=\"og:description\" content=\"Den svenska kvinnan var i Spanien f\u00f6r att g\u00f6ra en pilgrimsvandring till Camino de Santiago. Nu riskerar en man att bli d\u00f6md till \u00e5tta \u00e5rs f\u00e4ngelse f\u00f6r v\u00e5ldt\u00e4kt p\u00e5 kvinnan. En \u00e5klagare i Burgos kr\u00e4ver \u00e5tta \u00e5rs f\u00e4ngelse f\u00f6r en man som \u00e4r \u00e5talad f\u00f6r att ha v\u00e5ldtagit en svensk kvinna p\u00e5 ett vandrarhem (bilden) [&hellip;]\" \/>\n<meta property=\"og:url\" content=\"https:\/\/lightweb.dev\/l\/svm-temp\/nyheter\/aklagare-kraver-atta-ars-fangelse-for-valdtakt-pa-svensk-kvinna\/\" \/>\n<meta property=\"og:site_name\" content=\"Svenska Magasinet\" \/>\n<meta property=\"article:publisher\" content=\"https:\/\/www.facebook.com\/svenskamagasinet\" \/>\n<meta property=\"article:published_time\" content=\"2015-10-20T22:00:00+00:00\" \/>\n<meta property=\"og:image\" content=\"https:\/\/lightweb.dev\/l\/svm-temp\/wp-content\/uploads\/2022\/06\/aklagare-kraver-atta-ars-fangelse-for-valdtakt-pa-svensk-kvinna.png\" \/>\n\t<meta property=\"og:image:width\" content=\"280\" \/>\n\t<meta property=\"og:image:height\" content=\"210\" \/>\n\t<meta property=\"og:image:type\" content=\"image\/png\" \/>\n<meta name=\"author\" content=\"Redaktionen SvM\" \/>\n<meta name=\"twitter:card\" content=\"summary_large_image\" \/>\n<meta name=\"twitter:creator\" content=\"@SvenskaMagasine\" \/>\n<meta name=\"twitter:site\" content=\"@SvenskaMagasine\" \/>\n<script type=\"application\/ld+json\" class=\"yoast-schema-graph\">{\"@context\":\"https:\\\/\\\/schema.org\",\"@graph\":[{\"@type\":\"Article\",\"@id\":\"https:\\\/\\\/lightweb.dev\\\/l\\\/svm-temp\\\/nyheter\\\/aklagare-kraver-atta-ars-fangelse-for-valdtakt-pa-svensk-kvinna\\\/#article\",\"isPartOf\":{\"@id\":\"https:\\\/\\\/lightweb.dev\\\/l\\\/svm-temp\\\/nyheter\\\/aklagare-kraver-atta-ars-fangelse-for-valdtakt-pa-svensk-kvinna\\\/\"},\"author\":{\"name\":\"Redaktionen SvM\",\"@id\":\"https:\\\/\\\/lightweb.dev\\\/l\\\/svm-temp\\\/#\\\/schema\\\/person\\\/206a3bda5b607b0c25e1749191e4d837\"},\"headline\":\"\u00c5klagare kr\u00e4ver \u00e5tta \u00e5rs f\u00e4ngelse f\u00f6r v\u00e5ldt\u00e4kt p\u00e5 svensk kvinna\",\"datePublished\":\"2015-10-20T22:00:00+00:00\",\"mainEntityOfPage\":{\"@id\":\"https:\\\/\\\/lightweb.dev\\\/l\\\/svm-temp\\\/nyheter\\\/aklagare-kraver-atta-ars-fangelse-for-valdtakt-pa-svensk-kvinna\\\/\"},\"wordCount\":228,\"commentCount\":0,\"publisher\":{\"@id\":\"https:\\\/\\\/lightweb.dev\\\/l\\\/svm-temp\\\/#organization\"},\"image\":{\"@id\":\"https:\\\/\\\/lightweb.dev\\\/l\\\/svm-temp\\\/nyheter\\\/aklagare-kraver-atta-ars-fangelse-for-valdtakt-pa-svensk-kvinna\\\/#primaryimage\"},\"thumbnailUrl\":\"https:\\\/\\\/lightweb.dev\\\/l\\\/svm-temp\\\/wp-content\\\/uploads\\\/2022\\\/06\\\/aklagare-kraver-atta-ars-fangelse-for-valdtakt-pa-svensk-kvinna.png\",\"articleSection\":[\"Arkiv\",\"Nyheter\"],\"inLanguage\":\"sv-SE\"},{\"@type\":\"WebPage\",\"@id\":\"https:\\\/\\\/lightweb.dev\\\/l\\\/svm-temp\\\/nyheter\\\/aklagare-kraver-atta-ars-fangelse-for-valdtakt-pa-svensk-kvinna\\\/\",\"url\":\"https:\\\/\\\/lightweb.dev\\\/l\\\/svm-temp\\\/nyheter\\\/aklagare-kraver-atta-ars-fangelse-for-valdtakt-pa-svensk-kvinna\\\/\",\"name\":\"\u00c5klagare kr\u00e4ver \u00e5tta \u00e5rs f\u00e4ngelse f\u00f6r v\u00e5ldt\u00e4kt p\u00e5 svensk kvinna - Svenska Magasinet\",\"isPartOf\":{\"@id\":\"https:\\\/\\\/lightweb.dev\\\/l\\\/svm-temp\\\/#website\"},\"primaryImageOfPage\":{\"@id\":\"https:\\\/\\\/lightweb.dev\\\/l\\\/svm-temp\\\/nyheter\\\/aklagare-kraver-atta-ars-fangelse-for-valdtakt-pa-svensk-kvinna\\\/#primaryimage\"},\"image\":{\"@id\":\"https:\\\/\\\/lightweb.dev\\\/l\\\/svm-temp\\\/nyheter\\\/aklagare-kraver-atta-ars-fangelse-for-valdtakt-pa-svensk-kvinna\\\/#primaryimage\"},\"thumbnailUrl\":\"https:\\\/\\\/lightweb.dev\\\/l\\\/svm-temp\\\/wp-content\\\/uploads\\\/2022\\\/06\\\/aklagare-kraver-atta-ars-fangelse-for-valdtakt-pa-svensk-kvinna.png\",\"datePublished\":\"2015-10-20T22:00:00+00:00\",\"breadcrumb\":{\"@id\":\"https:\\\/\\\/lightweb.dev\\\/l\\\/svm-temp\\\/nyheter\\\/aklagare-kraver-atta-ars-fangelse-for-valdtakt-pa-svensk-kvinna\\\/#breadcrumb\"},\"inLanguage\":\"sv-SE\",\"potentialAction\":[{\"@type\":\"ReadAction\",\"target\":[\"https:\\\/\\\/lightweb.dev\\\/l\\\/svm-temp\\\/nyheter\\\/aklagare-kraver-atta-ars-fangelse-for-valdtakt-pa-svensk-kvinna\\\/\"]}]},{\"@type\":\"ImageObject\",\"inLanguage\":\"sv-SE\",\"@id\":\"https:\\\/\\\/lightweb.dev\\\/l\\\/svm-temp\\\/nyheter\\\/aklagare-kraver-atta-ars-fangelse-for-valdtakt-pa-svensk-kvinna\\\/#primaryimage\",\"url\":\"https:\\\/\\\/lightweb.dev\\\/l\\\/svm-temp\\\/wp-content\\\/uploads\\\/2022\\\/06\\\/aklagare-kraver-atta-ars-fangelse-for-valdtakt-pa-svensk-kvinna.png\",\"contentUrl\":\"https:\\\/\\\/lightweb.dev\\\/l\\\/svm-temp\\\/wp-content\\\/uploads\\\/2022\\\/06\\\/aklagare-kraver-atta-ars-fangelse-for-valdtakt-pa-svensk-kvinna.png\",\"width\":280,\"height\":210},{\"@type\":\"BreadcrumbList\",\"@id\":\"https:\\\/\\\/lightweb.dev\\\/l\\\/svm-temp\\\/nyheter\\\/aklagare-kraver-atta-ars-fangelse-for-valdtakt-pa-svensk-kvinna\\\/#breadcrumb\",\"itemListElement\":[{\"@type\":\"ListItem\",\"position\":1,\"name\":\"Hem\",\"item\":\"https:\\\/\\\/lightweb.dev\\\/l\\\/svm-temp\\\/\"},{\"@type\":\"ListItem\",\"position\":2,\"name\":\"\u00c5klagare kr\u00e4ver \u00e5tta \u00e5rs f\u00e4ngelse f\u00f6r v\u00e5ldt\u00e4kt p\u00e5 svensk kvinna\"}]},{\"@type\":\"WebSite\",\"@id\":\"https:\\\/\\\/lightweb.dev\\\/l\\\/svm-temp\\\/#website\",\"url\":\"https:\\\/\\\/lightweb.dev\\\/l\\\/svm-temp\\\/\",\"name\":\"Svenska Magasinet\",\"description\":\"Dina Spanska nyheter p&aring; Svenska\",\"publisher\":{\"@id\":\"https:\\\/\\\/lightweb.dev\\\/l\\\/svm-temp\\\/#organization\"},\"potentialAction\":[{\"@type\":\"SearchAction\",\"target\":{\"@type\":\"EntryPoint\",\"urlTemplate\":\"https:\\\/\\\/lightweb.dev\\\/l\\\/svm-temp\\\/?s={search_term_string}\"},\"query-input\":{\"@type\":\"PropertyValueSpecification\",\"valueRequired\":true,\"valueName\":\"search_term_string\"}}],\"inLanguage\":\"sv-SE\"},{\"@type\":\"Organization\",\"@id\":\"https:\\\/\\\/lightweb.dev\\\/l\\\/svm-temp\\\/#organization\",\"name\":\"Melkerson y Nott SL\",\"alternateName\":\"Svenska Magasinet\",\"url\":\"https:\\\/\\\/lightweb.dev\\\/l\\\/svm-temp\\\/\",\"logo\":{\"@type\":\"ImageObject\",\"inLanguage\":\"sv-SE\",\"@id\":\"https:\\\/\\\/lightweb.dev\\\/l\\\/svm-temp\\\/#\\\/schema\\\/logo\\\/image\\\/\",\"url\":\"https:\\\/\\\/lightweb.dev\\\/l\\\/svm-temp\\\/wp-content\\\/uploads\\\/2025\\\/02\\\/SvM-logo-Xtra-Centrerad-SVART.png\",\"contentUrl\":\"https:\\\/\\\/lightweb.dev\\\/l\\\/svm-temp\\\/wp-content\\\/uploads\\\/2025\\\/02\\\/SvM-logo-Xtra-Centrerad-SVART.png\",\"width\":300,\"height\":99,\"caption\":\"Melkerson y Nott SL\"},\"image\":{\"@id\":\"https:\\\/\\\/lightweb.dev\\\/l\\\/svm-temp\\\/#\\\/schema\\\/logo\\\/image\\\/\"},\"sameAs\":[\"https:\\\/\\\/www.facebook.com\\\/svenskamagasinet\",\"https:\\\/\\\/x.com\\\/SvenskaMagasine\"]},{\"@type\":\"Person\",\"@id\":\"https:\\\/\\\/lightweb.dev\\\/l\\\/svm-temp\\\/#\\\/schema\\\/person\\\/206a3bda5b607b0c25e1749191e4d837\",\"name\":\"Redaktionen SvM\",\"description\":\"Redaktionen\",\"sameAs\":[\"https:\\\/\\\/lightweb.dev\\\/l\\\/svm-temp\"],\"url\":\"https:\\\/\\\/lightweb.dev\\\/l\\\/svm-temp\\\/reporter\\\/redaktionen\\\/\"}]}<\/script>\n<!-- \/ Yoast SEO Premium plugin. -->","yoast_head_json":{"title":"\u00c5klagare kr\u00e4ver \u00e5tta \u00e5rs f\u00e4ngelse f\u00f6r v\u00e5ldt\u00e4kt p\u00e5 svensk kvinna - Svenska Magasinet","robots":{"index":"noindex","follow":"follow","max-snippet":"max-snippet:-1","max-image-preview":"max-image-preview:large","max-video-preview":"max-video-preview:-1"},"og_locale":"sv_SE","og_type":"article","og_title":"\u00c5klagare kr\u00e4ver \u00e5tta \u00e5rs f\u00e4ngelse f\u00f6r v\u00e5ldt\u00e4kt p\u00e5 svensk kvinna","og_description":"Den svenska kvinnan var i Spanien f\u00f6r att g\u00f6ra en pilgrimsvandring till Camino de Santiago. Nu riskerar en man att bli d\u00f6md till \u00e5tta \u00e5rs f\u00e4ngelse f\u00f6r v\u00e5ldt\u00e4kt p\u00e5 kvinnan. En \u00e5klagare i Burgos kr\u00e4ver \u00e5tta \u00e5rs f\u00e4ngelse f\u00f6r en man som \u00e4r \u00e5talad f\u00f6r att ha v\u00e5ldtagit en svensk kvinna p\u00e5 ett vandrarhem (bilden) [&hellip;]","og_url":"https:\/\/lightweb.dev\/l\/svm-temp\/nyheter\/aklagare-kraver-atta-ars-fangelse-for-valdtakt-pa-svensk-kvinna\/","og_site_name":"Svenska Magasinet","article_publisher":"https:\/\/www.facebook.com\/svenskamagasinet","article_published_time":"2015-10-20T22:00:00+00:00","og_image":[{"width":280,"height":210,"url":"https:\/\/lightweb.dev\/l\/svm-temp\/wp-content\/uploads\/2022\/06\/aklagare-kraver-atta-ars-fangelse-for-valdtakt-pa-svensk-kvinna.png","type":"image\/png"}],"author":"Redaktionen SvM","twitter_card":"summary_large_image","twitter_creator":"@SvenskaMagasine","twitter_site":"@SvenskaMagasine","schema":{"@context":"https:\/\/schema.org","@graph":[{"@type":"Article","@id":"https:\/\/lightweb.dev\/l\/svm-temp\/nyheter\/aklagare-kraver-atta-ars-fangelse-for-valdtakt-pa-svensk-kvinna\/#article","isPartOf":{"@id":"https:\/\/lightweb.dev\/l\/svm-temp\/nyheter\/aklagare-kraver-atta-ars-fangelse-for-valdtakt-pa-svensk-kvinna\/"},"author":{"name":"Redaktionen SvM","@id":"https:\/\/lightweb.dev\/l\/svm-temp\/#\/schema\/person\/206a3bda5b607b0c25e1749191e4d837"},"headline":"\u00c5klagare kr\u00e4ver \u00e5tta \u00e5rs f\u00e4ngelse f\u00f6r v\u00e5ldt\u00e4kt p\u00e5 svensk kvinna","datePublished":"2015-10-20T22:00:00+00:00","mainEntityOfPage":{"@id":"https:\/\/lightweb.dev\/l\/svm-temp\/nyheter\/aklagare-kraver-atta-ars-fangelse-for-valdtakt-pa-svensk-kvinna\/"},"wordCount":228,"commentCount":0,"publisher":{"@id":"https:\/\/lightweb.dev\/l\/svm-temp\/#organization"},"image":{"@id":"https:\/\/lightweb.dev\/l\/svm-temp\/nyheter\/aklagare-kraver-atta-ars-fangelse-for-valdtakt-pa-svensk-kvinna\/#primaryimage"},"thumbnailUrl":"https:\/\/lightweb.dev\/l\/svm-temp\/wp-content\/uploads\/2022\/06\/aklagare-kraver-atta-ars-fangelse-for-valdtakt-pa-svensk-kvinna.png","articleSection":["Arkiv","Nyheter"],"inLanguage":"sv-SE"},{"@type":"WebPage","@id":"https:\/\/lightweb.dev\/l\/svm-temp\/nyheter\/aklagare-kraver-atta-ars-fangelse-for-valdtakt-pa-svensk-kvinna\/","url":"https:\/\/lightweb.dev\/l\/svm-temp\/nyheter\/aklagare-kraver-atta-ars-fangelse-for-valdtakt-pa-svensk-kvinna\/","name":"\u00c5klagare kr\u00e4ver \u00e5tta \u00e5rs f\u00e4ngelse f\u00f6r v\u00e5ldt\u00e4kt p\u00e5 svensk kvinna - Svenska Magasinet","isPartOf":{"@id":"https:\/\/lightweb.dev\/l\/svm-temp\/#website"},"primaryImageOfPage":{"@id":"https:\/\/lightweb.dev\/l\/svm-temp\/nyheter\/aklagare-kraver-atta-ars-fangelse-for-valdtakt-pa-svensk-kvinna\/#primaryimage"},"image":{"@id":"https:\/\/lightweb.dev\/l\/svm-temp\/nyheter\/aklagare-kraver-atta-ars-fangelse-for-valdtakt-pa-svensk-kvinna\/#primaryimage"},"thumbnailUrl":"https:\/\/lightweb.dev\/l\/svm-temp\/wp-content\/uploads\/2022\/06\/aklagare-kraver-atta-ars-fangelse-for-valdtakt-pa-svensk-kvinna.png","datePublished":"2015-10-20T22:00:00+00:00","breadcrumb":{"@id":"https:\/\/lightweb.dev\/l\/svm-temp\/nyheter\/aklagare-kraver-atta-ars-fangelse-for-valdtakt-pa-svensk-kvinna\/#breadcrumb"},"inLanguage":"sv-SE","potentialAction":[{"@type":"ReadAction","target":["https:\/\/lightweb.dev\/l\/svm-temp\/nyheter\/aklagare-kraver-atta-ars-fangelse-for-valdtakt-pa-svensk-kvinna\/"]}]},{"@type":"ImageObject","inLanguage":"sv-SE","@id":"https:\/\/lightweb.dev\/l\/svm-temp\/nyheter\/aklagare-kraver-atta-ars-fangelse-for-valdtakt-pa-svensk-kvinna\/#primaryimage","url":"https:\/\/lightweb.dev\/l\/svm-temp\/wp-content\/uploads\/2022\/06\/aklagare-kraver-atta-ars-fangelse-for-valdtakt-pa-svensk-kvinna.png","contentUrl":"https:\/\/lightweb.dev\/l\/svm-temp\/wp-content\/uploads\/2022\/06\/aklagare-kraver-atta-ars-fangelse-for-valdtakt-pa-svensk-kvinna.png","width":280,"height":210},{"@type":"BreadcrumbList","@id":"https:\/\/lightweb.dev\/l\/svm-temp\/nyheter\/aklagare-kraver-atta-ars-fangelse-for-valdtakt-pa-svensk-kvinna\/#breadcrumb","itemListElement":[{"@type":"ListItem","position":1,"name":"Hem","item":"https:\/\/lightweb.dev\/l\/svm-temp\/"},{"@type":"ListItem","position":2,"name":"\u00c5klagare kr\u00e4ver \u00e5tta \u00e5rs f\u00e4ngelse f\u00f6r v\u00e5ldt\u00e4kt p\u00e5 svensk kvinna"}]},{"@type":"WebSite","@id":"https:\/\/lightweb.dev\/l\/svm-temp\/#website","url":"https:\/\/lightweb.dev\/l\/svm-temp\/","name":"Svenska Magasinet","description":"Dina Spanska nyheter p&aring; Svenska","publisher":{"@id":"https:\/\/lightweb.dev\/l\/svm-temp\/#organization"},"potentialAction":[{"@type":"SearchAction","target":{"@type":"EntryPoint","urlTemplate":"https:\/\/lightweb.dev\/l\/svm-temp\/?s={search_term_string}"},"query-input":{"@type":"PropertyValueSpecification","valueRequired":true,"valueName":"search_term_string"}}],"inLanguage":"sv-SE"},{"@type":"Organization","@id":"https:\/\/lightweb.dev\/l\/svm-temp\/#organization","name":"Melkerson y Nott SL","alternateName":"Svenska Magasinet","url":"https:\/\/lightweb.dev\/l\/svm-temp\/","logo":{"@type":"ImageObject","inLanguage":"sv-SE","@id":"https:\/\/lightweb.dev\/l\/svm-temp\/#\/schema\/logo\/image\/","url":"https:\/\/lightweb.dev\/l\/svm-temp\/wp-content\/uploads\/2025\/02\/SvM-logo-Xtra-Centrerad-SVART.png","contentUrl":"https:\/\/lightweb.dev\/l\/svm-temp\/wp-content\/uploads\/2025\/02\/SvM-logo-Xtra-Centrerad-SVART.png","width":300,"height":99,"caption":"Melkerson y Nott SL"},"image":{"@id":"https:\/\/lightweb.dev\/l\/svm-temp\/#\/schema\/logo\/image\/"},"sameAs":["https:\/\/www.facebook.com\/svenskamagasinet","https:\/\/x.com\/SvenskaMagasine"]},{"@type":"Person","@id":"https:\/\/lightweb.dev\/l\/svm-temp\/#\/schema\/person\/206a3bda5b607b0c25e1749191e4d837","name":"Redaktionen SvM","description":"Redaktionen","sameAs":["https:\/\/lightweb.dev\/l\/svm-temp"],"url":"https:\/\/lightweb.dev\/l\/svm-temp\/reporter\/redaktionen\/"}]}},"_links":{"self":[{"href":"https:\/\/lightweb.dev\/l\/svm-temp\/wp-json\/wp\/v2\/posts\/23385","targetHints":{"allow":["GET"]}}],"collection":[{"href":"https:\/\/lightweb.dev\/l\/svm-temp\/wp-json\/wp\/v2\/posts"}],"about":[{"href":"https:\/\/lightweb.dev\/l\/svm-temp\/wp-json\/wp\/v2\/types\/post"}],"author":[{"embeddable":true,"href":"https:\/\/lightweb.dev\/l\/svm-temp\/wp-json\/wp\/v2\/users\/8"}],"replies":[{"embeddable":true,"href":"https:\/\/lightweb.dev\/l\/svm-temp\/wp-json\/wp\/v2\/comments?post=23385"}],"version-history":[{"count":0,"href":"https:\/\/lightweb.dev\/l\/svm-temp\/wp-json\/wp\/v2\/posts\/23385\/revisions"}],"wp:featuredmedia":[{"embeddable":true,"href":"https:\/\/lightweb.dev\/l\/svm-temp\/wp-json\/wp\/v2\/media\/23386"}],"wp:attachment":[{"href":"https:\/\/lightweb.dev\/l\/svm-temp\/wp-json\/wp\/v2\/media?parent=23385"}],"wp:term":[{"taxonomy":"category","embeddable":true,"href":"https:\/\/lightweb.dev\/l\/svm-temp\/wp-json\/wp\/v2\/categories?post=23385"},{"taxonomy":"post_tag","embeddable":true,"href":"https:\/\/lightweb.dev\/l\/svm-temp\/wp-json\/wp\/v2\/tags?post=23385"}],"curies":[{"name":"wp","href":"https:\/\/api.w.org\/{rel}","templated":true}]}}