{"id":23389,"date":"2015-10-21T00:00:00","date_gmt":"2015-10-20T22:00:00","guid":{"rendered":"https:\/\/lightweb.dev\/l\/svm-temp\/nyheter\/laste-sidor-pa-natet-for-kvinnliga-salafister-greps-pa-madrids-flygplats\/"},"modified":"2015-10-21T00:00:00","modified_gmt":"2015-10-20T22:00:00","slug":"laste-sidor-pa-natet-for-kvinnliga-salafister-greps-pa-madrids-flygplats","status":"publish","type":"post","link":"https:\/\/lightweb.dev\/l\/svm-temp\/nyheter\/laste-sidor-pa-natet-for-kvinnliga-salafister-greps-pa-madrids-flygplats\/","title":{"rendered":"L\u00e4ste sidor p\u00e5 n\u00e4tet f\u00f6r kvinnliga salafister \u2013 greps p\u00e5 Madrids flygplats"},"content":{"rendered":"<p> Ett par m\u00e5nader \u2013 l\u00e4ngre tog det inte f\u00f6rr\u00e4n den 22-\u00e5riga flickan hade radikaliserats och \u00f6nskade ansluta sig till islamiska staten IS. Hon greps n\u00e4r hon skulle g\u00e5 ombord p\u00e5 ett plan till Turkiet fr\u00e5n Barajas-flygplatsen i Madrid.<\/p>\n<p>\u201dEtt typiskt fall av radikalisering\u201d. S\u00e5 uttrycker sig gendarmer ur Guardia Civil som de senaste veckorna via n\u00e4tet f\u00f6ljt den 22-\u00e5ringens steg f\u00f6r att ansluta sig till IS. M\u00e5let var att ansluta sig frivilligt och bli sexslav hos islamiska staten IS.<\/p>\n<p>Spaniens antiterroriststyrka grep kvinnan nyligen n\u00e4r hon skulle g\u00e5 ombord p\u00e5 ett flygplan till Istanbul p\u00e5 Barajas-flygplatsen.<\/p>\n<p>Kvinnan talar inte arabiska utan hade konverterat till islam s\u00e5 sent som ifjol efter att l\u00e4st sidor p\u00e5 Internet f\u00f6r kvinnliga salafister. Hon hade blivit fullst\u00e4ndigt \u00f6vertygad om att resa till kalifat och tj\u00e4na Mujahedin.<\/p>\n<p>Ingen i familjen, varken f\u00f6r\u00e4ldrar eller bror, samt grannar p\u00e5 calle Federico Garc\u00eda Lorca i Almonte (Huelva) k\u00e4nde till hennes planer.<\/p>\n<p>Fem kvinnor har gripits i Spanien hittills i \u00e5r, p\u00e5 v\u00e4g att ansluta sig till IS. 130 radikala residenta i Spanien, i huvudsak marockanska medborgare, har anslutit sig till IS hittills. Siffran \u00e4r betydligt l\u00e4gre j\u00e4mf\u00f6rt med exempelvis Sverige d\u00e4r siffran \u00e4r uppe i omkring 280 enligt S\u00e4po. <\/p>\n","protected":false},"excerpt":{"rendered":"<p>Ett par m\u00e5nader \u2013 l\u00e4ngre tog det inte f\u00f6rr\u00e4n den 22-\u00e5riga flickan hade radikaliserats och \u00f6nskade ansluta sig till islamiska staten IS. Hon greps n\u00e4r hon skulle g\u00e5 ombord p\u00e5 ett plan till Turkiet fr\u00e5n Barajas-flygplatsen i Madrid. \u201dEtt typiskt fall av radikalisering\u201d. S\u00e5 uttrycker sig gendarmer ur Guardia Civil som de senaste veckorna via [&hellip;]<\/p>\n","protected":false},"author":8,"featured_media":23390,"comment_status":"open","ping_status":"open","sticky":false,"template":"","format":"standard","meta":{"_et_pb_use_builder":"","_et_pb_old_content":"","_et_gb_content_width":"","footnotes":""},"categories":[395,3],"tags":[],"class_list":["post-23389","post","type-post","status-publish","format-standard","has-post-thumbnail","hentry","category-arkiv-nyheter","category-nyheter"],"yoast_head":"<!-- This site is optimized with the Yoast SEO Premium plugin v26.2 (Yoast SEO v27.4) - https:\/\/yoast.com\/product\/yoast-seo-premium-wordpress\/ -->\n<title>L\u00e4ste sidor p\u00e5 n\u00e4tet f\u00f6r kvinnliga salafister \u2013 greps p\u00e5 Madrids flygplats - Svenska Magasinet<\/title>\n<meta name=\"robots\" content=\"noindex, follow, max-snippet:-1, max-image-preview:large, max-video-preview:-1\" \/>\n<meta property=\"og:locale\" content=\"sv_SE\" \/>\n<meta property=\"og:type\" content=\"article\" \/>\n<meta property=\"og:title\" content=\"L\u00e4ste sidor p\u00e5 n\u00e4tet f\u00f6r kvinnliga salafister \u2013 greps p\u00e5 Madrids flygplats\" \/>\n<meta property=\"og:description\" content=\"Ett par m\u00e5nader \u2013 l\u00e4ngre tog det inte f\u00f6rr\u00e4n den 22-\u00e5riga flickan hade radikaliserats och \u00f6nskade ansluta sig till islamiska staten IS. Hon greps n\u00e4r hon skulle g\u00e5 ombord p\u00e5 ett plan till Turkiet fr\u00e5n Barajas-flygplatsen i Madrid. \u201dEtt typiskt fall av radikalisering\u201d. S\u00e5 uttrycker sig gendarmer ur Guardia Civil som de senaste veckorna via [&hellip;]\" \/>\n<meta property=\"og:url\" content=\"https:\/\/lightweb.dev\/l\/svm-temp\/nyheter\/laste-sidor-pa-natet-for-kvinnliga-salafister-greps-pa-madrids-flygplats\/\" \/>\n<meta property=\"og:site_name\" content=\"Svenska Magasinet\" \/>\n<meta property=\"article:publisher\" content=\"https:\/\/www.facebook.com\/svenskamagasinet\" \/>\n<meta property=\"article:published_time\" content=\"2015-10-20T22:00:00+00:00\" \/>\n<meta property=\"og:image\" content=\"https:\/\/lightweb.dev\/l\/svm-temp\/wp-content\/uploads\/2022\/06\/laste-sidor-pa-natet-for-kvinnliga-salafister-greps-pa-madrids-flygplats.png\" \/>\n\t<meta property=\"og:image:width\" content=\"289\" \/>\n\t<meta property=\"og:image:height\" content=\"200\" \/>\n\t<meta property=\"og:image:type\" content=\"image\/png\" \/>\n<meta name=\"author\" content=\"Redaktionen SvM\" \/>\n<meta name=\"twitter:card\" content=\"summary_large_image\" \/>\n<meta name=\"twitter:creator\" content=\"@SvenskaMagasine\" \/>\n<meta name=\"twitter:site\" content=\"@SvenskaMagasine\" \/>\n<script type=\"application\/ld+json\" class=\"yoast-schema-graph\">{\"@context\":\"https:\\\/\\\/schema.org\",\"@graph\":[{\"@type\":\"Article\",\"@id\":\"https:\\\/\\\/lightweb.dev\\\/l\\\/svm-temp\\\/nyheter\\\/laste-sidor-pa-natet-for-kvinnliga-salafister-greps-pa-madrids-flygplats\\\/#article\",\"isPartOf\":{\"@id\":\"https:\\\/\\\/lightweb.dev\\\/l\\\/svm-temp\\\/nyheter\\\/laste-sidor-pa-natet-for-kvinnliga-salafister-greps-pa-madrids-flygplats\\\/\"},\"author\":{\"name\":\"Redaktionen SvM\",\"@id\":\"https:\\\/\\\/lightweb.dev\\\/l\\\/svm-temp\\\/#\\\/schema\\\/person\\\/206a3bda5b607b0c25e1749191e4d837\"},\"headline\":\"L\u00e4ste sidor p\u00e5 n\u00e4tet f\u00f6r kvinnliga salafister \u2013 greps p\u00e5 Madrids flygplats\",\"datePublished\":\"2015-10-20T22:00:00+00:00\",\"mainEntityOfPage\":{\"@id\":\"https:\\\/\\\/lightweb.dev\\\/l\\\/svm-temp\\\/nyheter\\\/laste-sidor-pa-natet-for-kvinnliga-salafister-greps-pa-madrids-flygplats\\\/\"},\"wordCount\":238,\"commentCount\":0,\"publisher\":{\"@id\":\"https:\\\/\\\/lightweb.dev\\\/l\\\/svm-temp\\\/#organization\"},\"image\":{\"@id\":\"https:\\\/\\\/lightweb.dev\\\/l\\\/svm-temp\\\/nyheter\\\/laste-sidor-pa-natet-for-kvinnliga-salafister-greps-pa-madrids-flygplats\\\/#primaryimage\"},\"thumbnailUrl\":\"https:\\\/\\\/lightweb.dev\\\/l\\\/svm-temp\\\/wp-content\\\/uploads\\\/2022\\\/06\\\/laste-sidor-pa-natet-for-kvinnliga-salafister-greps-pa-madrids-flygplats.png\",\"articleSection\":[\"Arkiv\",\"Nyheter\"],\"inLanguage\":\"sv-SE\"},{\"@type\":\"WebPage\",\"@id\":\"https:\\\/\\\/lightweb.dev\\\/l\\\/svm-temp\\\/nyheter\\\/laste-sidor-pa-natet-for-kvinnliga-salafister-greps-pa-madrids-flygplats\\\/\",\"url\":\"https:\\\/\\\/lightweb.dev\\\/l\\\/svm-temp\\\/nyheter\\\/laste-sidor-pa-natet-for-kvinnliga-salafister-greps-pa-madrids-flygplats\\\/\",\"name\":\"L\u00e4ste sidor p\u00e5 n\u00e4tet f\u00f6r kvinnliga salafister \u2013 greps p\u00e5 Madrids flygplats - Svenska Magasinet\",\"isPartOf\":{\"@id\":\"https:\\\/\\\/lightweb.dev\\\/l\\\/svm-temp\\\/#website\"},\"primaryImageOfPage\":{\"@id\":\"https:\\\/\\\/lightweb.dev\\\/l\\\/svm-temp\\\/nyheter\\\/laste-sidor-pa-natet-for-kvinnliga-salafister-greps-pa-madrids-flygplats\\\/#primaryimage\"},\"image\":{\"@id\":\"https:\\\/\\\/lightweb.dev\\\/l\\\/svm-temp\\\/nyheter\\\/laste-sidor-pa-natet-for-kvinnliga-salafister-greps-pa-madrids-flygplats\\\/#primaryimage\"},\"thumbnailUrl\":\"https:\\\/\\\/lightweb.dev\\\/l\\\/svm-temp\\\/wp-content\\\/uploads\\\/2022\\\/06\\\/laste-sidor-pa-natet-for-kvinnliga-salafister-greps-pa-madrids-flygplats.png\",\"datePublished\":\"2015-10-20T22:00:00+00:00\",\"breadcrumb\":{\"@id\":\"https:\\\/\\\/lightweb.dev\\\/l\\\/svm-temp\\\/nyheter\\\/laste-sidor-pa-natet-for-kvinnliga-salafister-greps-pa-madrids-flygplats\\\/#breadcrumb\"},\"inLanguage\":\"sv-SE\",\"potentialAction\":[{\"@type\":\"ReadAction\",\"target\":[\"https:\\\/\\\/lightweb.dev\\\/l\\\/svm-temp\\\/nyheter\\\/laste-sidor-pa-natet-for-kvinnliga-salafister-greps-pa-madrids-flygplats\\\/\"]}]},{\"@type\":\"ImageObject\",\"inLanguage\":\"sv-SE\",\"@id\":\"https:\\\/\\\/lightweb.dev\\\/l\\\/svm-temp\\\/nyheter\\\/laste-sidor-pa-natet-for-kvinnliga-salafister-greps-pa-madrids-flygplats\\\/#primaryimage\",\"url\":\"https:\\\/\\\/lightweb.dev\\\/l\\\/svm-temp\\\/wp-content\\\/uploads\\\/2022\\\/06\\\/laste-sidor-pa-natet-for-kvinnliga-salafister-greps-pa-madrids-flygplats.png\",\"contentUrl\":\"https:\\\/\\\/lightweb.dev\\\/l\\\/svm-temp\\\/wp-content\\\/uploads\\\/2022\\\/06\\\/laste-sidor-pa-natet-for-kvinnliga-salafister-greps-pa-madrids-flygplats.png\",\"width\":289,\"height\":200},{\"@type\":\"BreadcrumbList\",\"@id\":\"https:\\\/\\\/lightweb.dev\\\/l\\\/svm-temp\\\/nyheter\\\/laste-sidor-pa-natet-for-kvinnliga-salafister-greps-pa-madrids-flygplats\\\/#breadcrumb\",\"itemListElement\":[{\"@type\":\"ListItem\",\"position\":1,\"name\":\"Hem\",\"item\":\"https:\\\/\\\/lightweb.dev\\\/l\\\/svm-temp\\\/\"},{\"@type\":\"ListItem\",\"position\":2,\"name\":\"L\u00e4ste sidor p\u00e5 n\u00e4tet f\u00f6r kvinnliga salafister \u2013 greps p\u00e5 Madrids flygplats\"}]},{\"@type\":\"WebSite\",\"@id\":\"https:\\\/\\\/lightweb.dev\\\/l\\\/svm-temp\\\/#website\",\"url\":\"https:\\\/\\\/lightweb.dev\\\/l\\\/svm-temp\\\/\",\"name\":\"Svenska Magasinet\",\"description\":\"Dina Spanska nyheter p&aring; Svenska\",\"publisher\":{\"@id\":\"https:\\\/\\\/lightweb.dev\\\/l\\\/svm-temp\\\/#organization\"},\"potentialAction\":[{\"@type\":\"SearchAction\",\"target\":{\"@type\":\"EntryPoint\",\"urlTemplate\":\"https:\\\/\\\/lightweb.dev\\\/l\\\/svm-temp\\\/?s={search_term_string}\"},\"query-input\":{\"@type\":\"PropertyValueSpecification\",\"valueRequired\":true,\"valueName\":\"search_term_string\"}}],\"inLanguage\":\"sv-SE\"},{\"@type\":\"Organization\",\"@id\":\"https:\\\/\\\/lightweb.dev\\\/l\\\/svm-temp\\\/#organization\",\"name\":\"Melkerson y Nott SL\",\"alternateName\":\"Svenska Magasinet\",\"url\":\"https:\\\/\\\/lightweb.dev\\\/l\\\/svm-temp\\\/\",\"logo\":{\"@type\":\"ImageObject\",\"inLanguage\":\"sv-SE\",\"@id\":\"https:\\\/\\\/lightweb.dev\\\/l\\\/svm-temp\\\/#\\\/schema\\\/logo\\\/image\\\/\",\"url\":\"https:\\\/\\\/lightweb.dev\\\/l\\\/svm-temp\\\/wp-content\\\/uploads\\\/2025\\\/02\\\/SvM-logo-Xtra-Centrerad-SVART.png\",\"contentUrl\":\"https:\\\/\\\/lightweb.dev\\\/l\\\/svm-temp\\\/wp-content\\\/uploads\\\/2025\\\/02\\\/SvM-logo-Xtra-Centrerad-SVART.png\",\"width\":300,\"height\":99,\"caption\":\"Melkerson y Nott SL\"},\"image\":{\"@id\":\"https:\\\/\\\/lightweb.dev\\\/l\\\/svm-temp\\\/#\\\/schema\\\/logo\\\/image\\\/\"},\"sameAs\":[\"https:\\\/\\\/www.facebook.com\\\/svenskamagasinet\",\"https:\\\/\\\/x.com\\\/SvenskaMagasine\"]},{\"@type\":\"Person\",\"@id\":\"https:\\\/\\\/lightweb.dev\\\/l\\\/svm-temp\\\/#\\\/schema\\\/person\\\/206a3bda5b607b0c25e1749191e4d837\",\"name\":\"Redaktionen SvM\",\"description\":\"Redaktionen\",\"sameAs\":[\"https:\\\/\\\/lightweb.dev\\\/l\\\/svm-temp\"],\"url\":\"https:\\\/\\\/lightweb.dev\\\/l\\\/svm-temp\\\/reporter\\\/redaktionen\\\/\"}]}<\/script>\n<!-- \/ Yoast SEO Premium plugin. -->","yoast_head_json":{"title":"L\u00e4ste sidor p\u00e5 n\u00e4tet f\u00f6r kvinnliga salafister \u2013 greps p\u00e5 Madrids flygplats - Svenska Magasinet","robots":{"index":"noindex","follow":"follow","max-snippet":"max-snippet:-1","max-image-preview":"max-image-preview:large","max-video-preview":"max-video-preview:-1"},"og_locale":"sv_SE","og_type":"article","og_title":"L\u00e4ste sidor p\u00e5 n\u00e4tet f\u00f6r kvinnliga salafister \u2013 greps p\u00e5 Madrids flygplats","og_description":"Ett par m\u00e5nader \u2013 l\u00e4ngre tog det inte f\u00f6rr\u00e4n den 22-\u00e5riga flickan hade radikaliserats och \u00f6nskade ansluta sig till islamiska staten IS. Hon greps n\u00e4r hon skulle g\u00e5 ombord p\u00e5 ett plan till Turkiet fr\u00e5n Barajas-flygplatsen i Madrid. \u201dEtt typiskt fall av radikalisering\u201d. S\u00e5 uttrycker sig gendarmer ur Guardia Civil som de senaste veckorna via [&hellip;]","og_url":"https:\/\/lightweb.dev\/l\/svm-temp\/nyheter\/laste-sidor-pa-natet-for-kvinnliga-salafister-greps-pa-madrids-flygplats\/","og_site_name":"Svenska Magasinet","article_publisher":"https:\/\/www.facebook.com\/svenskamagasinet","article_published_time":"2015-10-20T22:00:00+00:00","og_image":[{"width":289,"height":200,"url":"https:\/\/lightweb.dev\/l\/svm-temp\/wp-content\/uploads\/2022\/06\/laste-sidor-pa-natet-for-kvinnliga-salafister-greps-pa-madrids-flygplats.png","type":"image\/png"}],"author":"Redaktionen SvM","twitter_card":"summary_large_image","twitter_creator":"@SvenskaMagasine","twitter_site":"@SvenskaMagasine","schema":{"@context":"https:\/\/schema.org","@graph":[{"@type":"Article","@id":"https:\/\/lightweb.dev\/l\/svm-temp\/nyheter\/laste-sidor-pa-natet-for-kvinnliga-salafister-greps-pa-madrids-flygplats\/#article","isPartOf":{"@id":"https:\/\/lightweb.dev\/l\/svm-temp\/nyheter\/laste-sidor-pa-natet-for-kvinnliga-salafister-greps-pa-madrids-flygplats\/"},"author":{"name":"Redaktionen SvM","@id":"https:\/\/lightweb.dev\/l\/svm-temp\/#\/schema\/person\/206a3bda5b607b0c25e1749191e4d837"},"headline":"L\u00e4ste sidor p\u00e5 n\u00e4tet f\u00f6r kvinnliga salafister \u2013 greps p\u00e5 Madrids flygplats","datePublished":"2015-10-20T22:00:00+00:00","mainEntityOfPage":{"@id":"https:\/\/lightweb.dev\/l\/svm-temp\/nyheter\/laste-sidor-pa-natet-for-kvinnliga-salafister-greps-pa-madrids-flygplats\/"},"wordCount":238,"commentCount":0,"publisher":{"@id":"https:\/\/lightweb.dev\/l\/svm-temp\/#organization"},"image":{"@id":"https:\/\/lightweb.dev\/l\/svm-temp\/nyheter\/laste-sidor-pa-natet-for-kvinnliga-salafister-greps-pa-madrids-flygplats\/#primaryimage"},"thumbnailUrl":"https:\/\/lightweb.dev\/l\/svm-temp\/wp-content\/uploads\/2022\/06\/laste-sidor-pa-natet-for-kvinnliga-salafister-greps-pa-madrids-flygplats.png","articleSection":["Arkiv","Nyheter"],"inLanguage":"sv-SE"},{"@type":"WebPage","@id":"https:\/\/lightweb.dev\/l\/svm-temp\/nyheter\/laste-sidor-pa-natet-for-kvinnliga-salafister-greps-pa-madrids-flygplats\/","url":"https:\/\/lightweb.dev\/l\/svm-temp\/nyheter\/laste-sidor-pa-natet-for-kvinnliga-salafister-greps-pa-madrids-flygplats\/","name":"L\u00e4ste sidor p\u00e5 n\u00e4tet f\u00f6r kvinnliga salafister \u2013 greps p\u00e5 Madrids flygplats - Svenska Magasinet","isPartOf":{"@id":"https:\/\/lightweb.dev\/l\/svm-temp\/#website"},"primaryImageOfPage":{"@id":"https:\/\/lightweb.dev\/l\/svm-temp\/nyheter\/laste-sidor-pa-natet-for-kvinnliga-salafister-greps-pa-madrids-flygplats\/#primaryimage"},"image":{"@id":"https:\/\/lightweb.dev\/l\/svm-temp\/nyheter\/laste-sidor-pa-natet-for-kvinnliga-salafister-greps-pa-madrids-flygplats\/#primaryimage"},"thumbnailUrl":"https:\/\/lightweb.dev\/l\/svm-temp\/wp-content\/uploads\/2022\/06\/laste-sidor-pa-natet-for-kvinnliga-salafister-greps-pa-madrids-flygplats.png","datePublished":"2015-10-20T22:00:00+00:00","breadcrumb":{"@id":"https:\/\/lightweb.dev\/l\/svm-temp\/nyheter\/laste-sidor-pa-natet-for-kvinnliga-salafister-greps-pa-madrids-flygplats\/#breadcrumb"},"inLanguage":"sv-SE","potentialAction":[{"@type":"ReadAction","target":["https:\/\/lightweb.dev\/l\/svm-temp\/nyheter\/laste-sidor-pa-natet-for-kvinnliga-salafister-greps-pa-madrids-flygplats\/"]}]},{"@type":"ImageObject","inLanguage":"sv-SE","@id":"https:\/\/lightweb.dev\/l\/svm-temp\/nyheter\/laste-sidor-pa-natet-for-kvinnliga-salafister-greps-pa-madrids-flygplats\/#primaryimage","url":"https:\/\/lightweb.dev\/l\/svm-temp\/wp-content\/uploads\/2022\/06\/laste-sidor-pa-natet-for-kvinnliga-salafister-greps-pa-madrids-flygplats.png","contentUrl":"https:\/\/lightweb.dev\/l\/svm-temp\/wp-content\/uploads\/2022\/06\/laste-sidor-pa-natet-for-kvinnliga-salafister-greps-pa-madrids-flygplats.png","width":289,"height":200},{"@type":"BreadcrumbList","@id":"https:\/\/lightweb.dev\/l\/svm-temp\/nyheter\/laste-sidor-pa-natet-for-kvinnliga-salafister-greps-pa-madrids-flygplats\/#breadcrumb","itemListElement":[{"@type":"ListItem","position":1,"name":"Hem","item":"https:\/\/lightweb.dev\/l\/svm-temp\/"},{"@type":"ListItem","position":2,"name":"L\u00e4ste sidor p\u00e5 n\u00e4tet f\u00f6r kvinnliga salafister \u2013 greps p\u00e5 Madrids flygplats"}]},{"@type":"WebSite","@id":"https:\/\/lightweb.dev\/l\/svm-temp\/#website","url":"https:\/\/lightweb.dev\/l\/svm-temp\/","name":"Svenska Magasinet","description":"Dina Spanska nyheter p&aring; Svenska","publisher":{"@id":"https:\/\/lightweb.dev\/l\/svm-temp\/#organization"},"potentialAction":[{"@type":"SearchAction","target":{"@type":"EntryPoint","urlTemplate":"https:\/\/lightweb.dev\/l\/svm-temp\/?s={search_term_string}"},"query-input":{"@type":"PropertyValueSpecification","valueRequired":true,"valueName":"search_term_string"}}],"inLanguage":"sv-SE"},{"@type":"Organization","@id":"https:\/\/lightweb.dev\/l\/svm-temp\/#organization","name":"Melkerson y Nott SL","alternateName":"Svenska Magasinet","url":"https:\/\/lightweb.dev\/l\/svm-temp\/","logo":{"@type":"ImageObject","inLanguage":"sv-SE","@id":"https:\/\/lightweb.dev\/l\/svm-temp\/#\/schema\/logo\/image\/","url":"https:\/\/lightweb.dev\/l\/svm-temp\/wp-content\/uploads\/2025\/02\/SvM-logo-Xtra-Centrerad-SVART.png","contentUrl":"https:\/\/lightweb.dev\/l\/svm-temp\/wp-content\/uploads\/2025\/02\/SvM-logo-Xtra-Centrerad-SVART.png","width":300,"height":99,"caption":"Melkerson y Nott SL"},"image":{"@id":"https:\/\/lightweb.dev\/l\/svm-temp\/#\/schema\/logo\/image\/"},"sameAs":["https:\/\/www.facebook.com\/svenskamagasinet","https:\/\/x.com\/SvenskaMagasine"]},{"@type":"Person","@id":"https:\/\/lightweb.dev\/l\/svm-temp\/#\/schema\/person\/206a3bda5b607b0c25e1749191e4d837","name":"Redaktionen SvM","description":"Redaktionen","sameAs":["https:\/\/lightweb.dev\/l\/svm-temp"],"url":"https:\/\/lightweb.dev\/l\/svm-temp\/reporter\/redaktionen\/"}]}},"_links":{"self":[{"href":"https:\/\/lightweb.dev\/l\/svm-temp\/wp-json\/wp\/v2\/posts\/23389","targetHints":{"allow":["GET"]}}],"collection":[{"href":"https:\/\/lightweb.dev\/l\/svm-temp\/wp-json\/wp\/v2\/posts"}],"about":[{"href":"https:\/\/lightweb.dev\/l\/svm-temp\/wp-json\/wp\/v2\/types\/post"}],"author":[{"embeddable":true,"href":"https:\/\/lightweb.dev\/l\/svm-temp\/wp-json\/wp\/v2\/users\/8"}],"replies":[{"embeddable":true,"href":"https:\/\/lightweb.dev\/l\/svm-temp\/wp-json\/wp\/v2\/comments?post=23389"}],"version-history":[{"count":0,"href":"https:\/\/lightweb.dev\/l\/svm-temp\/wp-json\/wp\/v2\/posts\/23389\/revisions"}],"wp:featuredmedia":[{"embeddable":true,"href":"https:\/\/lightweb.dev\/l\/svm-temp\/wp-json\/wp\/v2\/media\/23390"}],"wp:attachment":[{"href":"https:\/\/lightweb.dev\/l\/svm-temp\/wp-json\/wp\/v2\/media?parent=23389"}],"wp:term":[{"taxonomy":"category","embeddable":true,"href":"https:\/\/lightweb.dev\/l\/svm-temp\/wp-json\/wp\/v2\/categories?post=23389"},{"taxonomy":"post_tag","embeddable":true,"href":"https:\/\/lightweb.dev\/l\/svm-temp\/wp-json\/wp\/v2\/tags?post=23389"}],"curies":[{"name":"wp","href":"https:\/\/api.w.org\/{rel}","templated":true}]}}