{"id":23405,"date":"2015-10-15T00:00:00","date_gmt":"2015-10-14T22:00:00","guid":{"rendered":"https:\/\/lightweb.dev\/l\/svm-temp\/nyheter\/credit-suisse-spanien-rikare-och-mer-jamstallt-an-sverige\/"},"modified":"2015-10-15T00:00:00","modified_gmt":"2015-10-14T22:00:00","slug":"credit-suisse-spanien-rikare-och-mer-jamstallt-an-sverige","status":"publish","type":"post","link":"https:\/\/lightweb.dev\/l\/svm-temp\/nyheter\/credit-suisse-spanien-rikare-och-mer-jamstallt-an-sverige\/","title":{"rendered":"Credit Suisse: Spanien rikare och mer j\u00e4mst\u00e4llt \u00e4n Sverige"},"content":{"rendered":"<p> Det g\u00e4ller att inte blanda ihop verklig f\u00f6rm\u00f6genhet med inkomst. Eller inkomster fr\u00e5n arbete, r\u00e4nta p\u00e5 besparingar eller int\u00e4kter fr\u00e5n fastigheter. Rikedom \u00e4r v\u00e4rdet p\u00e5 tillg\u00e5ngar som man verkligen \u00e4ger.<\/p>\n<p>F\u00f6rm\u00f6genhet definieras av den schweiziska banken som v\u00e4rdet av samtliga tillg\u00e5ngar (inklusive bost\u00e4der) minus skulder hos individen. Det heter ginikoefficienter och anv\u00e4nds f\u00f6r att j\u00e4mf\u00f6ra inkomstspridningen mellan olika l\u00e4nder. Ett l\u00e5gt v\u00e4rde inneb\u00e4r mindre skillnader. <\/p>\n<p>Om ginikoefficienter ligger p\u00e5 1 (d\u00e4r rikedomen \u00e4r j\u00e4mt f\u00f6rdelat) och 100 (betyder att en person har all rikedom) s\u00e5 har Spanien 67,1, USA 85, Sverige 80,9, Nederl\u00e4nderna 73,4, Tyskland 77 och Frankrike 70,3.<\/p>\n<p>Det som g\u00f6r att Spanien hamnar h\u00f6gt upp p\u00e5 listan med en j\u00e4mn f\u00f6redelad rikedom \u00e4r att landet har en h\u00f6g andel inv\u00e5nare med en egen bostad d\u00e4r l\u00e5nen \u00e4r betalda. I Sverige d\u00e4remot \u00e4r hush\u00e5llens skulder rekordstora. M\u00e4nniskor tycks \u00e4ga mycket men i verkligheten handlar det om l\u00e5nade pengar f\u00f6r att k\u00f6pa n\u00e5got som man egentligen inte \u00e4ger.<\/p>\n<p>K\u00e4lla: Credit-Suisse Global Wealth in 2015 <\/p>\n","protected":false},"excerpt":{"rendered":"<p>Det g\u00e4ller att inte blanda ihop verklig f\u00f6rm\u00f6genhet med inkomst. Eller inkomster fr\u00e5n arbete, r\u00e4nta p\u00e5 besparingar eller int\u00e4kter fr\u00e5n fastigheter. Rikedom \u00e4r v\u00e4rdet p\u00e5 tillg\u00e5ngar som man verkligen \u00e4ger. F\u00f6rm\u00f6genhet definieras av den schweiziska banken som v\u00e4rdet av samtliga tillg\u00e5ngar (inklusive bost\u00e4der) minus skulder hos individen. Det heter ginikoefficienter och anv\u00e4nds f\u00f6r att j\u00e4mf\u00f6ra [&hellip;]<\/p>\n","protected":false},"author":8,"featured_media":23406,"comment_status":"open","ping_status":"open","sticky":false,"template":"","format":"standard","meta":{"_et_pb_use_builder":"","_et_pb_old_content":"","_et_gb_content_width":"","footnotes":""},"categories":[395,3],"tags":[],"class_list":["post-23405","post","type-post","status-publish","format-standard","has-post-thumbnail","hentry","category-arkiv-nyheter","category-nyheter"],"yoast_head":"<!-- This site is optimized with the Yoast SEO Premium plugin v26.2 (Yoast SEO v27.4) - https:\/\/yoast.com\/product\/yoast-seo-premium-wordpress\/ -->\n<title>Credit Suisse: Spanien rikare och mer j\u00e4mst\u00e4llt \u00e4n Sverige - Svenska Magasinet<\/title>\n<meta name=\"robots\" content=\"noindex, follow, max-snippet:-1, max-image-preview:large, max-video-preview:-1\" \/>\n<meta property=\"og:locale\" content=\"sv_SE\" \/>\n<meta property=\"og:type\" content=\"article\" \/>\n<meta property=\"og:title\" content=\"Credit Suisse: Spanien rikare och mer j\u00e4mst\u00e4llt \u00e4n Sverige\" \/>\n<meta property=\"og:description\" content=\"Det g\u00e4ller att inte blanda ihop verklig f\u00f6rm\u00f6genhet med inkomst. Eller inkomster fr\u00e5n arbete, r\u00e4nta p\u00e5 besparingar eller int\u00e4kter fr\u00e5n fastigheter. Rikedom \u00e4r v\u00e4rdet p\u00e5 tillg\u00e5ngar som man verkligen \u00e4ger. F\u00f6rm\u00f6genhet definieras av den schweiziska banken som v\u00e4rdet av samtliga tillg\u00e5ngar (inklusive bost\u00e4der) minus skulder hos individen. Det heter ginikoefficienter och anv\u00e4nds f\u00f6r att j\u00e4mf\u00f6ra [&hellip;]\" \/>\n<meta property=\"og:url\" content=\"https:\/\/lightweb.dev\/l\/svm-temp\/nyheter\/credit-suisse-spanien-rikare-och-mer-jamstallt-an-sverige\/\" \/>\n<meta property=\"og:site_name\" content=\"Svenska Magasinet\" \/>\n<meta property=\"article:publisher\" content=\"https:\/\/www.facebook.com\/svenskamagasinet\" \/>\n<meta property=\"article:published_time\" content=\"2015-10-14T22:00:00+00:00\" \/>\n<meta property=\"og:image\" content=\"https:\/\/lightweb.dev\/l\/svm-temp\/wp-content\/uploads\/2022\/06\/credit-suisse-spanien-rikare-och-mer-jamstallt-an-sverige.png\" \/>\n\t<meta property=\"og:image:width\" content=\"333\" \/>\n\t<meta property=\"og:image:height\" content=\"200\" \/>\n\t<meta property=\"og:image:type\" content=\"image\/png\" \/>\n<meta name=\"author\" content=\"Redaktionen SvM\" \/>\n<meta name=\"twitter:card\" content=\"summary_large_image\" \/>\n<meta name=\"twitter:creator\" content=\"@SvenskaMagasine\" \/>\n<meta name=\"twitter:site\" content=\"@SvenskaMagasine\" \/>\n<script type=\"application\/ld+json\" class=\"yoast-schema-graph\">{\"@context\":\"https:\\\/\\\/schema.org\",\"@graph\":[{\"@type\":\"Article\",\"@id\":\"https:\\\/\\\/lightweb.dev\\\/l\\\/svm-temp\\\/nyheter\\\/credit-suisse-spanien-rikare-och-mer-jamstallt-an-sverige\\\/#article\",\"isPartOf\":{\"@id\":\"https:\\\/\\\/lightweb.dev\\\/l\\\/svm-temp\\\/nyheter\\\/credit-suisse-spanien-rikare-och-mer-jamstallt-an-sverige\\\/\"},\"author\":{\"name\":\"Redaktionen SvM\",\"@id\":\"https:\\\/\\\/lightweb.dev\\\/l\\\/svm-temp\\\/#\\\/schema\\\/person\\\/206a3bda5b607b0c25e1749191e4d837\"},\"headline\":\"Credit Suisse: Spanien rikare och mer j\u00e4mst\u00e4llt \u00e4n Sverige\",\"datePublished\":\"2015-10-14T22:00:00+00:00\",\"mainEntityOfPage\":{\"@id\":\"https:\\\/\\\/lightweb.dev\\\/l\\\/svm-temp\\\/nyheter\\\/credit-suisse-spanien-rikare-och-mer-jamstallt-an-sverige\\\/\"},\"wordCount\":208,\"commentCount\":0,\"publisher\":{\"@id\":\"https:\\\/\\\/lightweb.dev\\\/l\\\/svm-temp\\\/#organization\"},\"image\":{\"@id\":\"https:\\\/\\\/lightweb.dev\\\/l\\\/svm-temp\\\/nyheter\\\/credit-suisse-spanien-rikare-och-mer-jamstallt-an-sverige\\\/#primaryimage\"},\"thumbnailUrl\":\"https:\\\/\\\/lightweb.dev\\\/l\\\/svm-temp\\\/wp-content\\\/uploads\\\/2022\\\/06\\\/credit-suisse-spanien-rikare-och-mer-jamstallt-an-sverige.png\",\"articleSection\":[\"Arkiv\",\"Nyheter\"],\"inLanguage\":\"sv-SE\"},{\"@type\":\"WebPage\",\"@id\":\"https:\\\/\\\/lightweb.dev\\\/l\\\/svm-temp\\\/nyheter\\\/credit-suisse-spanien-rikare-och-mer-jamstallt-an-sverige\\\/\",\"url\":\"https:\\\/\\\/lightweb.dev\\\/l\\\/svm-temp\\\/nyheter\\\/credit-suisse-spanien-rikare-och-mer-jamstallt-an-sverige\\\/\",\"name\":\"Credit Suisse: Spanien rikare och mer j\u00e4mst\u00e4llt \u00e4n Sverige - Svenska Magasinet\",\"isPartOf\":{\"@id\":\"https:\\\/\\\/lightweb.dev\\\/l\\\/svm-temp\\\/#website\"},\"primaryImageOfPage\":{\"@id\":\"https:\\\/\\\/lightweb.dev\\\/l\\\/svm-temp\\\/nyheter\\\/credit-suisse-spanien-rikare-och-mer-jamstallt-an-sverige\\\/#primaryimage\"},\"image\":{\"@id\":\"https:\\\/\\\/lightweb.dev\\\/l\\\/svm-temp\\\/nyheter\\\/credit-suisse-spanien-rikare-och-mer-jamstallt-an-sverige\\\/#primaryimage\"},\"thumbnailUrl\":\"https:\\\/\\\/lightweb.dev\\\/l\\\/svm-temp\\\/wp-content\\\/uploads\\\/2022\\\/06\\\/credit-suisse-spanien-rikare-och-mer-jamstallt-an-sverige.png\",\"datePublished\":\"2015-10-14T22:00:00+00:00\",\"breadcrumb\":{\"@id\":\"https:\\\/\\\/lightweb.dev\\\/l\\\/svm-temp\\\/nyheter\\\/credit-suisse-spanien-rikare-och-mer-jamstallt-an-sverige\\\/#breadcrumb\"},\"inLanguage\":\"sv-SE\",\"potentialAction\":[{\"@type\":\"ReadAction\",\"target\":[\"https:\\\/\\\/lightweb.dev\\\/l\\\/svm-temp\\\/nyheter\\\/credit-suisse-spanien-rikare-och-mer-jamstallt-an-sverige\\\/\"]}]},{\"@type\":\"ImageObject\",\"inLanguage\":\"sv-SE\",\"@id\":\"https:\\\/\\\/lightweb.dev\\\/l\\\/svm-temp\\\/nyheter\\\/credit-suisse-spanien-rikare-och-mer-jamstallt-an-sverige\\\/#primaryimage\",\"url\":\"https:\\\/\\\/lightweb.dev\\\/l\\\/svm-temp\\\/wp-content\\\/uploads\\\/2022\\\/06\\\/credit-suisse-spanien-rikare-och-mer-jamstallt-an-sverige.png\",\"contentUrl\":\"https:\\\/\\\/lightweb.dev\\\/l\\\/svm-temp\\\/wp-content\\\/uploads\\\/2022\\\/06\\\/credit-suisse-spanien-rikare-och-mer-jamstallt-an-sverige.png\",\"width\":333,\"height\":200},{\"@type\":\"BreadcrumbList\",\"@id\":\"https:\\\/\\\/lightweb.dev\\\/l\\\/svm-temp\\\/nyheter\\\/credit-suisse-spanien-rikare-och-mer-jamstallt-an-sverige\\\/#breadcrumb\",\"itemListElement\":[{\"@type\":\"ListItem\",\"position\":1,\"name\":\"Hem\",\"item\":\"https:\\\/\\\/lightweb.dev\\\/l\\\/svm-temp\\\/\"},{\"@type\":\"ListItem\",\"position\":2,\"name\":\"Credit Suisse: Spanien rikare och mer j\u00e4mst\u00e4llt \u00e4n Sverige\"}]},{\"@type\":\"WebSite\",\"@id\":\"https:\\\/\\\/lightweb.dev\\\/l\\\/svm-temp\\\/#website\",\"url\":\"https:\\\/\\\/lightweb.dev\\\/l\\\/svm-temp\\\/\",\"name\":\"Svenska Magasinet\",\"description\":\"Dina Spanska nyheter p&aring; Svenska\",\"publisher\":{\"@id\":\"https:\\\/\\\/lightweb.dev\\\/l\\\/svm-temp\\\/#organization\"},\"potentialAction\":[{\"@type\":\"SearchAction\",\"target\":{\"@type\":\"EntryPoint\",\"urlTemplate\":\"https:\\\/\\\/lightweb.dev\\\/l\\\/svm-temp\\\/?s={search_term_string}\"},\"query-input\":{\"@type\":\"PropertyValueSpecification\",\"valueRequired\":true,\"valueName\":\"search_term_string\"}}],\"inLanguage\":\"sv-SE\"},{\"@type\":\"Organization\",\"@id\":\"https:\\\/\\\/lightweb.dev\\\/l\\\/svm-temp\\\/#organization\",\"name\":\"Melkerson y Nott SL\",\"alternateName\":\"Svenska Magasinet\",\"url\":\"https:\\\/\\\/lightweb.dev\\\/l\\\/svm-temp\\\/\",\"logo\":{\"@type\":\"ImageObject\",\"inLanguage\":\"sv-SE\",\"@id\":\"https:\\\/\\\/lightweb.dev\\\/l\\\/svm-temp\\\/#\\\/schema\\\/logo\\\/image\\\/\",\"url\":\"https:\\\/\\\/lightweb.dev\\\/l\\\/svm-temp\\\/wp-content\\\/uploads\\\/2025\\\/02\\\/SvM-logo-Xtra-Centrerad-SVART.png\",\"contentUrl\":\"https:\\\/\\\/lightweb.dev\\\/l\\\/svm-temp\\\/wp-content\\\/uploads\\\/2025\\\/02\\\/SvM-logo-Xtra-Centrerad-SVART.png\",\"width\":300,\"height\":99,\"caption\":\"Melkerson y Nott SL\"},\"image\":{\"@id\":\"https:\\\/\\\/lightweb.dev\\\/l\\\/svm-temp\\\/#\\\/schema\\\/logo\\\/image\\\/\"},\"sameAs\":[\"https:\\\/\\\/www.facebook.com\\\/svenskamagasinet\",\"https:\\\/\\\/x.com\\\/SvenskaMagasine\"]},{\"@type\":\"Person\",\"@id\":\"https:\\\/\\\/lightweb.dev\\\/l\\\/svm-temp\\\/#\\\/schema\\\/person\\\/206a3bda5b607b0c25e1749191e4d837\",\"name\":\"Redaktionen SvM\",\"description\":\"Redaktionen\",\"sameAs\":[\"https:\\\/\\\/lightweb.dev\\\/l\\\/svm-temp\"],\"url\":\"https:\\\/\\\/lightweb.dev\\\/l\\\/svm-temp\\\/reporter\\\/redaktionen\\\/\"}]}<\/script>\n<!-- \/ Yoast SEO Premium plugin. -->","yoast_head_json":{"title":"Credit Suisse: Spanien rikare och mer j\u00e4mst\u00e4llt \u00e4n Sverige - Svenska Magasinet","robots":{"index":"noindex","follow":"follow","max-snippet":"max-snippet:-1","max-image-preview":"max-image-preview:large","max-video-preview":"max-video-preview:-1"},"og_locale":"sv_SE","og_type":"article","og_title":"Credit Suisse: Spanien rikare och mer j\u00e4mst\u00e4llt \u00e4n Sverige","og_description":"Det g\u00e4ller att inte blanda ihop verklig f\u00f6rm\u00f6genhet med inkomst. Eller inkomster fr\u00e5n arbete, r\u00e4nta p\u00e5 besparingar eller int\u00e4kter fr\u00e5n fastigheter. Rikedom \u00e4r v\u00e4rdet p\u00e5 tillg\u00e5ngar som man verkligen \u00e4ger. F\u00f6rm\u00f6genhet definieras av den schweiziska banken som v\u00e4rdet av samtliga tillg\u00e5ngar (inklusive bost\u00e4der) minus skulder hos individen. Det heter ginikoefficienter och anv\u00e4nds f\u00f6r att j\u00e4mf\u00f6ra [&hellip;]","og_url":"https:\/\/lightweb.dev\/l\/svm-temp\/nyheter\/credit-suisse-spanien-rikare-och-mer-jamstallt-an-sverige\/","og_site_name":"Svenska Magasinet","article_publisher":"https:\/\/www.facebook.com\/svenskamagasinet","article_published_time":"2015-10-14T22:00:00+00:00","og_image":[{"width":333,"height":200,"url":"https:\/\/lightweb.dev\/l\/svm-temp\/wp-content\/uploads\/2022\/06\/credit-suisse-spanien-rikare-och-mer-jamstallt-an-sverige.png","type":"image\/png"}],"author":"Redaktionen SvM","twitter_card":"summary_large_image","twitter_creator":"@SvenskaMagasine","twitter_site":"@SvenskaMagasine","schema":{"@context":"https:\/\/schema.org","@graph":[{"@type":"Article","@id":"https:\/\/lightweb.dev\/l\/svm-temp\/nyheter\/credit-suisse-spanien-rikare-och-mer-jamstallt-an-sverige\/#article","isPartOf":{"@id":"https:\/\/lightweb.dev\/l\/svm-temp\/nyheter\/credit-suisse-spanien-rikare-och-mer-jamstallt-an-sverige\/"},"author":{"name":"Redaktionen SvM","@id":"https:\/\/lightweb.dev\/l\/svm-temp\/#\/schema\/person\/206a3bda5b607b0c25e1749191e4d837"},"headline":"Credit Suisse: Spanien rikare och mer j\u00e4mst\u00e4llt \u00e4n Sverige","datePublished":"2015-10-14T22:00:00+00:00","mainEntityOfPage":{"@id":"https:\/\/lightweb.dev\/l\/svm-temp\/nyheter\/credit-suisse-spanien-rikare-och-mer-jamstallt-an-sverige\/"},"wordCount":208,"commentCount":0,"publisher":{"@id":"https:\/\/lightweb.dev\/l\/svm-temp\/#organization"},"image":{"@id":"https:\/\/lightweb.dev\/l\/svm-temp\/nyheter\/credit-suisse-spanien-rikare-och-mer-jamstallt-an-sverige\/#primaryimage"},"thumbnailUrl":"https:\/\/lightweb.dev\/l\/svm-temp\/wp-content\/uploads\/2022\/06\/credit-suisse-spanien-rikare-och-mer-jamstallt-an-sverige.png","articleSection":["Arkiv","Nyheter"],"inLanguage":"sv-SE"},{"@type":"WebPage","@id":"https:\/\/lightweb.dev\/l\/svm-temp\/nyheter\/credit-suisse-spanien-rikare-och-mer-jamstallt-an-sverige\/","url":"https:\/\/lightweb.dev\/l\/svm-temp\/nyheter\/credit-suisse-spanien-rikare-och-mer-jamstallt-an-sverige\/","name":"Credit Suisse: Spanien rikare och mer j\u00e4mst\u00e4llt \u00e4n Sverige - Svenska Magasinet","isPartOf":{"@id":"https:\/\/lightweb.dev\/l\/svm-temp\/#website"},"primaryImageOfPage":{"@id":"https:\/\/lightweb.dev\/l\/svm-temp\/nyheter\/credit-suisse-spanien-rikare-och-mer-jamstallt-an-sverige\/#primaryimage"},"image":{"@id":"https:\/\/lightweb.dev\/l\/svm-temp\/nyheter\/credit-suisse-spanien-rikare-och-mer-jamstallt-an-sverige\/#primaryimage"},"thumbnailUrl":"https:\/\/lightweb.dev\/l\/svm-temp\/wp-content\/uploads\/2022\/06\/credit-suisse-spanien-rikare-och-mer-jamstallt-an-sverige.png","datePublished":"2015-10-14T22:00:00+00:00","breadcrumb":{"@id":"https:\/\/lightweb.dev\/l\/svm-temp\/nyheter\/credit-suisse-spanien-rikare-och-mer-jamstallt-an-sverige\/#breadcrumb"},"inLanguage":"sv-SE","potentialAction":[{"@type":"ReadAction","target":["https:\/\/lightweb.dev\/l\/svm-temp\/nyheter\/credit-suisse-spanien-rikare-och-mer-jamstallt-an-sverige\/"]}]},{"@type":"ImageObject","inLanguage":"sv-SE","@id":"https:\/\/lightweb.dev\/l\/svm-temp\/nyheter\/credit-suisse-spanien-rikare-och-mer-jamstallt-an-sverige\/#primaryimage","url":"https:\/\/lightweb.dev\/l\/svm-temp\/wp-content\/uploads\/2022\/06\/credit-suisse-spanien-rikare-och-mer-jamstallt-an-sverige.png","contentUrl":"https:\/\/lightweb.dev\/l\/svm-temp\/wp-content\/uploads\/2022\/06\/credit-suisse-spanien-rikare-och-mer-jamstallt-an-sverige.png","width":333,"height":200},{"@type":"BreadcrumbList","@id":"https:\/\/lightweb.dev\/l\/svm-temp\/nyheter\/credit-suisse-spanien-rikare-och-mer-jamstallt-an-sverige\/#breadcrumb","itemListElement":[{"@type":"ListItem","position":1,"name":"Hem","item":"https:\/\/lightweb.dev\/l\/svm-temp\/"},{"@type":"ListItem","position":2,"name":"Credit Suisse: Spanien rikare och mer j\u00e4mst\u00e4llt \u00e4n Sverige"}]},{"@type":"WebSite","@id":"https:\/\/lightweb.dev\/l\/svm-temp\/#website","url":"https:\/\/lightweb.dev\/l\/svm-temp\/","name":"Svenska Magasinet","description":"Dina Spanska nyheter p&aring; Svenska","publisher":{"@id":"https:\/\/lightweb.dev\/l\/svm-temp\/#organization"},"potentialAction":[{"@type":"SearchAction","target":{"@type":"EntryPoint","urlTemplate":"https:\/\/lightweb.dev\/l\/svm-temp\/?s={search_term_string}"},"query-input":{"@type":"PropertyValueSpecification","valueRequired":true,"valueName":"search_term_string"}}],"inLanguage":"sv-SE"},{"@type":"Organization","@id":"https:\/\/lightweb.dev\/l\/svm-temp\/#organization","name":"Melkerson y Nott SL","alternateName":"Svenska Magasinet","url":"https:\/\/lightweb.dev\/l\/svm-temp\/","logo":{"@type":"ImageObject","inLanguage":"sv-SE","@id":"https:\/\/lightweb.dev\/l\/svm-temp\/#\/schema\/logo\/image\/","url":"https:\/\/lightweb.dev\/l\/svm-temp\/wp-content\/uploads\/2025\/02\/SvM-logo-Xtra-Centrerad-SVART.png","contentUrl":"https:\/\/lightweb.dev\/l\/svm-temp\/wp-content\/uploads\/2025\/02\/SvM-logo-Xtra-Centrerad-SVART.png","width":300,"height":99,"caption":"Melkerson y Nott SL"},"image":{"@id":"https:\/\/lightweb.dev\/l\/svm-temp\/#\/schema\/logo\/image\/"},"sameAs":["https:\/\/www.facebook.com\/svenskamagasinet","https:\/\/x.com\/SvenskaMagasine"]},{"@type":"Person","@id":"https:\/\/lightweb.dev\/l\/svm-temp\/#\/schema\/person\/206a3bda5b607b0c25e1749191e4d837","name":"Redaktionen SvM","description":"Redaktionen","sameAs":["https:\/\/lightweb.dev\/l\/svm-temp"],"url":"https:\/\/lightweb.dev\/l\/svm-temp\/reporter\/redaktionen\/"}]}},"_links":{"self":[{"href":"https:\/\/lightweb.dev\/l\/svm-temp\/wp-json\/wp\/v2\/posts\/23405","targetHints":{"allow":["GET"]}}],"collection":[{"href":"https:\/\/lightweb.dev\/l\/svm-temp\/wp-json\/wp\/v2\/posts"}],"about":[{"href":"https:\/\/lightweb.dev\/l\/svm-temp\/wp-json\/wp\/v2\/types\/post"}],"author":[{"embeddable":true,"href":"https:\/\/lightweb.dev\/l\/svm-temp\/wp-json\/wp\/v2\/users\/8"}],"replies":[{"embeddable":true,"href":"https:\/\/lightweb.dev\/l\/svm-temp\/wp-json\/wp\/v2\/comments?post=23405"}],"version-history":[{"count":0,"href":"https:\/\/lightweb.dev\/l\/svm-temp\/wp-json\/wp\/v2\/posts\/23405\/revisions"}],"wp:featuredmedia":[{"embeddable":true,"href":"https:\/\/lightweb.dev\/l\/svm-temp\/wp-json\/wp\/v2\/media\/23406"}],"wp:attachment":[{"href":"https:\/\/lightweb.dev\/l\/svm-temp\/wp-json\/wp\/v2\/media?parent=23405"}],"wp:term":[{"taxonomy":"category","embeddable":true,"href":"https:\/\/lightweb.dev\/l\/svm-temp\/wp-json\/wp\/v2\/categories?post=23405"},{"taxonomy":"post_tag","embeddable":true,"href":"https:\/\/lightweb.dev\/l\/svm-temp\/wp-json\/wp\/v2\/tags?post=23405"}],"curies":[{"name":"wp","href":"https:\/\/api.w.org\/{rel}","templated":true}]}}