{"id":23411,"date":"2015-10-14T00:00:00","date_gmt":"2015-10-13T22:00:00","guid":{"rendered":"https:\/\/lightweb.dev\/l\/svm-temp\/nyheter\/polisen-vadjar-till-foraldrarutan-mobil-upp-till-14-ar\/"},"modified":"2015-10-14T00:00:00","modified_gmt":"2015-10-13T22:00:00","slug":"polisen-vadjar-till-foraldrarutan-mobil-upp-till-14-ar","status":"publish","type":"post","link":"https:\/\/lightweb.dev\/l\/svm-temp\/nyheter\/polisen-vadjar-till-foraldrarutan-mobil-upp-till-14-ar\/","title":{"rendered":"Polisen v\u00e4djar till f\u00f6r\u00e4ldrar:\u201dUtan mobil upp till 14 \u00e5r\u201d"},"content":{"rendered":"<p> Aldrig n\u00e5gonsin har mobbning varit ett s\u00e5 stort problem som just nu. Enligt spansk polis har den nya tekniken medf\u00f6rt att mobbning \u00e4r ett v\u00e4xande problem. Det har blivit sv\u00e5rare att identifiera eftersom det ofta f\u00f6rekommer i sociala n\u00e4tverk.<\/p>\n<p>Spansk polis g\u00e5r nu ut med en v\u00e4djan till f\u00f6r\u00e4ldrar att begr\u00e4nsa sina barns tillg\u00e5ng av mobiltelefoner tills de bed\u00f6ms kunna ta ansvar f\u00f6r sina handlingar. En person som \u00e4r under 14 \u00e5r i Spanien \u00e4r inte straffmyndig. <\/p>\n<p>Med den nya tekniken har trakasserier och mobbning g\u00e5tt \u00f6ver till den virtuella v\u00e4rlden utom syn- och r\u00e4ckh\u00e5ll f\u00f6r vuxna. Det \u00e4r en situation som oroar skolv\u00e4sende, myndigheter och familjer och \u00e4mnet debatteterades under tisdagen vid konferens om livet i skolan som Utbildningsdepartementet arrangerar.<\/p>\n<p>Polisen har sin bild klar f\u00f6r sig: ingen mobil till personer under 14 \u00e5r.<\/p>\n<p>\u201dEn som \u00e4r under 18 \u00e5r f\u00e5r inte dricka alkoholhaltiga drycker eller k\u00f6ra bil s\u00e5 borde en som \u00e4r under 14 \u00e5r inte ha mobil\u201d s\u00e4ger Esther Ar\u00e9n, f\u00f6retr\u00e4dare f\u00f6r medborgarinflytande i nationalpolisen i Madrid.<\/p>\n<p>Polisen rekommenderar att skolorna b\u00f6r betona f\u00f6r elever tidigt att vissa handlingar betraktas som brott och kr\u00e4nker andra m\u00e4nniskor. P\u00e5 mobila enheter, sociala n\u00e4tverk f\u00f6rekommer f\u00f6rol\u00e4mpningar, hot, f\u00f6rnedring, utbyte eller spridning av bilder utan samtycke, erotiskt inneh\u00e5ll eller utpressning.<br \/>\n\u201dN\u00e4r vi f\u00f6rklarar att detta betraktas som ett brott svarar m\u00e5nga med att de inte visste det\u201d s\u00e4ger Esther Ar\u00e9n.<\/p>\n<p>Ett av de senare fallen har intr\u00e4ffat i M\u00e1laga och handlar om \u201dsexting\u201d vilket inneb\u00e4r att skicka bilder med sexuellt eller erotiskt inneh\u00e5ll av en annan person. I detta fall har det f\u00f6rekommit utpressning och hot. B\u00e5de g\u00e4rningsman och offret \u00e4r under 14 \u00e5r. <\/p>\n","protected":false},"excerpt":{"rendered":"<p>Aldrig n\u00e5gonsin har mobbning varit ett s\u00e5 stort problem som just nu. Enligt spansk polis har den nya tekniken medf\u00f6rt att mobbning \u00e4r ett v\u00e4xande problem. Det har blivit sv\u00e5rare att identifiera eftersom det ofta f\u00f6rekommer i sociala n\u00e4tverk. Spansk polis g\u00e5r nu ut med en v\u00e4djan till f\u00f6r\u00e4ldrar att begr\u00e4nsa sina barns tillg\u00e5ng av [&hellip;]<\/p>\n","protected":false},"author":8,"featured_media":23412,"comment_status":"open","ping_status":"open","sticky":false,"template":"","format":"standard","meta":{"_et_pb_use_builder":"","_et_pb_old_content":"","_et_gb_content_width":"","footnotes":""},"categories":[395,3],"tags":[],"class_list":["post-23411","post","type-post","status-publish","format-standard","has-post-thumbnail","hentry","category-arkiv-nyheter","category-nyheter"],"yoast_head":"<!-- This site is optimized with the Yoast SEO Premium plugin v26.2 (Yoast SEO v27.4) - https:\/\/yoast.com\/product\/yoast-seo-premium-wordpress\/ -->\n<title>Polisen v\u00e4djar till f\u00f6r\u00e4ldrar:\u201dUtan mobil upp till 14 \u00e5r\u201d - Svenska Magasinet<\/title>\n<meta name=\"robots\" content=\"noindex, follow, max-snippet:-1, max-image-preview:large, max-video-preview:-1\" \/>\n<meta property=\"og:locale\" content=\"sv_SE\" \/>\n<meta property=\"og:type\" content=\"article\" \/>\n<meta property=\"og:title\" content=\"Polisen v\u00e4djar till f\u00f6r\u00e4ldrar:\u201dUtan mobil upp till 14 \u00e5r\u201d\" \/>\n<meta property=\"og:description\" content=\"Aldrig n\u00e5gonsin har mobbning varit ett s\u00e5 stort problem som just nu. Enligt spansk polis har den nya tekniken medf\u00f6rt att mobbning \u00e4r ett v\u00e4xande problem. Det har blivit sv\u00e5rare att identifiera eftersom det ofta f\u00f6rekommer i sociala n\u00e4tverk. Spansk polis g\u00e5r nu ut med en v\u00e4djan till f\u00f6r\u00e4ldrar att begr\u00e4nsa sina barns tillg\u00e5ng av [&hellip;]\" \/>\n<meta property=\"og:url\" content=\"https:\/\/lightweb.dev\/l\/svm-temp\/nyheter\/polisen-vadjar-till-foraldrarutan-mobil-upp-till-14-ar\/\" \/>\n<meta property=\"og:site_name\" content=\"Svenska Magasinet\" \/>\n<meta property=\"article:publisher\" content=\"https:\/\/www.facebook.com\/svenskamagasinet\" \/>\n<meta property=\"article:published_time\" content=\"2015-10-13T22:00:00+00:00\" \/>\n<meta property=\"og:image\" content=\"https:\/\/lightweb.dev\/l\/svm-temp\/wp-content\/uploads\/2022\/06\/polisen-vadjar-till-foraldrarutan-mobil-upp-till-14-ar.png\" \/>\n\t<meta property=\"og:image:width\" content=\"336\" \/>\n\t<meta property=\"og:image:height\" content=\"200\" \/>\n\t<meta property=\"og:image:type\" content=\"image\/png\" \/>\n<meta name=\"author\" content=\"Redaktionen SvM\" \/>\n<meta name=\"twitter:card\" content=\"summary_large_image\" \/>\n<meta name=\"twitter:creator\" content=\"@SvenskaMagasine\" \/>\n<meta name=\"twitter:site\" content=\"@SvenskaMagasine\" \/>\n<script type=\"application\/ld+json\" class=\"yoast-schema-graph\">{\"@context\":\"https:\\\/\\\/schema.org\",\"@graph\":[{\"@type\":\"Article\",\"@id\":\"https:\\\/\\\/lightweb.dev\\\/l\\\/svm-temp\\\/nyheter\\\/polisen-vadjar-till-foraldrarutan-mobil-upp-till-14-ar\\\/#article\",\"isPartOf\":{\"@id\":\"https:\\\/\\\/lightweb.dev\\\/l\\\/svm-temp\\\/nyheter\\\/polisen-vadjar-till-foraldrarutan-mobil-upp-till-14-ar\\\/\"},\"author\":{\"name\":\"Redaktionen SvM\",\"@id\":\"https:\\\/\\\/lightweb.dev\\\/l\\\/svm-temp\\\/#\\\/schema\\\/person\\\/206a3bda5b607b0c25e1749191e4d837\"},\"headline\":\"Polisen v\u00e4djar till f\u00f6r\u00e4ldrar:\u201dUtan mobil upp till 14 \u00e5r\u201d\",\"datePublished\":\"2015-10-13T22:00:00+00:00\",\"mainEntityOfPage\":{\"@id\":\"https:\\\/\\\/lightweb.dev\\\/l\\\/svm-temp\\\/nyheter\\\/polisen-vadjar-till-foraldrarutan-mobil-upp-till-14-ar\\\/\"},\"wordCount\":330,\"commentCount\":0,\"publisher\":{\"@id\":\"https:\\\/\\\/lightweb.dev\\\/l\\\/svm-temp\\\/#organization\"},\"image\":{\"@id\":\"https:\\\/\\\/lightweb.dev\\\/l\\\/svm-temp\\\/nyheter\\\/polisen-vadjar-till-foraldrarutan-mobil-upp-till-14-ar\\\/#primaryimage\"},\"thumbnailUrl\":\"https:\\\/\\\/lightweb.dev\\\/l\\\/svm-temp\\\/wp-content\\\/uploads\\\/2022\\\/06\\\/polisen-vadjar-till-foraldrarutan-mobil-upp-till-14-ar.png\",\"articleSection\":[\"Arkiv\",\"Nyheter\"],\"inLanguage\":\"sv-SE\"},{\"@type\":\"WebPage\",\"@id\":\"https:\\\/\\\/lightweb.dev\\\/l\\\/svm-temp\\\/nyheter\\\/polisen-vadjar-till-foraldrarutan-mobil-upp-till-14-ar\\\/\",\"url\":\"https:\\\/\\\/lightweb.dev\\\/l\\\/svm-temp\\\/nyheter\\\/polisen-vadjar-till-foraldrarutan-mobil-upp-till-14-ar\\\/\",\"name\":\"Polisen v\u00e4djar till f\u00f6r\u00e4ldrar:\u201dUtan mobil upp till 14 \u00e5r\u201d - Svenska Magasinet\",\"isPartOf\":{\"@id\":\"https:\\\/\\\/lightweb.dev\\\/l\\\/svm-temp\\\/#website\"},\"primaryImageOfPage\":{\"@id\":\"https:\\\/\\\/lightweb.dev\\\/l\\\/svm-temp\\\/nyheter\\\/polisen-vadjar-till-foraldrarutan-mobil-upp-till-14-ar\\\/#primaryimage\"},\"image\":{\"@id\":\"https:\\\/\\\/lightweb.dev\\\/l\\\/svm-temp\\\/nyheter\\\/polisen-vadjar-till-foraldrarutan-mobil-upp-till-14-ar\\\/#primaryimage\"},\"thumbnailUrl\":\"https:\\\/\\\/lightweb.dev\\\/l\\\/svm-temp\\\/wp-content\\\/uploads\\\/2022\\\/06\\\/polisen-vadjar-till-foraldrarutan-mobil-upp-till-14-ar.png\",\"datePublished\":\"2015-10-13T22:00:00+00:00\",\"breadcrumb\":{\"@id\":\"https:\\\/\\\/lightweb.dev\\\/l\\\/svm-temp\\\/nyheter\\\/polisen-vadjar-till-foraldrarutan-mobil-upp-till-14-ar\\\/#breadcrumb\"},\"inLanguage\":\"sv-SE\",\"potentialAction\":[{\"@type\":\"ReadAction\",\"target\":[\"https:\\\/\\\/lightweb.dev\\\/l\\\/svm-temp\\\/nyheter\\\/polisen-vadjar-till-foraldrarutan-mobil-upp-till-14-ar\\\/\"]}]},{\"@type\":\"ImageObject\",\"inLanguage\":\"sv-SE\",\"@id\":\"https:\\\/\\\/lightweb.dev\\\/l\\\/svm-temp\\\/nyheter\\\/polisen-vadjar-till-foraldrarutan-mobil-upp-till-14-ar\\\/#primaryimage\",\"url\":\"https:\\\/\\\/lightweb.dev\\\/l\\\/svm-temp\\\/wp-content\\\/uploads\\\/2022\\\/06\\\/polisen-vadjar-till-foraldrarutan-mobil-upp-till-14-ar.png\",\"contentUrl\":\"https:\\\/\\\/lightweb.dev\\\/l\\\/svm-temp\\\/wp-content\\\/uploads\\\/2022\\\/06\\\/polisen-vadjar-till-foraldrarutan-mobil-upp-till-14-ar.png\",\"width\":336,\"height\":200},{\"@type\":\"BreadcrumbList\",\"@id\":\"https:\\\/\\\/lightweb.dev\\\/l\\\/svm-temp\\\/nyheter\\\/polisen-vadjar-till-foraldrarutan-mobil-upp-till-14-ar\\\/#breadcrumb\",\"itemListElement\":[{\"@type\":\"ListItem\",\"position\":1,\"name\":\"Hem\",\"item\":\"https:\\\/\\\/lightweb.dev\\\/l\\\/svm-temp\\\/\"},{\"@type\":\"ListItem\",\"position\":2,\"name\":\"Polisen v\u00e4djar till f\u00f6r\u00e4ldrar:\u201dUtan mobil upp till 14 \u00e5r\u201d\"}]},{\"@type\":\"WebSite\",\"@id\":\"https:\\\/\\\/lightweb.dev\\\/l\\\/svm-temp\\\/#website\",\"url\":\"https:\\\/\\\/lightweb.dev\\\/l\\\/svm-temp\\\/\",\"name\":\"Svenska Magasinet\",\"description\":\"Dina Spanska nyheter p&aring; Svenska\",\"publisher\":{\"@id\":\"https:\\\/\\\/lightweb.dev\\\/l\\\/svm-temp\\\/#organization\"},\"potentialAction\":[{\"@type\":\"SearchAction\",\"target\":{\"@type\":\"EntryPoint\",\"urlTemplate\":\"https:\\\/\\\/lightweb.dev\\\/l\\\/svm-temp\\\/?s={search_term_string}\"},\"query-input\":{\"@type\":\"PropertyValueSpecification\",\"valueRequired\":true,\"valueName\":\"search_term_string\"}}],\"inLanguage\":\"sv-SE\"},{\"@type\":\"Organization\",\"@id\":\"https:\\\/\\\/lightweb.dev\\\/l\\\/svm-temp\\\/#organization\",\"name\":\"Melkerson y Nott SL\",\"alternateName\":\"Svenska Magasinet\",\"url\":\"https:\\\/\\\/lightweb.dev\\\/l\\\/svm-temp\\\/\",\"logo\":{\"@type\":\"ImageObject\",\"inLanguage\":\"sv-SE\",\"@id\":\"https:\\\/\\\/lightweb.dev\\\/l\\\/svm-temp\\\/#\\\/schema\\\/logo\\\/image\\\/\",\"url\":\"https:\\\/\\\/lightweb.dev\\\/l\\\/svm-temp\\\/wp-content\\\/uploads\\\/2025\\\/02\\\/SvM-logo-Xtra-Centrerad-SVART.png\",\"contentUrl\":\"https:\\\/\\\/lightweb.dev\\\/l\\\/svm-temp\\\/wp-content\\\/uploads\\\/2025\\\/02\\\/SvM-logo-Xtra-Centrerad-SVART.png\",\"width\":300,\"height\":99,\"caption\":\"Melkerson y Nott SL\"},\"image\":{\"@id\":\"https:\\\/\\\/lightweb.dev\\\/l\\\/svm-temp\\\/#\\\/schema\\\/logo\\\/image\\\/\"},\"sameAs\":[\"https:\\\/\\\/www.facebook.com\\\/svenskamagasinet\",\"https:\\\/\\\/x.com\\\/SvenskaMagasine\"]},{\"@type\":\"Person\",\"@id\":\"https:\\\/\\\/lightweb.dev\\\/l\\\/svm-temp\\\/#\\\/schema\\\/person\\\/206a3bda5b607b0c25e1749191e4d837\",\"name\":\"Redaktionen SvM\",\"description\":\"Redaktionen\",\"sameAs\":[\"https:\\\/\\\/lightweb.dev\\\/l\\\/svm-temp\"],\"url\":\"https:\\\/\\\/lightweb.dev\\\/l\\\/svm-temp\\\/reporter\\\/redaktionen\\\/\"}]}<\/script>\n<!-- \/ Yoast SEO Premium plugin. -->","yoast_head_json":{"title":"Polisen v\u00e4djar till f\u00f6r\u00e4ldrar:\u201dUtan mobil upp till 14 \u00e5r\u201d - Svenska Magasinet","robots":{"index":"noindex","follow":"follow","max-snippet":"max-snippet:-1","max-image-preview":"max-image-preview:large","max-video-preview":"max-video-preview:-1"},"og_locale":"sv_SE","og_type":"article","og_title":"Polisen v\u00e4djar till f\u00f6r\u00e4ldrar:\u201dUtan mobil upp till 14 \u00e5r\u201d","og_description":"Aldrig n\u00e5gonsin har mobbning varit ett s\u00e5 stort problem som just nu. Enligt spansk polis har den nya tekniken medf\u00f6rt att mobbning \u00e4r ett v\u00e4xande problem. Det har blivit sv\u00e5rare att identifiera eftersom det ofta f\u00f6rekommer i sociala n\u00e4tverk. Spansk polis g\u00e5r nu ut med en v\u00e4djan till f\u00f6r\u00e4ldrar att begr\u00e4nsa sina barns tillg\u00e5ng av [&hellip;]","og_url":"https:\/\/lightweb.dev\/l\/svm-temp\/nyheter\/polisen-vadjar-till-foraldrarutan-mobil-upp-till-14-ar\/","og_site_name":"Svenska Magasinet","article_publisher":"https:\/\/www.facebook.com\/svenskamagasinet","article_published_time":"2015-10-13T22:00:00+00:00","og_image":[{"width":336,"height":200,"url":"https:\/\/lightweb.dev\/l\/svm-temp\/wp-content\/uploads\/2022\/06\/polisen-vadjar-till-foraldrarutan-mobil-upp-till-14-ar.png","type":"image\/png"}],"author":"Redaktionen SvM","twitter_card":"summary_large_image","twitter_creator":"@SvenskaMagasine","twitter_site":"@SvenskaMagasine","schema":{"@context":"https:\/\/schema.org","@graph":[{"@type":"Article","@id":"https:\/\/lightweb.dev\/l\/svm-temp\/nyheter\/polisen-vadjar-till-foraldrarutan-mobil-upp-till-14-ar\/#article","isPartOf":{"@id":"https:\/\/lightweb.dev\/l\/svm-temp\/nyheter\/polisen-vadjar-till-foraldrarutan-mobil-upp-till-14-ar\/"},"author":{"name":"Redaktionen SvM","@id":"https:\/\/lightweb.dev\/l\/svm-temp\/#\/schema\/person\/206a3bda5b607b0c25e1749191e4d837"},"headline":"Polisen v\u00e4djar till f\u00f6r\u00e4ldrar:\u201dUtan mobil upp till 14 \u00e5r\u201d","datePublished":"2015-10-13T22:00:00+00:00","mainEntityOfPage":{"@id":"https:\/\/lightweb.dev\/l\/svm-temp\/nyheter\/polisen-vadjar-till-foraldrarutan-mobil-upp-till-14-ar\/"},"wordCount":330,"commentCount":0,"publisher":{"@id":"https:\/\/lightweb.dev\/l\/svm-temp\/#organization"},"image":{"@id":"https:\/\/lightweb.dev\/l\/svm-temp\/nyheter\/polisen-vadjar-till-foraldrarutan-mobil-upp-till-14-ar\/#primaryimage"},"thumbnailUrl":"https:\/\/lightweb.dev\/l\/svm-temp\/wp-content\/uploads\/2022\/06\/polisen-vadjar-till-foraldrarutan-mobil-upp-till-14-ar.png","articleSection":["Arkiv","Nyheter"],"inLanguage":"sv-SE"},{"@type":"WebPage","@id":"https:\/\/lightweb.dev\/l\/svm-temp\/nyheter\/polisen-vadjar-till-foraldrarutan-mobil-upp-till-14-ar\/","url":"https:\/\/lightweb.dev\/l\/svm-temp\/nyheter\/polisen-vadjar-till-foraldrarutan-mobil-upp-till-14-ar\/","name":"Polisen v\u00e4djar till f\u00f6r\u00e4ldrar:\u201dUtan mobil upp till 14 \u00e5r\u201d - Svenska Magasinet","isPartOf":{"@id":"https:\/\/lightweb.dev\/l\/svm-temp\/#website"},"primaryImageOfPage":{"@id":"https:\/\/lightweb.dev\/l\/svm-temp\/nyheter\/polisen-vadjar-till-foraldrarutan-mobil-upp-till-14-ar\/#primaryimage"},"image":{"@id":"https:\/\/lightweb.dev\/l\/svm-temp\/nyheter\/polisen-vadjar-till-foraldrarutan-mobil-upp-till-14-ar\/#primaryimage"},"thumbnailUrl":"https:\/\/lightweb.dev\/l\/svm-temp\/wp-content\/uploads\/2022\/06\/polisen-vadjar-till-foraldrarutan-mobil-upp-till-14-ar.png","datePublished":"2015-10-13T22:00:00+00:00","breadcrumb":{"@id":"https:\/\/lightweb.dev\/l\/svm-temp\/nyheter\/polisen-vadjar-till-foraldrarutan-mobil-upp-till-14-ar\/#breadcrumb"},"inLanguage":"sv-SE","potentialAction":[{"@type":"ReadAction","target":["https:\/\/lightweb.dev\/l\/svm-temp\/nyheter\/polisen-vadjar-till-foraldrarutan-mobil-upp-till-14-ar\/"]}]},{"@type":"ImageObject","inLanguage":"sv-SE","@id":"https:\/\/lightweb.dev\/l\/svm-temp\/nyheter\/polisen-vadjar-till-foraldrarutan-mobil-upp-till-14-ar\/#primaryimage","url":"https:\/\/lightweb.dev\/l\/svm-temp\/wp-content\/uploads\/2022\/06\/polisen-vadjar-till-foraldrarutan-mobil-upp-till-14-ar.png","contentUrl":"https:\/\/lightweb.dev\/l\/svm-temp\/wp-content\/uploads\/2022\/06\/polisen-vadjar-till-foraldrarutan-mobil-upp-till-14-ar.png","width":336,"height":200},{"@type":"BreadcrumbList","@id":"https:\/\/lightweb.dev\/l\/svm-temp\/nyheter\/polisen-vadjar-till-foraldrarutan-mobil-upp-till-14-ar\/#breadcrumb","itemListElement":[{"@type":"ListItem","position":1,"name":"Hem","item":"https:\/\/lightweb.dev\/l\/svm-temp\/"},{"@type":"ListItem","position":2,"name":"Polisen v\u00e4djar till f\u00f6r\u00e4ldrar:\u201dUtan mobil upp till 14 \u00e5r\u201d"}]},{"@type":"WebSite","@id":"https:\/\/lightweb.dev\/l\/svm-temp\/#website","url":"https:\/\/lightweb.dev\/l\/svm-temp\/","name":"Svenska Magasinet","description":"Dina Spanska nyheter p&aring; Svenska","publisher":{"@id":"https:\/\/lightweb.dev\/l\/svm-temp\/#organization"},"potentialAction":[{"@type":"SearchAction","target":{"@type":"EntryPoint","urlTemplate":"https:\/\/lightweb.dev\/l\/svm-temp\/?s={search_term_string}"},"query-input":{"@type":"PropertyValueSpecification","valueRequired":true,"valueName":"search_term_string"}}],"inLanguage":"sv-SE"},{"@type":"Organization","@id":"https:\/\/lightweb.dev\/l\/svm-temp\/#organization","name":"Melkerson y Nott SL","alternateName":"Svenska Magasinet","url":"https:\/\/lightweb.dev\/l\/svm-temp\/","logo":{"@type":"ImageObject","inLanguage":"sv-SE","@id":"https:\/\/lightweb.dev\/l\/svm-temp\/#\/schema\/logo\/image\/","url":"https:\/\/lightweb.dev\/l\/svm-temp\/wp-content\/uploads\/2025\/02\/SvM-logo-Xtra-Centrerad-SVART.png","contentUrl":"https:\/\/lightweb.dev\/l\/svm-temp\/wp-content\/uploads\/2025\/02\/SvM-logo-Xtra-Centrerad-SVART.png","width":300,"height":99,"caption":"Melkerson y Nott SL"},"image":{"@id":"https:\/\/lightweb.dev\/l\/svm-temp\/#\/schema\/logo\/image\/"},"sameAs":["https:\/\/www.facebook.com\/svenskamagasinet","https:\/\/x.com\/SvenskaMagasine"]},{"@type":"Person","@id":"https:\/\/lightweb.dev\/l\/svm-temp\/#\/schema\/person\/206a3bda5b607b0c25e1749191e4d837","name":"Redaktionen SvM","description":"Redaktionen","sameAs":["https:\/\/lightweb.dev\/l\/svm-temp"],"url":"https:\/\/lightweb.dev\/l\/svm-temp\/reporter\/redaktionen\/"}]}},"_links":{"self":[{"href":"https:\/\/lightweb.dev\/l\/svm-temp\/wp-json\/wp\/v2\/posts\/23411","targetHints":{"allow":["GET"]}}],"collection":[{"href":"https:\/\/lightweb.dev\/l\/svm-temp\/wp-json\/wp\/v2\/posts"}],"about":[{"href":"https:\/\/lightweb.dev\/l\/svm-temp\/wp-json\/wp\/v2\/types\/post"}],"author":[{"embeddable":true,"href":"https:\/\/lightweb.dev\/l\/svm-temp\/wp-json\/wp\/v2\/users\/8"}],"replies":[{"embeddable":true,"href":"https:\/\/lightweb.dev\/l\/svm-temp\/wp-json\/wp\/v2\/comments?post=23411"}],"version-history":[{"count":0,"href":"https:\/\/lightweb.dev\/l\/svm-temp\/wp-json\/wp\/v2\/posts\/23411\/revisions"}],"wp:featuredmedia":[{"embeddable":true,"href":"https:\/\/lightweb.dev\/l\/svm-temp\/wp-json\/wp\/v2\/media\/23412"}],"wp:attachment":[{"href":"https:\/\/lightweb.dev\/l\/svm-temp\/wp-json\/wp\/v2\/media?parent=23411"}],"wp:term":[{"taxonomy":"category","embeddable":true,"href":"https:\/\/lightweb.dev\/l\/svm-temp\/wp-json\/wp\/v2\/categories?post=23411"},{"taxonomy":"post_tag","embeddable":true,"href":"https:\/\/lightweb.dev\/l\/svm-temp\/wp-json\/wp\/v2\/tags?post=23411"}],"curies":[{"name":"wp","href":"https:\/\/api.w.org\/{rel}","templated":true}]}}