{"id":23413,"date":"2015-10-14T00:00:00","date_gmt":"2015-10-13T22:00:00","guid":{"rendered":"https:\/\/lightweb.dev\/l\/svm-temp\/nyheter\/fler-avfallshogar-i-mijas-gor-att-bevakningen-utokas\/"},"modified":"2015-10-14T00:00:00","modified_gmt":"2015-10-13T22:00:00","slug":"fler-avfallshogar-i-mijas-gor-att-bevakningen-utokas","status":"publish","type":"post","link":"https:\/\/lightweb.dev\/l\/svm-temp\/nyheter\/fler-avfallshogar-i-mijas-gor-att-bevakningen-utokas\/","title":{"rendered":"Fler avfallsh\u00f6gar i Mijas g\u00f6r att bevakningen ut\u00f6kas"},"content":{"rendered":"<p> Mijas kommun uppmanar nu sina inv\u00e5nare att inte sl\u00e4nga skr\u00e4p eller annat avfall p\u00e5 platser d\u00e4r det \u00e4r f\u00f6rbjudet vilket skadar bilden av Mijas som lever p\u00e5 turism. Kommunfullm\u00e4ktige p\u00e5minner om att illegal deponering av avfall kan leda till b\u00f6ter p\u00e5 upp till 1.500 euro.<\/p>\n<p>Fram\u00f6ver kommer lokalpolisen i Mijas att intensifiera \u00f6vervakningen i vissa omr\u00e5den d\u00e4r antalet avfallsh\u00f6gar har blivit fler och d\u00e4r skr\u00e4p inte \u00e4r till\u00e5tet att sl\u00e4nga. Nyligen fann kommunens inspekt\u00f6rer fr\u00e5n h\u00e4lsov\u00e5rdsn\u00e4mnden att n\u00e5gon eller n\u00e5gra dumpat grus och byggnadsavfall n\u00e4ra Arroyo Pajares, Las Coscas och Manzanilla och utmed floden r\u00edo Gomenaro.<\/p>\n<p>Det \u00e4r i raviner och uttorkade flodb\u00e4ddar som folk sl\u00e4nger avfall och annat br\u00e5te.<\/p>\n<p>Kommunen ber nu allm\u00e4nheten att anv\u00e4nda den soptipp och \u00e5tervinningsstation som ligger p\u00e5 v\u00e4gen mellan La Cala och Entrerr\u00edos. Den \u00e4r \u00f6ppen fr\u00e5n klockan 8 till 18 m\u00e5ndag till l\u00f6rdag och \u00e4r gratis. <\/p>\n","protected":false},"excerpt":{"rendered":"<p>Mijas kommun uppmanar nu sina inv\u00e5nare att inte sl\u00e4nga skr\u00e4p eller annat avfall p\u00e5 platser d\u00e4r det \u00e4r f\u00f6rbjudet vilket skadar bilden av Mijas som lever p\u00e5 turism. Kommunfullm\u00e4ktige p\u00e5minner om att illegal deponering av avfall kan leda till b\u00f6ter p\u00e5 upp till 1.500 euro. Fram\u00f6ver kommer lokalpolisen i Mijas att intensifiera \u00f6vervakningen i vissa [&hellip;]<\/p>\n","protected":false},"author":8,"featured_media":23414,"comment_status":"open","ping_status":"open","sticky":false,"template":"","format":"standard","meta":{"_et_pb_use_builder":"","_et_pb_old_content":"","_et_gb_content_width":"","footnotes":""},"categories":[395,3],"tags":[],"class_list":["post-23413","post","type-post","status-publish","format-standard","has-post-thumbnail","hentry","category-arkiv-nyheter","category-nyheter"],"yoast_head":"<!-- This site is optimized with the Yoast SEO Premium plugin v26.2 (Yoast SEO v27.4) - https:\/\/yoast.com\/product\/yoast-seo-premium-wordpress\/ -->\n<title>Fler avfallsh\u00f6gar i Mijas g\u00f6r att bevakningen ut\u00f6kas - Svenska Magasinet<\/title>\n<meta name=\"robots\" content=\"noindex, follow, max-snippet:-1, max-image-preview:large, max-video-preview:-1\" \/>\n<meta property=\"og:locale\" content=\"sv_SE\" \/>\n<meta property=\"og:type\" content=\"article\" \/>\n<meta property=\"og:title\" content=\"Fler avfallsh\u00f6gar i Mijas g\u00f6r att bevakningen ut\u00f6kas\" \/>\n<meta property=\"og:description\" content=\"Mijas kommun uppmanar nu sina inv\u00e5nare att inte sl\u00e4nga skr\u00e4p eller annat avfall p\u00e5 platser d\u00e4r det \u00e4r f\u00f6rbjudet vilket skadar bilden av Mijas som lever p\u00e5 turism. Kommunfullm\u00e4ktige p\u00e5minner om att illegal deponering av avfall kan leda till b\u00f6ter p\u00e5 upp till 1.500 euro. Fram\u00f6ver kommer lokalpolisen i Mijas att intensifiera \u00f6vervakningen i vissa [&hellip;]\" \/>\n<meta property=\"og:url\" content=\"https:\/\/lightweb.dev\/l\/svm-temp\/nyheter\/fler-avfallshogar-i-mijas-gor-att-bevakningen-utokas\/\" \/>\n<meta property=\"og:site_name\" content=\"Svenska Magasinet\" \/>\n<meta property=\"article:publisher\" content=\"https:\/\/www.facebook.com\/svenskamagasinet\" \/>\n<meta property=\"article:published_time\" content=\"2015-10-13T22:00:00+00:00\" \/>\n<meta property=\"og:image\" content=\"https:\/\/lightweb.dev\/l\/svm-temp\/wp-content\/uploads\/2022\/06\/fler-avfallshogar-i-mijas-gor-att-bevakningen-utokas.png\" \/>\n\t<meta property=\"og:image:width\" content=\"280\" \/>\n\t<meta property=\"og:image:height\" content=\"210\" \/>\n\t<meta property=\"og:image:type\" content=\"image\/png\" \/>\n<meta name=\"author\" content=\"Redaktionen SvM\" \/>\n<meta name=\"twitter:card\" content=\"summary_large_image\" \/>\n<meta name=\"twitter:creator\" content=\"@SvenskaMagasine\" \/>\n<meta name=\"twitter:site\" content=\"@SvenskaMagasine\" \/>\n<script type=\"application\/ld+json\" class=\"yoast-schema-graph\">{\"@context\":\"https:\\\/\\\/schema.org\",\"@graph\":[{\"@type\":\"Article\",\"@id\":\"https:\\\/\\\/lightweb.dev\\\/l\\\/svm-temp\\\/nyheter\\\/fler-avfallshogar-i-mijas-gor-att-bevakningen-utokas\\\/#article\",\"isPartOf\":{\"@id\":\"https:\\\/\\\/lightweb.dev\\\/l\\\/svm-temp\\\/nyheter\\\/fler-avfallshogar-i-mijas-gor-att-bevakningen-utokas\\\/\"},\"author\":{\"name\":\"Redaktionen SvM\",\"@id\":\"https:\\\/\\\/lightweb.dev\\\/l\\\/svm-temp\\\/#\\\/schema\\\/person\\\/206a3bda5b607b0c25e1749191e4d837\"},\"headline\":\"Fler avfallsh\u00f6gar i Mijas g\u00f6r att bevakningen ut\u00f6kas\",\"datePublished\":\"2015-10-13T22:00:00+00:00\",\"mainEntityOfPage\":{\"@id\":\"https:\\\/\\\/lightweb.dev\\\/l\\\/svm-temp\\\/nyheter\\\/fler-avfallshogar-i-mijas-gor-att-bevakningen-utokas\\\/\"},\"wordCount\":186,\"commentCount\":0,\"publisher\":{\"@id\":\"https:\\\/\\\/lightweb.dev\\\/l\\\/svm-temp\\\/#organization\"},\"image\":{\"@id\":\"https:\\\/\\\/lightweb.dev\\\/l\\\/svm-temp\\\/nyheter\\\/fler-avfallshogar-i-mijas-gor-att-bevakningen-utokas\\\/#primaryimage\"},\"thumbnailUrl\":\"https:\\\/\\\/lightweb.dev\\\/l\\\/svm-temp\\\/wp-content\\\/uploads\\\/2022\\\/06\\\/fler-avfallshogar-i-mijas-gor-att-bevakningen-utokas.png\",\"articleSection\":[\"Arkiv\",\"Nyheter\"],\"inLanguage\":\"sv-SE\"},{\"@type\":\"WebPage\",\"@id\":\"https:\\\/\\\/lightweb.dev\\\/l\\\/svm-temp\\\/nyheter\\\/fler-avfallshogar-i-mijas-gor-att-bevakningen-utokas\\\/\",\"url\":\"https:\\\/\\\/lightweb.dev\\\/l\\\/svm-temp\\\/nyheter\\\/fler-avfallshogar-i-mijas-gor-att-bevakningen-utokas\\\/\",\"name\":\"Fler avfallsh\u00f6gar i Mijas g\u00f6r att bevakningen ut\u00f6kas - Svenska Magasinet\",\"isPartOf\":{\"@id\":\"https:\\\/\\\/lightweb.dev\\\/l\\\/svm-temp\\\/#website\"},\"primaryImageOfPage\":{\"@id\":\"https:\\\/\\\/lightweb.dev\\\/l\\\/svm-temp\\\/nyheter\\\/fler-avfallshogar-i-mijas-gor-att-bevakningen-utokas\\\/#primaryimage\"},\"image\":{\"@id\":\"https:\\\/\\\/lightweb.dev\\\/l\\\/svm-temp\\\/nyheter\\\/fler-avfallshogar-i-mijas-gor-att-bevakningen-utokas\\\/#primaryimage\"},\"thumbnailUrl\":\"https:\\\/\\\/lightweb.dev\\\/l\\\/svm-temp\\\/wp-content\\\/uploads\\\/2022\\\/06\\\/fler-avfallshogar-i-mijas-gor-att-bevakningen-utokas.png\",\"datePublished\":\"2015-10-13T22:00:00+00:00\",\"breadcrumb\":{\"@id\":\"https:\\\/\\\/lightweb.dev\\\/l\\\/svm-temp\\\/nyheter\\\/fler-avfallshogar-i-mijas-gor-att-bevakningen-utokas\\\/#breadcrumb\"},\"inLanguage\":\"sv-SE\",\"potentialAction\":[{\"@type\":\"ReadAction\",\"target\":[\"https:\\\/\\\/lightweb.dev\\\/l\\\/svm-temp\\\/nyheter\\\/fler-avfallshogar-i-mijas-gor-att-bevakningen-utokas\\\/\"]}]},{\"@type\":\"ImageObject\",\"inLanguage\":\"sv-SE\",\"@id\":\"https:\\\/\\\/lightweb.dev\\\/l\\\/svm-temp\\\/nyheter\\\/fler-avfallshogar-i-mijas-gor-att-bevakningen-utokas\\\/#primaryimage\",\"url\":\"https:\\\/\\\/lightweb.dev\\\/l\\\/svm-temp\\\/wp-content\\\/uploads\\\/2022\\\/06\\\/fler-avfallshogar-i-mijas-gor-att-bevakningen-utokas.png\",\"contentUrl\":\"https:\\\/\\\/lightweb.dev\\\/l\\\/svm-temp\\\/wp-content\\\/uploads\\\/2022\\\/06\\\/fler-avfallshogar-i-mijas-gor-att-bevakningen-utokas.png\",\"width\":280,\"height\":210},{\"@type\":\"BreadcrumbList\",\"@id\":\"https:\\\/\\\/lightweb.dev\\\/l\\\/svm-temp\\\/nyheter\\\/fler-avfallshogar-i-mijas-gor-att-bevakningen-utokas\\\/#breadcrumb\",\"itemListElement\":[{\"@type\":\"ListItem\",\"position\":1,\"name\":\"Hem\",\"item\":\"https:\\\/\\\/lightweb.dev\\\/l\\\/svm-temp\\\/\"},{\"@type\":\"ListItem\",\"position\":2,\"name\":\"Fler avfallsh\u00f6gar i Mijas g\u00f6r att bevakningen ut\u00f6kas\"}]},{\"@type\":\"WebSite\",\"@id\":\"https:\\\/\\\/lightweb.dev\\\/l\\\/svm-temp\\\/#website\",\"url\":\"https:\\\/\\\/lightweb.dev\\\/l\\\/svm-temp\\\/\",\"name\":\"Svenska Magasinet\",\"description\":\"Dina Spanska nyheter p&aring; Svenska\",\"publisher\":{\"@id\":\"https:\\\/\\\/lightweb.dev\\\/l\\\/svm-temp\\\/#organization\"},\"potentialAction\":[{\"@type\":\"SearchAction\",\"target\":{\"@type\":\"EntryPoint\",\"urlTemplate\":\"https:\\\/\\\/lightweb.dev\\\/l\\\/svm-temp\\\/?s={search_term_string}\"},\"query-input\":{\"@type\":\"PropertyValueSpecification\",\"valueRequired\":true,\"valueName\":\"search_term_string\"}}],\"inLanguage\":\"sv-SE\"},{\"@type\":\"Organization\",\"@id\":\"https:\\\/\\\/lightweb.dev\\\/l\\\/svm-temp\\\/#organization\",\"name\":\"Melkerson y Nott SL\",\"alternateName\":\"Svenska Magasinet\",\"url\":\"https:\\\/\\\/lightweb.dev\\\/l\\\/svm-temp\\\/\",\"logo\":{\"@type\":\"ImageObject\",\"inLanguage\":\"sv-SE\",\"@id\":\"https:\\\/\\\/lightweb.dev\\\/l\\\/svm-temp\\\/#\\\/schema\\\/logo\\\/image\\\/\",\"url\":\"https:\\\/\\\/lightweb.dev\\\/l\\\/svm-temp\\\/wp-content\\\/uploads\\\/2025\\\/02\\\/SvM-logo-Xtra-Centrerad-SVART.png\",\"contentUrl\":\"https:\\\/\\\/lightweb.dev\\\/l\\\/svm-temp\\\/wp-content\\\/uploads\\\/2025\\\/02\\\/SvM-logo-Xtra-Centrerad-SVART.png\",\"width\":300,\"height\":99,\"caption\":\"Melkerson y Nott SL\"},\"image\":{\"@id\":\"https:\\\/\\\/lightweb.dev\\\/l\\\/svm-temp\\\/#\\\/schema\\\/logo\\\/image\\\/\"},\"sameAs\":[\"https:\\\/\\\/www.facebook.com\\\/svenskamagasinet\",\"https:\\\/\\\/x.com\\\/SvenskaMagasine\"]},{\"@type\":\"Person\",\"@id\":\"https:\\\/\\\/lightweb.dev\\\/l\\\/svm-temp\\\/#\\\/schema\\\/person\\\/206a3bda5b607b0c25e1749191e4d837\",\"name\":\"Redaktionen SvM\",\"description\":\"Redaktionen\",\"sameAs\":[\"https:\\\/\\\/lightweb.dev\\\/l\\\/svm-temp\"],\"url\":\"https:\\\/\\\/lightweb.dev\\\/l\\\/svm-temp\\\/reporter\\\/redaktionen\\\/\"}]}<\/script>\n<!-- \/ Yoast SEO Premium plugin. -->","yoast_head_json":{"title":"Fler avfallsh\u00f6gar i Mijas g\u00f6r att bevakningen ut\u00f6kas - Svenska Magasinet","robots":{"index":"noindex","follow":"follow","max-snippet":"max-snippet:-1","max-image-preview":"max-image-preview:large","max-video-preview":"max-video-preview:-1"},"og_locale":"sv_SE","og_type":"article","og_title":"Fler avfallsh\u00f6gar i Mijas g\u00f6r att bevakningen ut\u00f6kas","og_description":"Mijas kommun uppmanar nu sina inv\u00e5nare att inte sl\u00e4nga skr\u00e4p eller annat avfall p\u00e5 platser d\u00e4r det \u00e4r f\u00f6rbjudet vilket skadar bilden av Mijas som lever p\u00e5 turism. Kommunfullm\u00e4ktige p\u00e5minner om att illegal deponering av avfall kan leda till b\u00f6ter p\u00e5 upp till 1.500 euro. Fram\u00f6ver kommer lokalpolisen i Mijas att intensifiera \u00f6vervakningen i vissa [&hellip;]","og_url":"https:\/\/lightweb.dev\/l\/svm-temp\/nyheter\/fler-avfallshogar-i-mijas-gor-att-bevakningen-utokas\/","og_site_name":"Svenska Magasinet","article_publisher":"https:\/\/www.facebook.com\/svenskamagasinet","article_published_time":"2015-10-13T22:00:00+00:00","og_image":[{"width":280,"height":210,"url":"https:\/\/lightweb.dev\/l\/svm-temp\/wp-content\/uploads\/2022\/06\/fler-avfallshogar-i-mijas-gor-att-bevakningen-utokas.png","type":"image\/png"}],"author":"Redaktionen SvM","twitter_card":"summary_large_image","twitter_creator":"@SvenskaMagasine","twitter_site":"@SvenskaMagasine","schema":{"@context":"https:\/\/schema.org","@graph":[{"@type":"Article","@id":"https:\/\/lightweb.dev\/l\/svm-temp\/nyheter\/fler-avfallshogar-i-mijas-gor-att-bevakningen-utokas\/#article","isPartOf":{"@id":"https:\/\/lightweb.dev\/l\/svm-temp\/nyheter\/fler-avfallshogar-i-mijas-gor-att-bevakningen-utokas\/"},"author":{"name":"Redaktionen SvM","@id":"https:\/\/lightweb.dev\/l\/svm-temp\/#\/schema\/person\/206a3bda5b607b0c25e1749191e4d837"},"headline":"Fler avfallsh\u00f6gar i Mijas g\u00f6r att bevakningen ut\u00f6kas","datePublished":"2015-10-13T22:00:00+00:00","mainEntityOfPage":{"@id":"https:\/\/lightweb.dev\/l\/svm-temp\/nyheter\/fler-avfallshogar-i-mijas-gor-att-bevakningen-utokas\/"},"wordCount":186,"commentCount":0,"publisher":{"@id":"https:\/\/lightweb.dev\/l\/svm-temp\/#organization"},"image":{"@id":"https:\/\/lightweb.dev\/l\/svm-temp\/nyheter\/fler-avfallshogar-i-mijas-gor-att-bevakningen-utokas\/#primaryimage"},"thumbnailUrl":"https:\/\/lightweb.dev\/l\/svm-temp\/wp-content\/uploads\/2022\/06\/fler-avfallshogar-i-mijas-gor-att-bevakningen-utokas.png","articleSection":["Arkiv","Nyheter"],"inLanguage":"sv-SE"},{"@type":"WebPage","@id":"https:\/\/lightweb.dev\/l\/svm-temp\/nyheter\/fler-avfallshogar-i-mijas-gor-att-bevakningen-utokas\/","url":"https:\/\/lightweb.dev\/l\/svm-temp\/nyheter\/fler-avfallshogar-i-mijas-gor-att-bevakningen-utokas\/","name":"Fler avfallsh\u00f6gar i Mijas g\u00f6r att bevakningen ut\u00f6kas - Svenska Magasinet","isPartOf":{"@id":"https:\/\/lightweb.dev\/l\/svm-temp\/#website"},"primaryImageOfPage":{"@id":"https:\/\/lightweb.dev\/l\/svm-temp\/nyheter\/fler-avfallshogar-i-mijas-gor-att-bevakningen-utokas\/#primaryimage"},"image":{"@id":"https:\/\/lightweb.dev\/l\/svm-temp\/nyheter\/fler-avfallshogar-i-mijas-gor-att-bevakningen-utokas\/#primaryimage"},"thumbnailUrl":"https:\/\/lightweb.dev\/l\/svm-temp\/wp-content\/uploads\/2022\/06\/fler-avfallshogar-i-mijas-gor-att-bevakningen-utokas.png","datePublished":"2015-10-13T22:00:00+00:00","breadcrumb":{"@id":"https:\/\/lightweb.dev\/l\/svm-temp\/nyheter\/fler-avfallshogar-i-mijas-gor-att-bevakningen-utokas\/#breadcrumb"},"inLanguage":"sv-SE","potentialAction":[{"@type":"ReadAction","target":["https:\/\/lightweb.dev\/l\/svm-temp\/nyheter\/fler-avfallshogar-i-mijas-gor-att-bevakningen-utokas\/"]}]},{"@type":"ImageObject","inLanguage":"sv-SE","@id":"https:\/\/lightweb.dev\/l\/svm-temp\/nyheter\/fler-avfallshogar-i-mijas-gor-att-bevakningen-utokas\/#primaryimage","url":"https:\/\/lightweb.dev\/l\/svm-temp\/wp-content\/uploads\/2022\/06\/fler-avfallshogar-i-mijas-gor-att-bevakningen-utokas.png","contentUrl":"https:\/\/lightweb.dev\/l\/svm-temp\/wp-content\/uploads\/2022\/06\/fler-avfallshogar-i-mijas-gor-att-bevakningen-utokas.png","width":280,"height":210},{"@type":"BreadcrumbList","@id":"https:\/\/lightweb.dev\/l\/svm-temp\/nyheter\/fler-avfallshogar-i-mijas-gor-att-bevakningen-utokas\/#breadcrumb","itemListElement":[{"@type":"ListItem","position":1,"name":"Hem","item":"https:\/\/lightweb.dev\/l\/svm-temp\/"},{"@type":"ListItem","position":2,"name":"Fler avfallsh\u00f6gar i Mijas g\u00f6r att bevakningen ut\u00f6kas"}]},{"@type":"WebSite","@id":"https:\/\/lightweb.dev\/l\/svm-temp\/#website","url":"https:\/\/lightweb.dev\/l\/svm-temp\/","name":"Svenska Magasinet","description":"Dina Spanska nyheter p&aring; Svenska","publisher":{"@id":"https:\/\/lightweb.dev\/l\/svm-temp\/#organization"},"potentialAction":[{"@type":"SearchAction","target":{"@type":"EntryPoint","urlTemplate":"https:\/\/lightweb.dev\/l\/svm-temp\/?s={search_term_string}"},"query-input":{"@type":"PropertyValueSpecification","valueRequired":true,"valueName":"search_term_string"}}],"inLanguage":"sv-SE"},{"@type":"Organization","@id":"https:\/\/lightweb.dev\/l\/svm-temp\/#organization","name":"Melkerson y Nott SL","alternateName":"Svenska Magasinet","url":"https:\/\/lightweb.dev\/l\/svm-temp\/","logo":{"@type":"ImageObject","inLanguage":"sv-SE","@id":"https:\/\/lightweb.dev\/l\/svm-temp\/#\/schema\/logo\/image\/","url":"https:\/\/lightweb.dev\/l\/svm-temp\/wp-content\/uploads\/2025\/02\/SvM-logo-Xtra-Centrerad-SVART.png","contentUrl":"https:\/\/lightweb.dev\/l\/svm-temp\/wp-content\/uploads\/2025\/02\/SvM-logo-Xtra-Centrerad-SVART.png","width":300,"height":99,"caption":"Melkerson y Nott SL"},"image":{"@id":"https:\/\/lightweb.dev\/l\/svm-temp\/#\/schema\/logo\/image\/"},"sameAs":["https:\/\/www.facebook.com\/svenskamagasinet","https:\/\/x.com\/SvenskaMagasine"]},{"@type":"Person","@id":"https:\/\/lightweb.dev\/l\/svm-temp\/#\/schema\/person\/206a3bda5b607b0c25e1749191e4d837","name":"Redaktionen SvM","description":"Redaktionen","sameAs":["https:\/\/lightweb.dev\/l\/svm-temp"],"url":"https:\/\/lightweb.dev\/l\/svm-temp\/reporter\/redaktionen\/"}]}},"_links":{"self":[{"href":"https:\/\/lightweb.dev\/l\/svm-temp\/wp-json\/wp\/v2\/posts\/23413","targetHints":{"allow":["GET"]}}],"collection":[{"href":"https:\/\/lightweb.dev\/l\/svm-temp\/wp-json\/wp\/v2\/posts"}],"about":[{"href":"https:\/\/lightweb.dev\/l\/svm-temp\/wp-json\/wp\/v2\/types\/post"}],"author":[{"embeddable":true,"href":"https:\/\/lightweb.dev\/l\/svm-temp\/wp-json\/wp\/v2\/users\/8"}],"replies":[{"embeddable":true,"href":"https:\/\/lightweb.dev\/l\/svm-temp\/wp-json\/wp\/v2\/comments?post=23413"}],"version-history":[{"count":0,"href":"https:\/\/lightweb.dev\/l\/svm-temp\/wp-json\/wp\/v2\/posts\/23413\/revisions"}],"wp:featuredmedia":[{"embeddable":true,"href":"https:\/\/lightweb.dev\/l\/svm-temp\/wp-json\/wp\/v2\/media\/23414"}],"wp:attachment":[{"href":"https:\/\/lightweb.dev\/l\/svm-temp\/wp-json\/wp\/v2\/media?parent=23413"}],"wp:term":[{"taxonomy":"category","embeddable":true,"href":"https:\/\/lightweb.dev\/l\/svm-temp\/wp-json\/wp\/v2\/categories?post=23413"},{"taxonomy":"post_tag","embeddable":true,"href":"https:\/\/lightweb.dev\/l\/svm-temp\/wp-json\/wp\/v2\/tags?post=23413"}],"curies":[{"name":"wp","href":"https:\/\/api.w.org\/{rel}","templated":true}]}}