{"id":23419,"date":"2015-10-13T00:00:00","date_gmt":"2015-10-12T22:00:00","guid":{"rendered":"https:\/\/lightweb.dev\/l\/svm-temp\/nyheter\/rullstolsburen-syrisk-kvinna-ankom-gran-canaria-i-bat\/"},"modified":"2015-10-13T00:00:00","modified_gmt":"2015-10-12T22:00:00","slug":"rullstolsburen-syrisk-kvinna-ankom-gran-canaria-i-bat","status":"publish","type":"post","link":"https:\/\/lightweb.dev\/l\/svm-temp\/nyheter\/rullstolsburen-syrisk-kvinna-ankom-gran-canaria-i-bat\/","title":{"rendered":"Rullstolsburen syrisk kvinna ankom Gran Canaria i b\u00e5t"},"content":{"rendered":"<p> En rullstolsburen kvinna fanns bland 14 migranter, de flesta marockaner, som tidigt ig\u00e5r morse n\u00e5dde Gran Canaria. Tv\u00e5 uppges komma fr\u00e5n Syrien och hade lagt ut fr\u00e5n nordv\u00e4stra Afrika.<\/p>\n<p>Den rullstolsburna kvinnan \u00f6verf\u00f6rdes till en v\u00e5rdcentral i San Bartolome de Tirajana. Kvinnan uppges komma fr\u00e5n Syrien tillsammans med ytterligare en kvinna som var p\u00e5 b\u00e5ten. De \u00f6vriga tolv \u00e4r marockaner enligt Guardia Civil.<\/p>\n<p>Det var vid tretiden i m\u00e5ndags morse som b\u00e5ten anl\u00e4nde till Gran Canaria.<\/p>\n<p>Ricardo Arranz, talesman vid Guardia Civil i Las Palmas, s\u00e4ger i ett uttalande att det nu handlar om att f\u00e5 migranternas ursprung bekr\u00e4ftat.<\/p>\n<p>Enligt R\u00f6da korset anl\u00e4nde b\u00e5ten till stranden Tarajalillo p\u00e5 s\u00f6dra Gran Canaria. Sex av migranterna \u00e4r m\u00e4n, fem kan eventuellt vara minder\u00e5riga medan tre \u00e4r kvinnor.<\/p>\n<p>Under de senaste m\u00e5naderna har antalet b\u00e5tar med flyktingar till Kanarie\u00f6arna \u00f6kat \u00e4ven om denna \u00f6kning \u00e4r \u201dobetydlig\u201d j\u00e4mf\u00f6rt med vad som h\u00e4nder i Medelhavet. <\/p>\n","protected":false},"excerpt":{"rendered":"<p>En rullstolsburen kvinna fanns bland 14 migranter, de flesta marockaner, som tidigt ig\u00e5r morse n\u00e5dde Gran Canaria. Tv\u00e5 uppges komma fr\u00e5n Syrien och hade lagt ut fr\u00e5n nordv\u00e4stra Afrika. Den rullstolsburna kvinnan \u00f6verf\u00f6rdes till en v\u00e5rdcentral i San Bartolome de Tirajana. Kvinnan uppges komma fr\u00e5n Syrien tillsammans med ytterligare en kvinna som var p\u00e5 b\u00e5ten. [&hellip;]<\/p>\n","protected":false},"author":8,"featured_media":0,"comment_status":"open","ping_status":"open","sticky":false,"template":"","format":"standard","meta":{"_et_pb_use_builder":"","_et_pb_old_content":"","_et_gb_content_width":"","footnotes":""},"categories":[395,3],"tags":[],"class_list":["post-23419","post","type-post","status-publish","format-standard","hentry","category-arkiv-nyheter","category-nyheter"],"yoast_head":"<!-- This site is optimized with the Yoast SEO Premium plugin v26.2 (Yoast SEO v27.4) - https:\/\/yoast.com\/product\/yoast-seo-premium-wordpress\/ -->\n<title>Rullstolsburen syrisk kvinna ankom Gran Canaria i b\u00e5t - Svenska Magasinet<\/title>\n<meta name=\"robots\" content=\"noindex, follow, max-snippet:-1, max-image-preview:large, max-video-preview:-1\" \/>\n<meta property=\"og:locale\" content=\"sv_SE\" \/>\n<meta property=\"og:type\" content=\"article\" \/>\n<meta property=\"og:title\" content=\"Rullstolsburen syrisk kvinna ankom Gran Canaria i b\u00e5t\" \/>\n<meta property=\"og:description\" content=\"En rullstolsburen kvinna fanns bland 14 migranter, de flesta marockaner, som tidigt ig\u00e5r morse n\u00e5dde Gran Canaria. Tv\u00e5 uppges komma fr\u00e5n Syrien och hade lagt ut fr\u00e5n nordv\u00e4stra Afrika. Den rullstolsburna kvinnan \u00f6verf\u00f6rdes till en v\u00e5rdcentral i San Bartolome de Tirajana. Kvinnan uppges komma fr\u00e5n Syrien tillsammans med ytterligare en kvinna som var p\u00e5 b\u00e5ten. [&hellip;]\" \/>\n<meta property=\"og:url\" content=\"https:\/\/lightweb.dev\/l\/svm-temp\/nyheter\/rullstolsburen-syrisk-kvinna-ankom-gran-canaria-i-bat\/\" \/>\n<meta property=\"og:site_name\" content=\"Svenska Magasinet\" \/>\n<meta property=\"article:publisher\" content=\"https:\/\/www.facebook.com\/svenskamagasinet\" \/>\n<meta property=\"article:published_time\" content=\"2015-10-12T22:00:00+00:00\" \/>\n<meta name=\"author\" content=\"Redaktionen SvM\" \/>\n<meta name=\"twitter:card\" content=\"summary_large_image\" \/>\n<meta name=\"twitter:creator\" content=\"@SvenskaMagasine\" \/>\n<meta name=\"twitter:site\" content=\"@SvenskaMagasine\" \/>\n<script type=\"application\/ld+json\" class=\"yoast-schema-graph\">{\"@context\":\"https:\\\/\\\/schema.org\",\"@graph\":[{\"@type\":\"Article\",\"@id\":\"https:\\\/\\\/lightweb.dev\\\/l\\\/svm-temp\\\/nyheter\\\/rullstolsburen-syrisk-kvinna-ankom-gran-canaria-i-bat\\\/#article\",\"isPartOf\":{\"@id\":\"https:\\\/\\\/lightweb.dev\\\/l\\\/svm-temp\\\/nyheter\\\/rullstolsburen-syrisk-kvinna-ankom-gran-canaria-i-bat\\\/\"},\"author\":{\"name\":\"Redaktionen SvM\",\"@id\":\"https:\\\/\\\/lightweb.dev\\\/l\\\/svm-temp\\\/#\\\/schema\\\/person\\\/206a3bda5b607b0c25e1749191e4d837\"},\"headline\":\"Rullstolsburen syrisk kvinna ankom Gran Canaria i b\u00e5t\",\"datePublished\":\"2015-10-12T22:00:00+00:00\",\"mainEntityOfPage\":{\"@id\":\"https:\\\/\\\/lightweb.dev\\\/l\\\/svm-temp\\\/nyheter\\\/rullstolsburen-syrisk-kvinna-ankom-gran-canaria-i-bat\\\/\"},\"wordCount\":184,\"commentCount\":0,\"publisher\":{\"@id\":\"https:\\\/\\\/lightweb.dev\\\/l\\\/svm-temp\\\/#organization\"},\"articleSection\":[\"Arkiv\",\"Nyheter\"],\"inLanguage\":\"sv-SE\"},{\"@type\":\"WebPage\",\"@id\":\"https:\\\/\\\/lightweb.dev\\\/l\\\/svm-temp\\\/nyheter\\\/rullstolsburen-syrisk-kvinna-ankom-gran-canaria-i-bat\\\/\",\"url\":\"https:\\\/\\\/lightweb.dev\\\/l\\\/svm-temp\\\/nyheter\\\/rullstolsburen-syrisk-kvinna-ankom-gran-canaria-i-bat\\\/\",\"name\":\"Rullstolsburen syrisk kvinna ankom Gran Canaria i b\u00e5t - Svenska Magasinet\",\"isPartOf\":{\"@id\":\"https:\\\/\\\/lightweb.dev\\\/l\\\/svm-temp\\\/#website\"},\"datePublished\":\"2015-10-12T22:00:00+00:00\",\"breadcrumb\":{\"@id\":\"https:\\\/\\\/lightweb.dev\\\/l\\\/svm-temp\\\/nyheter\\\/rullstolsburen-syrisk-kvinna-ankom-gran-canaria-i-bat\\\/#breadcrumb\"},\"inLanguage\":\"sv-SE\",\"potentialAction\":[{\"@type\":\"ReadAction\",\"target\":[\"https:\\\/\\\/lightweb.dev\\\/l\\\/svm-temp\\\/nyheter\\\/rullstolsburen-syrisk-kvinna-ankom-gran-canaria-i-bat\\\/\"]}]},{\"@type\":\"BreadcrumbList\",\"@id\":\"https:\\\/\\\/lightweb.dev\\\/l\\\/svm-temp\\\/nyheter\\\/rullstolsburen-syrisk-kvinna-ankom-gran-canaria-i-bat\\\/#breadcrumb\",\"itemListElement\":[{\"@type\":\"ListItem\",\"position\":1,\"name\":\"Hem\",\"item\":\"https:\\\/\\\/lightweb.dev\\\/l\\\/svm-temp\\\/\"},{\"@type\":\"ListItem\",\"position\":2,\"name\":\"Rullstolsburen syrisk kvinna ankom Gran Canaria i b\u00e5t\"}]},{\"@type\":\"WebSite\",\"@id\":\"https:\\\/\\\/lightweb.dev\\\/l\\\/svm-temp\\\/#website\",\"url\":\"https:\\\/\\\/lightweb.dev\\\/l\\\/svm-temp\\\/\",\"name\":\"Svenska Magasinet\",\"description\":\"Dina Spanska nyheter p&aring; Svenska\",\"publisher\":{\"@id\":\"https:\\\/\\\/lightweb.dev\\\/l\\\/svm-temp\\\/#organization\"},\"potentialAction\":[{\"@type\":\"SearchAction\",\"target\":{\"@type\":\"EntryPoint\",\"urlTemplate\":\"https:\\\/\\\/lightweb.dev\\\/l\\\/svm-temp\\\/?s={search_term_string}\"},\"query-input\":{\"@type\":\"PropertyValueSpecification\",\"valueRequired\":true,\"valueName\":\"search_term_string\"}}],\"inLanguage\":\"sv-SE\"},{\"@type\":\"Organization\",\"@id\":\"https:\\\/\\\/lightweb.dev\\\/l\\\/svm-temp\\\/#organization\",\"name\":\"Melkerson y Nott SL\",\"alternateName\":\"Svenska Magasinet\",\"url\":\"https:\\\/\\\/lightweb.dev\\\/l\\\/svm-temp\\\/\",\"logo\":{\"@type\":\"ImageObject\",\"inLanguage\":\"sv-SE\",\"@id\":\"https:\\\/\\\/lightweb.dev\\\/l\\\/svm-temp\\\/#\\\/schema\\\/logo\\\/image\\\/\",\"url\":\"https:\\\/\\\/lightweb.dev\\\/l\\\/svm-temp\\\/wp-content\\\/uploads\\\/2025\\\/02\\\/SvM-logo-Xtra-Centrerad-SVART.png\",\"contentUrl\":\"https:\\\/\\\/lightweb.dev\\\/l\\\/svm-temp\\\/wp-content\\\/uploads\\\/2025\\\/02\\\/SvM-logo-Xtra-Centrerad-SVART.png\",\"width\":300,\"height\":99,\"caption\":\"Melkerson y Nott SL\"},\"image\":{\"@id\":\"https:\\\/\\\/lightweb.dev\\\/l\\\/svm-temp\\\/#\\\/schema\\\/logo\\\/image\\\/\"},\"sameAs\":[\"https:\\\/\\\/www.facebook.com\\\/svenskamagasinet\",\"https:\\\/\\\/x.com\\\/SvenskaMagasine\"]},{\"@type\":\"Person\",\"@id\":\"https:\\\/\\\/lightweb.dev\\\/l\\\/svm-temp\\\/#\\\/schema\\\/person\\\/206a3bda5b607b0c25e1749191e4d837\",\"name\":\"Redaktionen SvM\",\"description\":\"Redaktionen\",\"sameAs\":[\"https:\\\/\\\/lightweb.dev\\\/l\\\/svm-temp\"],\"url\":\"https:\\\/\\\/lightweb.dev\\\/l\\\/svm-temp\\\/reporter\\\/redaktionen\\\/\"}]}<\/script>\n<!-- \/ Yoast SEO Premium plugin. -->","yoast_head_json":{"title":"Rullstolsburen syrisk kvinna ankom Gran Canaria i b\u00e5t - Svenska Magasinet","robots":{"index":"noindex","follow":"follow","max-snippet":"max-snippet:-1","max-image-preview":"max-image-preview:large","max-video-preview":"max-video-preview:-1"},"og_locale":"sv_SE","og_type":"article","og_title":"Rullstolsburen syrisk kvinna ankom Gran Canaria i b\u00e5t","og_description":"En rullstolsburen kvinna fanns bland 14 migranter, de flesta marockaner, som tidigt ig\u00e5r morse n\u00e5dde Gran Canaria. Tv\u00e5 uppges komma fr\u00e5n Syrien och hade lagt ut fr\u00e5n nordv\u00e4stra Afrika. Den rullstolsburna kvinnan \u00f6verf\u00f6rdes till en v\u00e5rdcentral i San Bartolome de Tirajana. Kvinnan uppges komma fr\u00e5n Syrien tillsammans med ytterligare en kvinna som var p\u00e5 b\u00e5ten. [&hellip;]","og_url":"https:\/\/lightweb.dev\/l\/svm-temp\/nyheter\/rullstolsburen-syrisk-kvinna-ankom-gran-canaria-i-bat\/","og_site_name":"Svenska Magasinet","article_publisher":"https:\/\/www.facebook.com\/svenskamagasinet","article_published_time":"2015-10-12T22:00:00+00:00","author":"Redaktionen SvM","twitter_card":"summary_large_image","twitter_creator":"@SvenskaMagasine","twitter_site":"@SvenskaMagasine","schema":{"@context":"https:\/\/schema.org","@graph":[{"@type":"Article","@id":"https:\/\/lightweb.dev\/l\/svm-temp\/nyheter\/rullstolsburen-syrisk-kvinna-ankom-gran-canaria-i-bat\/#article","isPartOf":{"@id":"https:\/\/lightweb.dev\/l\/svm-temp\/nyheter\/rullstolsburen-syrisk-kvinna-ankom-gran-canaria-i-bat\/"},"author":{"name":"Redaktionen SvM","@id":"https:\/\/lightweb.dev\/l\/svm-temp\/#\/schema\/person\/206a3bda5b607b0c25e1749191e4d837"},"headline":"Rullstolsburen syrisk kvinna ankom Gran Canaria i b\u00e5t","datePublished":"2015-10-12T22:00:00+00:00","mainEntityOfPage":{"@id":"https:\/\/lightweb.dev\/l\/svm-temp\/nyheter\/rullstolsburen-syrisk-kvinna-ankom-gran-canaria-i-bat\/"},"wordCount":184,"commentCount":0,"publisher":{"@id":"https:\/\/lightweb.dev\/l\/svm-temp\/#organization"},"articleSection":["Arkiv","Nyheter"],"inLanguage":"sv-SE"},{"@type":"WebPage","@id":"https:\/\/lightweb.dev\/l\/svm-temp\/nyheter\/rullstolsburen-syrisk-kvinna-ankom-gran-canaria-i-bat\/","url":"https:\/\/lightweb.dev\/l\/svm-temp\/nyheter\/rullstolsburen-syrisk-kvinna-ankom-gran-canaria-i-bat\/","name":"Rullstolsburen syrisk kvinna ankom Gran Canaria i b\u00e5t - Svenska Magasinet","isPartOf":{"@id":"https:\/\/lightweb.dev\/l\/svm-temp\/#website"},"datePublished":"2015-10-12T22:00:00+00:00","breadcrumb":{"@id":"https:\/\/lightweb.dev\/l\/svm-temp\/nyheter\/rullstolsburen-syrisk-kvinna-ankom-gran-canaria-i-bat\/#breadcrumb"},"inLanguage":"sv-SE","potentialAction":[{"@type":"ReadAction","target":["https:\/\/lightweb.dev\/l\/svm-temp\/nyheter\/rullstolsburen-syrisk-kvinna-ankom-gran-canaria-i-bat\/"]}]},{"@type":"BreadcrumbList","@id":"https:\/\/lightweb.dev\/l\/svm-temp\/nyheter\/rullstolsburen-syrisk-kvinna-ankom-gran-canaria-i-bat\/#breadcrumb","itemListElement":[{"@type":"ListItem","position":1,"name":"Hem","item":"https:\/\/lightweb.dev\/l\/svm-temp\/"},{"@type":"ListItem","position":2,"name":"Rullstolsburen syrisk kvinna ankom Gran Canaria i b\u00e5t"}]},{"@type":"WebSite","@id":"https:\/\/lightweb.dev\/l\/svm-temp\/#website","url":"https:\/\/lightweb.dev\/l\/svm-temp\/","name":"Svenska Magasinet","description":"Dina Spanska nyheter p&aring; Svenska","publisher":{"@id":"https:\/\/lightweb.dev\/l\/svm-temp\/#organization"},"potentialAction":[{"@type":"SearchAction","target":{"@type":"EntryPoint","urlTemplate":"https:\/\/lightweb.dev\/l\/svm-temp\/?s={search_term_string}"},"query-input":{"@type":"PropertyValueSpecification","valueRequired":true,"valueName":"search_term_string"}}],"inLanguage":"sv-SE"},{"@type":"Organization","@id":"https:\/\/lightweb.dev\/l\/svm-temp\/#organization","name":"Melkerson y Nott SL","alternateName":"Svenska Magasinet","url":"https:\/\/lightweb.dev\/l\/svm-temp\/","logo":{"@type":"ImageObject","inLanguage":"sv-SE","@id":"https:\/\/lightweb.dev\/l\/svm-temp\/#\/schema\/logo\/image\/","url":"https:\/\/lightweb.dev\/l\/svm-temp\/wp-content\/uploads\/2025\/02\/SvM-logo-Xtra-Centrerad-SVART.png","contentUrl":"https:\/\/lightweb.dev\/l\/svm-temp\/wp-content\/uploads\/2025\/02\/SvM-logo-Xtra-Centrerad-SVART.png","width":300,"height":99,"caption":"Melkerson y Nott SL"},"image":{"@id":"https:\/\/lightweb.dev\/l\/svm-temp\/#\/schema\/logo\/image\/"},"sameAs":["https:\/\/www.facebook.com\/svenskamagasinet","https:\/\/x.com\/SvenskaMagasine"]},{"@type":"Person","@id":"https:\/\/lightweb.dev\/l\/svm-temp\/#\/schema\/person\/206a3bda5b607b0c25e1749191e4d837","name":"Redaktionen SvM","description":"Redaktionen","sameAs":["https:\/\/lightweb.dev\/l\/svm-temp"],"url":"https:\/\/lightweb.dev\/l\/svm-temp\/reporter\/redaktionen\/"}]}},"_links":{"self":[{"href":"https:\/\/lightweb.dev\/l\/svm-temp\/wp-json\/wp\/v2\/posts\/23419","targetHints":{"allow":["GET"]}}],"collection":[{"href":"https:\/\/lightweb.dev\/l\/svm-temp\/wp-json\/wp\/v2\/posts"}],"about":[{"href":"https:\/\/lightweb.dev\/l\/svm-temp\/wp-json\/wp\/v2\/types\/post"}],"author":[{"embeddable":true,"href":"https:\/\/lightweb.dev\/l\/svm-temp\/wp-json\/wp\/v2\/users\/8"}],"replies":[{"embeddable":true,"href":"https:\/\/lightweb.dev\/l\/svm-temp\/wp-json\/wp\/v2\/comments?post=23419"}],"version-history":[{"count":0,"href":"https:\/\/lightweb.dev\/l\/svm-temp\/wp-json\/wp\/v2\/posts\/23419\/revisions"}],"wp:attachment":[{"href":"https:\/\/lightweb.dev\/l\/svm-temp\/wp-json\/wp\/v2\/media?parent=23419"}],"wp:term":[{"taxonomy":"category","embeddable":true,"href":"https:\/\/lightweb.dev\/l\/svm-temp\/wp-json\/wp\/v2\/categories?post=23419"},{"taxonomy":"post_tag","embeddable":true,"href":"https:\/\/lightweb.dev\/l\/svm-temp\/wp-json\/wp\/v2\/tags?post=23419"}],"curies":[{"name":"wp","href":"https:\/\/api.w.org\/{rel}","templated":true}]}}