{"id":23420,"date":"2015-10-13T00:00:00","date_gmt":"2015-10-12T22:00:00","guid":{"rendered":"https:\/\/lightweb.dev\/l\/svm-temp\/nyheter\/munoz-ber-om-oppen-anstalt-vill-inte-do-i-fangelset\/"},"modified":"2015-10-13T00:00:00","modified_gmt":"2015-10-12T22:00:00","slug":"munoz-ber-om-oppen-anstalt-vill-inte-do-i-fangelset","status":"publish","type":"post","link":"https:\/\/lightweb.dev\/l\/svm-temp\/nyheter\/munoz-ber-om-oppen-anstalt-vill-inte-do-i-fangelset\/","title":{"rendered":"Mu\u00f1oz ber om \u00f6ppen anstalt: \u201dVill inte d\u00f6 i f\u00e4ngelset\u201d"},"content":{"rendered":"<p> Marbellas tidigare kommunpamp, storfr\u00e4sare och borgm\u00e4stare Juli\u00e1n Mu\u00f1oz som sitter p\u00e5 anstalten i Alhaur\u00edn de la Torre ber i ett \u00f6ppet brev om att bli placerad p\u00e5 en \u00f6ppen anstalt d\u00e4r han endast beh\u00f6ver sova under vardagsn\u00e4tterna. \u201dJag vill inte d\u00f6d i f\u00e4ngelset\u201d skriver Mu\u00f1oz i brevet som Diario SUR publicerar.<\/p>\n<p>\u201dJag k\u00e4nner inte igen min pappa, varken till utseende eller k\u00e4nslom\u00e4ssigt\u201d s\u00e4ger dottern Elia.<\/p>\n<p>Juli\u00e1n Mu\u00f1oz beskrivs som en skugga av sitt forna jag d\u00e5 han gick l\u00e4ngs Marbellas gator i armkrok med den k\u00e4nde s\u00e5ngerskan Isabel Pantoja f\u00f6r att till slut d\u00f6mas f\u00f6r korruption i en av de st\u00f6rsta skandalerna i Spanien.<\/p>\n<p>Enligt den yngsta dottern v\u00e4ger den 1,86 meter Mu\u00f1oz nu endast 65 kilo vilket \u00e4r 30 kilo mindre j\u00e4mf\u00f6rt med 2013.<\/p>\n<p>Mu\u00f1oz fyller 69 \u00e5r i november och har d\u00f6mts till f\u00e4ngelse fram till 2026. <\/p>\n","protected":false},"excerpt":{"rendered":"<p>Marbellas tidigare kommunpamp, storfr\u00e4sare och borgm\u00e4stare Juli\u00e1n Mu\u00f1oz som sitter p\u00e5 anstalten i Alhaur\u00edn de la Torre ber i ett \u00f6ppet brev om att bli placerad p\u00e5 en \u00f6ppen anstalt d\u00e4r han endast beh\u00f6ver sova under vardagsn\u00e4tterna. \u201dJag vill inte d\u00f6d i f\u00e4ngelset\u201d skriver Mu\u00f1oz i brevet som Diario SUR publicerar. \u201dJag k\u00e4nner inte igen [&hellip;]<\/p>\n","protected":false},"author":8,"featured_media":23421,"comment_status":"open","ping_status":"open","sticky":false,"template":"","format":"standard","meta":{"_et_pb_use_builder":"","_et_pb_old_content":"","_et_gb_content_width":"","footnotes":""},"categories":[395,3],"tags":[],"class_list":["post-23420","post","type-post","status-publish","format-standard","has-post-thumbnail","hentry","category-arkiv-nyheter","category-nyheter"],"yoast_head":"<!-- This site is optimized with the Yoast SEO Premium plugin v26.2 (Yoast SEO v27.4) - https:\/\/yoast.com\/product\/yoast-seo-premium-wordpress\/ -->\n<title>Mu\u00f1oz ber om \u00f6ppen anstalt: \u201dVill inte d\u00f6 i f\u00e4ngelset\u201d - Svenska Magasinet<\/title>\n<meta name=\"robots\" content=\"noindex, follow, max-snippet:-1, max-image-preview:large, max-video-preview:-1\" \/>\n<meta property=\"og:locale\" content=\"sv_SE\" \/>\n<meta property=\"og:type\" content=\"article\" \/>\n<meta property=\"og:title\" content=\"Mu\u00f1oz ber om \u00f6ppen anstalt: \u201dVill inte d\u00f6 i f\u00e4ngelset\u201d\" \/>\n<meta property=\"og:description\" content=\"Marbellas tidigare kommunpamp, storfr\u00e4sare och borgm\u00e4stare Juli\u00e1n Mu\u00f1oz som sitter p\u00e5 anstalten i Alhaur\u00edn de la Torre ber i ett \u00f6ppet brev om att bli placerad p\u00e5 en \u00f6ppen anstalt d\u00e4r han endast beh\u00f6ver sova under vardagsn\u00e4tterna. \u201dJag vill inte d\u00f6d i f\u00e4ngelset\u201d skriver Mu\u00f1oz i brevet som Diario SUR publicerar. \u201dJag k\u00e4nner inte igen [&hellip;]\" \/>\n<meta property=\"og:url\" content=\"https:\/\/lightweb.dev\/l\/svm-temp\/nyheter\/munoz-ber-om-oppen-anstalt-vill-inte-do-i-fangelset\/\" \/>\n<meta property=\"og:site_name\" content=\"Svenska Magasinet\" \/>\n<meta property=\"article:publisher\" content=\"https:\/\/www.facebook.com\/svenskamagasinet\" \/>\n<meta property=\"article:published_time\" content=\"2015-10-12T22:00:00+00:00\" \/>\n<meta property=\"og:image\" content=\"https:\/\/lightweb.dev\/l\/svm-temp\/wp-content\/uploads\/2022\/06\/muoz-ber-om-oppen-anstalt-vill-inte-do-i-fangelset.png\" \/>\n\t<meta property=\"og:image:width\" content=\"299\" \/>\n\t<meta property=\"og:image:height\" content=\"200\" \/>\n\t<meta property=\"og:image:type\" content=\"image\/png\" \/>\n<meta name=\"author\" content=\"Redaktionen SvM\" \/>\n<meta name=\"twitter:card\" content=\"summary_large_image\" \/>\n<meta name=\"twitter:creator\" content=\"@SvenskaMagasine\" \/>\n<meta name=\"twitter:site\" content=\"@SvenskaMagasine\" \/>\n<script type=\"application\/ld+json\" class=\"yoast-schema-graph\">{\"@context\":\"https:\\\/\\\/schema.org\",\"@graph\":[{\"@type\":\"Article\",\"@id\":\"https:\\\/\\\/lightweb.dev\\\/l\\\/svm-temp\\\/nyheter\\\/munoz-ber-om-oppen-anstalt-vill-inte-do-i-fangelset\\\/#article\",\"isPartOf\":{\"@id\":\"https:\\\/\\\/lightweb.dev\\\/l\\\/svm-temp\\\/nyheter\\\/munoz-ber-om-oppen-anstalt-vill-inte-do-i-fangelset\\\/\"},\"author\":{\"name\":\"Redaktionen SvM\",\"@id\":\"https:\\\/\\\/lightweb.dev\\\/l\\\/svm-temp\\\/#\\\/schema\\\/person\\\/206a3bda5b607b0c25e1749191e4d837\"},\"headline\":\"Mu\u00f1oz ber om \u00f6ppen anstalt: \u201dVill inte d\u00f6 i f\u00e4ngelset\u201d\",\"datePublished\":\"2015-10-12T22:00:00+00:00\",\"mainEntityOfPage\":{\"@id\":\"https:\\\/\\\/lightweb.dev\\\/l\\\/svm-temp\\\/nyheter\\\/munoz-ber-om-oppen-anstalt-vill-inte-do-i-fangelset\\\/\"},\"wordCount\":176,\"commentCount\":0,\"publisher\":{\"@id\":\"https:\\\/\\\/lightweb.dev\\\/l\\\/svm-temp\\\/#organization\"},\"image\":{\"@id\":\"https:\\\/\\\/lightweb.dev\\\/l\\\/svm-temp\\\/nyheter\\\/munoz-ber-om-oppen-anstalt-vill-inte-do-i-fangelset\\\/#primaryimage\"},\"thumbnailUrl\":\"https:\\\/\\\/lightweb.dev\\\/l\\\/svm-temp\\\/wp-content\\\/uploads\\\/2022\\\/06\\\/muoz-ber-om-oppen-anstalt-vill-inte-do-i-fangelset.png\",\"articleSection\":[\"Arkiv\",\"Nyheter\"],\"inLanguage\":\"sv-SE\"},{\"@type\":\"WebPage\",\"@id\":\"https:\\\/\\\/lightweb.dev\\\/l\\\/svm-temp\\\/nyheter\\\/munoz-ber-om-oppen-anstalt-vill-inte-do-i-fangelset\\\/\",\"url\":\"https:\\\/\\\/lightweb.dev\\\/l\\\/svm-temp\\\/nyheter\\\/munoz-ber-om-oppen-anstalt-vill-inte-do-i-fangelset\\\/\",\"name\":\"Mu\u00f1oz ber om \u00f6ppen anstalt: \u201dVill inte d\u00f6 i f\u00e4ngelset\u201d - Svenska Magasinet\",\"isPartOf\":{\"@id\":\"https:\\\/\\\/lightweb.dev\\\/l\\\/svm-temp\\\/#website\"},\"primaryImageOfPage\":{\"@id\":\"https:\\\/\\\/lightweb.dev\\\/l\\\/svm-temp\\\/nyheter\\\/munoz-ber-om-oppen-anstalt-vill-inte-do-i-fangelset\\\/#primaryimage\"},\"image\":{\"@id\":\"https:\\\/\\\/lightweb.dev\\\/l\\\/svm-temp\\\/nyheter\\\/munoz-ber-om-oppen-anstalt-vill-inte-do-i-fangelset\\\/#primaryimage\"},\"thumbnailUrl\":\"https:\\\/\\\/lightweb.dev\\\/l\\\/svm-temp\\\/wp-content\\\/uploads\\\/2022\\\/06\\\/muoz-ber-om-oppen-anstalt-vill-inte-do-i-fangelset.png\",\"datePublished\":\"2015-10-12T22:00:00+00:00\",\"breadcrumb\":{\"@id\":\"https:\\\/\\\/lightweb.dev\\\/l\\\/svm-temp\\\/nyheter\\\/munoz-ber-om-oppen-anstalt-vill-inte-do-i-fangelset\\\/#breadcrumb\"},\"inLanguage\":\"sv-SE\",\"potentialAction\":[{\"@type\":\"ReadAction\",\"target\":[\"https:\\\/\\\/lightweb.dev\\\/l\\\/svm-temp\\\/nyheter\\\/munoz-ber-om-oppen-anstalt-vill-inte-do-i-fangelset\\\/\"]}]},{\"@type\":\"ImageObject\",\"inLanguage\":\"sv-SE\",\"@id\":\"https:\\\/\\\/lightweb.dev\\\/l\\\/svm-temp\\\/nyheter\\\/munoz-ber-om-oppen-anstalt-vill-inte-do-i-fangelset\\\/#primaryimage\",\"url\":\"https:\\\/\\\/lightweb.dev\\\/l\\\/svm-temp\\\/wp-content\\\/uploads\\\/2022\\\/06\\\/muoz-ber-om-oppen-anstalt-vill-inte-do-i-fangelset.png\",\"contentUrl\":\"https:\\\/\\\/lightweb.dev\\\/l\\\/svm-temp\\\/wp-content\\\/uploads\\\/2022\\\/06\\\/muoz-ber-om-oppen-anstalt-vill-inte-do-i-fangelset.png\",\"width\":299,\"height\":200},{\"@type\":\"BreadcrumbList\",\"@id\":\"https:\\\/\\\/lightweb.dev\\\/l\\\/svm-temp\\\/nyheter\\\/munoz-ber-om-oppen-anstalt-vill-inte-do-i-fangelset\\\/#breadcrumb\",\"itemListElement\":[{\"@type\":\"ListItem\",\"position\":1,\"name\":\"Hem\",\"item\":\"https:\\\/\\\/lightweb.dev\\\/l\\\/svm-temp\\\/\"},{\"@type\":\"ListItem\",\"position\":2,\"name\":\"Mu\u00f1oz ber om \u00f6ppen anstalt: \u201dVill inte d\u00f6 i f\u00e4ngelset\u201d\"}]},{\"@type\":\"WebSite\",\"@id\":\"https:\\\/\\\/lightweb.dev\\\/l\\\/svm-temp\\\/#website\",\"url\":\"https:\\\/\\\/lightweb.dev\\\/l\\\/svm-temp\\\/\",\"name\":\"Svenska Magasinet\",\"description\":\"Dina Spanska nyheter p&aring; Svenska\",\"publisher\":{\"@id\":\"https:\\\/\\\/lightweb.dev\\\/l\\\/svm-temp\\\/#organization\"},\"potentialAction\":[{\"@type\":\"SearchAction\",\"target\":{\"@type\":\"EntryPoint\",\"urlTemplate\":\"https:\\\/\\\/lightweb.dev\\\/l\\\/svm-temp\\\/?s={search_term_string}\"},\"query-input\":{\"@type\":\"PropertyValueSpecification\",\"valueRequired\":true,\"valueName\":\"search_term_string\"}}],\"inLanguage\":\"sv-SE\"},{\"@type\":\"Organization\",\"@id\":\"https:\\\/\\\/lightweb.dev\\\/l\\\/svm-temp\\\/#organization\",\"name\":\"Melkerson y Nott SL\",\"alternateName\":\"Svenska Magasinet\",\"url\":\"https:\\\/\\\/lightweb.dev\\\/l\\\/svm-temp\\\/\",\"logo\":{\"@type\":\"ImageObject\",\"inLanguage\":\"sv-SE\",\"@id\":\"https:\\\/\\\/lightweb.dev\\\/l\\\/svm-temp\\\/#\\\/schema\\\/logo\\\/image\\\/\",\"url\":\"https:\\\/\\\/lightweb.dev\\\/l\\\/svm-temp\\\/wp-content\\\/uploads\\\/2025\\\/02\\\/SvM-logo-Xtra-Centrerad-SVART.png\",\"contentUrl\":\"https:\\\/\\\/lightweb.dev\\\/l\\\/svm-temp\\\/wp-content\\\/uploads\\\/2025\\\/02\\\/SvM-logo-Xtra-Centrerad-SVART.png\",\"width\":300,\"height\":99,\"caption\":\"Melkerson y Nott SL\"},\"image\":{\"@id\":\"https:\\\/\\\/lightweb.dev\\\/l\\\/svm-temp\\\/#\\\/schema\\\/logo\\\/image\\\/\"},\"sameAs\":[\"https:\\\/\\\/www.facebook.com\\\/svenskamagasinet\",\"https:\\\/\\\/x.com\\\/SvenskaMagasine\"]},{\"@type\":\"Person\",\"@id\":\"https:\\\/\\\/lightweb.dev\\\/l\\\/svm-temp\\\/#\\\/schema\\\/person\\\/206a3bda5b607b0c25e1749191e4d837\",\"name\":\"Redaktionen SvM\",\"description\":\"Redaktionen\",\"sameAs\":[\"https:\\\/\\\/lightweb.dev\\\/l\\\/svm-temp\"],\"url\":\"https:\\\/\\\/lightweb.dev\\\/l\\\/svm-temp\\\/reporter\\\/redaktionen\\\/\"}]}<\/script>\n<!-- \/ Yoast SEO Premium plugin. -->","yoast_head_json":{"title":"Mu\u00f1oz ber om \u00f6ppen anstalt: \u201dVill inte d\u00f6 i f\u00e4ngelset\u201d - Svenska Magasinet","robots":{"index":"noindex","follow":"follow","max-snippet":"max-snippet:-1","max-image-preview":"max-image-preview:large","max-video-preview":"max-video-preview:-1"},"og_locale":"sv_SE","og_type":"article","og_title":"Mu\u00f1oz ber om \u00f6ppen anstalt: \u201dVill inte d\u00f6 i f\u00e4ngelset\u201d","og_description":"Marbellas tidigare kommunpamp, storfr\u00e4sare och borgm\u00e4stare Juli\u00e1n Mu\u00f1oz som sitter p\u00e5 anstalten i Alhaur\u00edn de la Torre ber i ett \u00f6ppet brev om att bli placerad p\u00e5 en \u00f6ppen anstalt d\u00e4r han endast beh\u00f6ver sova under vardagsn\u00e4tterna. \u201dJag vill inte d\u00f6d i f\u00e4ngelset\u201d skriver Mu\u00f1oz i brevet som Diario SUR publicerar. \u201dJag k\u00e4nner inte igen [&hellip;]","og_url":"https:\/\/lightweb.dev\/l\/svm-temp\/nyheter\/munoz-ber-om-oppen-anstalt-vill-inte-do-i-fangelset\/","og_site_name":"Svenska Magasinet","article_publisher":"https:\/\/www.facebook.com\/svenskamagasinet","article_published_time":"2015-10-12T22:00:00+00:00","og_image":[{"width":299,"height":200,"url":"https:\/\/lightweb.dev\/l\/svm-temp\/wp-content\/uploads\/2022\/06\/muoz-ber-om-oppen-anstalt-vill-inte-do-i-fangelset.png","type":"image\/png"}],"author":"Redaktionen SvM","twitter_card":"summary_large_image","twitter_creator":"@SvenskaMagasine","twitter_site":"@SvenskaMagasine","schema":{"@context":"https:\/\/schema.org","@graph":[{"@type":"Article","@id":"https:\/\/lightweb.dev\/l\/svm-temp\/nyheter\/munoz-ber-om-oppen-anstalt-vill-inte-do-i-fangelset\/#article","isPartOf":{"@id":"https:\/\/lightweb.dev\/l\/svm-temp\/nyheter\/munoz-ber-om-oppen-anstalt-vill-inte-do-i-fangelset\/"},"author":{"name":"Redaktionen SvM","@id":"https:\/\/lightweb.dev\/l\/svm-temp\/#\/schema\/person\/206a3bda5b607b0c25e1749191e4d837"},"headline":"Mu\u00f1oz ber om \u00f6ppen anstalt: \u201dVill inte d\u00f6 i f\u00e4ngelset\u201d","datePublished":"2015-10-12T22:00:00+00:00","mainEntityOfPage":{"@id":"https:\/\/lightweb.dev\/l\/svm-temp\/nyheter\/munoz-ber-om-oppen-anstalt-vill-inte-do-i-fangelset\/"},"wordCount":176,"commentCount":0,"publisher":{"@id":"https:\/\/lightweb.dev\/l\/svm-temp\/#organization"},"image":{"@id":"https:\/\/lightweb.dev\/l\/svm-temp\/nyheter\/munoz-ber-om-oppen-anstalt-vill-inte-do-i-fangelset\/#primaryimage"},"thumbnailUrl":"https:\/\/lightweb.dev\/l\/svm-temp\/wp-content\/uploads\/2022\/06\/muoz-ber-om-oppen-anstalt-vill-inte-do-i-fangelset.png","articleSection":["Arkiv","Nyheter"],"inLanguage":"sv-SE"},{"@type":"WebPage","@id":"https:\/\/lightweb.dev\/l\/svm-temp\/nyheter\/munoz-ber-om-oppen-anstalt-vill-inte-do-i-fangelset\/","url":"https:\/\/lightweb.dev\/l\/svm-temp\/nyheter\/munoz-ber-om-oppen-anstalt-vill-inte-do-i-fangelset\/","name":"Mu\u00f1oz ber om \u00f6ppen anstalt: \u201dVill inte d\u00f6 i f\u00e4ngelset\u201d - Svenska Magasinet","isPartOf":{"@id":"https:\/\/lightweb.dev\/l\/svm-temp\/#website"},"primaryImageOfPage":{"@id":"https:\/\/lightweb.dev\/l\/svm-temp\/nyheter\/munoz-ber-om-oppen-anstalt-vill-inte-do-i-fangelset\/#primaryimage"},"image":{"@id":"https:\/\/lightweb.dev\/l\/svm-temp\/nyheter\/munoz-ber-om-oppen-anstalt-vill-inte-do-i-fangelset\/#primaryimage"},"thumbnailUrl":"https:\/\/lightweb.dev\/l\/svm-temp\/wp-content\/uploads\/2022\/06\/muoz-ber-om-oppen-anstalt-vill-inte-do-i-fangelset.png","datePublished":"2015-10-12T22:00:00+00:00","breadcrumb":{"@id":"https:\/\/lightweb.dev\/l\/svm-temp\/nyheter\/munoz-ber-om-oppen-anstalt-vill-inte-do-i-fangelset\/#breadcrumb"},"inLanguage":"sv-SE","potentialAction":[{"@type":"ReadAction","target":["https:\/\/lightweb.dev\/l\/svm-temp\/nyheter\/munoz-ber-om-oppen-anstalt-vill-inte-do-i-fangelset\/"]}]},{"@type":"ImageObject","inLanguage":"sv-SE","@id":"https:\/\/lightweb.dev\/l\/svm-temp\/nyheter\/munoz-ber-om-oppen-anstalt-vill-inte-do-i-fangelset\/#primaryimage","url":"https:\/\/lightweb.dev\/l\/svm-temp\/wp-content\/uploads\/2022\/06\/muoz-ber-om-oppen-anstalt-vill-inte-do-i-fangelset.png","contentUrl":"https:\/\/lightweb.dev\/l\/svm-temp\/wp-content\/uploads\/2022\/06\/muoz-ber-om-oppen-anstalt-vill-inte-do-i-fangelset.png","width":299,"height":200},{"@type":"BreadcrumbList","@id":"https:\/\/lightweb.dev\/l\/svm-temp\/nyheter\/munoz-ber-om-oppen-anstalt-vill-inte-do-i-fangelset\/#breadcrumb","itemListElement":[{"@type":"ListItem","position":1,"name":"Hem","item":"https:\/\/lightweb.dev\/l\/svm-temp\/"},{"@type":"ListItem","position":2,"name":"Mu\u00f1oz ber om \u00f6ppen anstalt: \u201dVill inte d\u00f6 i f\u00e4ngelset\u201d"}]},{"@type":"WebSite","@id":"https:\/\/lightweb.dev\/l\/svm-temp\/#website","url":"https:\/\/lightweb.dev\/l\/svm-temp\/","name":"Svenska Magasinet","description":"Dina Spanska nyheter p&aring; Svenska","publisher":{"@id":"https:\/\/lightweb.dev\/l\/svm-temp\/#organization"},"potentialAction":[{"@type":"SearchAction","target":{"@type":"EntryPoint","urlTemplate":"https:\/\/lightweb.dev\/l\/svm-temp\/?s={search_term_string}"},"query-input":{"@type":"PropertyValueSpecification","valueRequired":true,"valueName":"search_term_string"}}],"inLanguage":"sv-SE"},{"@type":"Organization","@id":"https:\/\/lightweb.dev\/l\/svm-temp\/#organization","name":"Melkerson y Nott SL","alternateName":"Svenska Magasinet","url":"https:\/\/lightweb.dev\/l\/svm-temp\/","logo":{"@type":"ImageObject","inLanguage":"sv-SE","@id":"https:\/\/lightweb.dev\/l\/svm-temp\/#\/schema\/logo\/image\/","url":"https:\/\/lightweb.dev\/l\/svm-temp\/wp-content\/uploads\/2025\/02\/SvM-logo-Xtra-Centrerad-SVART.png","contentUrl":"https:\/\/lightweb.dev\/l\/svm-temp\/wp-content\/uploads\/2025\/02\/SvM-logo-Xtra-Centrerad-SVART.png","width":300,"height":99,"caption":"Melkerson y Nott SL"},"image":{"@id":"https:\/\/lightweb.dev\/l\/svm-temp\/#\/schema\/logo\/image\/"},"sameAs":["https:\/\/www.facebook.com\/svenskamagasinet","https:\/\/x.com\/SvenskaMagasine"]},{"@type":"Person","@id":"https:\/\/lightweb.dev\/l\/svm-temp\/#\/schema\/person\/206a3bda5b607b0c25e1749191e4d837","name":"Redaktionen SvM","description":"Redaktionen","sameAs":["https:\/\/lightweb.dev\/l\/svm-temp"],"url":"https:\/\/lightweb.dev\/l\/svm-temp\/reporter\/redaktionen\/"}]}},"_links":{"self":[{"href":"https:\/\/lightweb.dev\/l\/svm-temp\/wp-json\/wp\/v2\/posts\/23420","targetHints":{"allow":["GET"]}}],"collection":[{"href":"https:\/\/lightweb.dev\/l\/svm-temp\/wp-json\/wp\/v2\/posts"}],"about":[{"href":"https:\/\/lightweb.dev\/l\/svm-temp\/wp-json\/wp\/v2\/types\/post"}],"author":[{"embeddable":true,"href":"https:\/\/lightweb.dev\/l\/svm-temp\/wp-json\/wp\/v2\/users\/8"}],"replies":[{"embeddable":true,"href":"https:\/\/lightweb.dev\/l\/svm-temp\/wp-json\/wp\/v2\/comments?post=23420"}],"version-history":[{"count":0,"href":"https:\/\/lightweb.dev\/l\/svm-temp\/wp-json\/wp\/v2\/posts\/23420\/revisions"}],"wp:featuredmedia":[{"embeddable":true,"href":"https:\/\/lightweb.dev\/l\/svm-temp\/wp-json\/wp\/v2\/media\/23421"}],"wp:attachment":[{"href":"https:\/\/lightweb.dev\/l\/svm-temp\/wp-json\/wp\/v2\/media?parent=23420"}],"wp:term":[{"taxonomy":"category","embeddable":true,"href":"https:\/\/lightweb.dev\/l\/svm-temp\/wp-json\/wp\/v2\/categories?post=23420"},{"taxonomy":"post_tag","embeddable":true,"href":"https:\/\/lightweb.dev\/l\/svm-temp\/wp-json\/wp\/v2\/tags?post=23420"}],"curies":[{"name":"wp","href":"https:\/\/api.w.org\/{rel}","templated":true}]}}