{"id":23422,"date":"2015-10-13T00:00:00","date_gmt":"2015-10-12T22:00:00","guid":{"rendered":"https:\/\/lightweb.dev\/l\/svm-temp\/nyheter\/starta-upp-sparvagnstrafiken-i-velez-skulle-kosta-tva-miljoner-euro\/"},"modified":"2015-10-13T00:00:00","modified_gmt":"2015-10-12T22:00:00","slug":"starta-upp-sparvagnstrafiken-i-velez-skulle-kosta-tva-miljoner-euro","status":"publish","type":"post","link":"https:\/\/lightweb.dev\/l\/svm-temp\/nyheter\/starta-upp-sparvagnstrafiken-i-velez-skulle-kosta-tva-miljoner-euro\/","title":{"rendered":"Starta upp sp\u00e5rvagnstrafiken i V\u00e9lez skulle kosta tv\u00e5 miljoner euro"},"content":{"rendered":"<p> Mellan 1,5 till 2 miljoner euro skulle det kosta att starta upp sp\u00e5rvagnstrafiken mellan V\u00e9lez M\u00e1laga och Torre del Mar som har varit ur drift de senaste tre \u00e5ren. Kommunfullm\u00e4ktige s\u00e4ger att det kostar mer \u00e4n planerat.<\/p>\n<p>Enligt kommunens budget skulle en omstart av f\u00f6rsta fasen p\u00e5 linjen mellan V\u00e9lez och Torre del Mar kosta 1.473.848 euro. Och d\u00e5 \u00e4r inte andra fasen medr\u00e4knad.<\/p>\n<p>I tid skulle det ta mellan fyra till sex m\u00e5nader att g\u00f6ra sp\u00e5romr\u00e5den och h\u00e5llplatser funktionsdugliga igen. Det stora problemet \u00e4r att investeringarna att starta upp sp\u00e5rvagnstrafiken \u00e4r st\u00f6rre \u00e4n vad kommunfullm\u00e4ktige med PSOE, PA och det lokala partiet GIPMTM hade t\u00e4nkt sig fr\u00e5n b\u00f6rjan.<\/p>\n<p>Det var den tidigare borgm\u00e4staren Francisco Delgado (PP) som beslutade att st\u00e4nga ned trafiken den 4 juni 2012. Anledningen var att sp\u00e5rvagnstrafiken var ol\u00f6nsam och gick med f\u00f6rlust. Kommunen klarade inte av att ensam b\u00e4ra utgifterna.<\/p>\n<p>Sp\u00e5rvagnstrafiken i V\u00e9lez var ett gigantiskt politiskt projekt mellan den PSOE-styrda kommunen och regionalregeringen (PSOE) i Sevilla och togs i drift i oktober 2006. F\u00f6rsta linjen var 4,7 kilometer mellan V\u00e9lez och Torre del Mar, en satsning d\u00e4r regionalregeringen Junta de Andaluc\u00eda satsade 25 miljoner euro. Den andra linjen p\u00e5 1,2 kilometer kostade \u00e5tta miljoner euro och togs aldrig i bruk. Sp\u00e5rvagnarna kostade sju miljoner euro.<\/p>\n<p>Totalt handlade det om investeringar p\u00e5 40 miljoner euro, pengar som tycks ha kastats i sj\u00f6n. <\/p>\n","protected":false},"excerpt":{"rendered":"<p>Mellan 1,5 till 2 miljoner euro skulle det kosta att starta upp sp\u00e5rvagnstrafiken mellan V\u00e9lez M\u00e1laga och Torre del Mar som har varit ur drift de senaste tre \u00e5ren. Kommunfullm\u00e4ktige s\u00e4ger att det kostar mer \u00e4n planerat. Enligt kommunens budget skulle en omstart av f\u00f6rsta fasen p\u00e5 linjen mellan V\u00e9lez och Torre del Mar kosta [&hellip;]<\/p>\n","protected":false},"author":8,"featured_media":23423,"comment_status":"open","ping_status":"open","sticky":false,"template":"","format":"standard","meta":{"_et_pb_use_builder":"","_et_pb_old_content":"","_et_gb_content_width":"","footnotes":""},"categories":[395,3],"tags":[],"class_list":["post-23422","post","type-post","status-publish","format-standard","has-post-thumbnail","hentry","category-arkiv-nyheter","category-nyheter"],"yoast_head":"<!-- This site is optimized with the Yoast SEO Premium plugin v26.2 (Yoast SEO v27.4) - https:\/\/yoast.com\/product\/yoast-seo-premium-wordpress\/ -->\n<title>Starta upp sp\u00e5rvagnstrafiken i V\u00e9lez skulle kosta tv\u00e5 miljoner euro - Svenska Magasinet<\/title>\n<meta name=\"robots\" content=\"noindex, follow, max-snippet:-1, max-image-preview:large, max-video-preview:-1\" \/>\n<meta property=\"og:locale\" content=\"sv_SE\" \/>\n<meta property=\"og:type\" content=\"article\" \/>\n<meta property=\"og:title\" content=\"Starta upp sp\u00e5rvagnstrafiken i V\u00e9lez skulle kosta tv\u00e5 miljoner euro\" \/>\n<meta property=\"og:description\" content=\"Mellan 1,5 till 2 miljoner euro skulle det kosta att starta upp sp\u00e5rvagnstrafiken mellan V\u00e9lez M\u00e1laga och Torre del Mar som har varit ur drift de senaste tre \u00e5ren. Kommunfullm\u00e4ktige s\u00e4ger att det kostar mer \u00e4n planerat. Enligt kommunens budget skulle en omstart av f\u00f6rsta fasen p\u00e5 linjen mellan V\u00e9lez och Torre del Mar kosta [&hellip;]\" \/>\n<meta property=\"og:url\" content=\"https:\/\/lightweb.dev\/l\/svm-temp\/nyheter\/starta-upp-sparvagnstrafiken-i-velez-skulle-kosta-tva-miljoner-euro\/\" \/>\n<meta property=\"og:site_name\" content=\"Svenska Magasinet\" \/>\n<meta property=\"article:publisher\" content=\"https:\/\/www.facebook.com\/svenskamagasinet\" \/>\n<meta property=\"article:published_time\" content=\"2015-10-12T22:00:00+00:00\" \/>\n<meta property=\"og:image\" content=\"https:\/\/lightweb.dev\/l\/svm-temp\/wp-content\/uploads\/2022\/06\/starta-upp-sparvagnstrafiken-i-velez-skulle-kosta-tva-miljoner-euro.png\" \/>\n\t<meta property=\"og:image:width\" content=\"280\" \/>\n\t<meta property=\"og:image:height\" content=\"210\" \/>\n\t<meta property=\"og:image:type\" content=\"image\/png\" \/>\n<meta name=\"author\" content=\"Redaktionen SvM\" \/>\n<meta name=\"twitter:card\" content=\"summary_large_image\" \/>\n<meta name=\"twitter:creator\" content=\"@SvenskaMagasine\" \/>\n<meta name=\"twitter:site\" content=\"@SvenskaMagasine\" \/>\n<script type=\"application\/ld+json\" class=\"yoast-schema-graph\">{\"@context\":\"https:\\\/\\\/schema.org\",\"@graph\":[{\"@type\":\"Article\",\"@id\":\"https:\\\/\\\/lightweb.dev\\\/l\\\/svm-temp\\\/nyheter\\\/starta-upp-sparvagnstrafiken-i-velez-skulle-kosta-tva-miljoner-euro\\\/#article\",\"isPartOf\":{\"@id\":\"https:\\\/\\\/lightweb.dev\\\/l\\\/svm-temp\\\/nyheter\\\/starta-upp-sparvagnstrafiken-i-velez-skulle-kosta-tva-miljoner-euro\\\/\"},\"author\":{\"name\":\"Redaktionen SvM\",\"@id\":\"https:\\\/\\\/lightweb.dev\\\/l\\\/svm-temp\\\/#\\\/schema\\\/person\\\/206a3bda5b607b0c25e1749191e4d837\"},\"headline\":\"Starta upp sp\u00e5rvagnstrafiken i V\u00e9lez skulle kosta tv\u00e5 miljoner euro\",\"datePublished\":\"2015-10-12T22:00:00+00:00\",\"mainEntityOfPage\":{\"@id\":\"https:\\\/\\\/lightweb.dev\\\/l\\\/svm-temp\\\/nyheter\\\/starta-upp-sparvagnstrafiken-i-velez-skulle-kosta-tva-miljoner-euro\\\/\"},\"wordCount\":262,\"commentCount\":0,\"publisher\":{\"@id\":\"https:\\\/\\\/lightweb.dev\\\/l\\\/svm-temp\\\/#organization\"},\"image\":{\"@id\":\"https:\\\/\\\/lightweb.dev\\\/l\\\/svm-temp\\\/nyheter\\\/starta-upp-sparvagnstrafiken-i-velez-skulle-kosta-tva-miljoner-euro\\\/#primaryimage\"},\"thumbnailUrl\":\"https:\\\/\\\/lightweb.dev\\\/l\\\/svm-temp\\\/wp-content\\\/uploads\\\/2022\\\/06\\\/starta-upp-sparvagnstrafiken-i-velez-skulle-kosta-tva-miljoner-euro.png\",\"articleSection\":[\"Arkiv\",\"Nyheter\"],\"inLanguage\":\"sv-SE\"},{\"@type\":\"WebPage\",\"@id\":\"https:\\\/\\\/lightweb.dev\\\/l\\\/svm-temp\\\/nyheter\\\/starta-upp-sparvagnstrafiken-i-velez-skulle-kosta-tva-miljoner-euro\\\/\",\"url\":\"https:\\\/\\\/lightweb.dev\\\/l\\\/svm-temp\\\/nyheter\\\/starta-upp-sparvagnstrafiken-i-velez-skulle-kosta-tva-miljoner-euro\\\/\",\"name\":\"Starta upp sp\u00e5rvagnstrafiken i V\u00e9lez skulle kosta tv\u00e5 miljoner euro - Svenska Magasinet\",\"isPartOf\":{\"@id\":\"https:\\\/\\\/lightweb.dev\\\/l\\\/svm-temp\\\/#website\"},\"primaryImageOfPage\":{\"@id\":\"https:\\\/\\\/lightweb.dev\\\/l\\\/svm-temp\\\/nyheter\\\/starta-upp-sparvagnstrafiken-i-velez-skulle-kosta-tva-miljoner-euro\\\/#primaryimage\"},\"image\":{\"@id\":\"https:\\\/\\\/lightweb.dev\\\/l\\\/svm-temp\\\/nyheter\\\/starta-upp-sparvagnstrafiken-i-velez-skulle-kosta-tva-miljoner-euro\\\/#primaryimage\"},\"thumbnailUrl\":\"https:\\\/\\\/lightweb.dev\\\/l\\\/svm-temp\\\/wp-content\\\/uploads\\\/2022\\\/06\\\/starta-upp-sparvagnstrafiken-i-velez-skulle-kosta-tva-miljoner-euro.png\",\"datePublished\":\"2015-10-12T22:00:00+00:00\",\"breadcrumb\":{\"@id\":\"https:\\\/\\\/lightweb.dev\\\/l\\\/svm-temp\\\/nyheter\\\/starta-upp-sparvagnstrafiken-i-velez-skulle-kosta-tva-miljoner-euro\\\/#breadcrumb\"},\"inLanguage\":\"sv-SE\",\"potentialAction\":[{\"@type\":\"ReadAction\",\"target\":[\"https:\\\/\\\/lightweb.dev\\\/l\\\/svm-temp\\\/nyheter\\\/starta-upp-sparvagnstrafiken-i-velez-skulle-kosta-tva-miljoner-euro\\\/\"]}]},{\"@type\":\"ImageObject\",\"inLanguage\":\"sv-SE\",\"@id\":\"https:\\\/\\\/lightweb.dev\\\/l\\\/svm-temp\\\/nyheter\\\/starta-upp-sparvagnstrafiken-i-velez-skulle-kosta-tva-miljoner-euro\\\/#primaryimage\",\"url\":\"https:\\\/\\\/lightweb.dev\\\/l\\\/svm-temp\\\/wp-content\\\/uploads\\\/2022\\\/06\\\/starta-upp-sparvagnstrafiken-i-velez-skulle-kosta-tva-miljoner-euro.png\",\"contentUrl\":\"https:\\\/\\\/lightweb.dev\\\/l\\\/svm-temp\\\/wp-content\\\/uploads\\\/2022\\\/06\\\/starta-upp-sparvagnstrafiken-i-velez-skulle-kosta-tva-miljoner-euro.png\",\"width\":280,\"height\":210},{\"@type\":\"BreadcrumbList\",\"@id\":\"https:\\\/\\\/lightweb.dev\\\/l\\\/svm-temp\\\/nyheter\\\/starta-upp-sparvagnstrafiken-i-velez-skulle-kosta-tva-miljoner-euro\\\/#breadcrumb\",\"itemListElement\":[{\"@type\":\"ListItem\",\"position\":1,\"name\":\"Hem\",\"item\":\"https:\\\/\\\/lightweb.dev\\\/l\\\/svm-temp\\\/\"},{\"@type\":\"ListItem\",\"position\":2,\"name\":\"Starta upp sp\u00e5rvagnstrafiken i V\u00e9lez skulle kosta tv\u00e5 miljoner euro\"}]},{\"@type\":\"WebSite\",\"@id\":\"https:\\\/\\\/lightweb.dev\\\/l\\\/svm-temp\\\/#website\",\"url\":\"https:\\\/\\\/lightweb.dev\\\/l\\\/svm-temp\\\/\",\"name\":\"Svenska Magasinet\",\"description\":\"Dina Spanska nyheter p&aring; Svenska\",\"publisher\":{\"@id\":\"https:\\\/\\\/lightweb.dev\\\/l\\\/svm-temp\\\/#organization\"},\"potentialAction\":[{\"@type\":\"SearchAction\",\"target\":{\"@type\":\"EntryPoint\",\"urlTemplate\":\"https:\\\/\\\/lightweb.dev\\\/l\\\/svm-temp\\\/?s={search_term_string}\"},\"query-input\":{\"@type\":\"PropertyValueSpecification\",\"valueRequired\":true,\"valueName\":\"search_term_string\"}}],\"inLanguage\":\"sv-SE\"},{\"@type\":\"Organization\",\"@id\":\"https:\\\/\\\/lightweb.dev\\\/l\\\/svm-temp\\\/#organization\",\"name\":\"Melkerson y Nott SL\",\"alternateName\":\"Svenska Magasinet\",\"url\":\"https:\\\/\\\/lightweb.dev\\\/l\\\/svm-temp\\\/\",\"logo\":{\"@type\":\"ImageObject\",\"inLanguage\":\"sv-SE\",\"@id\":\"https:\\\/\\\/lightweb.dev\\\/l\\\/svm-temp\\\/#\\\/schema\\\/logo\\\/image\\\/\",\"url\":\"https:\\\/\\\/lightweb.dev\\\/l\\\/svm-temp\\\/wp-content\\\/uploads\\\/2025\\\/02\\\/SvM-logo-Xtra-Centrerad-SVART.png\",\"contentUrl\":\"https:\\\/\\\/lightweb.dev\\\/l\\\/svm-temp\\\/wp-content\\\/uploads\\\/2025\\\/02\\\/SvM-logo-Xtra-Centrerad-SVART.png\",\"width\":300,\"height\":99,\"caption\":\"Melkerson y Nott SL\"},\"image\":{\"@id\":\"https:\\\/\\\/lightweb.dev\\\/l\\\/svm-temp\\\/#\\\/schema\\\/logo\\\/image\\\/\"},\"sameAs\":[\"https:\\\/\\\/www.facebook.com\\\/svenskamagasinet\",\"https:\\\/\\\/x.com\\\/SvenskaMagasine\"]},{\"@type\":\"Person\",\"@id\":\"https:\\\/\\\/lightweb.dev\\\/l\\\/svm-temp\\\/#\\\/schema\\\/person\\\/206a3bda5b607b0c25e1749191e4d837\",\"name\":\"Redaktionen SvM\",\"description\":\"Redaktionen\",\"sameAs\":[\"https:\\\/\\\/lightweb.dev\\\/l\\\/svm-temp\"],\"url\":\"https:\\\/\\\/lightweb.dev\\\/l\\\/svm-temp\\\/reporter\\\/redaktionen\\\/\"}]}<\/script>\n<!-- \/ Yoast SEO Premium plugin. -->","yoast_head_json":{"title":"Starta upp sp\u00e5rvagnstrafiken i V\u00e9lez skulle kosta tv\u00e5 miljoner euro - Svenska Magasinet","robots":{"index":"noindex","follow":"follow","max-snippet":"max-snippet:-1","max-image-preview":"max-image-preview:large","max-video-preview":"max-video-preview:-1"},"og_locale":"sv_SE","og_type":"article","og_title":"Starta upp sp\u00e5rvagnstrafiken i V\u00e9lez skulle kosta tv\u00e5 miljoner euro","og_description":"Mellan 1,5 till 2 miljoner euro skulle det kosta att starta upp sp\u00e5rvagnstrafiken mellan V\u00e9lez M\u00e1laga och Torre del Mar som har varit ur drift de senaste tre \u00e5ren. Kommunfullm\u00e4ktige s\u00e4ger att det kostar mer \u00e4n planerat. Enligt kommunens budget skulle en omstart av f\u00f6rsta fasen p\u00e5 linjen mellan V\u00e9lez och Torre del Mar kosta [&hellip;]","og_url":"https:\/\/lightweb.dev\/l\/svm-temp\/nyheter\/starta-upp-sparvagnstrafiken-i-velez-skulle-kosta-tva-miljoner-euro\/","og_site_name":"Svenska Magasinet","article_publisher":"https:\/\/www.facebook.com\/svenskamagasinet","article_published_time":"2015-10-12T22:00:00+00:00","og_image":[{"width":280,"height":210,"url":"https:\/\/lightweb.dev\/l\/svm-temp\/wp-content\/uploads\/2022\/06\/starta-upp-sparvagnstrafiken-i-velez-skulle-kosta-tva-miljoner-euro.png","type":"image\/png"}],"author":"Redaktionen SvM","twitter_card":"summary_large_image","twitter_creator":"@SvenskaMagasine","twitter_site":"@SvenskaMagasine","schema":{"@context":"https:\/\/schema.org","@graph":[{"@type":"Article","@id":"https:\/\/lightweb.dev\/l\/svm-temp\/nyheter\/starta-upp-sparvagnstrafiken-i-velez-skulle-kosta-tva-miljoner-euro\/#article","isPartOf":{"@id":"https:\/\/lightweb.dev\/l\/svm-temp\/nyheter\/starta-upp-sparvagnstrafiken-i-velez-skulle-kosta-tva-miljoner-euro\/"},"author":{"name":"Redaktionen SvM","@id":"https:\/\/lightweb.dev\/l\/svm-temp\/#\/schema\/person\/206a3bda5b607b0c25e1749191e4d837"},"headline":"Starta upp sp\u00e5rvagnstrafiken i V\u00e9lez skulle kosta tv\u00e5 miljoner euro","datePublished":"2015-10-12T22:00:00+00:00","mainEntityOfPage":{"@id":"https:\/\/lightweb.dev\/l\/svm-temp\/nyheter\/starta-upp-sparvagnstrafiken-i-velez-skulle-kosta-tva-miljoner-euro\/"},"wordCount":262,"commentCount":0,"publisher":{"@id":"https:\/\/lightweb.dev\/l\/svm-temp\/#organization"},"image":{"@id":"https:\/\/lightweb.dev\/l\/svm-temp\/nyheter\/starta-upp-sparvagnstrafiken-i-velez-skulle-kosta-tva-miljoner-euro\/#primaryimage"},"thumbnailUrl":"https:\/\/lightweb.dev\/l\/svm-temp\/wp-content\/uploads\/2022\/06\/starta-upp-sparvagnstrafiken-i-velez-skulle-kosta-tva-miljoner-euro.png","articleSection":["Arkiv","Nyheter"],"inLanguage":"sv-SE"},{"@type":"WebPage","@id":"https:\/\/lightweb.dev\/l\/svm-temp\/nyheter\/starta-upp-sparvagnstrafiken-i-velez-skulle-kosta-tva-miljoner-euro\/","url":"https:\/\/lightweb.dev\/l\/svm-temp\/nyheter\/starta-upp-sparvagnstrafiken-i-velez-skulle-kosta-tva-miljoner-euro\/","name":"Starta upp sp\u00e5rvagnstrafiken i V\u00e9lez skulle kosta tv\u00e5 miljoner euro - Svenska Magasinet","isPartOf":{"@id":"https:\/\/lightweb.dev\/l\/svm-temp\/#website"},"primaryImageOfPage":{"@id":"https:\/\/lightweb.dev\/l\/svm-temp\/nyheter\/starta-upp-sparvagnstrafiken-i-velez-skulle-kosta-tva-miljoner-euro\/#primaryimage"},"image":{"@id":"https:\/\/lightweb.dev\/l\/svm-temp\/nyheter\/starta-upp-sparvagnstrafiken-i-velez-skulle-kosta-tva-miljoner-euro\/#primaryimage"},"thumbnailUrl":"https:\/\/lightweb.dev\/l\/svm-temp\/wp-content\/uploads\/2022\/06\/starta-upp-sparvagnstrafiken-i-velez-skulle-kosta-tva-miljoner-euro.png","datePublished":"2015-10-12T22:00:00+00:00","breadcrumb":{"@id":"https:\/\/lightweb.dev\/l\/svm-temp\/nyheter\/starta-upp-sparvagnstrafiken-i-velez-skulle-kosta-tva-miljoner-euro\/#breadcrumb"},"inLanguage":"sv-SE","potentialAction":[{"@type":"ReadAction","target":["https:\/\/lightweb.dev\/l\/svm-temp\/nyheter\/starta-upp-sparvagnstrafiken-i-velez-skulle-kosta-tva-miljoner-euro\/"]}]},{"@type":"ImageObject","inLanguage":"sv-SE","@id":"https:\/\/lightweb.dev\/l\/svm-temp\/nyheter\/starta-upp-sparvagnstrafiken-i-velez-skulle-kosta-tva-miljoner-euro\/#primaryimage","url":"https:\/\/lightweb.dev\/l\/svm-temp\/wp-content\/uploads\/2022\/06\/starta-upp-sparvagnstrafiken-i-velez-skulle-kosta-tva-miljoner-euro.png","contentUrl":"https:\/\/lightweb.dev\/l\/svm-temp\/wp-content\/uploads\/2022\/06\/starta-upp-sparvagnstrafiken-i-velez-skulle-kosta-tva-miljoner-euro.png","width":280,"height":210},{"@type":"BreadcrumbList","@id":"https:\/\/lightweb.dev\/l\/svm-temp\/nyheter\/starta-upp-sparvagnstrafiken-i-velez-skulle-kosta-tva-miljoner-euro\/#breadcrumb","itemListElement":[{"@type":"ListItem","position":1,"name":"Hem","item":"https:\/\/lightweb.dev\/l\/svm-temp\/"},{"@type":"ListItem","position":2,"name":"Starta upp sp\u00e5rvagnstrafiken i V\u00e9lez skulle kosta tv\u00e5 miljoner euro"}]},{"@type":"WebSite","@id":"https:\/\/lightweb.dev\/l\/svm-temp\/#website","url":"https:\/\/lightweb.dev\/l\/svm-temp\/","name":"Svenska Magasinet","description":"Dina Spanska nyheter p&aring; Svenska","publisher":{"@id":"https:\/\/lightweb.dev\/l\/svm-temp\/#organization"},"potentialAction":[{"@type":"SearchAction","target":{"@type":"EntryPoint","urlTemplate":"https:\/\/lightweb.dev\/l\/svm-temp\/?s={search_term_string}"},"query-input":{"@type":"PropertyValueSpecification","valueRequired":true,"valueName":"search_term_string"}}],"inLanguage":"sv-SE"},{"@type":"Organization","@id":"https:\/\/lightweb.dev\/l\/svm-temp\/#organization","name":"Melkerson y Nott SL","alternateName":"Svenska Magasinet","url":"https:\/\/lightweb.dev\/l\/svm-temp\/","logo":{"@type":"ImageObject","inLanguage":"sv-SE","@id":"https:\/\/lightweb.dev\/l\/svm-temp\/#\/schema\/logo\/image\/","url":"https:\/\/lightweb.dev\/l\/svm-temp\/wp-content\/uploads\/2025\/02\/SvM-logo-Xtra-Centrerad-SVART.png","contentUrl":"https:\/\/lightweb.dev\/l\/svm-temp\/wp-content\/uploads\/2025\/02\/SvM-logo-Xtra-Centrerad-SVART.png","width":300,"height":99,"caption":"Melkerson y Nott SL"},"image":{"@id":"https:\/\/lightweb.dev\/l\/svm-temp\/#\/schema\/logo\/image\/"},"sameAs":["https:\/\/www.facebook.com\/svenskamagasinet","https:\/\/x.com\/SvenskaMagasine"]},{"@type":"Person","@id":"https:\/\/lightweb.dev\/l\/svm-temp\/#\/schema\/person\/206a3bda5b607b0c25e1749191e4d837","name":"Redaktionen SvM","description":"Redaktionen","sameAs":["https:\/\/lightweb.dev\/l\/svm-temp"],"url":"https:\/\/lightweb.dev\/l\/svm-temp\/reporter\/redaktionen\/"}]}},"_links":{"self":[{"href":"https:\/\/lightweb.dev\/l\/svm-temp\/wp-json\/wp\/v2\/posts\/23422","targetHints":{"allow":["GET"]}}],"collection":[{"href":"https:\/\/lightweb.dev\/l\/svm-temp\/wp-json\/wp\/v2\/posts"}],"about":[{"href":"https:\/\/lightweb.dev\/l\/svm-temp\/wp-json\/wp\/v2\/types\/post"}],"author":[{"embeddable":true,"href":"https:\/\/lightweb.dev\/l\/svm-temp\/wp-json\/wp\/v2\/users\/8"}],"replies":[{"embeddable":true,"href":"https:\/\/lightweb.dev\/l\/svm-temp\/wp-json\/wp\/v2\/comments?post=23422"}],"version-history":[{"count":0,"href":"https:\/\/lightweb.dev\/l\/svm-temp\/wp-json\/wp\/v2\/posts\/23422\/revisions"}],"wp:featuredmedia":[{"embeddable":true,"href":"https:\/\/lightweb.dev\/l\/svm-temp\/wp-json\/wp\/v2\/media\/23423"}],"wp:attachment":[{"href":"https:\/\/lightweb.dev\/l\/svm-temp\/wp-json\/wp\/v2\/media?parent=23422"}],"wp:term":[{"taxonomy":"category","embeddable":true,"href":"https:\/\/lightweb.dev\/l\/svm-temp\/wp-json\/wp\/v2\/categories?post=23422"},{"taxonomy":"post_tag","embeddable":true,"href":"https:\/\/lightweb.dev\/l\/svm-temp\/wp-json\/wp\/v2\/tags?post=23422"}],"curies":[{"name":"wp","href":"https:\/\/api.w.org\/{rel}","templated":true}]}}