{"id":23430,"date":"2015-10-12T00:00:00","date_gmt":"2015-10-11T22:00:00","guid":{"rendered":"https:\/\/lightweb.dev\/l\/svm-temp\/nyheter\/vinskorden-i-ronda-narmar-sig-sitt-slut-5-000-kilo-per-hektar\/"},"modified":"2015-10-12T00:00:00","modified_gmt":"2015-10-11T22:00:00","slug":"vinskorden-i-ronda-narmar-sig-sitt-slut-5-000-kilo-per-hektar","status":"publish","type":"post","link":"https:\/\/lightweb.dev\/l\/svm-temp\/nyheter\/vinskorden-i-ronda-narmar-sig-sitt-slut-5-000-kilo-per-hektar\/","title":{"rendered":"Vinsk\u00f6rden i Ronda n\u00e4rmar sig sitt slut \u2013 5.000 kilo per hektar"},"content":{"rendered":"<p> Vinsk\u00f6rden f\u00f6r de tjugotalet bodegor som finns runt Ronda ser ut att bli b\u00e4ttre \u00e4n vad som f\u00f6rst f\u00f6rutsp\u00e5ddes. Det s\u00e4ger Jos\u00e9 Carlos Ruiz vid jordbrukarnas f\u00f6rening Asaja (Asociaci\u00f3n Agraria de J\u00f3venes Agricultores) till dagstidningen Diario SUR.<\/p>\n<p>\u201dDet blev inte s\u00e5 illa som vi f\u00f6rst hade f\u00f6rv\u00e4ntat \u00e4ven om det blir minskad sk\u00f6rd i \u00e5r j\u00e4mf\u00f6rt med ifjol\u201d s\u00e4ger han.<\/p>\n<p>Efter en torr v\u00e5r och en stekhet sommar trodde de flesta bed\u00f6mare p\u00e5 en d\u00e5lig vinsk\u00f6rd i Rondaomr\u00e5det d\u00e4r det finns cirka 200 hektar vinodlingar och omkring 20 producenter. Men i slutet av augusti och i b\u00f6rjan av september stabiliserades v\u00e4dret och en viss \u00e5terh\u00e4mtning skedde.<\/p>\n<p>Nu hamnar vinsk\u00f6rden p\u00e5 cirka 5.000 kilo per hektar. Och kvalit\u00e9n blir utm\u00e4rkt enligt de f\u00f6rsta rapporterna. <\/p>\n","protected":false},"excerpt":{"rendered":"<p>Vinsk\u00f6rden f\u00f6r de tjugotalet bodegor som finns runt Ronda ser ut att bli b\u00e4ttre \u00e4n vad som f\u00f6rst f\u00f6rutsp\u00e5ddes. Det s\u00e4ger Jos\u00e9 Carlos Ruiz vid jordbrukarnas f\u00f6rening Asaja (Asociaci\u00f3n Agraria de J\u00f3venes Agricultores) till dagstidningen Diario SUR. \u201dDet blev inte s\u00e5 illa som vi f\u00f6rst hade f\u00f6rv\u00e4ntat \u00e4ven om det blir minskad sk\u00f6rd i \u00e5r [&hellip;]<\/p>\n","protected":false},"author":8,"featured_media":23431,"comment_status":"open","ping_status":"open","sticky":false,"template":"","format":"standard","meta":{"_et_pb_use_builder":"","_et_pb_old_content":"","_et_gb_content_width":"","footnotes":""},"categories":[395,3],"tags":[],"class_list":["post-23430","post","type-post","status-publish","format-standard","has-post-thumbnail","hentry","category-arkiv-nyheter","category-nyheter"],"yoast_head":"<!-- This site is optimized with the Yoast SEO Premium plugin v26.2 (Yoast SEO v27.4) - https:\/\/yoast.com\/product\/yoast-seo-premium-wordpress\/ -->\n<title>Vinsk\u00f6rden i Ronda n\u00e4rmar sig sitt slut \u2013 5.000 kilo per hektar - Svenska Magasinet<\/title>\n<meta name=\"robots\" content=\"noindex, follow, max-snippet:-1, max-image-preview:large, max-video-preview:-1\" \/>\n<meta property=\"og:locale\" content=\"sv_SE\" \/>\n<meta property=\"og:type\" content=\"article\" \/>\n<meta property=\"og:title\" content=\"Vinsk\u00f6rden i Ronda n\u00e4rmar sig sitt slut \u2013 5.000 kilo per hektar\" \/>\n<meta property=\"og:description\" content=\"Vinsk\u00f6rden f\u00f6r de tjugotalet bodegor som finns runt Ronda ser ut att bli b\u00e4ttre \u00e4n vad som f\u00f6rst f\u00f6rutsp\u00e5ddes. Det s\u00e4ger Jos\u00e9 Carlos Ruiz vid jordbrukarnas f\u00f6rening Asaja (Asociaci\u00f3n Agraria de J\u00f3venes Agricultores) till dagstidningen Diario SUR. \u201dDet blev inte s\u00e5 illa som vi f\u00f6rst hade f\u00f6rv\u00e4ntat \u00e4ven om det blir minskad sk\u00f6rd i \u00e5r [&hellip;]\" \/>\n<meta property=\"og:url\" content=\"https:\/\/lightweb.dev\/l\/svm-temp\/nyheter\/vinskorden-i-ronda-narmar-sig-sitt-slut-5-000-kilo-per-hektar\/\" \/>\n<meta property=\"og:site_name\" content=\"Svenska Magasinet\" \/>\n<meta property=\"article:publisher\" content=\"https:\/\/www.facebook.com\/svenskamagasinet\" \/>\n<meta property=\"article:published_time\" content=\"2015-10-11T22:00:00+00:00\" \/>\n<meta property=\"og:image\" content=\"https:\/\/lightweb.dev\/l\/svm-temp\/wp-content\/uploads\/2022\/06\/vinskorden-i-ronda-narmar-sig-sitt-slut-5000-kilo-per-hektar.png\" \/>\n\t<meta property=\"og:image:width\" content=\"300\" \/>\n\t<meta property=\"og:image:height\" content=\"200\" \/>\n\t<meta property=\"og:image:type\" content=\"image\/png\" \/>\n<meta name=\"author\" content=\"Redaktionen SvM\" \/>\n<meta name=\"twitter:card\" content=\"summary_large_image\" \/>\n<meta name=\"twitter:creator\" content=\"@SvenskaMagasine\" \/>\n<meta name=\"twitter:site\" content=\"@SvenskaMagasine\" \/>\n<script type=\"application\/ld+json\" class=\"yoast-schema-graph\">{\"@context\":\"https:\\\/\\\/schema.org\",\"@graph\":[{\"@type\":\"Article\",\"@id\":\"https:\\\/\\\/lightweb.dev\\\/l\\\/svm-temp\\\/nyheter\\\/vinskorden-i-ronda-narmar-sig-sitt-slut-5-000-kilo-per-hektar\\\/#article\",\"isPartOf\":{\"@id\":\"https:\\\/\\\/lightweb.dev\\\/l\\\/svm-temp\\\/nyheter\\\/vinskorden-i-ronda-narmar-sig-sitt-slut-5-000-kilo-per-hektar\\\/\"},\"author\":{\"name\":\"Redaktionen SvM\",\"@id\":\"https:\\\/\\\/lightweb.dev\\\/l\\\/svm-temp\\\/#\\\/schema\\\/person\\\/206a3bda5b607b0c25e1749191e4d837\"},\"headline\":\"Vinsk\u00f6rden i Ronda n\u00e4rmar sig sitt slut \u2013 5.000 kilo per hektar\",\"datePublished\":\"2015-10-11T22:00:00+00:00\",\"mainEntityOfPage\":{\"@id\":\"https:\\\/\\\/lightweb.dev\\\/l\\\/svm-temp\\\/nyheter\\\/vinskorden-i-ronda-narmar-sig-sitt-slut-5-000-kilo-per-hektar\\\/\"},\"wordCount\":162,\"commentCount\":0,\"publisher\":{\"@id\":\"https:\\\/\\\/lightweb.dev\\\/l\\\/svm-temp\\\/#organization\"},\"image\":{\"@id\":\"https:\\\/\\\/lightweb.dev\\\/l\\\/svm-temp\\\/nyheter\\\/vinskorden-i-ronda-narmar-sig-sitt-slut-5-000-kilo-per-hektar\\\/#primaryimage\"},\"thumbnailUrl\":\"https:\\\/\\\/lightweb.dev\\\/l\\\/svm-temp\\\/wp-content\\\/uploads\\\/2022\\\/06\\\/vinskorden-i-ronda-narmar-sig-sitt-slut-5000-kilo-per-hektar.png\",\"articleSection\":[\"Arkiv\",\"Nyheter\"],\"inLanguage\":\"sv-SE\"},{\"@type\":\"WebPage\",\"@id\":\"https:\\\/\\\/lightweb.dev\\\/l\\\/svm-temp\\\/nyheter\\\/vinskorden-i-ronda-narmar-sig-sitt-slut-5-000-kilo-per-hektar\\\/\",\"url\":\"https:\\\/\\\/lightweb.dev\\\/l\\\/svm-temp\\\/nyheter\\\/vinskorden-i-ronda-narmar-sig-sitt-slut-5-000-kilo-per-hektar\\\/\",\"name\":\"Vinsk\u00f6rden i Ronda n\u00e4rmar sig sitt slut \u2013 5.000 kilo per hektar - Svenska Magasinet\",\"isPartOf\":{\"@id\":\"https:\\\/\\\/lightweb.dev\\\/l\\\/svm-temp\\\/#website\"},\"primaryImageOfPage\":{\"@id\":\"https:\\\/\\\/lightweb.dev\\\/l\\\/svm-temp\\\/nyheter\\\/vinskorden-i-ronda-narmar-sig-sitt-slut-5-000-kilo-per-hektar\\\/#primaryimage\"},\"image\":{\"@id\":\"https:\\\/\\\/lightweb.dev\\\/l\\\/svm-temp\\\/nyheter\\\/vinskorden-i-ronda-narmar-sig-sitt-slut-5-000-kilo-per-hektar\\\/#primaryimage\"},\"thumbnailUrl\":\"https:\\\/\\\/lightweb.dev\\\/l\\\/svm-temp\\\/wp-content\\\/uploads\\\/2022\\\/06\\\/vinskorden-i-ronda-narmar-sig-sitt-slut-5000-kilo-per-hektar.png\",\"datePublished\":\"2015-10-11T22:00:00+00:00\",\"breadcrumb\":{\"@id\":\"https:\\\/\\\/lightweb.dev\\\/l\\\/svm-temp\\\/nyheter\\\/vinskorden-i-ronda-narmar-sig-sitt-slut-5-000-kilo-per-hektar\\\/#breadcrumb\"},\"inLanguage\":\"sv-SE\",\"potentialAction\":[{\"@type\":\"ReadAction\",\"target\":[\"https:\\\/\\\/lightweb.dev\\\/l\\\/svm-temp\\\/nyheter\\\/vinskorden-i-ronda-narmar-sig-sitt-slut-5-000-kilo-per-hektar\\\/\"]}]},{\"@type\":\"ImageObject\",\"inLanguage\":\"sv-SE\",\"@id\":\"https:\\\/\\\/lightweb.dev\\\/l\\\/svm-temp\\\/nyheter\\\/vinskorden-i-ronda-narmar-sig-sitt-slut-5-000-kilo-per-hektar\\\/#primaryimage\",\"url\":\"https:\\\/\\\/lightweb.dev\\\/l\\\/svm-temp\\\/wp-content\\\/uploads\\\/2022\\\/06\\\/vinskorden-i-ronda-narmar-sig-sitt-slut-5000-kilo-per-hektar.png\",\"contentUrl\":\"https:\\\/\\\/lightweb.dev\\\/l\\\/svm-temp\\\/wp-content\\\/uploads\\\/2022\\\/06\\\/vinskorden-i-ronda-narmar-sig-sitt-slut-5000-kilo-per-hektar.png\",\"width\":300,\"height\":200},{\"@type\":\"BreadcrumbList\",\"@id\":\"https:\\\/\\\/lightweb.dev\\\/l\\\/svm-temp\\\/nyheter\\\/vinskorden-i-ronda-narmar-sig-sitt-slut-5-000-kilo-per-hektar\\\/#breadcrumb\",\"itemListElement\":[{\"@type\":\"ListItem\",\"position\":1,\"name\":\"Hem\",\"item\":\"https:\\\/\\\/lightweb.dev\\\/l\\\/svm-temp\\\/\"},{\"@type\":\"ListItem\",\"position\":2,\"name\":\"Vinsk\u00f6rden i Ronda n\u00e4rmar sig sitt slut \u2013 5.000 kilo per hektar\"}]},{\"@type\":\"WebSite\",\"@id\":\"https:\\\/\\\/lightweb.dev\\\/l\\\/svm-temp\\\/#website\",\"url\":\"https:\\\/\\\/lightweb.dev\\\/l\\\/svm-temp\\\/\",\"name\":\"Svenska Magasinet\",\"description\":\"Dina Spanska nyheter p&aring; Svenska\",\"publisher\":{\"@id\":\"https:\\\/\\\/lightweb.dev\\\/l\\\/svm-temp\\\/#organization\"},\"potentialAction\":[{\"@type\":\"SearchAction\",\"target\":{\"@type\":\"EntryPoint\",\"urlTemplate\":\"https:\\\/\\\/lightweb.dev\\\/l\\\/svm-temp\\\/?s={search_term_string}\"},\"query-input\":{\"@type\":\"PropertyValueSpecification\",\"valueRequired\":true,\"valueName\":\"search_term_string\"}}],\"inLanguage\":\"sv-SE\"},{\"@type\":\"Organization\",\"@id\":\"https:\\\/\\\/lightweb.dev\\\/l\\\/svm-temp\\\/#organization\",\"name\":\"Melkerson y Nott SL\",\"alternateName\":\"Svenska Magasinet\",\"url\":\"https:\\\/\\\/lightweb.dev\\\/l\\\/svm-temp\\\/\",\"logo\":{\"@type\":\"ImageObject\",\"inLanguage\":\"sv-SE\",\"@id\":\"https:\\\/\\\/lightweb.dev\\\/l\\\/svm-temp\\\/#\\\/schema\\\/logo\\\/image\\\/\",\"url\":\"https:\\\/\\\/lightweb.dev\\\/l\\\/svm-temp\\\/wp-content\\\/uploads\\\/2025\\\/02\\\/SvM-logo-Xtra-Centrerad-SVART.png\",\"contentUrl\":\"https:\\\/\\\/lightweb.dev\\\/l\\\/svm-temp\\\/wp-content\\\/uploads\\\/2025\\\/02\\\/SvM-logo-Xtra-Centrerad-SVART.png\",\"width\":300,\"height\":99,\"caption\":\"Melkerson y Nott SL\"},\"image\":{\"@id\":\"https:\\\/\\\/lightweb.dev\\\/l\\\/svm-temp\\\/#\\\/schema\\\/logo\\\/image\\\/\"},\"sameAs\":[\"https:\\\/\\\/www.facebook.com\\\/svenskamagasinet\",\"https:\\\/\\\/x.com\\\/SvenskaMagasine\"]},{\"@type\":\"Person\",\"@id\":\"https:\\\/\\\/lightweb.dev\\\/l\\\/svm-temp\\\/#\\\/schema\\\/person\\\/206a3bda5b607b0c25e1749191e4d837\",\"name\":\"Redaktionen SvM\",\"description\":\"Redaktionen\",\"sameAs\":[\"https:\\\/\\\/lightweb.dev\\\/l\\\/svm-temp\"],\"url\":\"https:\\\/\\\/lightweb.dev\\\/l\\\/svm-temp\\\/reporter\\\/redaktionen\\\/\"}]}<\/script>\n<!-- \/ Yoast SEO Premium plugin. -->","yoast_head_json":{"title":"Vinsk\u00f6rden i Ronda n\u00e4rmar sig sitt slut \u2013 5.000 kilo per hektar - Svenska Magasinet","robots":{"index":"noindex","follow":"follow","max-snippet":"max-snippet:-1","max-image-preview":"max-image-preview:large","max-video-preview":"max-video-preview:-1"},"og_locale":"sv_SE","og_type":"article","og_title":"Vinsk\u00f6rden i Ronda n\u00e4rmar sig sitt slut \u2013 5.000 kilo per hektar","og_description":"Vinsk\u00f6rden f\u00f6r de tjugotalet bodegor som finns runt Ronda ser ut att bli b\u00e4ttre \u00e4n vad som f\u00f6rst f\u00f6rutsp\u00e5ddes. Det s\u00e4ger Jos\u00e9 Carlos Ruiz vid jordbrukarnas f\u00f6rening Asaja (Asociaci\u00f3n Agraria de J\u00f3venes Agricultores) till dagstidningen Diario SUR. \u201dDet blev inte s\u00e5 illa som vi f\u00f6rst hade f\u00f6rv\u00e4ntat \u00e4ven om det blir minskad sk\u00f6rd i \u00e5r [&hellip;]","og_url":"https:\/\/lightweb.dev\/l\/svm-temp\/nyheter\/vinskorden-i-ronda-narmar-sig-sitt-slut-5-000-kilo-per-hektar\/","og_site_name":"Svenska Magasinet","article_publisher":"https:\/\/www.facebook.com\/svenskamagasinet","article_published_time":"2015-10-11T22:00:00+00:00","og_image":[{"width":300,"height":200,"url":"https:\/\/lightweb.dev\/l\/svm-temp\/wp-content\/uploads\/2022\/06\/vinskorden-i-ronda-narmar-sig-sitt-slut-5000-kilo-per-hektar.png","type":"image\/png"}],"author":"Redaktionen SvM","twitter_card":"summary_large_image","twitter_creator":"@SvenskaMagasine","twitter_site":"@SvenskaMagasine","schema":{"@context":"https:\/\/schema.org","@graph":[{"@type":"Article","@id":"https:\/\/lightweb.dev\/l\/svm-temp\/nyheter\/vinskorden-i-ronda-narmar-sig-sitt-slut-5-000-kilo-per-hektar\/#article","isPartOf":{"@id":"https:\/\/lightweb.dev\/l\/svm-temp\/nyheter\/vinskorden-i-ronda-narmar-sig-sitt-slut-5-000-kilo-per-hektar\/"},"author":{"name":"Redaktionen SvM","@id":"https:\/\/lightweb.dev\/l\/svm-temp\/#\/schema\/person\/206a3bda5b607b0c25e1749191e4d837"},"headline":"Vinsk\u00f6rden i Ronda n\u00e4rmar sig sitt slut \u2013 5.000 kilo per hektar","datePublished":"2015-10-11T22:00:00+00:00","mainEntityOfPage":{"@id":"https:\/\/lightweb.dev\/l\/svm-temp\/nyheter\/vinskorden-i-ronda-narmar-sig-sitt-slut-5-000-kilo-per-hektar\/"},"wordCount":162,"commentCount":0,"publisher":{"@id":"https:\/\/lightweb.dev\/l\/svm-temp\/#organization"},"image":{"@id":"https:\/\/lightweb.dev\/l\/svm-temp\/nyheter\/vinskorden-i-ronda-narmar-sig-sitt-slut-5-000-kilo-per-hektar\/#primaryimage"},"thumbnailUrl":"https:\/\/lightweb.dev\/l\/svm-temp\/wp-content\/uploads\/2022\/06\/vinskorden-i-ronda-narmar-sig-sitt-slut-5000-kilo-per-hektar.png","articleSection":["Arkiv","Nyheter"],"inLanguage":"sv-SE"},{"@type":"WebPage","@id":"https:\/\/lightweb.dev\/l\/svm-temp\/nyheter\/vinskorden-i-ronda-narmar-sig-sitt-slut-5-000-kilo-per-hektar\/","url":"https:\/\/lightweb.dev\/l\/svm-temp\/nyheter\/vinskorden-i-ronda-narmar-sig-sitt-slut-5-000-kilo-per-hektar\/","name":"Vinsk\u00f6rden i Ronda n\u00e4rmar sig sitt slut \u2013 5.000 kilo per hektar - Svenska Magasinet","isPartOf":{"@id":"https:\/\/lightweb.dev\/l\/svm-temp\/#website"},"primaryImageOfPage":{"@id":"https:\/\/lightweb.dev\/l\/svm-temp\/nyheter\/vinskorden-i-ronda-narmar-sig-sitt-slut-5-000-kilo-per-hektar\/#primaryimage"},"image":{"@id":"https:\/\/lightweb.dev\/l\/svm-temp\/nyheter\/vinskorden-i-ronda-narmar-sig-sitt-slut-5-000-kilo-per-hektar\/#primaryimage"},"thumbnailUrl":"https:\/\/lightweb.dev\/l\/svm-temp\/wp-content\/uploads\/2022\/06\/vinskorden-i-ronda-narmar-sig-sitt-slut-5000-kilo-per-hektar.png","datePublished":"2015-10-11T22:00:00+00:00","breadcrumb":{"@id":"https:\/\/lightweb.dev\/l\/svm-temp\/nyheter\/vinskorden-i-ronda-narmar-sig-sitt-slut-5-000-kilo-per-hektar\/#breadcrumb"},"inLanguage":"sv-SE","potentialAction":[{"@type":"ReadAction","target":["https:\/\/lightweb.dev\/l\/svm-temp\/nyheter\/vinskorden-i-ronda-narmar-sig-sitt-slut-5-000-kilo-per-hektar\/"]}]},{"@type":"ImageObject","inLanguage":"sv-SE","@id":"https:\/\/lightweb.dev\/l\/svm-temp\/nyheter\/vinskorden-i-ronda-narmar-sig-sitt-slut-5-000-kilo-per-hektar\/#primaryimage","url":"https:\/\/lightweb.dev\/l\/svm-temp\/wp-content\/uploads\/2022\/06\/vinskorden-i-ronda-narmar-sig-sitt-slut-5000-kilo-per-hektar.png","contentUrl":"https:\/\/lightweb.dev\/l\/svm-temp\/wp-content\/uploads\/2022\/06\/vinskorden-i-ronda-narmar-sig-sitt-slut-5000-kilo-per-hektar.png","width":300,"height":200},{"@type":"BreadcrumbList","@id":"https:\/\/lightweb.dev\/l\/svm-temp\/nyheter\/vinskorden-i-ronda-narmar-sig-sitt-slut-5-000-kilo-per-hektar\/#breadcrumb","itemListElement":[{"@type":"ListItem","position":1,"name":"Hem","item":"https:\/\/lightweb.dev\/l\/svm-temp\/"},{"@type":"ListItem","position":2,"name":"Vinsk\u00f6rden i Ronda n\u00e4rmar sig sitt slut \u2013 5.000 kilo per hektar"}]},{"@type":"WebSite","@id":"https:\/\/lightweb.dev\/l\/svm-temp\/#website","url":"https:\/\/lightweb.dev\/l\/svm-temp\/","name":"Svenska Magasinet","description":"Dina Spanska nyheter p&aring; Svenska","publisher":{"@id":"https:\/\/lightweb.dev\/l\/svm-temp\/#organization"},"potentialAction":[{"@type":"SearchAction","target":{"@type":"EntryPoint","urlTemplate":"https:\/\/lightweb.dev\/l\/svm-temp\/?s={search_term_string}"},"query-input":{"@type":"PropertyValueSpecification","valueRequired":true,"valueName":"search_term_string"}}],"inLanguage":"sv-SE"},{"@type":"Organization","@id":"https:\/\/lightweb.dev\/l\/svm-temp\/#organization","name":"Melkerson y Nott SL","alternateName":"Svenska Magasinet","url":"https:\/\/lightweb.dev\/l\/svm-temp\/","logo":{"@type":"ImageObject","inLanguage":"sv-SE","@id":"https:\/\/lightweb.dev\/l\/svm-temp\/#\/schema\/logo\/image\/","url":"https:\/\/lightweb.dev\/l\/svm-temp\/wp-content\/uploads\/2025\/02\/SvM-logo-Xtra-Centrerad-SVART.png","contentUrl":"https:\/\/lightweb.dev\/l\/svm-temp\/wp-content\/uploads\/2025\/02\/SvM-logo-Xtra-Centrerad-SVART.png","width":300,"height":99,"caption":"Melkerson y Nott SL"},"image":{"@id":"https:\/\/lightweb.dev\/l\/svm-temp\/#\/schema\/logo\/image\/"},"sameAs":["https:\/\/www.facebook.com\/svenskamagasinet","https:\/\/x.com\/SvenskaMagasine"]},{"@type":"Person","@id":"https:\/\/lightweb.dev\/l\/svm-temp\/#\/schema\/person\/206a3bda5b607b0c25e1749191e4d837","name":"Redaktionen SvM","description":"Redaktionen","sameAs":["https:\/\/lightweb.dev\/l\/svm-temp"],"url":"https:\/\/lightweb.dev\/l\/svm-temp\/reporter\/redaktionen\/"}]}},"_links":{"self":[{"href":"https:\/\/lightweb.dev\/l\/svm-temp\/wp-json\/wp\/v2\/posts\/23430","targetHints":{"allow":["GET"]}}],"collection":[{"href":"https:\/\/lightweb.dev\/l\/svm-temp\/wp-json\/wp\/v2\/posts"}],"about":[{"href":"https:\/\/lightweb.dev\/l\/svm-temp\/wp-json\/wp\/v2\/types\/post"}],"author":[{"embeddable":true,"href":"https:\/\/lightweb.dev\/l\/svm-temp\/wp-json\/wp\/v2\/users\/8"}],"replies":[{"embeddable":true,"href":"https:\/\/lightweb.dev\/l\/svm-temp\/wp-json\/wp\/v2\/comments?post=23430"}],"version-history":[{"count":0,"href":"https:\/\/lightweb.dev\/l\/svm-temp\/wp-json\/wp\/v2\/posts\/23430\/revisions"}],"wp:featuredmedia":[{"embeddable":true,"href":"https:\/\/lightweb.dev\/l\/svm-temp\/wp-json\/wp\/v2\/media\/23431"}],"wp:attachment":[{"href":"https:\/\/lightweb.dev\/l\/svm-temp\/wp-json\/wp\/v2\/media?parent=23430"}],"wp:term":[{"taxonomy":"category","embeddable":true,"href":"https:\/\/lightweb.dev\/l\/svm-temp\/wp-json\/wp\/v2\/categories?post=23430"},{"taxonomy":"post_tag","embeddable":true,"href":"https:\/\/lightweb.dev\/l\/svm-temp\/wp-json\/wp\/v2\/tags?post=23430"}],"curies":[{"name":"wp","href":"https:\/\/api.w.org\/{rel}","templated":true}]}}