{"id":23440,"date":"2015-10-09T00:00:00","date_gmt":"2015-10-08T22:00:00","guid":{"rendered":"https:\/\/lightweb.dev\/l\/svm-temp\/nyheter\/rester-av-orkanen-joaquin-nar-spanien-till-veckoslutet\/"},"modified":"2015-10-09T00:00:00","modified_gmt":"2015-10-08T22:00:00","slug":"rester-av-orkanen-joaquin-nar-spanien-till-veckoslutet","status":"publish","type":"post","link":"https:\/\/lightweb.dev\/l\/svm-temp\/nyheter\/rester-av-orkanen-joaquin-nar-spanien-till-veckoslutet\/","title":{"rendered":"Rester av orkanen \u201dJoaqu\u00edn\u201d n\u00e5r Spanien till veckoslutet"},"content":{"rendered":"<p> Lastfartyg har g\u00e5tt under i orkanen \u201dJoaqu\u00edn\u201d som nu \u00e4r p\u00e5 v\u00e4g mot Spanien. \u00c4ven om orkanen kommer att klinga av medf\u00f6r rester av orkanen kraftiga regn och vindbyar i framf\u00f6r allt nordv\u00e4stra Spanien.<\/p>\n<p>Spanska v\u00e4derlekstj\u00e4nsten Aemet (Agencia Estatal de Meteorolog\u00eda) kallar veckoslutets v\u00e4der f\u00f6r \u201dex Joaqu\u00edn\u201d, det vill s\u00e4ga rester av orkanen med samma namn som drar in \u00f6ver Iberiska halv\u00f6n mot veckoslutet och k\u00e4nns av mellan l\u00f6rdag f\u00f6rmiddag och s\u00f6ndag f\u00f6rmiddag.<\/p>\n<p>\u201dOrkanen r\u00f6r sig snabbt \u00f6ver Atlanten fr\u00e5n den amerikanska kontinenten och f\u00f6rsvagas p\u00e5 sin v\u00e4g mot Europa\u201d meddelar Aemet.<\/p>\n<p>Orkanen Joaquin har klingat av efter att ha dragit fram \u00f6ver Bahamas och v\u00e4ntas gradvis trappas av d\u00e5 den r\u00f6r sig i nord-nordostlig riktning och kan komma att ber\u00f6ra nordv\u00e4stra Spanien. <\/p>\n","protected":false},"excerpt":{"rendered":"<p>Lastfartyg har g\u00e5tt under i orkanen \u201dJoaqu\u00edn\u201d som nu \u00e4r p\u00e5 v\u00e4g mot Spanien. \u00c4ven om orkanen kommer att klinga av medf\u00f6r rester av orkanen kraftiga regn och vindbyar i framf\u00f6r allt nordv\u00e4stra Spanien. Spanska v\u00e4derlekstj\u00e4nsten Aemet (Agencia Estatal de Meteorolog\u00eda) kallar veckoslutets v\u00e4der f\u00f6r \u201dex Joaqu\u00edn\u201d, det vill s\u00e4ga rester av orkanen med samma [&hellip;]<\/p>\n","protected":false},"author":8,"featured_media":23441,"comment_status":"open","ping_status":"open","sticky":false,"template":"","format":"standard","meta":{"_et_pb_use_builder":"","_et_pb_old_content":"","_et_gb_content_width":"","footnotes":""},"categories":[395,3],"tags":[],"class_list":["post-23440","post","type-post","status-publish","format-standard","has-post-thumbnail","hentry","category-arkiv-nyheter","category-nyheter"],"yoast_head":"<!-- This site is optimized with the Yoast SEO Premium plugin v26.2 (Yoast SEO v27.4) - https:\/\/yoast.com\/product\/yoast-seo-premium-wordpress\/ -->\n<title>Rester av orkanen \u201dJoaqu\u00edn\u201d n\u00e5r Spanien till veckoslutet - Svenska Magasinet<\/title>\n<meta name=\"robots\" content=\"noindex, follow, max-snippet:-1, max-image-preview:large, max-video-preview:-1\" \/>\n<meta property=\"og:locale\" content=\"sv_SE\" \/>\n<meta property=\"og:type\" content=\"article\" \/>\n<meta property=\"og:title\" content=\"Rester av orkanen \u201dJoaqu\u00edn\u201d n\u00e5r Spanien till veckoslutet\" \/>\n<meta property=\"og:description\" content=\"Lastfartyg har g\u00e5tt under i orkanen \u201dJoaqu\u00edn\u201d som nu \u00e4r p\u00e5 v\u00e4g mot Spanien. \u00c4ven om orkanen kommer att klinga av medf\u00f6r rester av orkanen kraftiga regn och vindbyar i framf\u00f6r allt nordv\u00e4stra Spanien. Spanska v\u00e4derlekstj\u00e4nsten Aemet (Agencia Estatal de Meteorolog\u00eda) kallar veckoslutets v\u00e4der f\u00f6r \u201dex Joaqu\u00edn\u201d, det vill s\u00e4ga rester av orkanen med samma [&hellip;]\" \/>\n<meta property=\"og:url\" content=\"https:\/\/lightweb.dev\/l\/svm-temp\/nyheter\/rester-av-orkanen-joaquin-nar-spanien-till-veckoslutet\/\" \/>\n<meta property=\"og:site_name\" content=\"Svenska Magasinet\" \/>\n<meta property=\"article:publisher\" content=\"https:\/\/www.facebook.com\/svenskamagasinet\" \/>\n<meta property=\"article:published_time\" content=\"2015-10-08T22:00:00+00:00\" \/>\n<meta property=\"og:image\" content=\"https:\/\/lightweb.dev\/l\/svm-temp\/wp-content\/uploads\/2022\/06\/rester-av-orkanen-joaquin-nar-spanien-till-veckoslutet.png\" \/>\n\t<meta property=\"og:image:width\" content=\"356\" \/>\n\t<meta property=\"og:image:height\" content=\"200\" \/>\n\t<meta property=\"og:image:type\" content=\"image\/png\" \/>\n<meta name=\"author\" content=\"Redaktionen SvM\" \/>\n<meta name=\"twitter:card\" content=\"summary_large_image\" \/>\n<meta name=\"twitter:creator\" content=\"@SvenskaMagasine\" \/>\n<meta name=\"twitter:site\" content=\"@SvenskaMagasine\" \/>\n<script type=\"application\/ld+json\" class=\"yoast-schema-graph\">{\"@context\":\"https:\\\/\\\/schema.org\",\"@graph\":[{\"@type\":\"Article\",\"@id\":\"https:\\\/\\\/lightweb.dev\\\/l\\\/svm-temp\\\/nyheter\\\/rester-av-orkanen-joaquin-nar-spanien-till-veckoslutet\\\/#article\",\"isPartOf\":{\"@id\":\"https:\\\/\\\/lightweb.dev\\\/l\\\/svm-temp\\\/nyheter\\\/rester-av-orkanen-joaquin-nar-spanien-till-veckoslutet\\\/\"},\"author\":{\"name\":\"Redaktionen SvM\",\"@id\":\"https:\\\/\\\/lightweb.dev\\\/l\\\/svm-temp\\\/#\\\/schema\\\/person\\\/206a3bda5b607b0c25e1749191e4d837\"},\"headline\":\"Rester av orkanen \u201dJoaqu\u00edn\u201d n\u00e5r Spanien till veckoslutet\",\"datePublished\":\"2015-10-08T22:00:00+00:00\",\"mainEntityOfPage\":{\"@id\":\"https:\\\/\\\/lightweb.dev\\\/l\\\/svm-temp\\\/nyheter\\\/rester-av-orkanen-joaquin-nar-spanien-till-veckoslutet\\\/\"},\"wordCount\":160,\"commentCount\":0,\"publisher\":{\"@id\":\"https:\\\/\\\/lightweb.dev\\\/l\\\/svm-temp\\\/#organization\"},\"image\":{\"@id\":\"https:\\\/\\\/lightweb.dev\\\/l\\\/svm-temp\\\/nyheter\\\/rester-av-orkanen-joaquin-nar-spanien-till-veckoslutet\\\/#primaryimage\"},\"thumbnailUrl\":\"https:\\\/\\\/lightweb.dev\\\/l\\\/svm-temp\\\/wp-content\\\/uploads\\\/2022\\\/06\\\/rester-av-orkanen-joaquin-nar-spanien-till-veckoslutet.png\",\"articleSection\":[\"Arkiv\",\"Nyheter\"],\"inLanguage\":\"sv-SE\"},{\"@type\":\"WebPage\",\"@id\":\"https:\\\/\\\/lightweb.dev\\\/l\\\/svm-temp\\\/nyheter\\\/rester-av-orkanen-joaquin-nar-spanien-till-veckoslutet\\\/\",\"url\":\"https:\\\/\\\/lightweb.dev\\\/l\\\/svm-temp\\\/nyheter\\\/rester-av-orkanen-joaquin-nar-spanien-till-veckoslutet\\\/\",\"name\":\"Rester av orkanen \u201dJoaqu\u00edn\u201d n\u00e5r Spanien till veckoslutet - Svenska Magasinet\",\"isPartOf\":{\"@id\":\"https:\\\/\\\/lightweb.dev\\\/l\\\/svm-temp\\\/#website\"},\"primaryImageOfPage\":{\"@id\":\"https:\\\/\\\/lightweb.dev\\\/l\\\/svm-temp\\\/nyheter\\\/rester-av-orkanen-joaquin-nar-spanien-till-veckoslutet\\\/#primaryimage\"},\"image\":{\"@id\":\"https:\\\/\\\/lightweb.dev\\\/l\\\/svm-temp\\\/nyheter\\\/rester-av-orkanen-joaquin-nar-spanien-till-veckoslutet\\\/#primaryimage\"},\"thumbnailUrl\":\"https:\\\/\\\/lightweb.dev\\\/l\\\/svm-temp\\\/wp-content\\\/uploads\\\/2022\\\/06\\\/rester-av-orkanen-joaquin-nar-spanien-till-veckoslutet.png\",\"datePublished\":\"2015-10-08T22:00:00+00:00\",\"breadcrumb\":{\"@id\":\"https:\\\/\\\/lightweb.dev\\\/l\\\/svm-temp\\\/nyheter\\\/rester-av-orkanen-joaquin-nar-spanien-till-veckoslutet\\\/#breadcrumb\"},\"inLanguage\":\"sv-SE\",\"potentialAction\":[{\"@type\":\"ReadAction\",\"target\":[\"https:\\\/\\\/lightweb.dev\\\/l\\\/svm-temp\\\/nyheter\\\/rester-av-orkanen-joaquin-nar-spanien-till-veckoslutet\\\/\"]}]},{\"@type\":\"ImageObject\",\"inLanguage\":\"sv-SE\",\"@id\":\"https:\\\/\\\/lightweb.dev\\\/l\\\/svm-temp\\\/nyheter\\\/rester-av-orkanen-joaquin-nar-spanien-till-veckoslutet\\\/#primaryimage\",\"url\":\"https:\\\/\\\/lightweb.dev\\\/l\\\/svm-temp\\\/wp-content\\\/uploads\\\/2022\\\/06\\\/rester-av-orkanen-joaquin-nar-spanien-till-veckoslutet.png\",\"contentUrl\":\"https:\\\/\\\/lightweb.dev\\\/l\\\/svm-temp\\\/wp-content\\\/uploads\\\/2022\\\/06\\\/rester-av-orkanen-joaquin-nar-spanien-till-veckoslutet.png\",\"width\":356,\"height\":200},{\"@type\":\"BreadcrumbList\",\"@id\":\"https:\\\/\\\/lightweb.dev\\\/l\\\/svm-temp\\\/nyheter\\\/rester-av-orkanen-joaquin-nar-spanien-till-veckoslutet\\\/#breadcrumb\",\"itemListElement\":[{\"@type\":\"ListItem\",\"position\":1,\"name\":\"Hem\",\"item\":\"https:\\\/\\\/lightweb.dev\\\/l\\\/svm-temp\\\/\"},{\"@type\":\"ListItem\",\"position\":2,\"name\":\"Rester av orkanen \u201dJoaqu\u00edn\u201d n\u00e5r Spanien till veckoslutet\"}]},{\"@type\":\"WebSite\",\"@id\":\"https:\\\/\\\/lightweb.dev\\\/l\\\/svm-temp\\\/#website\",\"url\":\"https:\\\/\\\/lightweb.dev\\\/l\\\/svm-temp\\\/\",\"name\":\"Svenska Magasinet\",\"description\":\"Dina Spanska nyheter p&aring; Svenska\",\"publisher\":{\"@id\":\"https:\\\/\\\/lightweb.dev\\\/l\\\/svm-temp\\\/#organization\"},\"potentialAction\":[{\"@type\":\"SearchAction\",\"target\":{\"@type\":\"EntryPoint\",\"urlTemplate\":\"https:\\\/\\\/lightweb.dev\\\/l\\\/svm-temp\\\/?s={search_term_string}\"},\"query-input\":{\"@type\":\"PropertyValueSpecification\",\"valueRequired\":true,\"valueName\":\"search_term_string\"}}],\"inLanguage\":\"sv-SE\"},{\"@type\":\"Organization\",\"@id\":\"https:\\\/\\\/lightweb.dev\\\/l\\\/svm-temp\\\/#organization\",\"name\":\"Melkerson y Nott SL\",\"alternateName\":\"Svenska Magasinet\",\"url\":\"https:\\\/\\\/lightweb.dev\\\/l\\\/svm-temp\\\/\",\"logo\":{\"@type\":\"ImageObject\",\"inLanguage\":\"sv-SE\",\"@id\":\"https:\\\/\\\/lightweb.dev\\\/l\\\/svm-temp\\\/#\\\/schema\\\/logo\\\/image\\\/\",\"url\":\"https:\\\/\\\/lightweb.dev\\\/l\\\/svm-temp\\\/wp-content\\\/uploads\\\/2025\\\/02\\\/SvM-logo-Xtra-Centrerad-SVART.png\",\"contentUrl\":\"https:\\\/\\\/lightweb.dev\\\/l\\\/svm-temp\\\/wp-content\\\/uploads\\\/2025\\\/02\\\/SvM-logo-Xtra-Centrerad-SVART.png\",\"width\":300,\"height\":99,\"caption\":\"Melkerson y Nott SL\"},\"image\":{\"@id\":\"https:\\\/\\\/lightweb.dev\\\/l\\\/svm-temp\\\/#\\\/schema\\\/logo\\\/image\\\/\"},\"sameAs\":[\"https:\\\/\\\/www.facebook.com\\\/svenskamagasinet\",\"https:\\\/\\\/x.com\\\/SvenskaMagasine\"]},{\"@type\":\"Person\",\"@id\":\"https:\\\/\\\/lightweb.dev\\\/l\\\/svm-temp\\\/#\\\/schema\\\/person\\\/206a3bda5b607b0c25e1749191e4d837\",\"name\":\"Redaktionen SvM\",\"description\":\"Redaktionen\",\"sameAs\":[\"https:\\\/\\\/lightweb.dev\\\/l\\\/svm-temp\"],\"url\":\"https:\\\/\\\/lightweb.dev\\\/l\\\/svm-temp\\\/reporter\\\/redaktionen\\\/\"}]}<\/script>\n<!-- \/ Yoast SEO Premium plugin. -->","yoast_head_json":{"title":"Rester av orkanen \u201dJoaqu\u00edn\u201d n\u00e5r Spanien till veckoslutet - Svenska Magasinet","robots":{"index":"noindex","follow":"follow","max-snippet":"max-snippet:-1","max-image-preview":"max-image-preview:large","max-video-preview":"max-video-preview:-1"},"og_locale":"sv_SE","og_type":"article","og_title":"Rester av orkanen \u201dJoaqu\u00edn\u201d n\u00e5r Spanien till veckoslutet","og_description":"Lastfartyg har g\u00e5tt under i orkanen \u201dJoaqu\u00edn\u201d som nu \u00e4r p\u00e5 v\u00e4g mot Spanien. \u00c4ven om orkanen kommer att klinga av medf\u00f6r rester av orkanen kraftiga regn och vindbyar i framf\u00f6r allt nordv\u00e4stra Spanien. Spanska v\u00e4derlekstj\u00e4nsten Aemet (Agencia Estatal de Meteorolog\u00eda) kallar veckoslutets v\u00e4der f\u00f6r \u201dex Joaqu\u00edn\u201d, det vill s\u00e4ga rester av orkanen med samma [&hellip;]","og_url":"https:\/\/lightweb.dev\/l\/svm-temp\/nyheter\/rester-av-orkanen-joaquin-nar-spanien-till-veckoslutet\/","og_site_name":"Svenska Magasinet","article_publisher":"https:\/\/www.facebook.com\/svenskamagasinet","article_published_time":"2015-10-08T22:00:00+00:00","og_image":[{"width":356,"height":200,"url":"https:\/\/lightweb.dev\/l\/svm-temp\/wp-content\/uploads\/2022\/06\/rester-av-orkanen-joaquin-nar-spanien-till-veckoslutet.png","type":"image\/png"}],"author":"Redaktionen SvM","twitter_card":"summary_large_image","twitter_creator":"@SvenskaMagasine","twitter_site":"@SvenskaMagasine","schema":{"@context":"https:\/\/schema.org","@graph":[{"@type":"Article","@id":"https:\/\/lightweb.dev\/l\/svm-temp\/nyheter\/rester-av-orkanen-joaquin-nar-spanien-till-veckoslutet\/#article","isPartOf":{"@id":"https:\/\/lightweb.dev\/l\/svm-temp\/nyheter\/rester-av-orkanen-joaquin-nar-spanien-till-veckoslutet\/"},"author":{"name":"Redaktionen SvM","@id":"https:\/\/lightweb.dev\/l\/svm-temp\/#\/schema\/person\/206a3bda5b607b0c25e1749191e4d837"},"headline":"Rester av orkanen \u201dJoaqu\u00edn\u201d n\u00e5r Spanien till veckoslutet","datePublished":"2015-10-08T22:00:00+00:00","mainEntityOfPage":{"@id":"https:\/\/lightweb.dev\/l\/svm-temp\/nyheter\/rester-av-orkanen-joaquin-nar-spanien-till-veckoslutet\/"},"wordCount":160,"commentCount":0,"publisher":{"@id":"https:\/\/lightweb.dev\/l\/svm-temp\/#organization"},"image":{"@id":"https:\/\/lightweb.dev\/l\/svm-temp\/nyheter\/rester-av-orkanen-joaquin-nar-spanien-till-veckoslutet\/#primaryimage"},"thumbnailUrl":"https:\/\/lightweb.dev\/l\/svm-temp\/wp-content\/uploads\/2022\/06\/rester-av-orkanen-joaquin-nar-spanien-till-veckoslutet.png","articleSection":["Arkiv","Nyheter"],"inLanguage":"sv-SE"},{"@type":"WebPage","@id":"https:\/\/lightweb.dev\/l\/svm-temp\/nyheter\/rester-av-orkanen-joaquin-nar-spanien-till-veckoslutet\/","url":"https:\/\/lightweb.dev\/l\/svm-temp\/nyheter\/rester-av-orkanen-joaquin-nar-spanien-till-veckoslutet\/","name":"Rester av orkanen \u201dJoaqu\u00edn\u201d n\u00e5r Spanien till veckoslutet - Svenska Magasinet","isPartOf":{"@id":"https:\/\/lightweb.dev\/l\/svm-temp\/#website"},"primaryImageOfPage":{"@id":"https:\/\/lightweb.dev\/l\/svm-temp\/nyheter\/rester-av-orkanen-joaquin-nar-spanien-till-veckoslutet\/#primaryimage"},"image":{"@id":"https:\/\/lightweb.dev\/l\/svm-temp\/nyheter\/rester-av-orkanen-joaquin-nar-spanien-till-veckoslutet\/#primaryimage"},"thumbnailUrl":"https:\/\/lightweb.dev\/l\/svm-temp\/wp-content\/uploads\/2022\/06\/rester-av-orkanen-joaquin-nar-spanien-till-veckoslutet.png","datePublished":"2015-10-08T22:00:00+00:00","breadcrumb":{"@id":"https:\/\/lightweb.dev\/l\/svm-temp\/nyheter\/rester-av-orkanen-joaquin-nar-spanien-till-veckoslutet\/#breadcrumb"},"inLanguage":"sv-SE","potentialAction":[{"@type":"ReadAction","target":["https:\/\/lightweb.dev\/l\/svm-temp\/nyheter\/rester-av-orkanen-joaquin-nar-spanien-till-veckoslutet\/"]}]},{"@type":"ImageObject","inLanguage":"sv-SE","@id":"https:\/\/lightweb.dev\/l\/svm-temp\/nyheter\/rester-av-orkanen-joaquin-nar-spanien-till-veckoslutet\/#primaryimage","url":"https:\/\/lightweb.dev\/l\/svm-temp\/wp-content\/uploads\/2022\/06\/rester-av-orkanen-joaquin-nar-spanien-till-veckoslutet.png","contentUrl":"https:\/\/lightweb.dev\/l\/svm-temp\/wp-content\/uploads\/2022\/06\/rester-av-orkanen-joaquin-nar-spanien-till-veckoslutet.png","width":356,"height":200},{"@type":"BreadcrumbList","@id":"https:\/\/lightweb.dev\/l\/svm-temp\/nyheter\/rester-av-orkanen-joaquin-nar-spanien-till-veckoslutet\/#breadcrumb","itemListElement":[{"@type":"ListItem","position":1,"name":"Hem","item":"https:\/\/lightweb.dev\/l\/svm-temp\/"},{"@type":"ListItem","position":2,"name":"Rester av orkanen \u201dJoaqu\u00edn\u201d n\u00e5r Spanien till veckoslutet"}]},{"@type":"WebSite","@id":"https:\/\/lightweb.dev\/l\/svm-temp\/#website","url":"https:\/\/lightweb.dev\/l\/svm-temp\/","name":"Svenska Magasinet","description":"Dina Spanska nyheter p&aring; Svenska","publisher":{"@id":"https:\/\/lightweb.dev\/l\/svm-temp\/#organization"},"potentialAction":[{"@type":"SearchAction","target":{"@type":"EntryPoint","urlTemplate":"https:\/\/lightweb.dev\/l\/svm-temp\/?s={search_term_string}"},"query-input":{"@type":"PropertyValueSpecification","valueRequired":true,"valueName":"search_term_string"}}],"inLanguage":"sv-SE"},{"@type":"Organization","@id":"https:\/\/lightweb.dev\/l\/svm-temp\/#organization","name":"Melkerson y Nott SL","alternateName":"Svenska Magasinet","url":"https:\/\/lightweb.dev\/l\/svm-temp\/","logo":{"@type":"ImageObject","inLanguage":"sv-SE","@id":"https:\/\/lightweb.dev\/l\/svm-temp\/#\/schema\/logo\/image\/","url":"https:\/\/lightweb.dev\/l\/svm-temp\/wp-content\/uploads\/2025\/02\/SvM-logo-Xtra-Centrerad-SVART.png","contentUrl":"https:\/\/lightweb.dev\/l\/svm-temp\/wp-content\/uploads\/2025\/02\/SvM-logo-Xtra-Centrerad-SVART.png","width":300,"height":99,"caption":"Melkerson y Nott SL"},"image":{"@id":"https:\/\/lightweb.dev\/l\/svm-temp\/#\/schema\/logo\/image\/"},"sameAs":["https:\/\/www.facebook.com\/svenskamagasinet","https:\/\/x.com\/SvenskaMagasine"]},{"@type":"Person","@id":"https:\/\/lightweb.dev\/l\/svm-temp\/#\/schema\/person\/206a3bda5b607b0c25e1749191e4d837","name":"Redaktionen SvM","description":"Redaktionen","sameAs":["https:\/\/lightweb.dev\/l\/svm-temp"],"url":"https:\/\/lightweb.dev\/l\/svm-temp\/reporter\/redaktionen\/"}]}},"_links":{"self":[{"href":"https:\/\/lightweb.dev\/l\/svm-temp\/wp-json\/wp\/v2\/posts\/23440","targetHints":{"allow":["GET"]}}],"collection":[{"href":"https:\/\/lightweb.dev\/l\/svm-temp\/wp-json\/wp\/v2\/posts"}],"about":[{"href":"https:\/\/lightweb.dev\/l\/svm-temp\/wp-json\/wp\/v2\/types\/post"}],"author":[{"embeddable":true,"href":"https:\/\/lightweb.dev\/l\/svm-temp\/wp-json\/wp\/v2\/users\/8"}],"replies":[{"embeddable":true,"href":"https:\/\/lightweb.dev\/l\/svm-temp\/wp-json\/wp\/v2\/comments?post=23440"}],"version-history":[{"count":0,"href":"https:\/\/lightweb.dev\/l\/svm-temp\/wp-json\/wp\/v2\/posts\/23440\/revisions"}],"wp:featuredmedia":[{"embeddable":true,"href":"https:\/\/lightweb.dev\/l\/svm-temp\/wp-json\/wp\/v2\/media\/23441"}],"wp:attachment":[{"href":"https:\/\/lightweb.dev\/l\/svm-temp\/wp-json\/wp\/v2\/media?parent=23440"}],"wp:term":[{"taxonomy":"category","embeddable":true,"href":"https:\/\/lightweb.dev\/l\/svm-temp\/wp-json\/wp\/v2\/categories?post=23440"},{"taxonomy":"post_tag","embeddable":true,"href":"https:\/\/lightweb.dev\/l\/svm-temp\/wp-json\/wp\/v2\/tags?post=23440"}],"curies":[{"name":"wp","href":"https:\/\/api.w.org\/{rel}","templated":true}]}}