{"id":23444,"date":"2015-10-08T00:00:00","date_gmt":"2015-10-07T22:00:00","guid":{"rendered":"https:\/\/lightweb.dev\/l\/svm-temp\/nyheter\/kung-felipe-generositet-solidaritet-och-ansvar-behovs-for-att-mota-flyktingkrisen\/"},"modified":"2015-10-08T00:00:00","modified_gmt":"2015-10-07T22:00:00","slug":"kung-felipe-generositet-solidaritet-och-ansvar-behovs-for-att-mota-flyktingkrisen","status":"publish","type":"post","link":"https:\/\/lightweb.dev\/l\/svm-temp\/nyheter\/kung-felipe-generositet-solidaritet-och-ansvar-behovs-for-att-mota-flyktingkrisen\/","title":{"rendered":"Kung Felipe: \u201dGenerositet, solidaritet och ansvar\u201d beh\u00f6vs f\u00f6r att m\u00f6ta flyktingkrisen"},"content":{"rendered":"<p> Nu har kung Felipe VI gjort det som hans far, don Juan Carlos gjorde under sin tid som Spanien kung \u2013 talat i Europaparlamentet. Tv\u00e5 g\u00e5nger framtr\u00e4dde Juan Carlos i parlamentet, 1986, n\u00e5gra m\u00e5nader efter att Spanien g\u00e5tt med i de Europeiska gemenskaperna, samt 1989.<\/p>\n<p>Europeiska unionen b\u00f6r svara p\u00e5 den p\u00e5g\u00e5ende flyktingkrisen genom att visa \u201dgenerositet, solidaritet och ansvar\u201d, sade den spanske kungen Felipe VI n\u00e4r han talade i kammaren p\u00e5 onsdagen.<br \/>\n\u201dJag skulle vilja att Spanien under de kommande \u00e5ren, forts\u00e4tter att bidra med sin passion och sina id\u00e9er, till Europas framg\u00e5ng\u201d, sade Europaparlamentets talman Martin Schulz, vid sitt v\u00e4lkomstanf\u00f6rande.<\/p>\n<p>Den spanske kungen understr\u00f6k det extrema \u201dlidandet f\u00f6r dem som kommer till Europa p\u00e5 flykt fr\u00e5n v\u00e5ld och fanatism\u201d<br \/>\n\u2013 De \u00e4r hundratusentals flyktingar som s\u00f6ker ett hoppets projekt, och som ser unionen som en landyta med fred, v\u00e4lst\u00e5nd och r\u00e4ttvisa, sade han, och lade till:<br \/>\n\u2013 Vi kan inte svika dem.<\/p>\n<p>\u2013 Den h\u00e4r kammaren kan r\u00e4kna med ett lojalt och ansvarstagande Spanien i det europeiska projektet; om ett f\u00f6renat Spanien, stolt \u00f6ver sin m\u00e5ngfald; p\u00e5 ett solidariskt Spanien, med respekt f\u00f6r r\u00e4ttstaten, sade han vidare.<\/p>\n<p>Kung Felipe VI pekade ocks\u00e5 p\u00e5 att Europaparlamentets ledarskap ger en kraftfull injektion till den europeiska integrationen.<br \/>\n\u2013 L\u00e5t oss ha tillit till Europa, l\u00e5t oss ha tillit till oss sj\u00e4lva, sade han enligt pressmeddelandet fr\u00e5n Europaparlamentet. <\/p>\n","protected":false},"excerpt":{"rendered":"<p>Nu har kung Felipe VI gjort det som hans far, don Juan Carlos gjorde under sin tid som Spanien kung \u2013 talat i Europaparlamentet. Tv\u00e5 g\u00e5nger framtr\u00e4dde Juan Carlos i parlamentet, 1986, n\u00e5gra m\u00e5nader efter att Spanien g\u00e5tt med i de Europeiska gemenskaperna, samt 1989. Europeiska unionen b\u00f6r svara p\u00e5 den p\u00e5g\u00e5ende flyktingkrisen genom att [&hellip;]<\/p>\n","protected":false},"author":8,"featured_media":23445,"comment_status":"open","ping_status":"open","sticky":false,"template":"","format":"standard","meta":{"_et_pb_use_builder":"","_et_pb_old_content":"","_et_gb_content_width":"","footnotes":""},"categories":[395,3],"tags":[],"class_list":["post-23444","post","type-post","status-publish","format-standard","has-post-thumbnail","hentry","category-arkiv-nyheter","category-nyheter"],"yoast_head":"<!-- This site is optimized with the Yoast SEO Premium plugin v26.2 (Yoast SEO v27.4) - https:\/\/yoast.com\/product\/yoast-seo-premium-wordpress\/ -->\n<title>Kung Felipe: \u201dGenerositet, solidaritet och ansvar\u201d beh\u00f6vs f\u00f6r att m\u00f6ta flyktingkrisen - Svenska Magasinet<\/title>\n<meta name=\"robots\" content=\"noindex, follow, max-snippet:-1, max-image-preview:large, max-video-preview:-1\" \/>\n<meta property=\"og:locale\" content=\"sv_SE\" \/>\n<meta property=\"og:type\" content=\"article\" \/>\n<meta property=\"og:title\" content=\"Kung Felipe: \u201dGenerositet, solidaritet och ansvar\u201d beh\u00f6vs f\u00f6r att m\u00f6ta flyktingkrisen\" \/>\n<meta property=\"og:description\" content=\"Nu har kung Felipe VI gjort det som hans far, don Juan Carlos gjorde under sin tid som Spanien kung \u2013 talat i Europaparlamentet. Tv\u00e5 g\u00e5nger framtr\u00e4dde Juan Carlos i parlamentet, 1986, n\u00e5gra m\u00e5nader efter att Spanien g\u00e5tt med i de Europeiska gemenskaperna, samt 1989. Europeiska unionen b\u00f6r svara p\u00e5 den p\u00e5g\u00e5ende flyktingkrisen genom att [&hellip;]\" \/>\n<meta property=\"og:url\" content=\"https:\/\/lightweb.dev\/l\/svm-temp\/nyheter\/kung-felipe-generositet-solidaritet-och-ansvar-behovs-for-att-mota-flyktingkrisen\/\" \/>\n<meta property=\"og:site_name\" content=\"Svenska Magasinet\" \/>\n<meta property=\"article:publisher\" content=\"https:\/\/www.facebook.com\/svenskamagasinet\" \/>\n<meta property=\"article:published_time\" content=\"2015-10-07T22:00:00+00:00\" \/>\n<meta property=\"og:image\" content=\"https:\/\/lightweb.dev\/l\/svm-temp\/wp-content\/uploads\/2022\/06\/kung-felipe-generositet-solidaritet-och-ansvar-behovs-for-att-mota-flyktingkrisen.png\" \/>\n\t<meta property=\"og:image:width\" content=\"299\" \/>\n\t<meta property=\"og:image:height\" content=\"200\" \/>\n\t<meta property=\"og:image:type\" content=\"image\/png\" \/>\n<meta name=\"author\" content=\"Redaktionen SvM\" \/>\n<meta name=\"twitter:card\" content=\"summary_large_image\" \/>\n<meta name=\"twitter:creator\" content=\"@SvenskaMagasine\" \/>\n<meta name=\"twitter:site\" content=\"@SvenskaMagasine\" \/>\n<script type=\"application\/ld+json\" class=\"yoast-schema-graph\">{\"@context\":\"https:\\\/\\\/schema.org\",\"@graph\":[{\"@type\":\"Article\",\"@id\":\"https:\\\/\\\/lightweb.dev\\\/l\\\/svm-temp\\\/nyheter\\\/kung-felipe-generositet-solidaritet-och-ansvar-behovs-for-att-mota-flyktingkrisen\\\/#article\",\"isPartOf\":{\"@id\":\"https:\\\/\\\/lightweb.dev\\\/l\\\/svm-temp\\\/nyheter\\\/kung-felipe-generositet-solidaritet-och-ansvar-behovs-for-att-mota-flyktingkrisen\\\/\"},\"author\":{\"name\":\"Redaktionen SvM\",\"@id\":\"https:\\\/\\\/lightweb.dev\\\/l\\\/svm-temp\\\/#\\\/schema\\\/person\\\/206a3bda5b607b0c25e1749191e4d837\"},\"headline\":\"Kung Felipe: \u201dGenerositet, solidaritet och ansvar\u201d beh\u00f6vs f\u00f6r att m\u00f6ta flyktingkrisen\",\"datePublished\":\"2015-10-07T22:00:00+00:00\",\"mainEntityOfPage\":{\"@id\":\"https:\\\/\\\/lightweb.dev\\\/l\\\/svm-temp\\\/nyheter\\\/kung-felipe-generositet-solidaritet-och-ansvar-behovs-for-att-mota-flyktingkrisen\\\/\"},\"wordCount\":265,\"commentCount\":0,\"publisher\":{\"@id\":\"https:\\\/\\\/lightweb.dev\\\/l\\\/svm-temp\\\/#organization\"},\"image\":{\"@id\":\"https:\\\/\\\/lightweb.dev\\\/l\\\/svm-temp\\\/nyheter\\\/kung-felipe-generositet-solidaritet-och-ansvar-behovs-for-att-mota-flyktingkrisen\\\/#primaryimage\"},\"thumbnailUrl\":\"https:\\\/\\\/lightweb.dev\\\/l\\\/svm-temp\\\/wp-content\\\/uploads\\\/2022\\\/06\\\/kung-felipe-generositet-solidaritet-och-ansvar-behovs-for-att-mota-flyktingkrisen.png\",\"articleSection\":[\"Arkiv\",\"Nyheter\"],\"inLanguage\":\"sv-SE\"},{\"@type\":\"WebPage\",\"@id\":\"https:\\\/\\\/lightweb.dev\\\/l\\\/svm-temp\\\/nyheter\\\/kung-felipe-generositet-solidaritet-och-ansvar-behovs-for-att-mota-flyktingkrisen\\\/\",\"url\":\"https:\\\/\\\/lightweb.dev\\\/l\\\/svm-temp\\\/nyheter\\\/kung-felipe-generositet-solidaritet-och-ansvar-behovs-for-att-mota-flyktingkrisen\\\/\",\"name\":\"Kung Felipe: \u201dGenerositet, solidaritet och ansvar\u201d beh\u00f6vs f\u00f6r att m\u00f6ta flyktingkrisen - Svenska Magasinet\",\"isPartOf\":{\"@id\":\"https:\\\/\\\/lightweb.dev\\\/l\\\/svm-temp\\\/#website\"},\"primaryImageOfPage\":{\"@id\":\"https:\\\/\\\/lightweb.dev\\\/l\\\/svm-temp\\\/nyheter\\\/kung-felipe-generositet-solidaritet-och-ansvar-behovs-for-att-mota-flyktingkrisen\\\/#primaryimage\"},\"image\":{\"@id\":\"https:\\\/\\\/lightweb.dev\\\/l\\\/svm-temp\\\/nyheter\\\/kung-felipe-generositet-solidaritet-och-ansvar-behovs-for-att-mota-flyktingkrisen\\\/#primaryimage\"},\"thumbnailUrl\":\"https:\\\/\\\/lightweb.dev\\\/l\\\/svm-temp\\\/wp-content\\\/uploads\\\/2022\\\/06\\\/kung-felipe-generositet-solidaritet-och-ansvar-behovs-for-att-mota-flyktingkrisen.png\",\"datePublished\":\"2015-10-07T22:00:00+00:00\",\"breadcrumb\":{\"@id\":\"https:\\\/\\\/lightweb.dev\\\/l\\\/svm-temp\\\/nyheter\\\/kung-felipe-generositet-solidaritet-och-ansvar-behovs-for-att-mota-flyktingkrisen\\\/#breadcrumb\"},\"inLanguage\":\"sv-SE\",\"potentialAction\":[{\"@type\":\"ReadAction\",\"target\":[\"https:\\\/\\\/lightweb.dev\\\/l\\\/svm-temp\\\/nyheter\\\/kung-felipe-generositet-solidaritet-och-ansvar-behovs-for-att-mota-flyktingkrisen\\\/\"]}]},{\"@type\":\"ImageObject\",\"inLanguage\":\"sv-SE\",\"@id\":\"https:\\\/\\\/lightweb.dev\\\/l\\\/svm-temp\\\/nyheter\\\/kung-felipe-generositet-solidaritet-och-ansvar-behovs-for-att-mota-flyktingkrisen\\\/#primaryimage\",\"url\":\"https:\\\/\\\/lightweb.dev\\\/l\\\/svm-temp\\\/wp-content\\\/uploads\\\/2022\\\/06\\\/kung-felipe-generositet-solidaritet-och-ansvar-behovs-for-att-mota-flyktingkrisen.png\",\"contentUrl\":\"https:\\\/\\\/lightweb.dev\\\/l\\\/svm-temp\\\/wp-content\\\/uploads\\\/2022\\\/06\\\/kung-felipe-generositet-solidaritet-och-ansvar-behovs-for-att-mota-flyktingkrisen.png\",\"width\":299,\"height\":200},{\"@type\":\"BreadcrumbList\",\"@id\":\"https:\\\/\\\/lightweb.dev\\\/l\\\/svm-temp\\\/nyheter\\\/kung-felipe-generositet-solidaritet-och-ansvar-behovs-for-att-mota-flyktingkrisen\\\/#breadcrumb\",\"itemListElement\":[{\"@type\":\"ListItem\",\"position\":1,\"name\":\"Hem\",\"item\":\"https:\\\/\\\/lightweb.dev\\\/l\\\/svm-temp\\\/\"},{\"@type\":\"ListItem\",\"position\":2,\"name\":\"Kung Felipe: \u201dGenerositet, solidaritet och ansvar\u201d beh\u00f6vs f\u00f6r att m\u00f6ta flyktingkrisen\"}]},{\"@type\":\"WebSite\",\"@id\":\"https:\\\/\\\/lightweb.dev\\\/l\\\/svm-temp\\\/#website\",\"url\":\"https:\\\/\\\/lightweb.dev\\\/l\\\/svm-temp\\\/\",\"name\":\"Svenska Magasinet\",\"description\":\"Dina Spanska nyheter p&aring; Svenska\",\"publisher\":{\"@id\":\"https:\\\/\\\/lightweb.dev\\\/l\\\/svm-temp\\\/#organization\"},\"potentialAction\":[{\"@type\":\"SearchAction\",\"target\":{\"@type\":\"EntryPoint\",\"urlTemplate\":\"https:\\\/\\\/lightweb.dev\\\/l\\\/svm-temp\\\/?s={search_term_string}\"},\"query-input\":{\"@type\":\"PropertyValueSpecification\",\"valueRequired\":true,\"valueName\":\"search_term_string\"}}],\"inLanguage\":\"sv-SE\"},{\"@type\":\"Organization\",\"@id\":\"https:\\\/\\\/lightweb.dev\\\/l\\\/svm-temp\\\/#organization\",\"name\":\"Melkerson y Nott SL\",\"alternateName\":\"Svenska Magasinet\",\"url\":\"https:\\\/\\\/lightweb.dev\\\/l\\\/svm-temp\\\/\",\"logo\":{\"@type\":\"ImageObject\",\"inLanguage\":\"sv-SE\",\"@id\":\"https:\\\/\\\/lightweb.dev\\\/l\\\/svm-temp\\\/#\\\/schema\\\/logo\\\/image\\\/\",\"url\":\"https:\\\/\\\/lightweb.dev\\\/l\\\/svm-temp\\\/wp-content\\\/uploads\\\/2025\\\/02\\\/SvM-logo-Xtra-Centrerad-SVART.png\",\"contentUrl\":\"https:\\\/\\\/lightweb.dev\\\/l\\\/svm-temp\\\/wp-content\\\/uploads\\\/2025\\\/02\\\/SvM-logo-Xtra-Centrerad-SVART.png\",\"width\":300,\"height\":99,\"caption\":\"Melkerson y Nott SL\"},\"image\":{\"@id\":\"https:\\\/\\\/lightweb.dev\\\/l\\\/svm-temp\\\/#\\\/schema\\\/logo\\\/image\\\/\"},\"sameAs\":[\"https:\\\/\\\/www.facebook.com\\\/svenskamagasinet\",\"https:\\\/\\\/x.com\\\/SvenskaMagasine\"]},{\"@type\":\"Person\",\"@id\":\"https:\\\/\\\/lightweb.dev\\\/l\\\/svm-temp\\\/#\\\/schema\\\/person\\\/206a3bda5b607b0c25e1749191e4d837\",\"name\":\"Redaktionen SvM\",\"description\":\"Redaktionen\",\"sameAs\":[\"https:\\\/\\\/lightweb.dev\\\/l\\\/svm-temp\"],\"url\":\"https:\\\/\\\/lightweb.dev\\\/l\\\/svm-temp\\\/reporter\\\/redaktionen\\\/\"}]}<\/script>\n<!-- \/ Yoast SEO Premium plugin. -->","yoast_head_json":{"title":"Kung Felipe: \u201dGenerositet, solidaritet och ansvar\u201d beh\u00f6vs f\u00f6r att m\u00f6ta flyktingkrisen - Svenska Magasinet","robots":{"index":"noindex","follow":"follow","max-snippet":"max-snippet:-1","max-image-preview":"max-image-preview:large","max-video-preview":"max-video-preview:-1"},"og_locale":"sv_SE","og_type":"article","og_title":"Kung Felipe: \u201dGenerositet, solidaritet och ansvar\u201d beh\u00f6vs f\u00f6r att m\u00f6ta flyktingkrisen","og_description":"Nu har kung Felipe VI gjort det som hans far, don Juan Carlos gjorde under sin tid som Spanien kung \u2013 talat i Europaparlamentet. Tv\u00e5 g\u00e5nger framtr\u00e4dde Juan Carlos i parlamentet, 1986, n\u00e5gra m\u00e5nader efter att Spanien g\u00e5tt med i de Europeiska gemenskaperna, samt 1989. Europeiska unionen b\u00f6r svara p\u00e5 den p\u00e5g\u00e5ende flyktingkrisen genom att [&hellip;]","og_url":"https:\/\/lightweb.dev\/l\/svm-temp\/nyheter\/kung-felipe-generositet-solidaritet-och-ansvar-behovs-for-att-mota-flyktingkrisen\/","og_site_name":"Svenska Magasinet","article_publisher":"https:\/\/www.facebook.com\/svenskamagasinet","article_published_time":"2015-10-07T22:00:00+00:00","og_image":[{"width":299,"height":200,"url":"https:\/\/lightweb.dev\/l\/svm-temp\/wp-content\/uploads\/2022\/06\/kung-felipe-generositet-solidaritet-och-ansvar-behovs-for-att-mota-flyktingkrisen.png","type":"image\/png"}],"author":"Redaktionen SvM","twitter_card":"summary_large_image","twitter_creator":"@SvenskaMagasine","twitter_site":"@SvenskaMagasine","schema":{"@context":"https:\/\/schema.org","@graph":[{"@type":"Article","@id":"https:\/\/lightweb.dev\/l\/svm-temp\/nyheter\/kung-felipe-generositet-solidaritet-och-ansvar-behovs-for-att-mota-flyktingkrisen\/#article","isPartOf":{"@id":"https:\/\/lightweb.dev\/l\/svm-temp\/nyheter\/kung-felipe-generositet-solidaritet-och-ansvar-behovs-for-att-mota-flyktingkrisen\/"},"author":{"name":"Redaktionen SvM","@id":"https:\/\/lightweb.dev\/l\/svm-temp\/#\/schema\/person\/206a3bda5b607b0c25e1749191e4d837"},"headline":"Kung Felipe: \u201dGenerositet, solidaritet och ansvar\u201d beh\u00f6vs f\u00f6r att m\u00f6ta flyktingkrisen","datePublished":"2015-10-07T22:00:00+00:00","mainEntityOfPage":{"@id":"https:\/\/lightweb.dev\/l\/svm-temp\/nyheter\/kung-felipe-generositet-solidaritet-och-ansvar-behovs-for-att-mota-flyktingkrisen\/"},"wordCount":265,"commentCount":0,"publisher":{"@id":"https:\/\/lightweb.dev\/l\/svm-temp\/#organization"},"image":{"@id":"https:\/\/lightweb.dev\/l\/svm-temp\/nyheter\/kung-felipe-generositet-solidaritet-och-ansvar-behovs-for-att-mota-flyktingkrisen\/#primaryimage"},"thumbnailUrl":"https:\/\/lightweb.dev\/l\/svm-temp\/wp-content\/uploads\/2022\/06\/kung-felipe-generositet-solidaritet-och-ansvar-behovs-for-att-mota-flyktingkrisen.png","articleSection":["Arkiv","Nyheter"],"inLanguage":"sv-SE"},{"@type":"WebPage","@id":"https:\/\/lightweb.dev\/l\/svm-temp\/nyheter\/kung-felipe-generositet-solidaritet-och-ansvar-behovs-for-att-mota-flyktingkrisen\/","url":"https:\/\/lightweb.dev\/l\/svm-temp\/nyheter\/kung-felipe-generositet-solidaritet-och-ansvar-behovs-for-att-mota-flyktingkrisen\/","name":"Kung Felipe: \u201dGenerositet, solidaritet och ansvar\u201d beh\u00f6vs f\u00f6r att m\u00f6ta flyktingkrisen - Svenska Magasinet","isPartOf":{"@id":"https:\/\/lightweb.dev\/l\/svm-temp\/#website"},"primaryImageOfPage":{"@id":"https:\/\/lightweb.dev\/l\/svm-temp\/nyheter\/kung-felipe-generositet-solidaritet-och-ansvar-behovs-for-att-mota-flyktingkrisen\/#primaryimage"},"image":{"@id":"https:\/\/lightweb.dev\/l\/svm-temp\/nyheter\/kung-felipe-generositet-solidaritet-och-ansvar-behovs-for-att-mota-flyktingkrisen\/#primaryimage"},"thumbnailUrl":"https:\/\/lightweb.dev\/l\/svm-temp\/wp-content\/uploads\/2022\/06\/kung-felipe-generositet-solidaritet-och-ansvar-behovs-for-att-mota-flyktingkrisen.png","datePublished":"2015-10-07T22:00:00+00:00","breadcrumb":{"@id":"https:\/\/lightweb.dev\/l\/svm-temp\/nyheter\/kung-felipe-generositet-solidaritet-och-ansvar-behovs-for-att-mota-flyktingkrisen\/#breadcrumb"},"inLanguage":"sv-SE","potentialAction":[{"@type":"ReadAction","target":["https:\/\/lightweb.dev\/l\/svm-temp\/nyheter\/kung-felipe-generositet-solidaritet-och-ansvar-behovs-for-att-mota-flyktingkrisen\/"]}]},{"@type":"ImageObject","inLanguage":"sv-SE","@id":"https:\/\/lightweb.dev\/l\/svm-temp\/nyheter\/kung-felipe-generositet-solidaritet-och-ansvar-behovs-for-att-mota-flyktingkrisen\/#primaryimage","url":"https:\/\/lightweb.dev\/l\/svm-temp\/wp-content\/uploads\/2022\/06\/kung-felipe-generositet-solidaritet-och-ansvar-behovs-for-att-mota-flyktingkrisen.png","contentUrl":"https:\/\/lightweb.dev\/l\/svm-temp\/wp-content\/uploads\/2022\/06\/kung-felipe-generositet-solidaritet-och-ansvar-behovs-for-att-mota-flyktingkrisen.png","width":299,"height":200},{"@type":"BreadcrumbList","@id":"https:\/\/lightweb.dev\/l\/svm-temp\/nyheter\/kung-felipe-generositet-solidaritet-och-ansvar-behovs-for-att-mota-flyktingkrisen\/#breadcrumb","itemListElement":[{"@type":"ListItem","position":1,"name":"Hem","item":"https:\/\/lightweb.dev\/l\/svm-temp\/"},{"@type":"ListItem","position":2,"name":"Kung Felipe: \u201dGenerositet, solidaritet och ansvar\u201d beh\u00f6vs f\u00f6r att m\u00f6ta flyktingkrisen"}]},{"@type":"WebSite","@id":"https:\/\/lightweb.dev\/l\/svm-temp\/#website","url":"https:\/\/lightweb.dev\/l\/svm-temp\/","name":"Svenska Magasinet","description":"Dina Spanska nyheter p&aring; Svenska","publisher":{"@id":"https:\/\/lightweb.dev\/l\/svm-temp\/#organization"},"potentialAction":[{"@type":"SearchAction","target":{"@type":"EntryPoint","urlTemplate":"https:\/\/lightweb.dev\/l\/svm-temp\/?s={search_term_string}"},"query-input":{"@type":"PropertyValueSpecification","valueRequired":true,"valueName":"search_term_string"}}],"inLanguage":"sv-SE"},{"@type":"Organization","@id":"https:\/\/lightweb.dev\/l\/svm-temp\/#organization","name":"Melkerson y Nott SL","alternateName":"Svenska Magasinet","url":"https:\/\/lightweb.dev\/l\/svm-temp\/","logo":{"@type":"ImageObject","inLanguage":"sv-SE","@id":"https:\/\/lightweb.dev\/l\/svm-temp\/#\/schema\/logo\/image\/","url":"https:\/\/lightweb.dev\/l\/svm-temp\/wp-content\/uploads\/2025\/02\/SvM-logo-Xtra-Centrerad-SVART.png","contentUrl":"https:\/\/lightweb.dev\/l\/svm-temp\/wp-content\/uploads\/2025\/02\/SvM-logo-Xtra-Centrerad-SVART.png","width":300,"height":99,"caption":"Melkerson y Nott SL"},"image":{"@id":"https:\/\/lightweb.dev\/l\/svm-temp\/#\/schema\/logo\/image\/"},"sameAs":["https:\/\/www.facebook.com\/svenskamagasinet","https:\/\/x.com\/SvenskaMagasine"]},{"@type":"Person","@id":"https:\/\/lightweb.dev\/l\/svm-temp\/#\/schema\/person\/206a3bda5b607b0c25e1749191e4d837","name":"Redaktionen SvM","description":"Redaktionen","sameAs":["https:\/\/lightweb.dev\/l\/svm-temp"],"url":"https:\/\/lightweb.dev\/l\/svm-temp\/reporter\/redaktionen\/"}]}},"_links":{"self":[{"href":"https:\/\/lightweb.dev\/l\/svm-temp\/wp-json\/wp\/v2\/posts\/23444","targetHints":{"allow":["GET"]}}],"collection":[{"href":"https:\/\/lightweb.dev\/l\/svm-temp\/wp-json\/wp\/v2\/posts"}],"about":[{"href":"https:\/\/lightweb.dev\/l\/svm-temp\/wp-json\/wp\/v2\/types\/post"}],"author":[{"embeddable":true,"href":"https:\/\/lightweb.dev\/l\/svm-temp\/wp-json\/wp\/v2\/users\/8"}],"replies":[{"embeddable":true,"href":"https:\/\/lightweb.dev\/l\/svm-temp\/wp-json\/wp\/v2\/comments?post=23444"}],"version-history":[{"count":0,"href":"https:\/\/lightweb.dev\/l\/svm-temp\/wp-json\/wp\/v2\/posts\/23444\/revisions"}],"wp:featuredmedia":[{"embeddable":true,"href":"https:\/\/lightweb.dev\/l\/svm-temp\/wp-json\/wp\/v2\/media\/23445"}],"wp:attachment":[{"href":"https:\/\/lightweb.dev\/l\/svm-temp\/wp-json\/wp\/v2\/media?parent=23444"}],"wp:term":[{"taxonomy":"category","embeddable":true,"href":"https:\/\/lightweb.dev\/l\/svm-temp\/wp-json\/wp\/v2\/categories?post=23444"},{"taxonomy":"post_tag","embeddable":true,"href":"https:\/\/lightweb.dev\/l\/svm-temp\/wp-json\/wp\/v2\/tags?post=23444"}],"curies":[{"name":"wp","href":"https:\/\/api.w.org\/{rel}","templated":true}]}}