{"id":23446,"date":"2015-10-08T00:00:00","date_gmt":"2015-10-07T22:00:00","guid":{"rendered":"https:\/\/lightweb.dev\/l\/svm-temp\/nyheter\/oklart-om-spanien-foljer-budgetmal-beslut-nasta-vecka\/"},"modified":"2015-10-08T00:00:00","modified_gmt":"2015-10-07T22:00:00","slug":"oklart-om-spanien-foljer-budgetmal-beslut-nasta-vecka","status":"publish","type":"post","link":"https:\/\/lightweb.dev\/l\/svm-temp\/nyheter\/oklart-om-spanien-foljer-budgetmal-beslut-nasta-vecka\/","title":{"rendered":"Oklart om Spanien f\u00f6ljer budgetm\u00e5l \u2013 beslut n\u00e4sta vecka"},"content":{"rendered":"<p> Ett tidigt uttalande av den franske socialisten Pierre Moscovici att Spanien riskerar att bryta mot EU:s budgetregler har retat upp EU-kommissionen som s\u00e4ger att mer tid beh\u00f6vs f\u00f6r att granska den spanska budgeten. Det sade kommissionens chefstalesman Margaritis Schinas vid en pressbriefing p\u00e5 onsdagen.<\/p>\n<p>Kommissionens ordf\u00f6rande Jean-Claude Juncker anser att mer tid beh\u00f6vs och avf\u00e4rdar rapporten fr\u00e5n Pierre Moscovici. Ett beslutet kan fattas f\u00f6rst n\u00e4sta vecka n\u00e4r kommission\u00e4rerna har m\u00f6te.<\/p>\n<p>Det var vid m\u00e5ndagens eurogruppsm\u00f6tet som ekonomikommission\u00e4ren och den franske socialisten Pierre Moscovici sa att kommissionen p\u00e5 tisdagen skulle besluta att Spaniens budgetproposition f\u00f6r 2016 inte f\u00f6ljer de budgetm\u00e5l som EU har satt upp f\u00f6r Spanien. D\u00e4rf\u00f6r b\u00f6r Spanien genomf\u00f6ra \u00e5rets budget strikt och vidta nya \u00e5tg\u00e4rder f\u00f6r n\u00e4sta \u00e5r, enligt Moscovici.<\/p>\n<p>Enligt Financial Times fanns inga inv\u00e4ndningar i substans inom kommissionen mot bed\u00f6mningen av den spanska budgetpropositionen. Spanien har l\u00e4mnat in sin proposition l\u00e5ngt f\u00f6re tidgr\u00e4nsen den 15 oktober f\u00f6r att f\u00e5 ett omd\u00f6me f\u00f6re valet i december.<\/p>\n<p>Den tyske finansministern Wolfgang Sch\u00e4uble har nu l\u00e4xat upp Moscovici och kritiserat honom f\u00f6r dennes f\u00f6r tidiga uttalande.<\/p>\n<p>Enligt spanska medier skulle eventuella brister i budgeten h\u00e4rledas till regionerna som l\u00e4mnat otillr\u00e4ckliga uppgifter och att vissa regioner i Spanien som Madrid uppvisar en tveksam optimism. <\/p>\n","protected":false},"excerpt":{"rendered":"<p>Ett tidigt uttalande av den franske socialisten Pierre Moscovici att Spanien riskerar att bryta mot EU:s budgetregler har retat upp EU-kommissionen som s\u00e4ger att mer tid beh\u00f6vs f\u00f6r att granska den spanska budgeten. Det sade kommissionens chefstalesman Margaritis Schinas vid en pressbriefing p\u00e5 onsdagen. Kommissionens ordf\u00f6rande Jean-Claude Juncker anser att mer tid beh\u00f6vs och avf\u00e4rdar [&hellip;]<\/p>\n","protected":false},"author":8,"featured_media":23447,"comment_status":"open","ping_status":"open","sticky":false,"template":"","format":"standard","meta":{"_et_pb_use_builder":"","_et_pb_old_content":"","_et_gb_content_width":"","footnotes":""},"categories":[395,3],"tags":[],"class_list":["post-23446","post","type-post","status-publish","format-standard","has-post-thumbnail","hentry","category-arkiv-nyheter","category-nyheter"],"yoast_head":"<!-- This site is optimized with the Yoast SEO Premium plugin v26.2 (Yoast SEO v27.4) - https:\/\/yoast.com\/product\/yoast-seo-premium-wordpress\/ -->\n<title>Oklart om Spanien f\u00f6ljer budgetm\u00e5l \u2013 beslut n\u00e4sta vecka - Svenska Magasinet<\/title>\n<meta name=\"robots\" content=\"noindex, follow, max-snippet:-1, max-image-preview:large, max-video-preview:-1\" \/>\n<meta property=\"og:locale\" content=\"sv_SE\" \/>\n<meta property=\"og:type\" content=\"article\" \/>\n<meta property=\"og:title\" content=\"Oklart om Spanien f\u00f6ljer budgetm\u00e5l \u2013 beslut n\u00e4sta vecka\" \/>\n<meta property=\"og:description\" content=\"Ett tidigt uttalande av den franske socialisten Pierre Moscovici att Spanien riskerar att bryta mot EU:s budgetregler har retat upp EU-kommissionen som s\u00e4ger att mer tid beh\u00f6vs f\u00f6r att granska den spanska budgeten. Det sade kommissionens chefstalesman Margaritis Schinas vid en pressbriefing p\u00e5 onsdagen. Kommissionens ordf\u00f6rande Jean-Claude Juncker anser att mer tid beh\u00f6vs och avf\u00e4rdar [&hellip;]\" \/>\n<meta property=\"og:url\" content=\"https:\/\/lightweb.dev\/l\/svm-temp\/nyheter\/oklart-om-spanien-foljer-budgetmal-beslut-nasta-vecka\/\" \/>\n<meta property=\"og:site_name\" content=\"Svenska Magasinet\" \/>\n<meta property=\"article:publisher\" content=\"https:\/\/www.facebook.com\/svenskamagasinet\" \/>\n<meta property=\"article:published_time\" content=\"2015-10-07T22:00:00+00:00\" \/>\n<meta property=\"og:image\" content=\"https:\/\/lightweb.dev\/l\/svm-temp\/wp-content\/uploads\/2022\/06\/oklart-om-spanien-foljer-budgetmal-beslut-nasta-vecka.png\" \/>\n\t<meta property=\"og:image:width\" content=\"354\" \/>\n\t<meta property=\"og:image:height\" content=\"200\" \/>\n\t<meta property=\"og:image:type\" content=\"image\/png\" \/>\n<meta name=\"author\" content=\"Redaktionen SvM\" \/>\n<meta name=\"twitter:card\" content=\"summary_large_image\" \/>\n<meta name=\"twitter:creator\" content=\"@SvenskaMagasine\" \/>\n<meta name=\"twitter:site\" content=\"@SvenskaMagasine\" \/>\n<script type=\"application\/ld+json\" class=\"yoast-schema-graph\">{\"@context\":\"https:\\\/\\\/schema.org\",\"@graph\":[{\"@type\":\"Article\",\"@id\":\"https:\\\/\\\/lightweb.dev\\\/l\\\/svm-temp\\\/nyheter\\\/oklart-om-spanien-foljer-budgetmal-beslut-nasta-vecka\\\/#article\",\"isPartOf\":{\"@id\":\"https:\\\/\\\/lightweb.dev\\\/l\\\/svm-temp\\\/nyheter\\\/oklart-om-spanien-foljer-budgetmal-beslut-nasta-vecka\\\/\"},\"author\":{\"name\":\"Redaktionen SvM\",\"@id\":\"https:\\\/\\\/lightweb.dev\\\/l\\\/svm-temp\\\/#\\\/schema\\\/person\\\/206a3bda5b607b0c25e1749191e4d837\"},\"headline\":\"Oklart om Spanien f\u00f6ljer budgetm\u00e5l \u2013 beslut n\u00e4sta vecka\",\"datePublished\":\"2015-10-07T22:00:00+00:00\",\"mainEntityOfPage\":{\"@id\":\"https:\\\/\\\/lightweb.dev\\\/l\\\/svm-temp\\\/nyheter\\\/oklart-om-spanien-foljer-budgetmal-beslut-nasta-vecka\\\/\"},\"wordCount\":256,\"commentCount\":0,\"publisher\":{\"@id\":\"https:\\\/\\\/lightweb.dev\\\/l\\\/svm-temp\\\/#organization\"},\"image\":{\"@id\":\"https:\\\/\\\/lightweb.dev\\\/l\\\/svm-temp\\\/nyheter\\\/oklart-om-spanien-foljer-budgetmal-beslut-nasta-vecka\\\/#primaryimage\"},\"thumbnailUrl\":\"https:\\\/\\\/lightweb.dev\\\/l\\\/svm-temp\\\/wp-content\\\/uploads\\\/2022\\\/06\\\/oklart-om-spanien-foljer-budgetmal-beslut-nasta-vecka.png\",\"articleSection\":[\"Arkiv\",\"Nyheter\"],\"inLanguage\":\"sv-SE\"},{\"@type\":\"WebPage\",\"@id\":\"https:\\\/\\\/lightweb.dev\\\/l\\\/svm-temp\\\/nyheter\\\/oklart-om-spanien-foljer-budgetmal-beslut-nasta-vecka\\\/\",\"url\":\"https:\\\/\\\/lightweb.dev\\\/l\\\/svm-temp\\\/nyheter\\\/oklart-om-spanien-foljer-budgetmal-beslut-nasta-vecka\\\/\",\"name\":\"Oklart om Spanien f\u00f6ljer budgetm\u00e5l \u2013 beslut n\u00e4sta vecka - Svenska Magasinet\",\"isPartOf\":{\"@id\":\"https:\\\/\\\/lightweb.dev\\\/l\\\/svm-temp\\\/#website\"},\"primaryImageOfPage\":{\"@id\":\"https:\\\/\\\/lightweb.dev\\\/l\\\/svm-temp\\\/nyheter\\\/oklart-om-spanien-foljer-budgetmal-beslut-nasta-vecka\\\/#primaryimage\"},\"image\":{\"@id\":\"https:\\\/\\\/lightweb.dev\\\/l\\\/svm-temp\\\/nyheter\\\/oklart-om-spanien-foljer-budgetmal-beslut-nasta-vecka\\\/#primaryimage\"},\"thumbnailUrl\":\"https:\\\/\\\/lightweb.dev\\\/l\\\/svm-temp\\\/wp-content\\\/uploads\\\/2022\\\/06\\\/oklart-om-spanien-foljer-budgetmal-beslut-nasta-vecka.png\",\"datePublished\":\"2015-10-07T22:00:00+00:00\",\"breadcrumb\":{\"@id\":\"https:\\\/\\\/lightweb.dev\\\/l\\\/svm-temp\\\/nyheter\\\/oklart-om-spanien-foljer-budgetmal-beslut-nasta-vecka\\\/#breadcrumb\"},\"inLanguage\":\"sv-SE\",\"potentialAction\":[{\"@type\":\"ReadAction\",\"target\":[\"https:\\\/\\\/lightweb.dev\\\/l\\\/svm-temp\\\/nyheter\\\/oklart-om-spanien-foljer-budgetmal-beslut-nasta-vecka\\\/\"]}]},{\"@type\":\"ImageObject\",\"inLanguage\":\"sv-SE\",\"@id\":\"https:\\\/\\\/lightweb.dev\\\/l\\\/svm-temp\\\/nyheter\\\/oklart-om-spanien-foljer-budgetmal-beslut-nasta-vecka\\\/#primaryimage\",\"url\":\"https:\\\/\\\/lightweb.dev\\\/l\\\/svm-temp\\\/wp-content\\\/uploads\\\/2022\\\/06\\\/oklart-om-spanien-foljer-budgetmal-beslut-nasta-vecka.png\",\"contentUrl\":\"https:\\\/\\\/lightweb.dev\\\/l\\\/svm-temp\\\/wp-content\\\/uploads\\\/2022\\\/06\\\/oklart-om-spanien-foljer-budgetmal-beslut-nasta-vecka.png\",\"width\":354,\"height\":200},{\"@type\":\"BreadcrumbList\",\"@id\":\"https:\\\/\\\/lightweb.dev\\\/l\\\/svm-temp\\\/nyheter\\\/oklart-om-spanien-foljer-budgetmal-beslut-nasta-vecka\\\/#breadcrumb\",\"itemListElement\":[{\"@type\":\"ListItem\",\"position\":1,\"name\":\"Hem\",\"item\":\"https:\\\/\\\/lightweb.dev\\\/l\\\/svm-temp\\\/\"},{\"@type\":\"ListItem\",\"position\":2,\"name\":\"Oklart om Spanien f\u00f6ljer budgetm\u00e5l \u2013 beslut n\u00e4sta vecka\"}]},{\"@type\":\"WebSite\",\"@id\":\"https:\\\/\\\/lightweb.dev\\\/l\\\/svm-temp\\\/#website\",\"url\":\"https:\\\/\\\/lightweb.dev\\\/l\\\/svm-temp\\\/\",\"name\":\"Svenska Magasinet\",\"description\":\"Dina Spanska nyheter p&aring; Svenska\",\"publisher\":{\"@id\":\"https:\\\/\\\/lightweb.dev\\\/l\\\/svm-temp\\\/#organization\"},\"potentialAction\":[{\"@type\":\"SearchAction\",\"target\":{\"@type\":\"EntryPoint\",\"urlTemplate\":\"https:\\\/\\\/lightweb.dev\\\/l\\\/svm-temp\\\/?s={search_term_string}\"},\"query-input\":{\"@type\":\"PropertyValueSpecification\",\"valueRequired\":true,\"valueName\":\"search_term_string\"}}],\"inLanguage\":\"sv-SE\"},{\"@type\":\"Organization\",\"@id\":\"https:\\\/\\\/lightweb.dev\\\/l\\\/svm-temp\\\/#organization\",\"name\":\"Melkerson y Nott SL\",\"alternateName\":\"Svenska Magasinet\",\"url\":\"https:\\\/\\\/lightweb.dev\\\/l\\\/svm-temp\\\/\",\"logo\":{\"@type\":\"ImageObject\",\"inLanguage\":\"sv-SE\",\"@id\":\"https:\\\/\\\/lightweb.dev\\\/l\\\/svm-temp\\\/#\\\/schema\\\/logo\\\/image\\\/\",\"url\":\"https:\\\/\\\/lightweb.dev\\\/l\\\/svm-temp\\\/wp-content\\\/uploads\\\/2025\\\/02\\\/SvM-logo-Xtra-Centrerad-SVART.png\",\"contentUrl\":\"https:\\\/\\\/lightweb.dev\\\/l\\\/svm-temp\\\/wp-content\\\/uploads\\\/2025\\\/02\\\/SvM-logo-Xtra-Centrerad-SVART.png\",\"width\":300,\"height\":99,\"caption\":\"Melkerson y Nott SL\"},\"image\":{\"@id\":\"https:\\\/\\\/lightweb.dev\\\/l\\\/svm-temp\\\/#\\\/schema\\\/logo\\\/image\\\/\"},\"sameAs\":[\"https:\\\/\\\/www.facebook.com\\\/svenskamagasinet\",\"https:\\\/\\\/x.com\\\/SvenskaMagasine\"]},{\"@type\":\"Person\",\"@id\":\"https:\\\/\\\/lightweb.dev\\\/l\\\/svm-temp\\\/#\\\/schema\\\/person\\\/206a3bda5b607b0c25e1749191e4d837\",\"name\":\"Redaktionen SvM\",\"description\":\"Redaktionen\",\"sameAs\":[\"https:\\\/\\\/lightweb.dev\\\/l\\\/svm-temp\"],\"url\":\"https:\\\/\\\/lightweb.dev\\\/l\\\/svm-temp\\\/reporter\\\/redaktionen\\\/\"}]}<\/script>\n<!-- \/ Yoast SEO Premium plugin. -->","yoast_head_json":{"title":"Oklart om Spanien f\u00f6ljer budgetm\u00e5l \u2013 beslut n\u00e4sta vecka - Svenska Magasinet","robots":{"index":"noindex","follow":"follow","max-snippet":"max-snippet:-1","max-image-preview":"max-image-preview:large","max-video-preview":"max-video-preview:-1"},"og_locale":"sv_SE","og_type":"article","og_title":"Oklart om Spanien f\u00f6ljer budgetm\u00e5l \u2013 beslut n\u00e4sta vecka","og_description":"Ett tidigt uttalande av den franske socialisten Pierre Moscovici att Spanien riskerar att bryta mot EU:s budgetregler har retat upp EU-kommissionen som s\u00e4ger att mer tid beh\u00f6vs f\u00f6r att granska den spanska budgeten. Det sade kommissionens chefstalesman Margaritis Schinas vid en pressbriefing p\u00e5 onsdagen. Kommissionens ordf\u00f6rande Jean-Claude Juncker anser att mer tid beh\u00f6vs och avf\u00e4rdar [&hellip;]","og_url":"https:\/\/lightweb.dev\/l\/svm-temp\/nyheter\/oklart-om-spanien-foljer-budgetmal-beslut-nasta-vecka\/","og_site_name":"Svenska Magasinet","article_publisher":"https:\/\/www.facebook.com\/svenskamagasinet","article_published_time":"2015-10-07T22:00:00+00:00","og_image":[{"width":354,"height":200,"url":"https:\/\/lightweb.dev\/l\/svm-temp\/wp-content\/uploads\/2022\/06\/oklart-om-spanien-foljer-budgetmal-beslut-nasta-vecka.png","type":"image\/png"}],"author":"Redaktionen SvM","twitter_card":"summary_large_image","twitter_creator":"@SvenskaMagasine","twitter_site":"@SvenskaMagasine","schema":{"@context":"https:\/\/schema.org","@graph":[{"@type":"Article","@id":"https:\/\/lightweb.dev\/l\/svm-temp\/nyheter\/oklart-om-spanien-foljer-budgetmal-beslut-nasta-vecka\/#article","isPartOf":{"@id":"https:\/\/lightweb.dev\/l\/svm-temp\/nyheter\/oklart-om-spanien-foljer-budgetmal-beslut-nasta-vecka\/"},"author":{"name":"Redaktionen SvM","@id":"https:\/\/lightweb.dev\/l\/svm-temp\/#\/schema\/person\/206a3bda5b607b0c25e1749191e4d837"},"headline":"Oklart om Spanien f\u00f6ljer budgetm\u00e5l \u2013 beslut n\u00e4sta vecka","datePublished":"2015-10-07T22:00:00+00:00","mainEntityOfPage":{"@id":"https:\/\/lightweb.dev\/l\/svm-temp\/nyheter\/oklart-om-spanien-foljer-budgetmal-beslut-nasta-vecka\/"},"wordCount":256,"commentCount":0,"publisher":{"@id":"https:\/\/lightweb.dev\/l\/svm-temp\/#organization"},"image":{"@id":"https:\/\/lightweb.dev\/l\/svm-temp\/nyheter\/oklart-om-spanien-foljer-budgetmal-beslut-nasta-vecka\/#primaryimage"},"thumbnailUrl":"https:\/\/lightweb.dev\/l\/svm-temp\/wp-content\/uploads\/2022\/06\/oklart-om-spanien-foljer-budgetmal-beslut-nasta-vecka.png","articleSection":["Arkiv","Nyheter"],"inLanguage":"sv-SE"},{"@type":"WebPage","@id":"https:\/\/lightweb.dev\/l\/svm-temp\/nyheter\/oklart-om-spanien-foljer-budgetmal-beslut-nasta-vecka\/","url":"https:\/\/lightweb.dev\/l\/svm-temp\/nyheter\/oklart-om-spanien-foljer-budgetmal-beslut-nasta-vecka\/","name":"Oklart om Spanien f\u00f6ljer budgetm\u00e5l \u2013 beslut n\u00e4sta vecka - Svenska Magasinet","isPartOf":{"@id":"https:\/\/lightweb.dev\/l\/svm-temp\/#website"},"primaryImageOfPage":{"@id":"https:\/\/lightweb.dev\/l\/svm-temp\/nyheter\/oklart-om-spanien-foljer-budgetmal-beslut-nasta-vecka\/#primaryimage"},"image":{"@id":"https:\/\/lightweb.dev\/l\/svm-temp\/nyheter\/oklart-om-spanien-foljer-budgetmal-beslut-nasta-vecka\/#primaryimage"},"thumbnailUrl":"https:\/\/lightweb.dev\/l\/svm-temp\/wp-content\/uploads\/2022\/06\/oklart-om-spanien-foljer-budgetmal-beslut-nasta-vecka.png","datePublished":"2015-10-07T22:00:00+00:00","breadcrumb":{"@id":"https:\/\/lightweb.dev\/l\/svm-temp\/nyheter\/oklart-om-spanien-foljer-budgetmal-beslut-nasta-vecka\/#breadcrumb"},"inLanguage":"sv-SE","potentialAction":[{"@type":"ReadAction","target":["https:\/\/lightweb.dev\/l\/svm-temp\/nyheter\/oklart-om-spanien-foljer-budgetmal-beslut-nasta-vecka\/"]}]},{"@type":"ImageObject","inLanguage":"sv-SE","@id":"https:\/\/lightweb.dev\/l\/svm-temp\/nyheter\/oklart-om-spanien-foljer-budgetmal-beslut-nasta-vecka\/#primaryimage","url":"https:\/\/lightweb.dev\/l\/svm-temp\/wp-content\/uploads\/2022\/06\/oklart-om-spanien-foljer-budgetmal-beslut-nasta-vecka.png","contentUrl":"https:\/\/lightweb.dev\/l\/svm-temp\/wp-content\/uploads\/2022\/06\/oklart-om-spanien-foljer-budgetmal-beslut-nasta-vecka.png","width":354,"height":200},{"@type":"BreadcrumbList","@id":"https:\/\/lightweb.dev\/l\/svm-temp\/nyheter\/oklart-om-spanien-foljer-budgetmal-beslut-nasta-vecka\/#breadcrumb","itemListElement":[{"@type":"ListItem","position":1,"name":"Hem","item":"https:\/\/lightweb.dev\/l\/svm-temp\/"},{"@type":"ListItem","position":2,"name":"Oklart om Spanien f\u00f6ljer budgetm\u00e5l \u2013 beslut n\u00e4sta vecka"}]},{"@type":"WebSite","@id":"https:\/\/lightweb.dev\/l\/svm-temp\/#website","url":"https:\/\/lightweb.dev\/l\/svm-temp\/","name":"Svenska Magasinet","description":"Dina Spanska nyheter p&aring; Svenska","publisher":{"@id":"https:\/\/lightweb.dev\/l\/svm-temp\/#organization"},"potentialAction":[{"@type":"SearchAction","target":{"@type":"EntryPoint","urlTemplate":"https:\/\/lightweb.dev\/l\/svm-temp\/?s={search_term_string}"},"query-input":{"@type":"PropertyValueSpecification","valueRequired":true,"valueName":"search_term_string"}}],"inLanguage":"sv-SE"},{"@type":"Organization","@id":"https:\/\/lightweb.dev\/l\/svm-temp\/#organization","name":"Melkerson y Nott SL","alternateName":"Svenska Magasinet","url":"https:\/\/lightweb.dev\/l\/svm-temp\/","logo":{"@type":"ImageObject","inLanguage":"sv-SE","@id":"https:\/\/lightweb.dev\/l\/svm-temp\/#\/schema\/logo\/image\/","url":"https:\/\/lightweb.dev\/l\/svm-temp\/wp-content\/uploads\/2025\/02\/SvM-logo-Xtra-Centrerad-SVART.png","contentUrl":"https:\/\/lightweb.dev\/l\/svm-temp\/wp-content\/uploads\/2025\/02\/SvM-logo-Xtra-Centrerad-SVART.png","width":300,"height":99,"caption":"Melkerson y Nott SL"},"image":{"@id":"https:\/\/lightweb.dev\/l\/svm-temp\/#\/schema\/logo\/image\/"},"sameAs":["https:\/\/www.facebook.com\/svenskamagasinet","https:\/\/x.com\/SvenskaMagasine"]},{"@type":"Person","@id":"https:\/\/lightweb.dev\/l\/svm-temp\/#\/schema\/person\/206a3bda5b607b0c25e1749191e4d837","name":"Redaktionen SvM","description":"Redaktionen","sameAs":["https:\/\/lightweb.dev\/l\/svm-temp"],"url":"https:\/\/lightweb.dev\/l\/svm-temp\/reporter\/redaktionen\/"}]}},"_links":{"self":[{"href":"https:\/\/lightweb.dev\/l\/svm-temp\/wp-json\/wp\/v2\/posts\/23446","targetHints":{"allow":["GET"]}}],"collection":[{"href":"https:\/\/lightweb.dev\/l\/svm-temp\/wp-json\/wp\/v2\/posts"}],"about":[{"href":"https:\/\/lightweb.dev\/l\/svm-temp\/wp-json\/wp\/v2\/types\/post"}],"author":[{"embeddable":true,"href":"https:\/\/lightweb.dev\/l\/svm-temp\/wp-json\/wp\/v2\/users\/8"}],"replies":[{"embeddable":true,"href":"https:\/\/lightweb.dev\/l\/svm-temp\/wp-json\/wp\/v2\/comments?post=23446"}],"version-history":[{"count":0,"href":"https:\/\/lightweb.dev\/l\/svm-temp\/wp-json\/wp\/v2\/posts\/23446\/revisions"}],"wp:featuredmedia":[{"embeddable":true,"href":"https:\/\/lightweb.dev\/l\/svm-temp\/wp-json\/wp\/v2\/media\/23447"}],"wp:attachment":[{"href":"https:\/\/lightweb.dev\/l\/svm-temp\/wp-json\/wp\/v2\/media?parent=23446"}],"wp:term":[{"taxonomy":"category","embeddable":true,"href":"https:\/\/lightweb.dev\/l\/svm-temp\/wp-json\/wp\/v2\/categories?post=23446"},{"taxonomy":"post_tag","embeddable":true,"href":"https:\/\/lightweb.dev\/l\/svm-temp\/wp-json\/wp\/v2\/tags?post=23446"}],"curies":[{"name":"wp","href":"https:\/\/api.w.org\/{rel}","templated":true}]}}