{"id":23448,"date":"2015-10-08T00:00:00","date_gmt":"2015-10-07T22:00:00","guid":{"rendered":"https:\/\/lightweb.dev\/l\/svm-temp\/nyheter\/tagkaos-i-katalonien-efter-stold-av-optisk-fiberkabel\/"},"modified":"2015-10-08T00:00:00","modified_gmt":"2015-10-07T22:00:00","slug":"tagkaos-i-katalonien-efter-stold-av-optisk-fiberkabel","status":"publish","type":"post","link":"https:\/\/lightweb.dev\/l\/svm-temp\/nyheter\/tagkaos-i-katalonien-efter-stold-av-optisk-fiberkabel\/","title":{"rendered":"T\u00e5gkaos i Katalonien efter st\u00f6ld av optisk fiberkabel"},"content":{"rendered":"<p> Uppskattningsvis 9.500 t\u00e5gresen\u00e4rer drabbades av f\u00f6rseningar p\u00e5 torsdagen i Katalonien efter att en fiberoptisk kabel stulits p\u00e5 linjen mellan Tarragona och Figueras. Utvecklingsdepartementet unders\u00f6ker i nul\u00e4get om h\u00e4ndelsen har att g\u00f6ra med st\u00f6ld eller om det handlar om sabotage.<\/p>\n<p>Renfe har uppr\u00e4ttat en alternativ f\u00e4rdplan med bussar och andra t\u00e5g f\u00f6r de tusentals som \u00e4r drabbade uppger nyhetsbyr\u00e5erna EFE och Europa Press som skriver att trafiken p\u00e5 h\u00f6ghastighetslinjen mellan Tarragona och Figueres (Gerona) kom ig\u00e5ng igen omkring klockan 10.15.<\/p>\n<p>Det var vid sjutiden i morse som t\u00e5gtrafiken stoppades p\u00e5 linjen mellan Madrid-Barcelona och den franska gr\u00e4nsen efter att n\u00e5gon stulit en optisk fiberkabel. Det \u00e4r f\u00f6rsta g\u00e5ngen detta intr\u00e4ffar.<\/p>\n<p>Omkring 30 t\u00e5g och 9.500 resen\u00e4rer har drabbats. <\/p>\n","protected":false},"excerpt":{"rendered":"<p>Uppskattningsvis 9.500 t\u00e5gresen\u00e4rer drabbades av f\u00f6rseningar p\u00e5 torsdagen i Katalonien efter att en fiberoptisk kabel stulits p\u00e5 linjen mellan Tarragona och Figueras. Utvecklingsdepartementet unders\u00f6ker i nul\u00e4get om h\u00e4ndelsen har att g\u00f6ra med st\u00f6ld eller om det handlar om sabotage. Renfe har uppr\u00e4ttat en alternativ f\u00e4rdplan med bussar och andra t\u00e5g f\u00f6r de tusentals som \u00e4r [&hellip;]<\/p>\n","protected":false},"author":8,"featured_media":23449,"comment_status":"open","ping_status":"open","sticky":false,"template":"","format":"standard","meta":{"_et_pb_use_builder":"","_et_pb_old_content":"","_et_gb_content_width":"","footnotes":""},"categories":[395,3],"tags":[],"class_list":["post-23448","post","type-post","status-publish","format-standard","has-post-thumbnail","hentry","category-arkiv-nyheter","category-nyheter"],"yoast_head":"<!-- This site is optimized with the Yoast SEO Premium plugin v26.2 (Yoast SEO v27.4) - https:\/\/yoast.com\/product\/yoast-seo-premium-wordpress\/ -->\n<title>T\u00e5gkaos i Katalonien efter st\u00f6ld av optisk fiberkabel - Svenska Magasinet<\/title>\n<meta name=\"robots\" content=\"noindex, follow, max-snippet:-1, max-image-preview:large, max-video-preview:-1\" \/>\n<meta property=\"og:locale\" content=\"sv_SE\" \/>\n<meta property=\"og:type\" content=\"article\" \/>\n<meta property=\"og:title\" content=\"T\u00e5gkaos i Katalonien efter st\u00f6ld av optisk fiberkabel\" \/>\n<meta property=\"og:description\" content=\"Uppskattningsvis 9.500 t\u00e5gresen\u00e4rer drabbades av f\u00f6rseningar p\u00e5 torsdagen i Katalonien efter att en fiberoptisk kabel stulits p\u00e5 linjen mellan Tarragona och Figueras. Utvecklingsdepartementet unders\u00f6ker i nul\u00e4get om h\u00e4ndelsen har att g\u00f6ra med st\u00f6ld eller om det handlar om sabotage. Renfe har uppr\u00e4ttat en alternativ f\u00e4rdplan med bussar och andra t\u00e5g f\u00f6r de tusentals som \u00e4r [&hellip;]\" \/>\n<meta property=\"og:url\" content=\"https:\/\/lightweb.dev\/l\/svm-temp\/nyheter\/tagkaos-i-katalonien-efter-stold-av-optisk-fiberkabel\/\" \/>\n<meta property=\"og:site_name\" content=\"Svenska Magasinet\" \/>\n<meta property=\"article:publisher\" content=\"https:\/\/www.facebook.com\/svenskamagasinet\" \/>\n<meta property=\"article:published_time\" content=\"2015-10-07T22:00:00+00:00\" \/>\n<meta property=\"og:image\" content=\"https:\/\/lightweb.dev\/l\/svm-temp\/wp-content\/uploads\/2022\/06\/tagkaos-i-katalonien-efter-stold-av-optisk-fiberkabel.png\" \/>\n\t<meta property=\"og:image:width\" content=\"280\" \/>\n\t<meta property=\"og:image:height\" content=\"200\" \/>\n\t<meta property=\"og:image:type\" content=\"image\/png\" \/>\n<meta name=\"author\" content=\"Redaktionen SvM\" \/>\n<meta name=\"twitter:card\" content=\"summary_large_image\" \/>\n<meta name=\"twitter:creator\" content=\"@SvenskaMagasine\" \/>\n<meta name=\"twitter:site\" content=\"@SvenskaMagasine\" \/>\n<script type=\"application\/ld+json\" class=\"yoast-schema-graph\">{\"@context\":\"https:\\\/\\\/schema.org\",\"@graph\":[{\"@type\":\"Article\",\"@id\":\"https:\\\/\\\/lightweb.dev\\\/l\\\/svm-temp\\\/nyheter\\\/tagkaos-i-katalonien-efter-stold-av-optisk-fiberkabel\\\/#article\",\"isPartOf\":{\"@id\":\"https:\\\/\\\/lightweb.dev\\\/l\\\/svm-temp\\\/nyheter\\\/tagkaos-i-katalonien-efter-stold-av-optisk-fiberkabel\\\/\"},\"author\":{\"name\":\"Redaktionen SvM\",\"@id\":\"https:\\\/\\\/lightweb.dev\\\/l\\\/svm-temp\\\/#\\\/schema\\\/person\\\/206a3bda5b607b0c25e1749191e4d837\"},\"headline\":\"T\u00e5gkaos i Katalonien efter st\u00f6ld av optisk fiberkabel\",\"datePublished\":\"2015-10-07T22:00:00+00:00\",\"mainEntityOfPage\":{\"@id\":\"https:\\\/\\\/lightweb.dev\\\/l\\\/svm-temp\\\/nyheter\\\/tagkaos-i-katalonien-efter-stold-av-optisk-fiberkabel\\\/\"},\"wordCount\":146,\"commentCount\":0,\"publisher\":{\"@id\":\"https:\\\/\\\/lightweb.dev\\\/l\\\/svm-temp\\\/#organization\"},\"image\":{\"@id\":\"https:\\\/\\\/lightweb.dev\\\/l\\\/svm-temp\\\/nyheter\\\/tagkaos-i-katalonien-efter-stold-av-optisk-fiberkabel\\\/#primaryimage\"},\"thumbnailUrl\":\"https:\\\/\\\/lightweb.dev\\\/l\\\/svm-temp\\\/wp-content\\\/uploads\\\/2022\\\/06\\\/tagkaos-i-katalonien-efter-stold-av-optisk-fiberkabel.png\",\"articleSection\":[\"Arkiv\",\"Nyheter\"],\"inLanguage\":\"sv-SE\"},{\"@type\":\"WebPage\",\"@id\":\"https:\\\/\\\/lightweb.dev\\\/l\\\/svm-temp\\\/nyheter\\\/tagkaos-i-katalonien-efter-stold-av-optisk-fiberkabel\\\/\",\"url\":\"https:\\\/\\\/lightweb.dev\\\/l\\\/svm-temp\\\/nyheter\\\/tagkaos-i-katalonien-efter-stold-av-optisk-fiberkabel\\\/\",\"name\":\"T\u00e5gkaos i Katalonien efter st\u00f6ld av optisk fiberkabel - Svenska Magasinet\",\"isPartOf\":{\"@id\":\"https:\\\/\\\/lightweb.dev\\\/l\\\/svm-temp\\\/#website\"},\"primaryImageOfPage\":{\"@id\":\"https:\\\/\\\/lightweb.dev\\\/l\\\/svm-temp\\\/nyheter\\\/tagkaos-i-katalonien-efter-stold-av-optisk-fiberkabel\\\/#primaryimage\"},\"image\":{\"@id\":\"https:\\\/\\\/lightweb.dev\\\/l\\\/svm-temp\\\/nyheter\\\/tagkaos-i-katalonien-efter-stold-av-optisk-fiberkabel\\\/#primaryimage\"},\"thumbnailUrl\":\"https:\\\/\\\/lightweb.dev\\\/l\\\/svm-temp\\\/wp-content\\\/uploads\\\/2022\\\/06\\\/tagkaos-i-katalonien-efter-stold-av-optisk-fiberkabel.png\",\"datePublished\":\"2015-10-07T22:00:00+00:00\",\"breadcrumb\":{\"@id\":\"https:\\\/\\\/lightweb.dev\\\/l\\\/svm-temp\\\/nyheter\\\/tagkaos-i-katalonien-efter-stold-av-optisk-fiberkabel\\\/#breadcrumb\"},\"inLanguage\":\"sv-SE\",\"potentialAction\":[{\"@type\":\"ReadAction\",\"target\":[\"https:\\\/\\\/lightweb.dev\\\/l\\\/svm-temp\\\/nyheter\\\/tagkaos-i-katalonien-efter-stold-av-optisk-fiberkabel\\\/\"]}]},{\"@type\":\"ImageObject\",\"inLanguage\":\"sv-SE\",\"@id\":\"https:\\\/\\\/lightweb.dev\\\/l\\\/svm-temp\\\/nyheter\\\/tagkaos-i-katalonien-efter-stold-av-optisk-fiberkabel\\\/#primaryimage\",\"url\":\"https:\\\/\\\/lightweb.dev\\\/l\\\/svm-temp\\\/wp-content\\\/uploads\\\/2022\\\/06\\\/tagkaos-i-katalonien-efter-stold-av-optisk-fiberkabel.png\",\"contentUrl\":\"https:\\\/\\\/lightweb.dev\\\/l\\\/svm-temp\\\/wp-content\\\/uploads\\\/2022\\\/06\\\/tagkaos-i-katalonien-efter-stold-av-optisk-fiberkabel.png\",\"width\":280,\"height\":200},{\"@type\":\"BreadcrumbList\",\"@id\":\"https:\\\/\\\/lightweb.dev\\\/l\\\/svm-temp\\\/nyheter\\\/tagkaos-i-katalonien-efter-stold-av-optisk-fiberkabel\\\/#breadcrumb\",\"itemListElement\":[{\"@type\":\"ListItem\",\"position\":1,\"name\":\"Hem\",\"item\":\"https:\\\/\\\/lightweb.dev\\\/l\\\/svm-temp\\\/\"},{\"@type\":\"ListItem\",\"position\":2,\"name\":\"T\u00e5gkaos i Katalonien efter st\u00f6ld av optisk fiberkabel\"}]},{\"@type\":\"WebSite\",\"@id\":\"https:\\\/\\\/lightweb.dev\\\/l\\\/svm-temp\\\/#website\",\"url\":\"https:\\\/\\\/lightweb.dev\\\/l\\\/svm-temp\\\/\",\"name\":\"Svenska Magasinet\",\"description\":\"Dina Spanska nyheter p&aring; Svenska\",\"publisher\":{\"@id\":\"https:\\\/\\\/lightweb.dev\\\/l\\\/svm-temp\\\/#organization\"},\"potentialAction\":[{\"@type\":\"SearchAction\",\"target\":{\"@type\":\"EntryPoint\",\"urlTemplate\":\"https:\\\/\\\/lightweb.dev\\\/l\\\/svm-temp\\\/?s={search_term_string}\"},\"query-input\":{\"@type\":\"PropertyValueSpecification\",\"valueRequired\":true,\"valueName\":\"search_term_string\"}}],\"inLanguage\":\"sv-SE\"},{\"@type\":\"Organization\",\"@id\":\"https:\\\/\\\/lightweb.dev\\\/l\\\/svm-temp\\\/#organization\",\"name\":\"Melkerson y Nott SL\",\"alternateName\":\"Svenska Magasinet\",\"url\":\"https:\\\/\\\/lightweb.dev\\\/l\\\/svm-temp\\\/\",\"logo\":{\"@type\":\"ImageObject\",\"inLanguage\":\"sv-SE\",\"@id\":\"https:\\\/\\\/lightweb.dev\\\/l\\\/svm-temp\\\/#\\\/schema\\\/logo\\\/image\\\/\",\"url\":\"https:\\\/\\\/lightweb.dev\\\/l\\\/svm-temp\\\/wp-content\\\/uploads\\\/2025\\\/02\\\/SvM-logo-Xtra-Centrerad-SVART.png\",\"contentUrl\":\"https:\\\/\\\/lightweb.dev\\\/l\\\/svm-temp\\\/wp-content\\\/uploads\\\/2025\\\/02\\\/SvM-logo-Xtra-Centrerad-SVART.png\",\"width\":300,\"height\":99,\"caption\":\"Melkerson y Nott SL\"},\"image\":{\"@id\":\"https:\\\/\\\/lightweb.dev\\\/l\\\/svm-temp\\\/#\\\/schema\\\/logo\\\/image\\\/\"},\"sameAs\":[\"https:\\\/\\\/www.facebook.com\\\/svenskamagasinet\",\"https:\\\/\\\/x.com\\\/SvenskaMagasine\"]},{\"@type\":\"Person\",\"@id\":\"https:\\\/\\\/lightweb.dev\\\/l\\\/svm-temp\\\/#\\\/schema\\\/person\\\/206a3bda5b607b0c25e1749191e4d837\",\"name\":\"Redaktionen SvM\",\"description\":\"Redaktionen\",\"sameAs\":[\"https:\\\/\\\/lightweb.dev\\\/l\\\/svm-temp\"],\"url\":\"https:\\\/\\\/lightweb.dev\\\/l\\\/svm-temp\\\/reporter\\\/redaktionen\\\/\"}]}<\/script>\n<!-- \/ Yoast SEO Premium plugin. -->","yoast_head_json":{"title":"T\u00e5gkaos i Katalonien efter st\u00f6ld av optisk fiberkabel - Svenska Magasinet","robots":{"index":"noindex","follow":"follow","max-snippet":"max-snippet:-1","max-image-preview":"max-image-preview:large","max-video-preview":"max-video-preview:-1"},"og_locale":"sv_SE","og_type":"article","og_title":"T\u00e5gkaos i Katalonien efter st\u00f6ld av optisk fiberkabel","og_description":"Uppskattningsvis 9.500 t\u00e5gresen\u00e4rer drabbades av f\u00f6rseningar p\u00e5 torsdagen i Katalonien efter att en fiberoptisk kabel stulits p\u00e5 linjen mellan Tarragona och Figueras. Utvecklingsdepartementet unders\u00f6ker i nul\u00e4get om h\u00e4ndelsen har att g\u00f6ra med st\u00f6ld eller om det handlar om sabotage. Renfe har uppr\u00e4ttat en alternativ f\u00e4rdplan med bussar och andra t\u00e5g f\u00f6r de tusentals som \u00e4r [&hellip;]","og_url":"https:\/\/lightweb.dev\/l\/svm-temp\/nyheter\/tagkaos-i-katalonien-efter-stold-av-optisk-fiberkabel\/","og_site_name":"Svenska Magasinet","article_publisher":"https:\/\/www.facebook.com\/svenskamagasinet","article_published_time":"2015-10-07T22:00:00+00:00","og_image":[{"width":280,"height":200,"url":"https:\/\/lightweb.dev\/l\/svm-temp\/wp-content\/uploads\/2022\/06\/tagkaos-i-katalonien-efter-stold-av-optisk-fiberkabel.png","type":"image\/png"}],"author":"Redaktionen SvM","twitter_card":"summary_large_image","twitter_creator":"@SvenskaMagasine","twitter_site":"@SvenskaMagasine","schema":{"@context":"https:\/\/schema.org","@graph":[{"@type":"Article","@id":"https:\/\/lightweb.dev\/l\/svm-temp\/nyheter\/tagkaos-i-katalonien-efter-stold-av-optisk-fiberkabel\/#article","isPartOf":{"@id":"https:\/\/lightweb.dev\/l\/svm-temp\/nyheter\/tagkaos-i-katalonien-efter-stold-av-optisk-fiberkabel\/"},"author":{"name":"Redaktionen SvM","@id":"https:\/\/lightweb.dev\/l\/svm-temp\/#\/schema\/person\/206a3bda5b607b0c25e1749191e4d837"},"headline":"T\u00e5gkaos i Katalonien efter st\u00f6ld av optisk fiberkabel","datePublished":"2015-10-07T22:00:00+00:00","mainEntityOfPage":{"@id":"https:\/\/lightweb.dev\/l\/svm-temp\/nyheter\/tagkaos-i-katalonien-efter-stold-av-optisk-fiberkabel\/"},"wordCount":146,"commentCount":0,"publisher":{"@id":"https:\/\/lightweb.dev\/l\/svm-temp\/#organization"},"image":{"@id":"https:\/\/lightweb.dev\/l\/svm-temp\/nyheter\/tagkaos-i-katalonien-efter-stold-av-optisk-fiberkabel\/#primaryimage"},"thumbnailUrl":"https:\/\/lightweb.dev\/l\/svm-temp\/wp-content\/uploads\/2022\/06\/tagkaos-i-katalonien-efter-stold-av-optisk-fiberkabel.png","articleSection":["Arkiv","Nyheter"],"inLanguage":"sv-SE"},{"@type":"WebPage","@id":"https:\/\/lightweb.dev\/l\/svm-temp\/nyheter\/tagkaos-i-katalonien-efter-stold-av-optisk-fiberkabel\/","url":"https:\/\/lightweb.dev\/l\/svm-temp\/nyheter\/tagkaos-i-katalonien-efter-stold-av-optisk-fiberkabel\/","name":"T\u00e5gkaos i Katalonien efter st\u00f6ld av optisk fiberkabel - Svenska Magasinet","isPartOf":{"@id":"https:\/\/lightweb.dev\/l\/svm-temp\/#website"},"primaryImageOfPage":{"@id":"https:\/\/lightweb.dev\/l\/svm-temp\/nyheter\/tagkaos-i-katalonien-efter-stold-av-optisk-fiberkabel\/#primaryimage"},"image":{"@id":"https:\/\/lightweb.dev\/l\/svm-temp\/nyheter\/tagkaos-i-katalonien-efter-stold-av-optisk-fiberkabel\/#primaryimage"},"thumbnailUrl":"https:\/\/lightweb.dev\/l\/svm-temp\/wp-content\/uploads\/2022\/06\/tagkaos-i-katalonien-efter-stold-av-optisk-fiberkabel.png","datePublished":"2015-10-07T22:00:00+00:00","breadcrumb":{"@id":"https:\/\/lightweb.dev\/l\/svm-temp\/nyheter\/tagkaos-i-katalonien-efter-stold-av-optisk-fiberkabel\/#breadcrumb"},"inLanguage":"sv-SE","potentialAction":[{"@type":"ReadAction","target":["https:\/\/lightweb.dev\/l\/svm-temp\/nyheter\/tagkaos-i-katalonien-efter-stold-av-optisk-fiberkabel\/"]}]},{"@type":"ImageObject","inLanguage":"sv-SE","@id":"https:\/\/lightweb.dev\/l\/svm-temp\/nyheter\/tagkaos-i-katalonien-efter-stold-av-optisk-fiberkabel\/#primaryimage","url":"https:\/\/lightweb.dev\/l\/svm-temp\/wp-content\/uploads\/2022\/06\/tagkaos-i-katalonien-efter-stold-av-optisk-fiberkabel.png","contentUrl":"https:\/\/lightweb.dev\/l\/svm-temp\/wp-content\/uploads\/2022\/06\/tagkaos-i-katalonien-efter-stold-av-optisk-fiberkabel.png","width":280,"height":200},{"@type":"BreadcrumbList","@id":"https:\/\/lightweb.dev\/l\/svm-temp\/nyheter\/tagkaos-i-katalonien-efter-stold-av-optisk-fiberkabel\/#breadcrumb","itemListElement":[{"@type":"ListItem","position":1,"name":"Hem","item":"https:\/\/lightweb.dev\/l\/svm-temp\/"},{"@type":"ListItem","position":2,"name":"T\u00e5gkaos i Katalonien efter st\u00f6ld av optisk fiberkabel"}]},{"@type":"WebSite","@id":"https:\/\/lightweb.dev\/l\/svm-temp\/#website","url":"https:\/\/lightweb.dev\/l\/svm-temp\/","name":"Svenska Magasinet","description":"Dina Spanska nyheter p&aring; Svenska","publisher":{"@id":"https:\/\/lightweb.dev\/l\/svm-temp\/#organization"},"potentialAction":[{"@type":"SearchAction","target":{"@type":"EntryPoint","urlTemplate":"https:\/\/lightweb.dev\/l\/svm-temp\/?s={search_term_string}"},"query-input":{"@type":"PropertyValueSpecification","valueRequired":true,"valueName":"search_term_string"}}],"inLanguage":"sv-SE"},{"@type":"Organization","@id":"https:\/\/lightweb.dev\/l\/svm-temp\/#organization","name":"Melkerson y Nott SL","alternateName":"Svenska Magasinet","url":"https:\/\/lightweb.dev\/l\/svm-temp\/","logo":{"@type":"ImageObject","inLanguage":"sv-SE","@id":"https:\/\/lightweb.dev\/l\/svm-temp\/#\/schema\/logo\/image\/","url":"https:\/\/lightweb.dev\/l\/svm-temp\/wp-content\/uploads\/2025\/02\/SvM-logo-Xtra-Centrerad-SVART.png","contentUrl":"https:\/\/lightweb.dev\/l\/svm-temp\/wp-content\/uploads\/2025\/02\/SvM-logo-Xtra-Centrerad-SVART.png","width":300,"height":99,"caption":"Melkerson y Nott SL"},"image":{"@id":"https:\/\/lightweb.dev\/l\/svm-temp\/#\/schema\/logo\/image\/"},"sameAs":["https:\/\/www.facebook.com\/svenskamagasinet","https:\/\/x.com\/SvenskaMagasine"]},{"@type":"Person","@id":"https:\/\/lightweb.dev\/l\/svm-temp\/#\/schema\/person\/206a3bda5b607b0c25e1749191e4d837","name":"Redaktionen SvM","description":"Redaktionen","sameAs":["https:\/\/lightweb.dev\/l\/svm-temp"],"url":"https:\/\/lightweb.dev\/l\/svm-temp\/reporter\/redaktionen\/"}]}},"_links":{"self":[{"href":"https:\/\/lightweb.dev\/l\/svm-temp\/wp-json\/wp\/v2\/posts\/23448","targetHints":{"allow":["GET"]}}],"collection":[{"href":"https:\/\/lightweb.dev\/l\/svm-temp\/wp-json\/wp\/v2\/posts"}],"about":[{"href":"https:\/\/lightweb.dev\/l\/svm-temp\/wp-json\/wp\/v2\/types\/post"}],"author":[{"embeddable":true,"href":"https:\/\/lightweb.dev\/l\/svm-temp\/wp-json\/wp\/v2\/users\/8"}],"replies":[{"embeddable":true,"href":"https:\/\/lightweb.dev\/l\/svm-temp\/wp-json\/wp\/v2\/comments?post=23448"}],"version-history":[{"count":0,"href":"https:\/\/lightweb.dev\/l\/svm-temp\/wp-json\/wp\/v2\/posts\/23448\/revisions"}],"wp:featuredmedia":[{"embeddable":true,"href":"https:\/\/lightweb.dev\/l\/svm-temp\/wp-json\/wp\/v2\/media\/23449"}],"wp:attachment":[{"href":"https:\/\/lightweb.dev\/l\/svm-temp\/wp-json\/wp\/v2\/media?parent=23448"}],"wp:term":[{"taxonomy":"category","embeddable":true,"href":"https:\/\/lightweb.dev\/l\/svm-temp\/wp-json\/wp\/v2\/categories?post=23448"},{"taxonomy":"post_tag","embeddable":true,"href":"https:\/\/lightweb.dev\/l\/svm-temp\/wp-json\/wp\/v2\/tags?post=23448"}],"curies":[{"name":"wp","href":"https:\/\/api.w.org\/{rel}","templated":true}]}}