{"id":23452,"date":"2015-10-07T00:00:00","date_gmt":"2015-10-06T22:00:00","guid":{"rendered":"https:\/\/lightweb.dev\/l\/svm-temp\/nyheter\/efter-tillbud-vid-malaga-flygplats-andra-rullbanan-bor-oppnas\/"},"modified":"2015-10-07T00:00:00","modified_gmt":"2015-10-06T22:00:00","slug":"efter-tillbud-vid-malaga-flygplats-andra-rullbanan-bor-oppnas","status":"publish","type":"post","link":"https:\/\/lightweb.dev\/l\/svm-temp\/nyheter\/efter-tillbud-vid-malaga-flygplats-andra-rullbanan-bor-oppnas\/","title":{"rendered":"Efter tillbud vid M\u00e1laga flygplats \u2013 andra rullbanan b\u00f6r \u00f6ppnas"},"content":{"rendered":"<p> Utvecklingsdepartementet rekommenderar spanska luftfartsverket Aena att den andra start- och landningsbanan p\u00e5 M\u00e1laga flygplats b\u00f6r vara \u00f6ppen. Den andra rullbanan ska inte bara vara \u00f6ppen n\u00e4r flygtrafiken \u00e4r som intensivast.<\/p>\n<p>I dagsl\u00e4get f\u00f6rs diskussioner mellan Aena och flygkontrollanterna i M\u00e1laga. Nu har Utvecklingsdepartementet tagit upp fr\u00e5gan efter att flera studier gjorts.<\/p>\n<p>En flygincident vid M\u00e1laga flygplats anv\u00e4nds som sk\u00e4l till att \u00e4ven den andra rullbanan b\u00f6r \u00f6ppnas. \u00c4ven om inte risken f\u00f6r en kollission var \u00f6verh\u00e4ngande s\u00e5 var tv\u00e5 passagerarflygplan alltf\u00f6r n\u00e4ra varandra i september ifjol enligt nya uppgifter som Diario SUR publicerar p\u00e5 onsdagen.<\/p>\n<p>Ett av flygplanen var p\u00e5 v\u00e4g upp medan det andra skulle g\u00e5 ned f\u00f6r landning. Enligt s\u00e4kerhetsf\u00f6reskrifterna ska avst\u00e5ndet mellan tv\u00e5 flyg vara tre nautiska mil och tusen fot. Vid tillf\u00e4llet var avst\u00e5ndet 0,6 nautiska mil och noll fot.<\/p>\n<p>Luftfartsverket Aena menar att det inte \u00e4r n\u00f6dv\u00e4ndigt att ta den andra rullbanan i bruk under perioder d\u00e5 flygtrafiken inte uppges vara intensiv.<\/p>\n<p>Fakta:<br \/>\nNautisk mil \u00e4ven ben\u00e4mnd distansminut eller sj\u00f6mil, \u00e4r en l\u00e4ngdenhet som anv\u00e4nds internationellt inom sj\u00f6fart och luftfart. En nautisk mil definieras som exakt 1.852 meter. <\/p>\n","protected":false},"excerpt":{"rendered":"<p>Utvecklingsdepartementet rekommenderar spanska luftfartsverket Aena att den andra start- och landningsbanan p\u00e5 M\u00e1laga flygplats b\u00f6r vara \u00f6ppen. Den andra rullbanan ska inte bara vara \u00f6ppen n\u00e4r flygtrafiken \u00e4r som intensivast. I dagsl\u00e4get f\u00f6rs diskussioner mellan Aena och flygkontrollanterna i M\u00e1laga. Nu har Utvecklingsdepartementet tagit upp fr\u00e5gan efter att flera studier gjorts. En flygincident vid M\u00e1laga [&hellip;]<\/p>\n","protected":false},"author":8,"featured_media":23453,"comment_status":"open","ping_status":"open","sticky":false,"template":"","format":"standard","meta":{"_et_pb_use_builder":"","_et_pb_old_content":"","_et_gb_content_width":"","footnotes":""},"categories":[395,3],"tags":[],"class_list":["post-23452","post","type-post","status-publish","format-standard","has-post-thumbnail","hentry","category-arkiv-nyheter","category-nyheter"],"yoast_head":"<!-- This site is optimized with the Yoast SEO Premium plugin v26.2 (Yoast SEO v27.4) - https:\/\/yoast.com\/product\/yoast-seo-premium-wordpress\/ -->\n<title>Efter tillbud vid M\u00e1laga flygplats \u2013 andra rullbanan b\u00f6r \u00f6ppnas - Svenska Magasinet<\/title>\n<meta name=\"robots\" content=\"noindex, follow, max-snippet:-1, max-image-preview:large, max-video-preview:-1\" \/>\n<meta property=\"og:locale\" content=\"sv_SE\" \/>\n<meta property=\"og:type\" content=\"article\" \/>\n<meta property=\"og:title\" content=\"Efter tillbud vid M\u00e1laga flygplats \u2013 andra rullbanan b\u00f6r \u00f6ppnas\" \/>\n<meta property=\"og:description\" content=\"Utvecklingsdepartementet rekommenderar spanska luftfartsverket Aena att den andra start- och landningsbanan p\u00e5 M\u00e1laga flygplats b\u00f6r vara \u00f6ppen. Den andra rullbanan ska inte bara vara \u00f6ppen n\u00e4r flygtrafiken \u00e4r som intensivast. I dagsl\u00e4get f\u00f6rs diskussioner mellan Aena och flygkontrollanterna i M\u00e1laga. Nu har Utvecklingsdepartementet tagit upp fr\u00e5gan efter att flera studier gjorts. En flygincident vid M\u00e1laga [&hellip;]\" \/>\n<meta property=\"og:url\" content=\"https:\/\/lightweb.dev\/l\/svm-temp\/nyheter\/efter-tillbud-vid-malaga-flygplats-andra-rullbanan-bor-oppnas\/\" \/>\n<meta property=\"og:site_name\" content=\"Svenska Magasinet\" \/>\n<meta property=\"article:publisher\" content=\"https:\/\/www.facebook.com\/svenskamagasinet\" \/>\n<meta property=\"article:published_time\" content=\"2015-10-06T22:00:00+00:00\" \/>\n<meta property=\"og:image\" content=\"https:\/\/lightweb.dev\/l\/svm-temp\/wp-content\/uploads\/2022\/06\/efter-tillbud-vid-malaga-flygplats-andra-rullbanan-bor-oppnas.png\" \/>\n\t<meta property=\"og:image:width\" content=\"301\" \/>\n\t<meta property=\"og:image:height\" content=\"200\" \/>\n\t<meta property=\"og:image:type\" content=\"image\/png\" \/>\n<meta name=\"author\" content=\"Redaktionen SvM\" \/>\n<meta name=\"twitter:card\" content=\"summary_large_image\" \/>\n<meta name=\"twitter:creator\" content=\"@SvenskaMagasine\" \/>\n<meta name=\"twitter:site\" content=\"@SvenskaMagasine\" \/>\n<script type=\"application\/ld+json\" class=\"yoast-schema-graph\">{\"@context\":\"https:\\\/\\\/schema.org\",\"@graph\":[{\"@type\":\"Article\",\"@id\":\"https:\\\/\\\/lightweb.dev\\\/l\\\/svm-temp\\\/nyheter\\\/efter-tillbud-vid-malaga-flygplats-andra-rullbanan-bor-oppnas\\\/#article\",\"isPartOf\":{\"@id\":\"https:\\\/\\\/lightweb.dev\\\/l\\\/svm-temp\\\/nyheter\\\/efter-tillbud-vid-malaga-flygplats-andra-rullbanan-bor-oppnas\\\/\"},\"author\":{\"name\":\"Redaktionen SvM\",\"@id\":\"https:\\\/\\\/lightweb.dev\\\/l\\\/svm-temp\\\/#\\\/schema\\\/person\\\/206a3bda5b607b0c25e1749191e4d837\"},\"headline\":\"Efter tillbud vid M\u00e1laga flygplats \u2013 andra rullbanan b\u00f6r \u00f6ppnas\",\"datePublished\":\"2015-10-06T22:00:00+00:00\",\"mainEntityOfPage\":{\"@id\":\"https:\\\/\\\/lightweb.dev\\\/l\\\/svm-temp\\\/nyheter\\\/efter-tillbud-vid-malaga-flygplats-andra-rullbanan-bor-oppnas\\\/\"},\"wordCount\":221,\"commentCount\":0,\"publisher\":{\"@id\":\"https:\\\/\\\/lightweb.dev\\\/l\\\/svm-temp\\\/#organization\"},\"image\":{\"@id\":\"https:\\\/\\\/lightweb.dev\\\/l\\\/svm-temp\\\/nyheter\\\/efter-tillbud-vid-malaga-flygplats-andra-rullbanan-bor-oppnas\\\/#primaryimage\"},\"thumbnailUrl\":\"https:\\\/\\\/lightweb.dev\\\/l\\\/svm-temp\\\/wp-content\\\/uploads\\\/2022\\\/06\\\/efter-tillbud-vid-malaga-flygplats-andra-rullbanan-bor-oppnas.png\",\"articleSection\":[\"Arkiv\",\"Nyheter\"],\"inLanguage\":\"sv-SE\"},{\"@type\":\"WebPage\",\"@id\":\"https:\\\/\\\/lightweb.dev\\\/l\\\/svm-temp\\\/nyheter\\\/efter-tillbud-vid-malaga-flygplats-andra-rullbanan-bor-oppnas\\\/\",\"url\":\"https:\\\/\\\/lightweb.dev\\\/l\\\/svm-temp\\\/nyheter\\\/efter-tillbud-vid-malaga-flygplats-andra-rullbanan-bor-oppnas\\\/\",\"name\":\"Efter tillbud vid M\u00e1laga flygplats \u2013 andra rullbanan b\u00f6r \u00f6ppnas - Svenska Magasinet\",\"isPartOf\":{\"@id\":\"https:\\\/\\\/lightweb.dev\\\/l\\\/svm-temp\\\/#website\"},\"primaryImageOfPage\":{\"@id\":\"https:\\\/\\\/lightweb.dev\\\/l\\\/svm-temp\\\/nyheter\\\/efter-tillbud-vid-malaga-flygplats-andra-rullbanan-bor-oppnas\\\/#primaryimage\"},\"image\":{\"@id\":\"https:\\\/\\\/lightweb.dev\\\/l\\\/svm-temp\\\/nyheter\\\/efter-tillbud-vid-malaga-flygplats-andra-rullbanan-bor-oppnas\\\/#primaryimage\"},\"thumbnailUrl\":\"https:\\\/\\\/lightweb.dev\\\/l\\\/svm-temp\\\/wp-content\\\/uploads\\\/2022\\\/06\\\/efter-tillbud-vid-malaga-flygplats-andra-rullbanan-bor-oppnas.png\",\"datePublished\":\"2015-10-06T22:00:00+00:00\",\"breadcrumb\":{\"@id\":\"https:\\\/\\\/lightweb.dev\\\/l\\\/svm-temp\\\/nyheter\\\/efter-tillbud-vid-malaga-flygplats-andra-rullbanan-bor-oppnas\\\/#breadcrumb\"},\"inLanguage\":\"sv-SE\",\"potentialAction\":[{\"@type\":\"ReadAction\",\"target\":[\"https:\\\/\\\/lightweb.dev\\\/l\\\/svm-temp\\\/nyheter\\\/efter-tillbud-vid-malaga-flygplats-andra-rullbanan-bor-oppnas\\\/\"]}]},{\"@type\":\"ImageObject\",\"inLanguage\":\"sv-SE\",\"@id\":\"https:\\\/\\\/lightweb.dev\\\/l\\\/svm-temp\\\/nyheter\\\/efter-tillbud-vid-malaga-flygplats-andra-rullbanan-bor-oppnas\\\/#primaryimage\",\"url\":\"https:\\\/\\\/lightweb.dev\\\/l\\\/svm-temp\\\/wp-content\\\/uploads\\\/2022\\\/06\\\/efter-tillbud-vid-malaga-flygplats-andra-rullbanan-bor-oppnas.png\",\"contentUrl\":\"https:\\\/\\\/lightweb.dev\\\/l\\\/svm-temp\\\/wp-content\\\/uploads\\\/2022\\\/06\\\/efter-tillbud-vid-malaga-flygplats-andra-rullbanan-bor-oppnas.png\",\"width\":301,\"height\":200},{\"@type\":\"BreadcrumbList\",\"@id\":\"https:\\\/\\\/lightweb.dev\\\/l\\\/svm-temp\\\/nyheter\\\/efter-tillbud-vid-malaga-flygplats-andra-rullbanan-bor-oppnas\\\/#breadcrumb\",\"itemListElement\":[{\"@type\":\"ListItem\",\"position\":1,\"name\":\"Hem\",\"item\":\"https:\\\/\\\/lightweb.dev\\\/l\\\/svm-temp\\\/\"},{\"@type\":\"ListItem\",\"position\":2,\"name\":\"Efter tillbud vid M\u00e1laga flygplats \u2013 andra rullbanan b\u00f6r \u00f6ppnas\"}]},{\"@type\":\"WebSite\",\"@id\":\"https:\\\/\\\/lightweb.dev\\\/l\\\/svm-temp\\\/#website\",\"url\":\"https:\\\/\\\/lightweb.dev\\\/l\\\/svm-temp\\\/\",\"name\":\"Svenska Magasinet\",\"description\":\"Dina Spanska nyheter p&aring; Svenska\",\"publisher\":{\"@id\":\"https:\\\/\\\/lightweb.dev\\\/l\\\/svm-temp\\\/#organization\"},\"potentialAction\":[{\"@type\":\"SearchAction\",\"target\":{\"@type\":\"EntryPoint\",\"urlTemplate\":\"https:\\\/\\\/lightweb.dev\\\/l\\\/svm-temp\\\/?s={search_term_string}\"},\"query-input\":{\"@type\":\"PropertyValueSpecification\",\"valueRequired\":true,\"valueName\":\"search_term_string\"}}],\"inLanguage\":\"sv-SE\"},{\"@type\":\"Organization\",\"@id\":\"https:\\\/\\\/lightweb.dev\\\/l\\\/svm-temp\\\/#organization\",\"name\":\"Melkerson y Nott SL\",\"alternateName\":\"Svenska Magasinet\",\"url\":\"https:\\\/\\\/lightweb.dev\\\/l\\\/svm-temp\\\/\",\"logo\":{\"@type\":\"ImageObject\",\"inLanguage\":\"sv-SE\",\"@id\":\"https:\\\/\\\/lightweb.dev\\\/l\\\/svm-temp\\\/#\\\/schema\\\/logo\\\/image\\\/\",\"url\":\"https:\\\/\\\/lightweb.dev\\\/l\\\/svm-temp\\\/wp-content\\\/uploads\\\/2025\\\/02\\\/SvM-logo-Xtra-Centrerad-SVART.png\",\"contentUrl\":\"https:\\\/\\\/lightweb.dev\\\/l\\\/svm-temp\\\/wp-content\\\/uploads\\\/2025\\\/02\\\/SvM-logo-Xtra-Centrerad-SVART.png\",\"width\":300,\"height\":99,\"caption\":\"Melkerson y Nott SL\"},\"image\":{\"@id\":\"https:\\\/\\\/lightweb.dev\\\/l\\\/svm-temp\\\/#\\\/schema\\\/logo\\\/image\\\/\"},\"sameAs\":[\"https:\\\/\\\/www.facebook.com\\\/svenskamagasinet\",\"https:\\\/\\\/x.com\\\/SvenskaMagasine\"]},{\"@type\":\"Person\",\"@id\":\"https:\\\/\\\/lightweb.dev\\\/l\\\/svm-temp\\\/#\\\/schema\\\/person\\\/206a3bda5b607b0c25e1749191e4d837\",\"name\":\"Redaktionen SvM\",\"description\":\"Redaktionen\",\"sameAs\":[\"https:\\\/\\\/lightweb.dev\\\/l\\\/svm-temp\"],\"url\":\"https:\\\/\\\/lightweb.dev\\\/l\\\/svm-temp\\\/reporter\\\/redaktionen\\\/\"}]}<\/script>\n<!-- \/ Yoast SEO Premium plugin. -->","yoast_head_json":{"title":"Efter tillbud vid M\u00e1laga flygplats \u2013 andra rullbanan b\u00f6r \u00f6ppnas - Svenska Magasinet","robots":{"index":"noindex","follow":"follow","max-snippet":"max-snippet:-1","max-image-preview":"max-image-preview:large","max-video-preview":"max-video-preview:-1"},"og_locale":"sv_SE","og_type":"article","og_title":"Efter tillbud vid M\u00e1laga flygplats \u2013 andra rullbanan b\u00f6r \u00f6ppnas","og_description":"Utvecklingsdepartementet rekommenderar spanska luftfartsverket Aena att den andra start- och landningsbanan p\u00e5 M\u00e1laga flygplats b\u00f6r vara \u00f6ppen. Den andra rullbanan ska inte bara vara \u00f6ppen n\u00e4r flygtrafiken \u00e4r som intensivast. I dagsl\u00e4get f\u00f6rs diskussioner mellan Aena och flygkontrollanterna i M\u00e1laga. Nu har Utvecklingsdepartementet tagit upp fr\u00e5gan efter att flera studier gjorts. En flygincident vid M\u00e1laga [&hellip;]","og_url":"https:\/\/lightweb.dev\/l\/svm-temp\/nyheter\/efter-tillbud-vid-malaga-flygplats-andra-rullbanan-bor-oppnas\/","og_site_name":"Svenska Magasinet","article_publisher":"https:\/\/www.facebook.com\/svenskamagasinet","article_published_time":"2015-10-06T22:00:00+00:00","og_image":[{"width":301,"height":200,"url":"https:\/\/lightweb.dev\/l\/svm-temp\/wp-content\/uploads\/2022\/06\/efter-tillbud-vid-malaga-flygplats-andra-rullbanan-bor-oppnas.png","type":"image\/png"}],"author":"Redaktionen SvM","twitter_card":"summary_large_image","twitter_creator":"@SvenskaMagasine","twitter_site":"@SvenskaMagasine","schema":{"@context":"https:\/\/schema.org","@graph":[{"@type":"Article","@id":"https:\/\/lightweb.dev\/l\/svm-temp\/nyheter\/efter-tillbud-vid-malaga-flygplats-andra-rullbanan-bor-oppnas\/#article","isPartOf":{"@id":"https:\/\/lightweb.dev\/l\/svm-temp\/nyheter\/efter-tillbud-vid-malaga-flygplats-andra-rullbanan-bor-oppnas\/"},"author":{"name":"Redaktionen SvM","@id":"https:\/\/lightweb.dev\/l\/svm-temp\/#\/schema\/person\/206a3bda5b607b0c25e1749191e4d837"},"headline":"Efter tillbud vid M\u00e1laga flygplats \u2013 andra rullbanan b\u00f6r \u00f6ppnas","datePublished":"2015-10-06T22:00:00+00:00","mainEntityOfPage":{"@id":"https:\/\/lightweb.dev\/l\/svm-temp\/nyheter\/efter-tillbud-vid-malaga-flygplats-andra-rullbanan-bor-oppnas\/"},"wordCount":221,"commentCount":0,"publisher":{"@id":"https:\/\/lightweb.dev\/l\/svm-temp\/#organization"},"image":{"@id":"https:\/\/lightweb.dev\/l\/svm-temp\/nyheter\/efter-tillbud-vid-malaga-flygplats-andra-rullbanan-bor-oppnas\/#primaryimage"},"thumbnailUrl":"https:\/\/lightweb.dev\/l\/svm-temp\/wp-content\/uploads\/2022\/06\/efter-tillbud-vid-malaga-flygplats-andra-rullbanan-bor-oppnas.png","articleSection":["Arkiv","Nyheter"],"inLanguage":"sv-SE"},{"@type":"WebPage","@id":"https:\/\/lightweb.dev\/l\/svm-temp\/nyheter\/efter-tillbud-vid-malaga-flygplats-andra-rullbanan-bor-oppnas\/","url":"https:\/\/lightweb.dev\/l\/svm-temp\/nyheter\/efter-tillbud-vid-malaga-flygplats-andra-rullbanan-bor-oppnas\/","name":"Efter tillbud vid M\u00e1laga flygplats \u2013 andra rullbanan b\u00f6r \u00f6ppnas - Svenska Magasinet","isPartOf":{"@id":"https:\/\/lightweb.dev\/l\/svm-temp\/#website"},"primaryImageOfPage":{"@id":"https:\/\/lightweb.dev\/l\/svm-temp\/nyheter\/efter-tillbud-vid-malaga-flygplats-andra-rullbanan-bor-oppnas\/#primaryimage"},"image":{"@id":"https:\/\/lightweb.dev\/l\/svm-temp\/nyheter\/efter-tillbud-vid-malaga-flygplats-andra-rullbanan-bor-oppnas\/#primaryimage"},"thumbnailUrl":"https:\/\/lightweb.dev\/l\/svm-temp\/wp-content\/uploads\/2022\/06\/efter-tillbud-vid-malaga-flygplats-andra-rullbanan-bor-oppnas.png","datePublished":"2015-10-06T22:00:00+00:00","breadcrumb":{"@id":"https:\/\/lightweb.dev\/l\/svm-temp\/nyheter\/efter-tillbud-vid-malaga-flygplats-andra-rullbanan-bor-oppnas\/#breadcrumb"},"inLanguage":"sv-SE","potentialAction":[{"@type":"ReadAction","target":["https:\/\/lightweb.dev\/l\/svm-temp\/nyheter\/efter-tillbud-vid-malaga-flygplats-andra-rullbanan-bor-oppnas\/"]}]},{"@type":"ImageObject","inLanguage":"sv-SE","@id":"https:\/\/lightweb.dev\/l\/svm-temp\/nyheter\/efter-tillbud-vid-malaga-flygplats-andra-rullbanan-bor-oppnas\/#primaryimage","url":"https:\/\/lightweb.dev\/l\/svm-temp\/wp-content\/uploads\/2022\/06\/efter-tillbud-vid-malaga-flygplats-andra-rullbanan-bor-oppnas.png","contentUrl":"https:\/\/lightweb.dev\/l\/svm-temp\/wp-content\/uploads\/2022\/06\/efter-tillbud-vid-malaga-flygplats-andra-rullbanan-bor-oppnas.png","width":301,"height":200},{"@type":"BreadcrumbList","@id":"https:\/\/lightweb.dev\/l\/svm-temp\/nyheter\/efter-tillbud-vid-malaga-flygplats-andra-rullbanan-bor-oppnas\/#breadcrumb","itemListElement":[{"@type":"ListItem","position":1,"name":"Hem","item":"https:\/\/lightweb.dev\/l\/svm-temp\/"},{"@type":"ListItem","position":2,"name":"Efter tillbud vid M\u00e1laga flygplats \u2013 andra rullbanan b\u00f6r \u00f6ppnas"}]},{"@type":"WebSite","@id":"https:\/\/lightweb.dev\/l\/svm-temp\/#website","url":"https:\/\/lightweb.dev\/l\/svm-temp\/","name":"Svenska Magasinet","description":"Dina Spanska nyheter p&aring; Svenska","publisher":{"@id":"https:\/\/lightweb.dev\/l\/svm-temp\/#organization"},"potentialAction":[{"@type":"SearchAction","target":{"@type":"EntryPoint","urlTemplate":"https:\/\/lightweb.dev\/l\/svm-temp\/?s={search_term_string}"},"query-input":{"@type":"PropertyValueSpecification","valueRequired":true,"valueName":"search_term_string"}}],"inLanguage":"sv-SE"},{"@type":"Organization","@id":"https:\/\/lightweb.dev\/l\/svm-temp\/#organization","name":"Melkerson y Nott SL","alternateName":"Svenska Magasinet","url":"https:\/\/lightweb.dev\/l\/svm-temp\/","logo":{"@type":"ImageObject","inLanguage":"sv-SE","@id":"https:\/\/lightweb.dev\/l\/svm-temp\/#\/schema\/logo\/image\/","url":"https:\/\/lightweb.dev\/l\/svm-temp\/wp-content\/uploads\/2025\/02\/SvM-logo-Xtra-Centrerad-SVART.png","contentUrl":"https:\/\/lightweb.dev\/l\/svm-temp\/wp-content\/uploads\/2025\/02\/SvM-logo-Xtra-Centrerad-SVART.png","width":300,"height":99,"caption":"Melkerson y Nott SL"},"image":{"@id":"https:\/\/lightweb.dev\/l\/svm-temp\/#\/schema\/logo\/image\/"},"sameAs":["https:\/\/www.facebook.com\/svenskamagasinet","https:\/\/x.com\/SvenskaMagasine"]},{"@type":"Person","@id":"https:\/\/lightweb.dev\/l\/svm-temp\/#\/schema\/person\/206a3bda5b607b0c25e1749191e4d837","name":"Redaktionen SvM","description":"Redaktionen","sameAs":["https:\/\/lightweb.dev\/l\/svm-temp"],"url":"https:\/\/lightweb.dev\/l\/svm-temp\/reporter\/redaktionen\/"}]}},"_links":{"self":[{"href":"https:\/\/lightweb.dev\/l\/svm-temp\/wp-json\/wp\/v2\/posts\/23452","targetHints":{"allow":["GET"]}}],"collection":[{"href":"https:\/\/lightweb.dev\/l\/svm-temp\/wp-json\/wp\/v2\/posts"}],"about":[{"href":"https:\/\/lightweb.dev\/l\/svm-temp\/wp-json\/wp\/v2\/types\/post"}],"author":[{"embeddable":true,"href":"https:\/\/lightweb.dev\/l\/svm-temp\/wp-json\/wp\/v2\/users\/8"}],"replies":[{"embeddable":true,"href":"https:\/\/lightweb.dev\/l\/svm-temp\/wp-json\/wp\/v2\/comments?post=23452"}],"version-history":[{"count":0,"href":"https:\/\/lightweb.dev\/l\/svm-temp\/wp-json\/wp\/v2\/posts\/23452\/revisions"}],"wp:featuredmedia":[{"embeddable":true,"href":"https:\/\/lightweb.dev\/l\/svm-temp\/wp-json\/wp\/v2\/media\/23453"}],"wp:attachment":[{"href":"https:\/\/lightweb.dev\/l\/svm-temp\/wp-json\/wp\/v2\/media?parent=23452"}],"wp:term":[{"taxonomy":"category","embeddable":true,"href":"https:\/\/lightweb.dev\/l\/svm-temp\/wp-json\/wp\/v2\/categories?post=23452"},{"taxonomy":"post_tag","embeddable":true,"href":"https:\/\/lightweb.dev\/l\/svm-temp\/wp-json\/wp\/v2\/tags?post=23452"}],"curies":[{"name":"wp","href":"https:\/\/api.w.org\/{rel}","templated":true}]}}