{"id":23458,"date":"2015-10-07T00:00:00","date_gmt":"2015-10-06T22:00:00","guid":{"rendered":"https:\/\/lightweb.dev\/l\/svm-temp\/nyheter\/invandring-och-migration-vaxande-problem-enligt-spanjorer\/"},"modified":"2015-10-07T00:00:00","modified_gmt":"2015-10-06T22:00:00","slug":"invandring-och-migration-vaxande-problem-enligt-spanjorer","status":"publish","type":"post","link":"https:\/\/lightweb.dev\/l\/svm-temp\/nyheter\/invandring-och-migration-vaxande-problem-enligt-spanjorer\/","title":{"rendered":"Invandring och migration v\u00e4xande problem enligt spanjorer"},"content":{"rendered":"<p> Arbetsl\u00f6shet och korruption \u00e4r samh\u00e4llets st\u00f6rsta problem enligt spanjorerna. Men sedan den f\u00f6rra unders\u00f6kningen s\u00e5 ses invandringen och migrationen som ett v\u00e4xande problem. Vid juli-unders\u00f6kningen angav 2,9 procent av den spanska befolkningen att invandringen var ett stort problem. I den senaste opinionsunders\u00f6kningen fr\u00e5n CIS som presenterades p\u00e5 onsdagen \u00e4r det nu 7,7 procent som anser invandringen \u00e4r ett stort problem.<\/p>\n<p>Om det \u00e4r n\u00e5got problem som spanjorerna i f\u00f6rsta hand anser ska l\u00f6sas s\u00e5 \u00e4r det arbetsl\u00f6sheten. 78,8 procent av landets befolkning anser att det \u00e4r landets st\u00f6rsta problem. Det \u00e4r en minskning med 0,2 procent sedan juli-unders\u00f6kningen.<\/p>\n<p>P\u00e5 andra plats ligger korruptionen. Det \u00e4r f\u00e4rre spanjorer som anser att det \u00e4r ett problem och siffran har sjunkit med 16 procentenheter sedan januari 2015 till 55,5 procent.<\/p>\n<p>Det \u00e4r oron f\u00f6r invandringen fr\u00e5n Syrien som fler spanjorer uttrycker sitt bekymmer med. 7,7 procent av befolkningen g\u00f6r att invandringen \u00e4r ett av Spaniens tio st\u00f6rsta problem vilket det inte har varit sedan oktober 2011.<\/p>\n<p>Unders\u00f6kningen fr\u00e5n CIS gjordes mellan den 2 till 12 september. <\/p>\n","protected":false},"excerpt":{"rendered":"<p>Arbetsl\u00f6shet och korruption \u00e4r samh\u00e4llets st\u00f6rsta problem enligt spanjorerna. Men sedan den f\u00f6rra unders\u00f6kningen s\u00e5 ses invandringen och migrationen som ett v\u00e4xande problem. Vid juli-unders\u00f6kningen angav 2,9 procent av den spanska befolkningen att invandringen var ett stort problem. I den senaste opinionsunders\u00f6kningen fr\u00e5n CIS som presenterades p\u00e5 onsdagen \u00e4r det nu 7,7 procent som anser [&hellip;]<\/p>\n","protected":false},"author":8,"featured_media":23459,"comment_status":"open","ping_status":"open","sticky":false,"template":"","format":"standard","meta":{"_et_pb_use_builder":"","_et_pb_old_content":"","_et_gb_content_width":"","footnotes":""},"categories":[395,3],"tags":[],"class_list":["post-23458","post","type-post","status-publish","format-standard","has-post-thumbnail","hentry","category-arkiv-nyheter","category-nyheter"],"yoast_head":"<!-- This site is optimized with the Yoast SEO Premium plugin v26.2 (Yoast SEO v27.4) - https:\/\/yoast.com\/product\/yoast-seo-premium-wordpress\/ -->\n<title>Invandring och migration v\u00e4xande problem enligt spanjorer - Svenska Magasinet<\/title>\n<meta name=\"robots\" content=\"noindex, follow, max-snippet:-1, max-image-preview:large, max-video-preview:-1\" \/>\n<meta property=\"og:locale\" content=\"sv_SE\" \/>\n<meta property=\"og:type\" content=\"article\" \/>\n<meta property=\"og:title\" content=\"Invandring och migration v\u00e4xande problem enligt spanjorer\" \/>\n<meta property=\"og:description\" content=\"Arbetsl\u00f6shet och korruption \u00e4r samh\u00e4llets st\u00f6rsta problem enligt spanjorerna. Men sedan den f\u00f6rra unders\u00f6kningen s\u00e5 ses invandringen och migrationen som ett v\u00e4xande problem. Vid juli-unders\u00f6kningen angav 2,9 procent av den spanska befolkningen att invandringen var ett stort problem. I den senaste opinionsunders\u00f6kningen fr\u00e5n CIS som presenterades p\u00e5 onsdagen \u00e4r det nu 7,7 procent som anser [&hellip;]\" \/>\n<meta property=\"og:url\" content=\"https:\/\/lightweb.dev\/l\/svm-temp\/nyheter\/invandring-och-migration-vaxande-problem-enligt-spanjorer\/\" \/>\n<meta property=\"og:site_name\" content=\"Svenska Magasinet\" \/>\n<meta property=\"article:publisher\" content=\"https:\/\/www.facebook.com\/svenskamagasinet\" \/>\n<meta property=\"article:published_time\" content=\"2015-10-06T22:00:00+00:00\" \/>\n<meta property=\"og:image\" content=\"https:\/\/lightweb.dev\/l\/svm-temp\/wp-content\/uploads\/2022\/06\/invandring-och-migration-vaxande-problem-enligt-spanjorer.png\" \/>\n\t<meta property=\"og:image:width\" content=\"280\" \/>\n\t<meta property=\"og:image:height\" content=\"210\" \/>\n\t<meta property=\"og:image:type\" content=\"image\/png\" \/>\n<meta name=\"author\" content=\"Redaktionen SvM\" \/>\n<meta name=\"twitter:card\" content=\"summary_large_image\" \/>\n<meta name=\"twitter:creator\" content=\"@SvenskaMagasine\" \/>\n<meta name=\"twitter:site\" content=\"@SvenskaMagasine\" \/>\n<script type=\"application\/ld+json\" class=\"yoast-schema-graph\">{\"@context\":\"https:\\\/\\\/schema.org\",\"@graph\":[{\"@type\":\"Article\",\"@id\":\"https:\\\/\\\/lightweb.dev\\\/l\\\/svm-temp\\\/nyheter\\\/invandring-och-migration-vaxande-problem-enligt-spanjorer\\\/#article\",\"isPartOf\":{\"@id\":\"https:\\\/\\\/lightweb.dev\\\/l\\\/svm-temp\\\/nyheter\\\/invandring-och-migration-vaxande-problem-enligt-spanjorer\\\/\"},\"author\":{\"name\":\"Redaktionen SvM\",\"@id\":\"https:\\\/\\\/lightweb.dev\\\/l\\\/svm-temp\\\/#\\\/schema\\\/person\\\/206a3bda5b607b0c25e1749191e4d837\"},\"headline\":\"Invandring och migration v\u00e4xande problem enligt spanjorer\",\"datePublished\":\"2015-10-06T22:00:00+00:00\",\"mainEntityOfPage\":{\"@id\":\"https:\\\/\\\/lightweb.dev\\\/l\\\/svm-temp\\\/nyheter\\\/invandring-och-migration-vaxande-problem-enligt-spanjorer\\\/\"},\"wordCount\":192,\"commentCount\":0,\"publisher\":{\"@id\":\"https:\\\/\\\/lightweb.dev\\\/l\\\/svm-temp\\\/#organization\"},\"image\":{\"@id\":\"https:\\\/\\\/lightweb.dev\\\/l\\\/svm-temp\\\/nyheter\\\/invandring-och-migration-vaxande-problem-enligt-spanjorer\\\/#primaryimage\"},\"thumbnailUrl\":\"https:\\\/\\\/lightweb.dev\\\/l\\\/svm-temp\\\/wp-content\\\/uploads\\\/2022\\\/06\\\/invandring-och-migration-vaxande-problem-enligt-spanjorer.png\",\"articleSection\":[\"Arkiv\",\"Nyheter\"],\"inLanguage\":\"sv-SE\"},{\"@type\":\"WebPage\",\"@id\":\"https:\\\/\\\/lightweb.dev\\\/l\\\/svm-temp\\\/nyheter\\\/invandring-och-migration-vaxande-problem-enligt-spanjorer\\\/\",\"url\":\"https:\\\/\\\/lightweb.dev\\\/l\\\/svm-temp\\\/nyheter\\\/invandring-och-migration-vaxande-problem-enligt-spanjorer\\\/\",\"name\":\"Invandring och migration v\u00e4xande problem enligt spanjorer - Svenska Magasinet\",\"isPartOf\":{\"@id\":\"https:\\\/\\\/lightweb.dev\\\/l\\\/svm-temp\\\/#website\"},\"primaryImageOfPage\":{\"@id\":\"https:\\\/\\\/lightweb.dev\\\/l\\\/svm-temp\\\/nyheter\\\/invandring-och-migration-vaxande-problem-enligt-spanjorer\\\/#primaryimage\"},\"image\":{\"@id\":\"https:\\\/\\\/lightweb.dev\\\/l\\\/svm-temp\\\/nyheter\\\/invandring-och-migration-vaxande-problem-enligt-spanjorer\\\/#primaryimage\"},\"thumbnailUrl\":\"https:\\\/\\\/lightweb.dev\\\/l\\\/svm-temp\\\/wp-content\\\/uploads\\\/2022\\\/06\\\/invandring-och-migration-vaxande-problem-enligt-spanjorer.png\",\"datePublished\":\"2015-10-06T22:00:00+00:00\",\"breadcrumb\":{\"@id\":\"https:\\\/\\\/lightweb.dev\\\/l\\\/svm-temp\\\/nyheter\\\/invandring-och-migration-vaxande-problem-enligt-spanjorer\\\/#breadcrumb\"},\"inLanguage\":\"sv-SE\",\"potentialAction\":[{\"@type\":\"ReadAction\",\"target\":[\"https:\\\/\\\/lightweb.dev\\\/l\\\/svm-temp\\\/nyheter\\\/invandring-och-migration-vaxande-problem-enligt-spanjorer\\\/\"]}]},{\"@type\":\"ImageObject\",\"inLanguage\":\"sv-SE\",\"@id\":\"https:\\\/\\\/lightweb.dev\\\/l\\\/svm-temp\\\/nyheter\\\/invandring-och-migration-vaxande-problem-enligt-spanjorer\\\/#primaryimage\",\"url\":\"https:\\\/\\\/lightweb.dev\\\/l\\\/svm-temp\\\/wp-content\\\/uploads\\\/2022\\\/06\\\/invandring-och-migration-vaxande-problem-enligt-spanjorer.png\",\"contentUrl\":\"https:\\\/\\\/lightweb.dev\\\/l\\\/svm-temp\\\/wp-content\\\/uploads\\\/2022\\\/06\\\/invandring-och-migration-vaxande-problem-enligt-spanjorer.png\",\"width\":280,\"height\":210},{\"@type\":\"BreadcrumbList\",\"@id\":\"https:\\\/\\\/lightweb.dev\\\/l\\\/svm-temp\\\/nyheter\\\/invandring-och-migration-vaxande-problem-enligt-spanjorer\\\/#breadcrumb\",\"itemListElement\":[{\"@type\":\"ListItem\",\"position\":1,\"name\":\"Hem\",\"item\":\"https:\\\/\\\/lightweb.dev\\\/l\\\/svm-temp\\\/\"},{\"@type\":\"ListItem\",\"position\":2,\"name\":\"Invandring och migration v\u00e4xande problem enligt spanjorer\"}]},{\"@type\":\"WebSite\",\"@id\":\"https:\\\/\\\/lightweb.dev\\\/l\\\/svm-temp\\\/#website\",\"url\":\"https:\\\/\\\/lightweb.dev\\\/l\\\/svm-temp\\\/\",\"name\":\"Svenska Magasinet\",\"description\":\"Dina Spanska nyheter p&aring; Svenska\",\"publisher\":{\"@id\":\"https:\\\/\\\/lightweb.dev\\\/l\\\/svm-temp\\\/#organization\"},\"potentialAction\":[{\"@type\":\"SearchAction\",\"target\":{\"@type\":\"EntryPoint\",\"urlTemplate\":\"https:\\\/\\\/lightweb.dev\\\/l\\\/svm-temp\\\/?s={search_term_string}\"},\"query-input\":{\"@type\":\"PropertyValueSpecification\",\"valueRequired\":true,\"valueName\":\"search_term_string\"}}],\"inLanguage\":\"sv-SE\"},{\"@type\":\"Organization\",\"@id\":\"https:\\\/\\\/lightweb.dev\\\/l\\\/svm-temp\\\/#organization\",\"name\":\"Melkerson y Nott SL\",\"alternateName\":\"Svenska Magasinet\",\"url\":\"https:\\\/\\\/lightweb.dev\\\/l\\\/svm-temp\\\/\",\"logo\":{\"@type\":\"ImageObject\",\"inLanguage\":\"sv-SE\",\"@id\":\"https:\\\/\\\/lightweb.dev\\\/l\\\/svm-temp\\\/#\\\/schema\\\/logo\\\/image\\\/\",\"url\":\"https:\\\/\\\/lightweb.dev\\\/l\\\/svm-temp\\\/wp-content\\\/uploads\\\/2025\\\/02\\\/SvM-logo-Xtra-Centrerad-SVART.png\",\"contentUrl\":\"https:\\\/\\\/lightweb.dev\\\/l\\\/svm-temp\\\/wp-content\\\/uploads\\\/2025\\\/02\\\/SvM-logo-Xtra-Centrerad-SVART.png\",\"width\":300,\"height\":99,\"caption\":\"Melkerson y Nott SL\"},\"image\":{\"@id\":\"https:\\\/\\\/lightweb.dev\\\/l\\\/svm-temp\\\/#\\\/schema\\\/logo\\\/image\\\/\"},\"sameAs\":[\"https:\\\/\\\/www.facebook.com\\\/svenskamagasinet\",\"https:\\\/\\\/x.com\\\/SvenskaMagasine\"]},{\"@type\":\"Person\",\"@id\":\"https:\\\/\\\/lightweb.dev\\\/l\\\/svm-temp\\\/#\\\/schema\\\/person\\\/206a3bda5b607b0c25e1749191e4d837\",\"name\":\"Redaktionen SvM\",\"description\":\"Redaktionen\",\"sameAs\":[\"https:\\\/\\\/lightweb.dev\\\/l\\\/svm-temp\"],\"url\":\"https:\\\/\\\/lightweb.dev\\\/l\\\/svm-temp\\\/reporter\\\/redaktionen\\\/\"}]}<\/script>\n<!-- \/ Yoast SEO Premium plugin. -->","yoast_head_json":{"title":"Invandring och migration v\u00e4xande problem enligt spanjorer - Svenska Magasinet","robots":{"index":"noindex","follow":"follow","max-snippet":"max-snippet:-1","max-image-preview":"max-image-preview:large","max-video-preview":"max-video-preview:-1"},"og_locale":"sv_SE","og_type":"article","og_title":"Invandring och migration v\u00e4xande problem enligt spanjorer","og_description":"Arbetsl\u00f6shet och korruption \u00e4r samh\u00e4llets st\u00f6rsta problem enligt spanjorerna. Men sedan den f\u00f6rra unders\u00f6kningen s\u00e5 ses invandringen och migrationen som ett v\u00e4xande problem. Vid juli-unders\u00f6kningen angav 2,9 procent av den spanska befolkningen att invandringen var ett stort problem. I den senaste opinionsunders\u00f6kningen fr\u00e5n CIS som presenterades p\u00e5 onsdagen \u00e4r det nu 7,7 procent som anser [&hellip;]","og_url":"https:\/\/lightweb.dev\/l\/svm-temp\/nyheter\/invandring-och-migration-vaxande-problem-enligt-spanjorer\/","og_site_name":"Svenska Magasinet","article_publisher":"https:\/\/www.facebook.com\/svenskamagasinet","article_published_time":"2015-10-06T22:00:00+00:00","og_image":[{"width":280,"height":210,"url":"https:\/\/lightweb.dev\/l\/svm-temp\/wp-content\/uploads\/2022\/06\/invandring-och-migration-vaxande-problem-enligt-spanjorer.png","type":"image\/png"}],"author":"Redaktionen SvM","twitter_card":"summary_large_image","twitter_creator":"@SvenskaMagasine","twitter_site":"@SvenskaMagasine","schema":{"@context":"https:\/\/schema.org","@graph":[{"@type":"Article","@id":"https:\/\/lightweb.dev\/l\/svm-temp\/nyheter\/invandring-och-migration-vaxande-problem-enligt-spanjorer\/#article","isPartOf":{"@id":"https:\/\/lightweb.dev\/l\/svm-temp\/nyheter\/invandring-och-migration-vaxande-problem-enligt-spanjorer\/"},"author":{"name":"Redaktionen SvM","@id":"https:\/\/lightweb.dev\/l\/svm-temp\/#\/schema\/person\/206a3bda5b607b0c25e1749191e4d837"},"headline":"Invandring och migration v\u00e4xande problem enligt spanjorer","datePublished":"2015-10-06T22:00:00+00:00","mainEntityOfPage":{"@id":"https:\/\/lightweb.dev\/l\/svm-temp\/nyheter\/invandring-och-migration-vaxande-problem-enligt-spanjorer\/"},"wordCount":192,"commentCount":0,"publisher":{"@id":"https:\/\/lightweb.dev\/l\/svm-temp\/#organization"},"image":{"@id":"https:\/\/lightweb.dev\/l\/svm-temp\/nyheter\/invandring-och-migration-vaxande-problem-enligt-spanjorer\/#primaryimage"},"thumbnailUrl":"https:\/\/lightweb.dev\/l\/svm-temp\/wp-content\/uploads\/2022\/06\/invandring-och-migration-vaxande-problem-enligt-spanjorer.png","articleSection":["Arkiv","Nyheter"],"inLanguage":"sv-SE"},{"@type":"WebPage","@id":"https:\/\/lightweb.dev\/l\/svm-temp\/nyheter\/invandring-och-migration-vaxande-problem-enligt-spanjorer\/","url":"https:\/\/lightweb.dev\/l\/svm-temp\/nyheter\/invandring-och-migration-vaxande-problem-enligt-spanjorer\/","name":"Invandring och migration v\u00e4xande problem enligt spanjorer - Svenska Magasinet","isPartOf":{"@id":"https:\/\/lightweb.dev\/l\/svm-temp\/#website"},"primaryImageOfPage":{"@id":"https:\/\/lightweb.dev\/l\/svm-temp\/nyheter\/invandring-och-migration-vaxande-problem-enligt-spanjorer\/#primaryimage"},"image":{"@id":"https:\/\/lightweb.dev\/l\/svm-temp\/nyheter\/invandring-och-migration-vaxande-problem-enligt-spanjorer\/#primaryimage"},"thumbnailUrl":"https:\/\/lightweb.dev\/l\/svm-temp\/wp-content\/uploads\/2022\/06\/invandring-och-migration-vaxande-problem-enligt-spanjorer.png","datePublished":"2015-10-06T22:00:00+00:00","breadcrumb":{"@id":"https:\/\/lightweb.dev\/l\/svm-temp\/nyheter\/invandring-och-migration-vaxande-problem-enligt-spanjorer\/#breadcrumb"},"inLanguage":"sv-SE","potentialAction":[{"@type":"ReadAction","target":["https:\/\/lightweb.dev\/l\/svm-temp\/nyheter\/invandring-och-migration-vaxande-problem-enligt-spanjorer\/"]}]},{"@type":"ImageObject","inLanguage":"sv-SE","@id":"https:\/\/lightweb.dev\/l\/svm-temp\/nyheter\/invandring-och-migration-vaxande-problem-enligt-spanjorer\/#primaryimage","url":"https:\/\/lightweb.dev\/l\/svm-temp\/wp-content\/uploads\/2022\/06\/invandring-och-migration-vaxande-problem-enligt-spanjorer.png","contentUrl":"https:\/\/lightweb.dev\/l\/svm-temp\/wp-content\/uploads\/2022\/06\/invandring-och-migration-vaxande-problem-enligt-spanjorer.png","width":280,"height":210},{"@type":"BreadcrumbList","@id":"https:\/\/lightweb.dev\/l\/svm-temp\/nyheter\/invandring-och-migration-vaxande-problem-enligt-spanjorer\/#breadcrumb","itemListElement":[{"@type":"ListItem","position":1,"name":"Hem","item":"https:\/\/lightweb.dev\/l\/svm-temp\/"},{"@type":"ListItem","position":2,"name":"Invandring och migration v\u00e4xande problem enligt spanjorer"}]},{"@type":"WebSite","@id":"https:\/\/lightweb.dev\/l\/svm-temp\/#website","url":"https:\/\/lightweb.dev\/l\/svm-temp\/","name":"Svenska Magasinet","description":"Dina Spanska nyheter p&aring; Svenska","publisher":{"@id":"https:\/\/lightweb.dev\/l\/svm-temp\/#organization"},"potentialAction":[{"@type":"SearchAction","target":{"@type":"EntryPoint","urlTemplate":"https:\/\/lightweb.dev\/l\/svm-temp\/?s={search_term_string}"},"query-input":{"@type":"PropertyValueSpecification","valueRequired":true,"valueName":"search_term_string"}}],"inLanguage":"sv-SE"},{"@type":"Organization","@id":"https:\/\/lightweb.dev\/l\/svm-temp\/#organization","name":"Melkerson y Nott SL","alternateName":"Svenska Magasinet","url":"https:\/\/lightweb.dev\/l\/svm-temp\/","logo":{"@type":"ImageObject","inLanguage":"sv-SE","@id":"https:\/\/lightweb.dev\/l\/svm-temp\/#\/schema\/logo\/image\/","url":"https:\/\/lightweb.dev\/l\/svm-temp\/wp-content\/uploads\/2025\/02\/SvM-logo-Xtra-Centrerad-SVART.png","contentUrl":"https:\/\/lightweb.dev\/l\/svm-temp\/wp-content\/uploads\/2025\/02\/SvM-logo-Xtra-Centrerad-SVART.png","width":300,"height":99,"caption":"Melkerson y Nott SL"},"image":{"@id":"https:\/\/lightweb.dev\/l\/svm-temp\/#\/schema\/logo\/image\/"},"sameAs":["https:\/\/www.facebook.com\/svenskamagasinet","https:\/\/x.com\/SvenskaMagasine"]},{"@type":"Person","@id":"https:\/\/lightweb.dev\/l\/svm-temp\/#\/schema\/person\/206a3bda5b607b0c25e1749191e4d837","name":"Redaktionen SvM","description":"Redaktionen","sameAs":["https:\/\/lightweb.dev\/l\/svm-temp"],"url":"https:\/\/lightweb.dev\/l\/svm-temp\/reporter\/redaktionen\/"}]}},"_links":{"self":[{"href":"https:\/\/lightweb.dev\/l\/svm-temp\/wp-json\/wp\/v2\/posts\/23458","targetHints":{"allow":["GET"]}}],"collection":[{"href":"https:\/\/lightweb.dev\/l\/svm-temp\/wp-json\/wp\/v2\/posts"}],"about":[{"href":"https:\/\/lightweb.dev\/l\/svm-temp\/wp-json\/wp\/v2\/types\/post"}],"author":[{"embeddable":true,"href":"https:\/\/lightweb.dev\/l\/svm-temp\/wp-json\/wp\/v2\/users\/8"}],"replies":[{"embeddable":true,"href":"https:\/\/lightweb.dev\/l\/svm-temp\/wp-json\/wp\/v2\/comments?post=23458"}],"version-history":[{"count":0,"href":"https:\/\/lightweb.dev\/l\/svm-temp\/wp-json\/wp\/v2\/posts\/23458\/revisions"}],"wp:featuredmedia":[{"embeddable":true,"href":"https:\/\/lightweb.dev\/l\/svm-temp\/wp-json\/wp\/v2\/media\/23459"}],"wp:attachment":[{"href":"https:\/\/lightweb.dev\/l\/svm-temp\/wp-json\/wp\/v2\/media?parent=23458"}],"wp:term":[{"taxonomy":"category","embeddable":true,"href":"https:\/\/lightweb.dev\/l\/svm-temp\/wp-json\/wp\/v2\/categories?post=23458"},{"taxonomy":"post_tag","embeddable":true,"href":"https:\/\/lightweb.dev\/l\/svm-temp\/wp-json\/wp\/v2\/tags?post=23458"}],"curies":[{"name":"wp","href":"https:\/\/api.w.org\/{rel}","templated":true}]}}