{"id":23462,"date":"2015-10-06T00:00:00","date_gmt":"2015-10-05T22:00:00","guid":{"rendered":"https:\/\/lightweb.dev\/l\/svm-temp\/nyheter\/biologisk-bekampning-diskuteras-vid-konferens-i-torre-del-mar\/"},"modified":"2015-10-06T00:00:00","modified_gmt":"2015-10-05T22:00:00","slug":"biologisk-bekampning-diskuteras-vid-konferens-i-torre-del-mar","status":"publish","type":"post","link":"https:\/\/lightweb.dev\/l\/svm-temp\/nyheter\/biologisk-bekampning-diskuteras-vid-konferens-i-torre-del-mar\/","title":{"rendered":"Biologisk bek\u00e4mpning diskuteras vid konferens i Torre del Mar"},"content":{"rendered":"<p> Ledande forskare inom biologisk bek\u00e4mpning av skadeinsekter fr\u00e5n 30 l\u00e4nder medverkar vid en konferens i Torre del Mar. Experterna diskuterar vilket inverkan klimatf\u00f6r\u00e4ndringen har p\u00e5 insekter och skadedjursbek\u00e4mpningen.<\/p>\n<p>Biologisk bek\u00e4mpning av skadeinsekter har h\u00f6g prioritet f\u00f6r EU och m\u00e5nga andra l\u00e4nder. Det g\u00e4ller att f\u00f6rb\u00e4ttra jordbrukets konkurrenskraft och samtidigt trygga livsmedelsf\u00f6rs\u00f6rjningen och milj\u00f6m\u00e4ssig h\u00e5llbarhet.<\/p>\n<p>Klimatf\u00f6r\u00e4ndringar g\u00f6r att vissa skadeinsekter f\u00e5r fotf\u00e4ste och \u00f6verlever p\u00e5 omr\u00e5den d\u00e4r de tidigare inte fanns. Det drabbar jordbruket framf\u00f6r allt. Biologisk bek\u00e4mpning \u00e4r en metod d\u00e4r man bek\u00e4mpar skadeinsekter och sjukdomar med hj\u00e4lp av levande organismer.<\/p>\n<p>I Andalusien har man varit mycket tidigt ute med biologisk bek\u00e4mpning. F\u00f6r n\u00e4stan tv\u00e5 decennier sedan inf\u00f6rdes denna metod. Idag anv\u00e4nds den p\u00e5 28.000 hektar utan konstgjorda bek\u00e4mpningsmedel.<\/p>\n<p>160 experter och forskare fr\u00e5n 30 l\u00e4nder och fem kontinenter \u00e4r under fem dagar samlade i Torre del Mar f\u00f6r konferensen \u201d4th International Entomophagous Insects Conference (IEIC4)\u201d. <\/p>\n","protected":false},"excerpt":{"rendered":"<p>Ledande forskare inom biologisk bek\u00e4mpning av skadeinsekter fr\u00e5n 30 l\u00e4nder medverkar vid en konferens i Torre del Mar. Experterna diskuterar vilket inverkan klimatf\u00f6r\u00e4ndringen har p\u00e5 insekter och skadedjursbek\u00e4mpningen. Biologisk bek\u00e4mpning av skadeinsekter har h\u00f6g prioritet f\u00f6r EU och m\u00e5nga andra l\u00e4nder. Det g\u00e4ller att f\u00f6rb\u00e4ttra jordbrukets konkurrenskraft och samtidigt trygga livsmedelsf\u00f6rs\u00f6rjningen och milj\u00f6m\u00e4ssig h\u00e5llbarhet. Klimatf\u00f6r\u00e4ndringar [&hellip;]<\/p>\n","protected":false},"author":8,"featured_media":23463,"comment_status":"open","ping_status":"open","sticky":false,"template":"","format":"standard","meta":{"_et_pb_use_builder":"","_et_pb_old_content":"","_et_gb_content_width":"","footnotes":""},"categories":[395,3],"tags":[],"class_list":["post-23462","post","type-post","status-publish","format-standard","has-post-thumbnail","hentry","category-arkiv-nyheter","category-nyheter"],"yoast_head":"<!-- This site is optimized with the Yoast SEO Premium plugin v26.2 (Yoast SEO v27.4) - https:\/\/yoast.com\/product\/yoast-seo-premium-wordpress\/ -->\n<title>Biologisk bek\u00e4mpning diskuteras vid konferens i Torre del Mar - Svenska Magasinet<\/title>\n<meta name=\"robots\" content=\"noindex, follow, max-snippet:-1, max-image-preview:large, max-video-preview:-1\" \/>\n<meta property=\"og:locale\" content=\"sv_SE\" \/>\n<meta property=\"og:type\" content=\"article\" \/>\n<meta property=\"og:title\" content=\"Biologisk bek\u00e4mpning diskuteras vid konferens i Torre del Mar\" \/>\n<meta property=\"og:description\" content=\"Ledande forskare inom biologisk bek\u00e4mpning av skadeinsekter fr\u00e5n 30 l\u00e4nder medverkar vid en konferens i Torre del Mar. Experterna diskuterar vilket inverkan klimatf\u00f6r\u00e4ndringen har p\u00e5 insekter och skadedjursbek\u00e4mpningen. Biologisk bek\u00e4mpning av skadeinsekter har h\u00f6g prioritet f\u00f6r EU och m\u00e5nga andra l\u00e4nder. Det g\u00e4ller att f\u00f6rb\u00e4ttra jordbrukets konkurrenskraft och samtidigt trygga livsmedelsf\u00f6rs\u00f6rjningen och milj\u00f6m\u00e4ssig h\u00e5llbarhet. Klimatf\u00f6r\u00e4ndringar [&hellip;]\" \/>\n<meta property=\"og:url\" content=\"https:\/\/lightweb.dev\/l\/svm-temp\/nyheter\/biologisk-bekampning-diskuteras-vid-konferens-i-torre-del-mar\/\" \/>\n<meta property=\"og:site_name\" content=\"Svenska Magasinet\" \/>\n<meta property=\"article:publisher\" content=\"https:\/\/www.facebook.com\/svenskamagasinet\" \/>\n<meta property=\"article:published_time\" content=\"2015-10-05T22:00:00+00:00\" \/>\n<meta property=\"og:image\" content=\"https:\/\/lightweb.dev\/l\/svm-temp\/wp-content\/uploads\/2022\/06\/biologisk-bekampning-diskuteras-vid-konferens-i-torre-del-mar.png\" \/>\n\t<meta property=\"og:image:width\" content=\"382\" \/>\n\t<meta property=\"og:image:height\" content=\"200\" \/>\n\t<meta property=\"og:image:type\" content=\"image\/png\" \/>\n<meta name=\"author\" content=\"Redaktionen SvM\" \/>\n<meta name=\"twitter:card\" content=\"summary_large_image\" \/>\n<meta name=\"twitter:creator\" content=\"@SvenskaMagasine\" \/>\n<meta name=\"twitter:site\" content=\"@SvenskaMagasine\" \/>\n<script type=\"application\/ld+json\" class=\"yoast-schema-graph\">{\"@context\":\"https:\\\/\\\/schema.org\",\"@graph\":[{\"@type\":\"Article\",\"@id\":\"https:\\\/\\\/lightweb.dev\\\/l\\\/svm-temp\\\/nyheter\\\/biologisk-bekampning-diskuteras-vid-konferens-i-torre-del-mar\\\/#article\",\"isPartOf\":{\"@id\":\"https:\\\/\\\/lightweb.dev\\\/l\\\/svm-temp\\\/nyheter\\\/biologisk-bekampning-diskuteras-vid-konferens-i-torre-del-mar\\\/\"},\"author\":{\"name\":\"Redaktionen SvM\",\"@id\":\"https:\\\/\\\/lightweb.dev\\\/l\\\/svm-temp\\\/#\\\/schema\\\/person\\\/206a3bda5b607b0c25e1749191e4d837\"},\"headline\":\"Biologisk bek\u00e4mpning diskuteras vid konferens i Torre del Mar\",\"datePublished\":\"2015-10-05T22:00:00+00:00\",\"mainEntityOfPage\":{\"@id\":\"https:\\\/\\\/lightweb.dev\\\/l\\\/svm-temp\\\/nyheter\\\/biologisk-bekampning-diskuteras-vid-konferens-i-torre-del-mar\\\/\"},\"wordCount\":192,\"commentCount\":0,\"publisher\":{\"@id\":\"https:\\\/\\\/lightweb.dev\\\/l\\\/svm-temp\\\/#organization\"},\"image\":{\"@id\":\"https:\\\/\\\/lightweb.dev\\\/l\\\/svm-temp\\\/nyheter\\\/biologisk-bekampning-diskuteras-vid-konferens-i-torre-del-mar\\\/#primaryimage\"},\"thumbnailUrl\":\"https:\\\/\\\/lightweb.dev\\\/l\\\/svm-temp\\\/wp-content\\\/uploads\\\/2022\\\/06\\\/biologisk-bekampning-diskuteras-vid-konferens-i-torre-del-mar.png\",\"articleSection\":[\"Arkiv\",\"Nyheter\"],\"inLanguage\":\"sv-SE\"},{\"@type\":\"WebPage\",\"@id\":\"https:\\\/\\\/lightweb.dev\\\/l\\\/svm-temp\\\/nyheter\\\/biologisk-bekampning-diskuteras-vid-konferens-i-torre-del-mar\\\/\",\"url\":\"https:\\\/\\\/lightweb.dev\\\/l\\\/svm-temp\\\/nyheter\\\/biologisk-bekampning-diskuteras-vid-konferens-i-torre-del-mar\\\/\",\"name\":\"Biologisk bek\u00e4mpning diskuteras vid konferens i Torre del Mar - Svenska Magasinet\",\"isPartOf\":{\"@id\":\"https:\\\/\\\/lightweb.dev\\\/l\\\/svm-temp\\\/#website\"},\"primaryImageOfPage\":{\"@id\":\"https:\\\/\\\/lightweb.dev\\\/l\\\/svm-temp\\\/nyheter\\\/biologisk-bekampning-diskuteras-vid-konferens-i-torre-del-mar\\\/#primaryimage\"},\"image\":{\"@id\":\"https:\\\/\\\/lightweb.dev\\\/l\\\/svm-temp\\\/nyheter\\\/biologisk-bekampning-diskuteras-vid-konferens-i-torre-del-mar\\\/#primaryimage\"},\"thumbnailUrl\":\"https:\\\/\\\/lightweb.dev\\\/l\\\/svm-temp\\\/wp-content\\\/uploads\\\/2022\\\/06\\\/biologisk-bekampning-diskuteras-vid-konferens-i-torre-del-mar.png\",\"datePublished\":\"2015-10-05T22:00:00+00:00\",\"breadcrumb\":{\"@id\":\"https:\\\/\\\/lightweb.dev\\\/l\\\/svm-temp\\\/nyheter\\\/biologisk-bekampning-diskuteras-vid-konferens-i-torre-del-mar\\\/#breadcrumb\"},\"inLanguage\":\"sv-SE\",\"potentialAction\":[{\"@type\":\"ReadAction\",\"target\":[\"https:\\\/\\\/lightweb.dev\\\/l\\\/svm-temp\\\/nyheter\\\/biologisk-bekampning-diskuteras-vid-konferens-i-torre-del-mar\\\/\"]}]},{\"@type\":\"ImageObject\",\"inLanguage\":\"sv-SE\",\"@id\":\"https:\\\/\\\/lightweb.dev\\\/l\\\/svm-temp\\\/nyheter\\\/biologisk-bekampning-diskuteras-vid-konferens-i-torre-del-mar\\\/#primaryimage\",\"url\":\"https:\\\/\\\/lightweb.dev\\\/l\\\/svm-temp\\\/wp-content\\\/uploads\\\/2022\\\/06\\\/biologisk-bekampning-diskuteras-vid-konferens-i-torre-del-mar.png\",\"contentUrl\":\"https:\\\/\\\/lightweb.dev\\\/l\\\/svm-temp\\\/wp-content\\\/uploads\\\/2022\\\/06\\\/biologisk-bekampning-diskuteras-vid-konferens-i-torre-del-mar.png\",\"width\":382,\"height\":200},{\"@type\":\"BreadcrumbList\",\"@id\":\"https:\\\/\\\/lightweb.dev\\\/l\\\/svm-temp\\\/nyheter\\\/biologisk-bekampning-diskuteras-vid-konferens-i-torre-del-mar\\\/#breadcrumb\",\"itemListElement\":[{\"@type\":\"ListItem\",\"position\":1,\"name\":\"Hem\",\"item\":\"https:\\\/\\\/lightweb.dev\\\/l\\\/svm-temp\\\/\"},{\"@type\":\"ListItem\",\"position\":2,\"name\":\"Biologisk bek\u00e4mpning diskuteras vid konferens i Torre del Mar\"}]},{\"@type\":\"WebSite\",\"@id\":\"https:\\\/\\\/lightweb.dev\\\/l\\\/svm-temp\\\/#website\",\"url\":\"https:\\\/\\\/lightweb.dev\\\/l\\\/svm-temp\\\/\",\"name\":\"Svenska Magasinet\",\"description\":\"Dina Spanska nyheter p&aring; Svenska\",\"publisher\":{\"@id\":\"https:\\\/\\\/lightweb.dev\\\/l\\\/svm-temp\\\/#organization\"},\"potentialAction\":[{\"@type\":\"SearchAction\",\"target\":{\"@type\":\"EntryPoint\",\"urlTemplate\":\"https:\\\/\\\/lightweb.dev\\\/l\\\/svm-temp\\\/?s={search_term_string}\"},\"query-input\":{\"@type\":\"PropertyValueSpecification\",\"valueRequired\":true,\"valueName\":\"search_term_string\"}}],\"inLanguage\":\"sv-SE\"},{\"@type\":\"Organization\",\"@id\":\"https:\\\/\\\/lightweb.dev\\\/l\\\/svm-temp\\\/#organization\",\"name\":\"Melkerson y Nott SL\",\"alternateName\":\"Svenska Magasinet\",\"url\":\"https:\\\/\\\/lightweb.dev\\\/l\\\/svm-temp\\\/\",\"logo\":{\"@type\":\"ImageObject\",\"inLanguage\":\"sv-SE\",\"@id\":\"https:\\\/\\\/lightweb.dev\\\/l\\\/svm-temp\\\/#\\\/schema\\\/logo\\\/image\\\/\",\"url\":\"https:\\\/\\\/lightweb.dev\\\/l\\\/svm-temp\\\/wp-content\\\/uploads\\\/2025\\\/02\\\/SvM-logo-Xtra-Centrerad-SVART.png\",\"contentUrl\":\"https:\\\/\\\/lightweb.dev\\\/l\\\/svm-temp\\\/wp-content\\\/uploads\\\/2025\\\/02\\\/SvM-logo-Xtra-Centrerad-SVART.png\",\"width\":300,\"height\":99,\"caption\":\"Melkerson y Nott SL\"},\"image\":{\"@id\":\"https:\\\/\\\/lightweb.dev\\\/l\\\/svm-temp\\\/#\\\/schema\\\/logo\\\/image\\\/\"},\"sameAs\":[\"https:\\\/\\\/www.facebook.com\\\/svenskamagasinet\",\"https:\\\/\\\/x.com\\\/SvenskaMagasine\"]},{\"@type\":\"Person\",\"@id\":\"https:\\\/\\\/lightweb.dev\\\/l\\\/svm-temp\\\/#\\\/schema\\\/person\\\/206a3bda5b607b0c25e1749191e4d837\",\"name\":\"Redaktionen SvM\",\"description\":\"Redaktionen\",\"sameAs\":[\"https:\\\/\\\/lightweb.dev\\\/l\\\/svm-temp\"],\"url\":\"https:\\\/\\\/lightweb.dev\\\/l\\\/svm-temp\\\/reporter\\\/redaktionen\\\/\"}]}<\/script>\n<!-- \/ Yoast SEO Premium plugin. -->","yoast_head_json":{"title":"Biologisk bek\u00e4mpning diskuteras vid konferens i Torre del Mar - Svenska Magasinet","robots":{"index":"noindex","follow":"follow","max-snippet":"max-snippet:-1","max-image-preview":"max-image-preview:large","max-video-preview":"max-video-preview:-1"},"og_locale":"sv_SE","og_type":"article","og_title":"Biologisk bek\u00e4mpning diskuteras vid konferens i Torre del Mar","og_description":"Ledande forskare inom biologisk bek\u00e4mpning av skadeinsekter fr\u00e5n 30 l\u00e4nder medverkar vid en konferens i Torre del Mar. Experterna diskuterar vilket inverkan klimatf\u00f6r\u00e4ndringen har p\u00e5 insekter och skadedjursbek\u00e4mpningen. Biologisk bek\u00e4mpning av skadeinsekter har h\u00f6g prioritet f\u00f6r EU och m\u00e5nga andra l\u00e4nder. Det g\u00e4ller att f\u00f6rb\u00e4ttra jordbrukets konkurrenskraft och samtidigt trygga livsmedelsf\u00f6rs\u00f6rjningen och milj\u00f6m\u00e4ssig h\u00e5llbarhet. Klimatf\u00f6r\u00e4ndringar [&hellip;]","og_url":"https:\/\/lightweb.dev\/l\/svm-temp\/nyheter\/biologisk-bekampning-diskuteras-vid-konferens-i-torre-del-mar\/","og_site_name":"Svenska Magasinet","article_publisher":"https:\/\/www.facebook.com\/svenskamagasinet","article_published_time":"2015-10-05T22:00:00+00:00","og_image":[{"width":382,"height":200,"url":"https:\/\/lightweb.dev\/l\/svm-temp\/wp-content\/uploads\/2022\/06\/biologisk-bekampning-diskuteras-vid-konferens-i-torre-del-mar.png","type":"image\/png"}],"author":"Redaktionen SvM","twitter_card":"summary_large_image","twitter_creator":"@SvenskaMagasine","twitter_site":"@SvenskaMagasine","schema":{"@context":"https:\/\/schema.org","@graph":[{"@type":"Article","@id":"https:\/\/lightweb.dev\/l\/svm-temp\/nyheter\/biologisk-bekampning-diskuteras-vid-konferens-i-torre-del-mar\/#article","isPartOf":{"@id":"https:\/\/lightweb.dev\/l\/svm-temp\/nyheter\/biologisk-bekampning-diskuteras-vid-konferens-i-torre-del-mar\/"},"author":{"name":"Redaktionen SvM","@id":"https:\/\/lightweb.dev\/l\/svm-temp\/#\/schema\/person\/206a3bda5b607b0c25e1749191e4d837"},"headline":"Biologisk bek\u00e4mpning diskuteras vid konferens i Torre del Mar","datePublished":"2015-10-05T22:00:00+00:00","mainEntityOfPage":{"@id":"https:\/\/lightweb.dev\/l\/svm-temp\/nyheter\/biologisk-bekampning-diskuteras-vid-konferens-i-torre-del-mar\/"},"wordCount":192,"commentCount":0,"publisher":{"@id":"https:\/\/lightweb.dev\/l\/svm-temp\/#organization"},"image":{"@id":"https:\/\/lightweb.dev\/l\/svm-temp\/nyheter\/biologisk-bekampning-diskuteras-vid-konferens-i-torre-del-mar\/#primaryimage"},"thumbnailUrl":"https:\/\/lightweb.dev\/l\/svm-temp\/wp-content\/uploads\/2022\/06\/biologisk-bekampning-diskuteras-vid-konferens-i-torre-del-mar.png","articleSection":["Arkiv","Nyheter"],"inLanguage":"sv-SE"},{"@type":"WebPage","@id":"https:\/\/lightweb.dev\/l\/svm-temp\/nyheter\/biologisk-bekampning-diskuteras-vid-konferens-i-torre-del-mar\/","url":"https:\/\/lightweb.dev\/l\/svm-temp\/nyheter\/biologisk-bekampning-diskuteras-vid-konferens-i-torre-del-mar\/","name":"Biologisk bek\u00e4mpning diskuteras vid konferens i Torre del Mar - Svenska Magasinet","isPartOf":{"@id":"https:\/\/lightweb.dev\/l\/svm-temp\/#website"},"primaryImageOfPage":{"@id":"https:\/\/lightweb.dev\/l\/svm-temp\/nyheter\/biologisk-bekampning-diskuteras-vid-konferens-i-torre-del-mar\/#primaryimage"},"image":{"@id":"https:\/\/lightweb.dev\/l\/svm-temp\/nyheter\/biologisk-bekampning-diskuteras-vid-konferens-i-torre-del-mar\/#primaryimage"},"thumbnailUrl":"https:\/\/lightweb.dev\/l\/svm-temp\/wp-content\/uploads\/2022\/06\/biologisk-bekampning-diskuteras-vid-konferens-i-torre-del-mar.png","datePublished":"2015-10-05T22:00:00+00:00","breadcrumb":{"@id":"https:\/\/lightweb.dev\/l\/svm-temp\/nyheter\/biologisk-bekampning-diskuteras-vid-konferens-i-torre-del-mar\/#breadcrumb"},"inLanguage":"sv-SE","potentialAction":[{"@type":"ReadAction","target":["https:\/\/lightweb.dev\/l\/svm-temp\/nyheter\/biologisk-bekampning-diskuteras-vid-konferens-i-torre-del-mar\/"]}]},{"@type":"ImageObject","inLanguage":"sv-SE","@id":"https:\/\/lightweb.dev\/l\/svm-temp\/nyheter\/biologisk-bekampning-diskuteras-vid-konferens-i-torre-del-mar\/#primaryimage","url":"https:\/\/lightweb.dev\/l\/svm-temp\/wp-content\/uploads\/2022\/06\/biologisk-bekampning-diskuteras-vid-konferens-i-torre-del-mar.png","contentUrl":"https:\/\/lightweb.dev\/l\/svm-temp\/wp-content\/uploads\/2022\/06\/biologisk-bekampning-diskuteras-vid-konferens-i-torre-del-mar.png","width":382,"height":200},{"@type":"BreadcrumbList","@id":"https:\/\/lightweb.dev\/l\/svm-temp\/nyheter\/biologisk-bekampning-diskuteras-vid-konferens-i-torre-del-mar\/#breadcrumb","itemListElement":[{"@type":"ListItem","position":1,"name":"Hem","item":"https:\/\/lightweb.dev\/l\/svm-temp\/"},{"@type":"ListItem","position":2,"name":"Biologisk bek\u00e4mpning diskuteras vid konferens i Torre del Mar"}]},{"@type":"WebSite","@id":"https:\/\/lightweb.dev\/l\/svm-temp\/#website","url":"https:\/\/lightweb.dev\/l\/svm-temp\/","name":"Svenska Magasinet","description":"Dina Spanska nyheter p&aring; Svenska","publisher":{"@id":"https:\/\/lightweb.dev\/l\/svm-temp\/#organization"},"potentialAction":[{"@type":"SearchAction","target":{"@type":"EntryPoint","urlTemplate":"https:\/\/lightweb.dev\/l\/svm-temp\/?s={search_term_string}"},"query-input":{"@type":"PropertyValueSpecification","valueRequired":true,"valueName":"search_term_string"}}],"inLanguage":"sv-SE"},{"@type":"Organization","@id":"https:\/\/lightweb.dev\/l\/svm-temp\/#organization","name":"Melkerson y Nott SL","alternateName":"Svenska Magasinet","url":"https:\/\/lightweb.dev\/l\/svm-temp\/","logo":{"@type":"ImageObject","inLanguage":"sv-SE","@id":"https:\/\/lightweb.dev\/l\/svm-temp\/#\/schema\/logo\/image\/","url":"https:\/\/lightweb.dev\/l\/svm-temp\/wp-content\/uploads\/2025\/02\/SvM-logo-Xtra-Centrerad-SVART.png","contentUrl":"https:\/\/lightweb.dev\/l\/svm-temp\/wp-content\/uploads\/2025\/02\/SvM-logo-Xtra-Centrerad-SVART.png","width":300,"height":99,"caption":"Melkerson y Nott SL"},"image":{"@id":"https:\/\/lightweb.dev\/l\/svm-temp\/#\/schema\/logo\/image\/"},"sameAs":["https:\/\/www.facebook.com\/svenskamagasinet","https:\/\/x.com\/SvenskaMagasine"]},{"@type":"Person","@id":"https:\/\/lightweb.dev\/l\/svm-temp\/#\/schema\/person\/206a3bda5b607b0c25e1749191e4d837","name":"Redaktionen SvM","description":"Redaktionen","sameAs":["https:\/\/lightweb.dev\/l\/svm-temp"],"url":"https:\/\/lightweb.dev\/l\/svm-temp\/reporter\/redaktionen\/"}]}},"_links":{"self":[{"href":"https:\/\/lightweb.dev\/l\/svm-temp\/wp-json\/wp\/v2\/posts\/23462","targetHints":{"allow":["GET"]}}],"collection":[{"href":"https:\/\/lightweb.dev\/l\/svm-temp\/wp-json\/wp\/v2\/posts"}],"about":[{"href":"https:\/\/lightweb.dev\/l\/svm-temp\/wp-json\/wp\/v2\/types\/post"}],"author":[{"embeddable":true,"href":"https:\/\/lightweb.dev\/l\/svm-temp\/wp-json\/wp\/v2\/users\/8"}],"replies":[{"embeddable":true,"href":"https:\/\/lightweb.dev\/l\/svm-temp\/wp-json\/wp\/v2\/comments?post=23462"}],"version-history":[{"count":0,"href":"https:\/\/lightweb.dev\/l\/svm-temp\/wp-json\/wp\/v2\/posts\/23462\/revisions"}],"wp:featuredmedia":[{"embeddable":true,"href":"https:\/\/lightweb.dev\/l\/svm-temp\/wp-json\/wp\/v2\/media\/23463"}],"wp:attachment":[{"href":"https:\/\/lightweb.dev\/l\/svm-temp\/wp-json\/wp\/v2\/media?parent=23462"}],"wp:term":[{"taxonomy":"category","embeddable":true,"href":"https:\/\/lightweb.dev\/l\/svm-temp\/wp-json\/wp\/v2\/categories?post=23462"},{"taxonomy":"post_tag","embeddable":true,"href":"https:\/\/lightweb.dev\/l\/svm-temp\/wp-json\/wp\/v2\/tags?post=23462"}],"curies":[{"name":"wp","href":"https:\/\/api.w.org\/{rel}","templated":true}]}}