{"id":23470,"date":"2015-10-05T00:00:00","date_gmt":"2015-10-04T22:00:00","guid":{"rendered":"https:\/\/lightweb.dev\/l\/svm-temp\/nyheter\/standard-poors-hojer-kreditbetyget-och-varnar-for-politisk-osakerhet\/"},"modified":"2015-10-05T00:00:00","modified_gmt":"2015-10-04T22:00:00","slug":"standard-poors-hojer-kreditbetyget-och-varnar-for-politisk-osakerhet","status":"publish","type":"post","link":"https:\/\/lightweb.dev\/l\/svm-temp\/nyheter\/standard-poors-hojer-kreditbetyget-och-varnar-for-politisk-osakerhet\/","title":{"rendered":"Standard &#x26; Poor\u00b4s h\u00f6jer kreditbetyget och varnar f\u00f6r politisk os\u00e4kerhet"},"content":{"rendered":"<p> Kreditv\u00e4rderingsinstitutet Standard &#038; Poor\u00b4s h\u00f6jer det l\u00e5ngsiktiga kreditbetyget f\u00f6r Spanien till BBB+ fr\u00e5n tidigare BBB. Utsikterna bed\u00f6ms vara stabila. Det kortsiktiga kreditbetyget ligger kvar vid A-2. Det framg\u00e5r av ett pressmeddelande.<\/p>\n<p>Sedan 2010 har Spanien genomg\u00e5tt tv\u00e5 reformer p\u00e5 arbetsmarknaden som har f\u00f6rb\u00e4ttrat konkurrenskraften f\u00f6r export och servicesektorn, skriver kreditv\u00e4rderingsinstitutet. Standard &#038; Poor\u00b4s f\u00f6rv\u00e4ntar att bruttonationalprodukten (BNP) v\u00e4xer med cirka 4 procent under de n\u00e4rmaste \u00e5ren.<\/p>\n<p>Det \u00e4r f\u00f6rsta g\u00e5ngen p\u00e5 19 m\u00e5nader som kreditbetyget h\u00f6js f\u00f6r Spanien.<\/p>\n<p>Det som skulle kunna \u201dkyla\u201d av den spanska ekonomin skulle vara en \u201dos\u00e4kerhet\u201d som kan uppkomma om det blir ett regeringsskifte vid de allm\u00e4nna valen den 20 december. Ett oklart valresultat kan komma att p\u00e5verka Spanien negativt. <\/p>\n","protected":false},"excerpt":{"rendered":"<p>Kreditv\u00e4rderingsinstitutet Standard &#038; Poor\u00b4s h\u00f6jer det l\u00e5ngsiktiga kreditbetyget f\u00f6r Spanien till BBB+ fr\u00e5n tidigare BBB. Utsikterna bed\u00f6ms vara stabila. Det kortsiktiga kreditbetyget ligger kvar vid A-2. Det framg\u00e5r av ett pressmeddelande. Sedan 2010 har Spanien genomg\u00e5tt tv\u00e5 reformer p\u00e5 arbetsmarknaden som har f\u00f6rb\u00e4ttrat konkurrenskraften f\u00f6r export och servicesektorn, skriver kreditv\u00e4rderingsinstitutet. Standard &#038; Poor\u00b4s f\u00f6rv\u00e4ntar att [&hellip;]<\/p>\n","protected":false},"author":8,"featured_media":23471,"comment_status":"open","ping_status":"open","sticky":false,"template":"","format":"standard","meta":{"_et_pb_use_builder":"","_et_pb_old_content":"","_et_gb_content_width":"","footnotes":""},"categories":[395,3],"tags":[],"class_list":["post-23470","post","type-post","status-publish","format-standard","has-post-thumbnail","hentry","category-arkiv-nyheter","category-nyheter"],"yoast_head":"<!-- This site is optimized with the Yoast SEO Premium plugin v26.2 (Yoast SEO v27.4) - https:\/\/yoast.com\/product\/yoast-seo-premium-wordpress\/ -->\n<title>Standard &#x26; Poor\u00b4s h\u00f6jer kreditbetyget och varnar f\u00f6r politisk os\u00e4kerhet - Svenska Magasinet<\/title>\n<meta name=\"robots\" content=\"noindex, follow, max-snippet:-1, max-image-preview:large, max-video-preview:-1\" \/>\n<meta property=\"og:locale\" content=\"sv_SE\" \/>\n<meta property=\"og:type\" content=\"article\" \/>\n<meta property=\"og:title\" content=\"Standard &#x26; Poor\u00b4s h\u00f6jer kreditbetyget och varnar f\u00f6r politisk os\u00e4kerhet\" \/>\n<meta property=\"og:description\" content=\"Kreditv\u00e4rderingsinstitutet Standard &#038; Poor\u00b4s h\u00f6jer det l\u00e5ngsiktiga kreditbetyget f\u00f6r Spanien till BBB+ fr\u00e5n tidigare BBB. Utsikterna bed\u00f6ms vara stabila. Det kortsiktiga kreditbetyget ligger kvar vid A-2. Det framg\u00e5r av ett pressmeddelande. Sedan 2010 har Spanien genomg\u00e5tt tv\u00e5 reformer p\u00e5 arbetsmarknaden som har f\u00f6rb\u00e4ttrat konkurrenskraften f\u00f6r export och servicesektorn, skriver kreditv\u00e4rderingsinstitutet. Standard &#038; Poor\u00b4s f\u00f6rv\u00e4ntar att [&hellip;]\" \/>\n<meta property=\"og:url\" content=\"https:\/\/lightweb.dev\/l\/svm-temp\/nyheter\/standard-poors-hojer-kreditbetyget-och-varnar-for-politisk-osakerhet\/\" \/>\n<meta property=\"og:site_name\" content=\"Svenska Magasinet\" \/>\n<meta property=\"article:publisher\" content=\"https:\/\/www.facebook.com\/svenskamagasinet\" \/>\n<meta property=\"article:published_time\" content=\"2015-10-04T22:00:00+00:00\" \/>\n<meta property=\"og:image\" content=\"https:\/\/lightweb.dev\/l\/svm-temp\/wp-content\/uploads\/2022\/06\/standard-x26-poors-hojer-kreditbetyget-och-varnar-for-politisk-osakerhet.png\" \/>\n\t<meta property=\"og:image:width\" content=\"321\" \/>\n\t<meta property=\"og:image:height\" content=\"200\" \/>\n\t<meta property=\"og:image:type\" content=\"image\/png\" \/>\n<meta name=\"author\" content=\"Redaktionen SvM\" \/>\n<meta name=\"twitter:card\" content=\"summary_large_image\" \/>\n<meta name=\"twitter:creator\" content=\"@SvenskaMagasine\" \/>\n<meta name=\"twitter:site\" content=\"@SvenskaMagasine\" \/>\n<script type=\"application\/ld+json\" class=\"yoast-schema-graph\">{\"@context\":\"https:\\\/\\\/schema.org\",\"@graph\":[{\"@type\":\"Article\",\"@id\":\"https:\\\/\\\/lightweb.dev\\\/l\\\/svm-temp\\\/nyheter\\\/standard-poors-hojer-kreditbetyget-och-varnar-for-politisk-osakerhet\\\/#article\",\"isPartOf\":{\"@id\":\"https:\\\/\\\/lightweb.dev\\\/l\\\/svm-temp\\\/nyheter\\\/standard-poors-hojer-kreditbetyget-och-varnar-for-politisk-osakerhet\\\/\"},\"author\":{\"name\":\"Redaktionen SvM\",\"@id\":\"https:\\\/\\\/lightweb.dev\\\/l\\\/svm-temp\\\/#\\\/schema\\\/person\\\/206a3bda5b607b0c25e1749191e4d837\"},\"headline\":\"Standard &#x26; Poor\u00b4s h\u00f6jer kreditbetyget och varnar f\u00f6r politisk os\u00e4kerhet\",\"datePublished\":\"2015-10-04T22:00:00+00:00\",\"mainEntityOfPage\":{\"@id\":\"https:\\\/\\\/lightweb.dev\\\/l\\\/svm-temp\\\/nyheter\\\/standard-poors-hojer-kreditbetyget-och-varnar-for-politisk-osakerhet\\\/\"},\"wordCount\":149,\"commentCount\":0,\"publisher\":{\"@id\":\"https:\\\/\\\/lightweb.dev\\\/l\\\/svm-temp\\\/#organization\"},\"image\":{\"@id\":\"https:\\\/\\\/lightweb.dev\\\/l\\\/svm-temp\\\/nyheter\\\/standard-poors-hojer-kreditbetyget-och-varnar-for-politisk-osakerhet\\\/#primaryimage\"},\"thumbnailUrl\":\"https:\\\/\\\/lightweb.dev\\\/l\\\/svm-temp\\\/wp-content\\\/uploads\\\/2022\\\/06\\\/standard-x26-poors-hojer-kreditbetyget-och-varnar-for-politisk-osakerhet.png\",\"articleSection\":[\"Arkiv\",\"Nyheter\"],\"inLanguage\":\"sv-SE\"},{\"@type\":\"WebPage\",\"@id\":\"https:\\\/\\\/lightweb.dev\\\/l\\\/svm-temp\\\/nyheter\\\/standard-poors-hojer-kreditbetyget-och-varnar-for-politisk-osakerhet\\\/\",\"url\":\"https:\\\/\\\/lightweb.dev\\\/l\\\/svm-temp\\\/nyheter\\\/standard-poors-hojer-kreditbetyget-och-varnar-for-politisk-osakerhet\\\/\",\"name\":\"Standard &#x26; Poor\u00b4s h\u00f6jer kreditbetyget och varnar f\u00f6r politisk os\u00e4kerhet - Svenska Magasinet\",\"isPartOf\":{\"@id\":\"https:\\\/\\\/lightweb.dev\\\/l\\\/svm-temp\\\/#website\"},\"primaryImageOfPage\":{\"@id\":\"https:\\\/\\\/lightweb.dev\\\/l\\\/svm-temp\\\/nyheter\\\/standard-poors-hojer-kreditbetyget-och-varnar-for-politisk-osakerhet\\\/#primaryimage\"},\"image\":{\"@id\":\"https:\\\/\\\/lightweb.dev\\\/l\\\/svm-temp\\\/nyheter\\\/standard-poors-hojer-kreditbetyget-och-varnar-for-politisk-osakerhet\\\/#primaryimage\"},\"thumbnailUrl\":\"https:\\\/\\\/lightweb.dev\\\/l\\\/svm-temp\\\/wp-content\\\/uploads\\\/2022\\\/06\\\/standard-x26-poors-hojer-kreditbetyget-och-varnar-for-politisk-osakerhet.png\",\"datePublished\":\"2015-10-04T22:00:00+00:00\",\"breadcrumb\":{\"@id\":\"https:\\\/\\\/lightweb.dev\\\/l\\\/svm-temp\\\/nyheter\\\/standard-poors-hojer-kreditbetyget-och-varnar-for-politisk-osakerhet\\\/#breadcrumb\"},\"inLanguage\":\"sv-SE\",\"potentialAction\":[{\"@type\":\"ReadAction\",\"target\":[\"https:\\\/\\\/lightweb.dev\\\/l\\\/svm-temp\\\/nyheter\\\/standard-poors-hojer-kreditbetyget-och-varnar-for-politisk-osakerhet\\\/\"]}]},{\"@type\":\"ImageObject\",\"inLanguage\":\"sv-SE\",\"@id\":\"https:\\\/\\\/lightweb.dev\\\/l\\\/svm-temp\\\/nyheter\\\/standard-poors-hojer-kreditbetyget-och-varnar-for-politisk-osakerhet\\\/#primaryimage\",\"url\":\"https:\\\/\\\/lightweb.dev\\\/l\\\/svm-temp\\\/wp-content\\\/uploads\\\/2022\\\/06\\\/standard-x26-poors-hojer-kreditbetyget-och-varnar-for-politisk-osakerhet.png\",\"contentUrl\":\"https:\\\/\\\/lightweb.dev\\\/l\\\/svm-temp\\\/wp-content\\\/uploads\\\/2022\\\/06\\\/standard-x26-poors-hojer-kreditbetyget-och-varnar-for-politisk-osakerhet.png\",\"width\":321,\"height\":200},{\"@type\":\"BreadcrumbList\",\"@id\":\"https:\\\/\\\/lightweb.dev\\\/l\\\/svm-temp\\\/nyheter\\\/standard-poors-hojer-kreditbetyget-och-varnar-for-politisk-osakerhet\\\/#breadcrumb\",\"itemListElement\":[{\"@type\":\"ListItem\",\"position\":1,\"name\":\"Hem\",\"item\":\"https:\\\/\\\/lightweb.dev\\\/l\\\/svm-temp\\\/\"},{\"@type\":\"ListItem\",\"position\":2,\"name\":\"Standard &#x26; Poor\u00b4s h\u00f6jer kreditbetyget och varnar f\u00f6r politisk os\u00e4kerhet\"}]},{\"@type\":\"WebSite\",\"@id\":\"https:\\\/\\\/lightweb.dev\\\/l\\\/svm-temp\\\/#website\",\"url\":\"https:\\\/\\\/lightweb.dev\\\/l\\\/svm-temp\\\/\",\"name\":\"Svenska Magasinet\",\"description\":\"Dina Spanska nyheter p&aring; Svenska\",\"publisher\":{\"@id\":\"https:\\\/\\\/lightweb.dev\\\/l\\\/svm-temp\\\/#organization\"},\"potentialAction\":[{\"@type\":\"SearchAction\",\"target\":{\"@type\":\"EntryPoint\",\"urlTemplate\":\"https:\\\/\\\/lightweb.dev\\\/l\\\/svm-temp\\\/?s={search_term_string}\"},\"query-input\":{\"@type\":\"PropertyValueSpecification\",\"valueRequired\":true,\"valueName\":\"search_term_string\"}}],\"inLanguage\":\"sv-SE\"},{\"@type\":\"Organization\",\"@id\":\"https:\\\/\\\/lightweb.dev\\\/l\\\/svm-temp\\\/#organization\",\"name\":\"Melkerson y Nott SL\",\"alternateName\":\"Svenska Magasinet\",\"url\":\"https:\\\/\\\/lightweb.dev\\\/l\\\/svm-temp\\\/\",\"logo\":{\"@type\":\"ImageObject\",\"inLanguage\":\"sv-SE\",\"@id\":\"https:\\\/\\\/lightweb.dev\\\/l\\\/svm-temp\\\/#\\\/schema\\\/logo\\\/image\\\/\",\"url\":\"https:\\\/\\\/lightweb.dev\\\/l\\\/svm-temp\\\/wp-content\\\/uploads\\\/2025\\\/02\\\/SvM-logo-Xtra-Centrerad-SVART.png\",\"contentUrl\":\"https:\\\/\\\/lightweb.dev\\\/l\\\/svm-temp\\\/wp-content\\\/uploads\\\/2025\\\/02\\\/SvM-logo-Xtra-Centrerad-SVART.png\",\"width\":300,\"height\":99,\"caption\":\"Melkerson y Nott SL\"},\"image\":{\"@id\":\"https:\\\/\\\/lightweb.dev\\\/l\\\/svm-temp\\\/#\\\/schema\\\/logo\\\/image\\\/\"},\"sameAs\":[\"https:\\\/\\\/www.facebook.com\\\/svenskamagasinet\",\"https:\\\/\\\/x.com\\\/SvenskaMagasine\"]},{\"@type\":\"Person\",\"@id\":\"https:\\\/\\\/lightweb.dev\\\/l\\\/svm-temp\\\/#\\\/schema\\\/person\\\/206a3bda5b607b0c25e1749191e4d837\",\"name\":\"Redaktionen SvM\",\"description\":\"Redaktionen\",\"sameAs\":[\"https:\\\/\\\/lightweb.dev\\\/l\\\/svm-temp\"],\"url\":\"https:\\\/\\\/lightweb.dev\\\/l\\\/svm-temp\\\/reporter\\\/redaktionen\\\/\"}]}<\/script>\n<!-- \/ Yoast SEO Premium plugin. -->","yoast_head_json":{"title":"Standard &#x26; Poor\u00b4s h\u00f6jer kreditbetyget och varnar f\u00f6r politisk os\u00e4kerhet - Svenska Magasinet","robots":{"index":"noindex","follow":"follow","max-snippet":"max-snippet:-1","max-image-preview":"max-image-preview:large","max-video-preview":"max-video-preview:-1"},"og_locale":"sv_SE","og_type":"article","og_title":"Standard &#x26; Poor\u00b4s h\u00f6jer kreditbetyget och varnar f\u00f6r politisk os\u00e4kerhet","og_description":"Kreditv\u00e4rderingsinstitutet Standard &#038; Poor\u00b4s h\u00f6jer det l\u00e5ngsiktiga kreditbetyget f\u00f6r Spanien till BBB+ fr\u00e5n tidigare BBB. Utsikterna bed\u00f6ms vara stabila. Det kortsiktiga kreditbetyget ligger kvar vid A-2. Det framg\u00e5r av ett pressmeddelande. Sedan 2010 har Spanien genomg\u00e5tt tv\u00e5 reformer p\u00e5 arbetsmarknaden som har f\u00f6rb\u00e4ttrat konkurrenskraften f\u00f6r export och servicesektorn, skriver kreditv\u00e4rderingsinstitutet. Standard &#038; Poor\u00b4s f\u00f6rv\u00e4ntar att [&hellip;]","og_url":"https:\/\/lightweb.dev\/l\/svm-temp\/nyheter\/standard-poors-hojer-kreditbetyget-och-varnar-for-politisk-osakerhet\/","og_site_name":"Svenska Magasinet","article_publisher":"https:\/\/www.facebook.com\/svenskamagasinet","article_published_time":"2015-10-04T22:00:00+00:00","og_image":[{"width":321,"height":200,"url":"https:\/\/lightweb.dev\/l\/svm-temp\/wp-content\/uploads\/2022\/06\/standard-x26-poors-hojer-kreditbetyget-och-varnar-for-politisk-osakerhet.png","type":"image\/png"}],"author":"Redaktionen SvM","twitter_card":"summary_large_image","twitter_creator":"@SvenskaMagasine","twitter_site":"@SvenskaMagasine","schema":{"@context":"https:\/\/schema.org","@graph":[{"@type":"Article","@id":"https:\/\/lightweb.dev\/l\/svm-temp\/nyheter\/standard-poors-hojer-kreditbetyget-och-varnar-for-politisk-osakerhet\/#article","isPartOf":{"@id":"https:\/\/lightweb.dev\/l\/svm-temp\/nyheter\/standard-poors-hojer-kreditbetyget-och-varnar-for-politisk-osakerhet\/"},"author":{"name":"Redaktionen SvM","@id":"https:\/\/lightweb.dev\/l\/svm-temp\/#\/schema\/person\/206a3bda5b607b0c25e1749191e4d837"},"headline":"Standard &#x26; Poor\u00b4s h\u00f6jer kreditbetyget och varnar f\u00f6r politisk os\u00e4kerhet","datePublished":"2015-10-04T22:00:00+00:00","mainEntityOfPage":{"@id":"https:\/\/lightweb.dev\/l\/svm-temp\/nyheter\/standard-poors-hojer-kreditbetyget-och-varnar-for-politisk-osakerhet\/"},"wordCount":149,"commentCount":0,"publisher":{"@id":"https:\/\/lightweb.dev\/l\/svm-temp\/#organization"},"image":{"@id":"https:\/\/lightweb.dev\/l\/svm-temp\/nyheter\/standard-poors-hojer-kreditbetyget-och-varnar-for-politisk-osakerhet\/#primaryimage"},"thumbnailUrl":"https:\/\/lightweb.dev\/l\/svm-temp\/wp-content\/uploads\/2022\/06\/standard-x26-poors-hojer-kreditbetyget-och-varnar-for-politisk-osakerhet.png","articleSection":["Arkiv","Nyheter"],"inLanguage":"sv-SE"},{"@type":"WebPage","@id":"https:\/\/lightweb.dev\/l\/svm-temp\/nyheter\/standard-poors-hojer-kreditbetyget-och-varnar-for-politisk-osakerhet\/","url":"https:\/\/lightweb.dev\/l\/svm-temp\/nyheter\/standard-poors-hojer-kreditbetyget-och-varnar-for-politisk-osakerhet\/","name":"Standard &#x26; Poor\u00b4s h\u00f6jer kreditbetyget och varnar f\u00f6r politisk os\u00e4kerhet - Svenska Magasinet","isPartOf":{"@id":"https:\/\/lightweb.dev\/l\/svm-temp\/#website"},"primaryImageOfPage":{"@id":"https:\/\/lightweb.dev\/l\/svm-temp\/nyheter\/standard-poors-hojer-kreditbetyget-och-varnar-for-politisk-osakerhet\/#primaryimage"},"image":{"@id":"https:\/\/lightweb.dev\/l\/svm-temp\/nyheter\/standard-poors-hojer-kreditbetyget-och-varnar-for-politisk-osakerhet\/#primaryimage"},"thumbnailUrl":"https:\/\/lightweb.dev\/l\/svm-temp\/wp-content\/uploads\/2022\/06\/standard-x26-poors-hojer-kreditbetyget-och-varnar-for-politisk-osakerhet.png","datePublished":"2015-10-04T22:00:00+00:00","breadcrumb":{"@id":"https:\/\/lightweb.dev\/l\/svm-temp\/nyheter\/standard-poors-hojer-kreditbetyget-och-varnar-for-politisk-osakerhet\/#breadcrumb"},"inLanguage":"sv-SE","potentialAction":[{"@type":"ReadAction","target":["https:\/\/lightweb.dev\/l\/svm-temp\/nyheter\/standard-poors-hojer-kreditbetyget-och-varnar-for-politisk-osakerhet\/"]}]},{"@type":"ImageObject","inLanguage":"sv-SE","@id":"https:\/\/lightweb.dev\/l\/svm-temp\/nyheter\/standard-poors-hojer-kreditbetyget-och-varnar-for-politisk-osakerhet\/#primaryimage","url":"https:\/\/lightweb.dev\/l\/svm-temp\/wp-content\/uploads\/2022\/06\/standard-x26-poors-hojer-kreditbetyget-och-varnar-for-politisk-osakerhet.png","contentUrl":"https:\/\/lightweb.dev\/l\/svm-temp\/wp-content\/uploads\/2022\/06\/standard-x26-poors-hojer-kreditbetyget-och-varnar-for-politisk-osakerhet.png","width":321,"height":200},{"@type":"BreadcrumbList","@id":"https:\/\/lightweb.dev\/l\/svm-temp\/nyheter\/standard-poors-hojer-kreditbetyget-och-varnar-for-politisk-osakerhet\/#breadcrumb","itemListElement":[{"@type":"ListItem","position":1,"name":"Hem","item":"https:\/\/lightweb.dev\/l\/svm-temp\/"},{"@type":"ListItem","position":2,"name":"Standard &#x26; Poor\u00b4s h\u00f6jer kreditbetyget och varnar f\u00f6r politisk os\u00e4kerhet"}]},{"@type":"WebSite","@id":"https:\/\/lightweb.dev\/l\/svm-temp\/#website","url":"https:\/\/lightweb.dev\/l\/svm-temp\/","name":"Svenska Magasinet","description":"Dina Spanska nyheter p&aring; Svenska","publisher":{"@id":"https:\/\/lightweb.dev\/l\/svm-temp\/#organization"},"potentialAction":[{"@type":"SearchAction","target":{"@type":"EntryPoint","urlTemplate":"https:\/\/lightweb.dev\/l\/svm-temp\/?s={search_term_string}"},"query-input":{"@type":"PropertyValueSpecification","valueRequired":true,"valueName":"search_term_string"}}],"inLanguage":"sv-SE"},{"@type":"Organization","@id":"https:\/\/lightweb.dev\/l\/svm-temp\/#organization","name":"Melkerson y Nott SL","alternateName":"Svenska Magasinet","url":"https:\/\/lightweb.dev\/l\/svm-temp\/","logo":{"@type":"ImageObject","inLanguage":"sv-SE","@id":"https:\/\/lightweb.dev\/l\/svm-temp\/#\/schema\/logo\/image\/","url":"https:\/\/lightweb.dev\/l\/svm-temp\/wp-content\/uploads\/2025\/02\/SvM-logo-Xtra-Centrerad-SVART.png","contentUrl":"https:\/\/lightweb.dev\/l\/svm-temp\/wp-content\/uploads\/2025\/02\/SvM-logo-Xtra-Centrerad-SVART.png","width":300,"height":99,"caption":"Melkerson y Nott SL"},"image":{"@id":"https:\/\/lightweb.dev\/l\/svm-temp\/#\/schema\/logo\/image\/"},"sameAs":["https:\/\/www.facebook.com\/svenskamagasinet","https:\/\/x.com\/SvenskaMagasine"]},{"@type":"Person","@id":"https:\/\/lightweb.dev\/l\/svm-temp\/#\/schema\/person\/206a3bda5b607b0c25e1749191e4d837","name":"Redaktionen SvM","description":"Redaktionen","sameAs":["https:\/\/lightweb.dev\/l\/svm-temp"],"url":"https:\/\/lightweb.dev\/l\/svm-temp\/reporter\/redaktionen\/"}]}},"_links":{"self":[{"href":"https:\/\/lightweb.dev\/l\/svm-temp\/wp-json\/wp\/v2\/posts\/23470","targetHints":{"allow":["GET"]}}],"collection":[{"href":"https:\/\/lightweb.dev\/l\/svm-temp\/wp-json\/wp\/v2\/posts"}],"about":[{"href":"https:\/\/lightweb.dev\/l\/svm-temp\/wp-json\/wp\/v2\/types\/post"}],"author":[{"embeddable":true,"href":"https:\/\/lightweb.dev\/l\/svm-temp\/wp-json\/wp\/v2\/users\/8"}],"replies":[{"embeddable":true,"href":"https:\/\/lightweb.dev\/l\/svm-temp\/wp-json\/wp\/v2\/comments?post=23470"}],"version-history":[{"count":0,"href":"https:\/\/lightweb.dev\/l\/svm-temp\/wp-json\/wp\/v2\/posts\/23470\/revisions"}],"wp:featuredmedia":[{"embeddable":true,"href":"https:\/\/lightweb.dev\/l\/svm-temp\/wp-json\/wp\/v2\/media\/23471"}],"wp:attachment":[{"href":"https:\/\/lightweb.dev\/l\/svm-temp\/wp-json\/wp\/v2\/media?parent=23470"}],"wp:term":[{"taxonomy":"category","embeddable":true,"href":"https:\/\/lightweb.dev\/l\/svm-temp\/wp-json\/wp\/v2\/categories?post=23470"},{"taxonomy":"post_tag","embeddable":true,"href":"https:\/\/lightweb.dev\/l\/svm-temp\/wp-json\/wp\/v2\/tags?post=23470"}],"curies":[{"name":"wp","href":"https:\/\/api.w.org\/{rel}","templated":true}]}}