{"id":23472,"date":"2015-10-05T00:00:00","date_gmt":"2015-10-04T22:00:00","guid":{"rendered":"https:\/\/lightweb.dev\/l\/svm-temp\/nyheter\/flera-kvinnor-greps-pa-sondagen-for-kopplingar-till-is\/"},"modified":"2015-10-05T00:00:00","modified_gmt":"2015-10-04T22:00:00","slug":"flera-kvinnor-greps-pa-sondagen-for-kopplingar-till-is","status":"publish","type":"post","link":"https:\/\/lightweb.dev\/l\/svm-temp\/nyheter\/flera-kvinnor-greps-pa-sondagen-for-kopplingar-till-is\/","title":{"rendered":"Flera kvinnor greps p\u00e5 s\u00f6ndagen f\u00f6r kopplingar till IS"},"content":{"rendered":"<p> Tack vare informationsutbyte mellan Spanien och Marocko kunde l\u00e4ndernas s\u00e4kerhetsstyrkor gripa tio personer misst\u00e4nkta f\u00f6r att ing\u00e5 i ett nytt n\u00e4tverk som rekryterar frivilliga till islamiska staten IS.<\/p>\n<p>\u201d80 procent av jihadist-verksamheten som vi k\u00e4nner till de senaste m\u00e5naderna \u00e4r gr\u00e4ns\u00f6verskridande med kopplingar till Marocko. Tack vare informationsutbytet mellan Spanien och Marocko har en ny terrorcell uppt\u00e4ckts, sa p\u00e5 s\u00f6ndagen en av de ansvariga vid Spaniens avdelning f\u00f6r kontraterrorism.<\/p>\n<p>Fyra av de gripna togs i Spanien medan de \u00f6vriga sex greps i Casablanca, Marocko, enligt ett pressmeddelande fr\u00e5n nationalpolisen.<\/p>\n<p>Samarbetet mellan spansk och marockanska s\u00e4kerhetsstyrkor har lett till fem stora tillslag med dussintals gripna med kopplingar till den islamiska staten sedan ifjol. Gripanden har gjorts i Ceuta och Melilla, Katalonien, Castillejos, Fez, Nador och Tetouan.<\/p>\n<p>Av 13 personer fr\u00e5n Spanien som anslutit sig till IS och avlidit i strider kommer sju ursprungligen fr\u00e5n Marocko. Totalt \u00e4r det 130 residenta personer i Spanien som rest till Syrien och Irak f\u00f6r att kriga f\u00f6r IS.<\/p>\n<p>Det kan j\u00e4mf\u00f6ras med totalt 280 personer fr\u00e5n Sverige som anslutit sig till IS varav 40 som har avlidit i strider enligt S\u00e4po. I dagsl\u00e4get strider 115 svenskar f\u00f6r IS medan 125 personer tidigare har \u00e5terv\u00e4nt till Sverige.<\/p>\n<p>De som greps i Spanien p\u00e5 s\u00f6ndagen \u00e4r en man och en kvinna i Toledo som har konverterat till islam och som \u00e4r portugiskiska medborgare. En 20-\u00e5rig kvinna greps i Xeraco (Valencia) och i Badalona (Barcelona) greps ytterligare en ung resident spanjor i samma \u00e5lder ursprungligen fr\u00e5n Marocko.<\/p>\n<p>Med g\u00e5rdagens gripanden har 160 jihadister gripits i Spanien. Sedan terroristattentatet i Madrid den 11 mars 2004 r\u00f6r det sig om 613 gripna. <\/p>\n","protected":false},"excerpt":{"rendered":"<p>Tack vare informationsutbyte mellan Spanien och Marocko kunde l\u00e4ndernas s\u00e4kerhetsstyrkor gripa tio personer misst\u00e4nkta f\u00f6r att ing\u00e5 i ett nytt n\u00e4tverk som rekryterar frivilliga till islamiska staten IS. \u201d80 procent av jihadist-verksamheten som vi k\u00e4nner till de senaste m\u00e5naderna \u00e4r gr\u00e4ns\u00f6verskridande med kopplingar till Marocko. Tack vare informationsutbytet mellan Spanien och Marocko har en ny [&hellip;]<\/p>\n","protected":false},"author":8,"featured_media":23473,"comment_status":"open","ping_status":"open","sticky":false,"template":"","format":"standard","meta":{"_et_pb_use_builder":"","_et_pb_old_content":"","_et_gb_content_width":"","footnotes":""},"categories":[395,3],"tags":[],"class_list":["post-23472","post","type-post","status-publish","format-standard","has-post-thumbnail","hentry","category-arkiv-nyheter","category-nyheter"],"yoast_head":"<!-- This site is optimized with the Yoast SEO Premium plugin v26.2 (Yoast SEO v27.4) - https:\/\/yoast.com\/product\/yoast-seo-premium-wordpress\/ -->\n<title>Flera kvinnor greps p\u00e5 s\u00f6ndagen f\u00f6r kopplingar till IS - Svenska Magasinet<\/title>\n<meta name=\"robots\" content=\"noindex, follow, max-snippet:-1, max-image-preview:large, max-video-preview:-1\" \/>\n<meta property=\"og:locale\" content=\"sv_SE\" \/>\n<meta property=\"og:type\" content=\"article\" \/>\n<meta property=\"og:title\" content=\"Flera kvinnor greps p\u00e5 s\u00f6ndagen f\u00f6r kopplingar till IS\" \/>\n<meta property=\"og:description\" content=\"Tack vare informationsutbyte mellan Spanien och Marocko kunde l\u00e4ndernas s\u00e4kerhetsstyrkor gripa tio personer misst\u00e4nkta f\u00f6r att ing\u00e5 i ett nytt n\u00e4tverk som rekryterar frivilliga till islamiska staten IS. \u201d80 procent av jihadist-verksamheten som vi k\u00e4nner till de senaste m\u00e5naderna \u00e4r gr\u00e4ns\u00f6verskridande med kopplingar till Marocko. Tack vare informationsutbytet mellan Spanien och Marocko har en ny [&hellip;]\" \/>\n<meta property=\"og:url\" content=\"https:\/\/lightweb.dev\/l\/svm-temp\/nyheter\/flera-kvinnor-greps-pa-sondagen-for-kopplingar-till-is\/\" \/>\n<meta property=\"og:site_name\" content=\"Svenska Magasinet\" \/>\n<meta property=\"article:publisher\" content=\"https:\/\/www.facebook.com\/svenskamagasinet\" \/>\n<meta property=\"article:published_time\" content=\"2015-10-04T22:00:00+00:00\" \/>\n<meta property=\"og:image\" content=\"https:\/\/lightweb.dev\/l\/svm-temp\/wp-content\/uploads\/2022\/06\/flera-kvinnor-greps-pa-sondagen-for-kopplingar-till-is.png\" \/>\n\t<meta property=\"og:image:width\" content=\"280\" \/>\n\t<meta property=\"og:image:height\" content=\"268\" \/>\n\t<meta property=\"og:image:type\" content=\"image\/png\" \/>\n<meta name=\"author\" content=\"Redaktionen SvM\" \/>\n<meta name=\"twitter:card\" content=\"summary_large_image\" \/>\n<meta name=\"twitter:creator\" content=\"@SvenskaMagasine\" \/>\n<meta name=\"twitter:site\" content=\"@SvenskaMagasine\" \/>\n<script type=\"application\/ld+json\" class=\"yoast-schema-graph\">{\"@context\":\"https:\\\/\\\/schema.org\",\"@graph\":[{\"@type\":\"Article\",\"@id\":\"https:\\\/\\\/lightweb.dev\\\/l\\\/svm-temp\\\/nyheter\\\/flera-kvinnor-greps-pa-sondagen-for-kopplingar-till-is\\\/#article\",\"isPartOf\":{\"@id\":\"https:\\\/\\\/lightweb.dev\\\/l\\\/svm-temp\\\/nyheter\\\/flera-kvinnor-greps-pa-sondagen-for-kopplingar-till-is\\\/\"},\"author\":{\"name\":\"Redaktionen SvM\",\"@id\":\"https:\\\/\\\/lightweb.dev\\\/l\\\/svm-temp\\\/#\\\/schema\\\/person\\\/206a3bda5b607b0c25e1749191e4d837\"},\"headline\":\"Flera kvinnor greps p\u00e5 s\u00f6ndagen f\u00f6r kopplingar till IS\",\"datePublished\":\"2015-10-04T22:00:00+00:00\",\"mainEntityOfPage\":{\"@id\":\"https:\\\/\\\/lightweb.dev\\\/l\\\/svm-temp\\\/nyheter\\\/flera-kvinnor-greps-pa-sondagen-for-kopplingar-till-is\\\/\"},\"wordCount\":302,\"commentCount\":0,\"publisher\":{\"@id\":\"https:\\\/\\\/lightweb.dev\\\/l\\\/svm-temp\\\/#organization\"},\"image\":{\"@id\":\"https:\\\/\\\/lightweb.dev\\\/l\\\/svm-temp\\\/nyheter\\\/flera-kvinnor-greps-pa-sondagen-for-kopplingar-till-is\\\/#primaryimage\"},\"thumbnailUrl\":\"https:\\\/\\\/lightweb.dev\\\/l\\\/svm-temp\\\/wp-content\\\/uploads\\\/2022\\\/06\\\/flera-kvinnor-greps-pa-sondagen-for-kopplingar-till-is.png\",\"articleSection\":[\"Arkiv\",\"Nyheter\"],\"inLanguage\":\"sv-SE\"},{\"@type\":\"WebPage\",\"@id\":\"https:\\\/\\\/lightweb.dev\\\/l\\\/svm-temp\\\/nyheter\\\/flera-kvinnor-greps-pa-sondagen-for-kopplingar-till-is\\\/\",\"url\":\"https:\\\/\\\/lightweb.dev\\\/l\\\/svm-temp\\\/nyheter\\\/flera-kvinnor-greps-pa-sondagen-for-kopplingar-till-is\\\/\",\"name\":\"Flera kvinnor greps p\u00e5 s\u00f6ndagen f\u00f6r kopplingar till IS - Svenska Magasinet\",\"isPartOf\":{\"@id\":\"https:\\\/\\\/lightweb.dev\\\/l\\\/svm-temp\\\/#website\"},\"primaryImageOfPage\":{\"@id\":\"https:\\\/\\\/lightweb.dev\\\/l\\\/svm-temp\\\/nyheter\\\/flera-kvinnor-greps-pa-sondagen-for-kopplingar-till-is\\\/#primaryimage\"},\"image\":{\"@id\":\"https:\\\/\\\/lightweb.dev\\\/l\\\/svm-temp\\\/nyheter\\\/flera-kvinnor-greps-pa-sondagen-for-kopplingar-till-is\\\/#primaryimage\"},\"thumbnailUrl\":\"https:\\\/\\\/lightweb.dev\\\/l\\\/svm-temp\\\/wp-content\\\/uploads\\\/2022\\\/06\\\/flera-kvinnor-greps-pa-sondagen-for-kopplingar-till-is.png\",\"datePublished\":\"2015-10-04T22:00:00+00:00\",\"breadcrumb\":{\"@id\":\"https:\\\/\\\/lightweb.dev\\\/l\\\/svm-temp\\\/nyheter\\\/flera-kvinnor-greps-pa-sondagen-for-kopplingar-till-is\\\/#breadcrumb\"},\"inLanguage\":\"sv-SE\",\"potentialAction\":[{\"@type\":\"ReadAction\",\"target\":[\"https:\\\/\\\/lightweb.dev\\\/l\\\/svm-temp\\\/nyheter\\\/flera-kvinnor-greps-pa-sondagen-for-kopplingar-till-is\\\/\"]}]},{\"@type\":\"ImageObject\",\"inLanguage\":\"sv-SE\",\"@id\":\"https:\\\/\\\/lightweb.dev\\\/l\\\/svm-temp\\\/nyheter\\\/flera-kvinnor-greps-pa-sondagen-for-kopplingar-till-is\\\/#primaryimage\",\"url\":\"https:\\\/\\\/lightweb.dev\\\/l\\\/svm-temp\\\/wp-content\\\/uploads\\\/2022\\\/06\\\/flera-kvinnor-greps-pa-sondagen-for-kopplingar-till-is.png\",\"contentUrl\":\"https:\\\/\\\/lightweb.dev\\\/l\\\/svm-temp\\\/wp-content\\\/uploads\\\/2022\\\/06\\\/flera-kvinnor-greps-pa-sondagen-for-kopplingar-till-is.png\",\"width\":280,\"height\":268},{\"@type\":\"BreadcrumbList\",\"@id\":\"https:\\\/\\\/lightweb.dev\\\/l\\\/svm-temp\\\/nyheter\\\/flera-kvinnor-greps-pa-sondagen-for-kopplingar-till-is\\\/#breadcrumb\",\"itemListElement\":[{\"@type\":\"ListItem\",\"position\":1,\"name\":\"Hem\",\"item\":\"https:\\\/\\\/lightweb.dev\\\/l\\\/svm-temp\\\/\"},{\"@type\":\"ListItem\",\"position\":2,\"name\":\"Flera kvinnor greps p\u00e5 s\u00f6ndagen f\u00f6r kopplingar till IS\"}]},{\"@type\":\"WebSite\",\"@id\":\"https:\\\/\\\/lightweb.dev\\\/l\\\/svm-temp\\\/#website\",\"url\":\"https:\\\/\\\/lightweb.dev\\\/l\\\/svm-temp\\\/\",\"name\":\"Svenska Magasinet\",\"description\":\"Dina Spanska nyheter p&aring; Svenska\",\"publisher\":{\"@id\":\"https:\\\/\\\/lightweb.dev\\\/l\\\/svm-temp\\\/#organization\"},\"potentialAction\":[{\"@type\":\"SearchAction\",\"target\":{\"@type\":\"EntryPoint\",\"urlTemplate\":\"https:\\\/\\\/lightweb.dev\\\/l\\\/svm-temp\\\/?s={search_term_string}\"},\"query-input\":{\"@type\":\"PropertyValueSpecification\",\"valueRequired\":true,\"valueName\":\"search_term_string\"}}],\"inLanguage\":\"sv-SE\"},{\"@type\":\"Organization\",\"@id\":\"https:\\\/\\\/lightweb.dev\\\/l\\\/svm-temp\\\/#organization\",\"name\":\"Melkerson y Nott SL\",\"alternateName\":\"Svenska Magasinet\",\"url\":\"https:\\\/\\\/lightweb.dev\\\/l\\\/svm-temp\\\/\",\"logo\":{\"@type\":\"ImageObject\",\"inLanguage\":\"sv-SE\",\"@id\":\"https:\\\/\\\/lightweb.dev\\\/l\\\/svm-temp\\\/#\\\/schema\\\/logo\\\/image\\\/\",\"url\":\"https:\\\/\\\/lightweb.dev\\\/l\\\/svm-temp\\\/wp-content\\\/uploads\\\/2025\\\/02\\\/SvM-logo-Xtra-Centrerad-SVART.png\",\"contentUrl\":\"https:\\\/\\\/lightweb.dev\\\/l\\\/svm-temp\\\/wp-content\\\/uploads\\\/2025\\\/02\\\/SvM-logo-Xtra-Centrerad-SVART.png\",\"width\":300,\"height\":99,\"caption\":\"Melkerson y Nott SL\"},\"image\":{\"@id\":\"https:\\\/\\\/lightweb.dev\\\/l\\\/svm-temp\\\/#\\\/schema\\\/logo\\\/image\\\/\"},\"sameAs\":[\"https:\\\/\\\/www.facebook.com\\\/svenskamagasinet\",\"https:\\\/\\\/x.com\\\/SvenskaMagasine\"]},{\"@type\":\"Person\",\"@id\":\"https:\\\/\\\/lightweb.dev\\\/l\\\/svm-temp\\\/#\\\/schema\\\/person\\\/206a3bda5b607b0c25e1749191e4d837\",\"name\":\"Redaktionen SvM\",\"description\":\"Redaktionen\",\"sameAs\":[\"https:\\\/\\\/lightweb.dev\\\/l\\\/svm-temp\"],\"url\":\"https:\\\/\\\/lightweb.dev\\\/l\\\/svm-temp\\\/reporter\\\/redaktionen\\\/\"}]}<\/script>\n<!-- \/ Yoast SEO Premium plugin. -->","yoast_head_json":{"title":"Flera kvinnor greps p\u00e5 s\u00f6ndagen f\u00f6r kopplingar till IS - Svenska Magasinet","robots":{"index":"noindex","follow":"follow","max-snippet":"max-snippet:-1","max-image-preview":"max-image-preview:large","max-video-preview":"max-video-preview:-1"},"og_locale":"sv_SE","og_type":"article","og_title":"Flera kvinnor greps p\u00e5 s\u00f6ndagen f\u00f6r kopplingar till IS","og_description":"Tack vare informationsutbyte mellan Spanien och Marocko kunde l\u00e4ndernas s\u00e4kerhetsstyrkor gripa tio personer misst\u00e4nkta f\u00f6r att ing\u00e5 i ett nytt n\u00e4tverk som rekryterar frivilliga till islamiska staten IS. \u201d80 procent av jihadist-verksamheten som vi k\u00e4nner till de senaste m\u00e5naderna \u00e4r gr\u00e4ns\u00f6verskridande med kopplingar till Marocko. Tack vare informationsutbytet mellan Spanien och Marocko har en ny [&hellip;]","og_url":"https:\/\/lightweb.dev\/l\/svm-temp\/nyheter\/flera-kvinnor-greps-pa-sondagen-for-kopplingar-till-is\/","og_site_name":"Svenska Magasinet","article_publisher":"https:\/\/www.facebook.com\/svenskamagasinet","article_published_time":"2015-10-04T22:00:00+00:00","og_image":[{"width":280,"height":268,"url":"https:\/\/lightweb.dev\/l\/svm-temp\/wp-content\/uploads\/2022\/06\/flera-kvinnor-greps-pa-sondagen-for-kopplingar-till-is.png","type":"image\/png"}],"author":"Redaktionen SvM","twitter_card":"summary_large_image","twitter_creator":"@SvenskaMagasine","twitter_site":"@SvenskaMagasine","schema":{"@context":"https:\/\/schema.org","@graph":[{"@type":"Article","@id":"https:\/\/lightweb.dev\/l\/svm-temp\/nyheter\/flera-kvinnor-greps-pa-sondagen-for-kopplingar-till-is\/#article","isPartOf":{"@id":"https:\/\/lightweb.dev\/l\/svm-temp\/nyheter\/flera-kvinnor-greps-pa-sondagen-for-kopplingar-till-is\/"},"author":{"name":"Redaktionen SvM","@id":"https:\/\/lightweb.dev\/l\/svm-temp\/#\/schema\/person\/206a3bda5b607b0c25e1749191e4d837"},"headline":"Flera kvinnor greps p\u00e5 s\u00f6ndagen f\u00f6r kopplingar till IS","datePublished":"2015-10-04T22:00:00+00:00","mainEntityOfPage":{"@id":"https:\/\/lightweb.dev\/l\/svm-temp\/nyheter\/flera-kvinnor-greps-pa-sondagen-for-kopplingar-till-is\/"},"wordCount":302,"commentCount":0,"publisher":{"@id":"https:\/\/lightweb.dev\/l\/svm-temp\/#organization"},"image":{"@id":"https:\/\/lightweb.dev\/l\/svm-temp\/nyheter\/flera-kvinnor-greps-pa-sondagen-for-kopplingar-till-is\/#primaryimage"},"thumbnailUrl":"https:\/\/lightweb.dev\/l\/svm-temp\/wp-content\/uploads\/2022\/06\/flera-kvinnor-greps-pa-sondagen-for-kopplingar-till-is.png","articleSection":["Arkiv","Nyheter"],"inLanguage":"sv-SE"},{"@type":"WebPage","@id":"https:\/\/lightweb.dev\/l\/svm-temp\/nyheter\/flera-kvinnor-greps-pa-sondagen-for-kopplingar-till-is\/","url":"https:\/\/lightweb.dev\/l\/svm-temp\/nyheter\/flera-kvinnor-greps-pa-sondagen-for-kopplingar-till-is\/","name":"Flera kvinnor greps p\u00e5 s\u00f6ndagen f\u00f6r kopplingar till IS - Svenska Magasinet","isPartOf":{"@id":"https:\/\/lightweb.dev\/l\/svm-temp\/#website"},"primaryImageOfPage":{"@id":"https:\/\/lightweb.dev\/l\/svm-temp\/nyheter\/flera-kvinnor-greps-pa-sondagen-for-kopplingar-till-is\/#primaryimage"},"image":{"@id":"https:\/\/lightweb.dev\/l\/svm-temp\/nyheter\/flera-kvinnor-greps-pa-sondagen-for-kopplingar-till-is\/#primaryimage"},"thumbnailUrl":"https:\/\/lightweb.dev\/l\/svm-temp\/wp-content\/uploads\/2022\/06\/flera-kvinnor-greps-pa-sondagen-for-kopplingar-till-is.png","datePublished":"2015-10-04T22:00:00+00:00","breadcrumb":{"@id":"https:\/\/lightweb.dev\/l\/svm-temp\/nyheter\/flera-kvinnor-greps-pa-sondagen-for-kopplingar-till-is\/#breadcrumb"},"inLanguage":"sv-SE","potentialAction":[{"@type":"ReadAction","target":["https:\/\/lightweb.dev\/l\/svm-temp\/nyheter\/flera-kvinnor-greps-pa-sondagen-for-kopplingar-till-is\/"]}]},{"@type":"ImageObject","inLanguage":"sv-SE","@id":"https:\/\/lightweb.dev\/l\/svm-temp\/nyheter\/flera-kvinnor-greps-pa-sondagen-for-kopplingar-till-is\/#primaryimage","url":"https:\/\/lightweb.dev\/l\/svm-temp\/wp-content\/uploads\/2022\/06\/flera-kvinnor-greps-pa-sondagen-for-kopplingar-till-is.png","contentUrl":"https:\/\/lightweb.dev\/l\/svm-temp\/wp-content\/uploads\/2022\/06\/flera-kvinnor-greps-pa-sondagen-for-kopplingar-till-is.png","width":280,"height":268},{"@type":"BreadcrumbList","@id":"https:\/\/lightweb.dev\/l\/svm-temp\/nyheter\/flera-kvinnor-greps-pa-sondagen-for-kopplingar-till-is\/#breadcrumb","itemListElement":[{"@type":"ListItem","position":1,"name":"Hem","item":"https:\/\/lightweb.dev\/l\/svm-temp\/"},{"@type":"ListItem","position":2,"name":"Flera kvinnor greps p\u00e5 s\u00f6ndagen f\u00f6r kopplingar till IS"}]},{"@type":"WebSite","@id":"https:\/\/lightweb.dev\/l\/svm-temp\/#website","url":"https:\/\/lightweb.dev\/l\/svm-temp\/","name":"Svenska Magasinet","description":"Dina Spanska nyheter p&aring; Svenska","publisher":{"@id":"https:\/\/lightweb.dev\/l\/svm-temp\/#organization"},"potentialAction":[{"@type":"SearchAction","target":{"@type":"EntryPoint","urlTemplate":"https:\/\/lightweb.dev\/l\/svm-temp\/?s={search_term_string}"},"query-input":{"@type":"PropertyValueSpecification","valueRequired":true,"valueName":"search_term_string"}}],"inLanguage":"sv-SE"},{"@type":"Organization","@id":"https:\/\/lightweb.dev\/l\/svm-temp\/#organization","name":"Melkerson y Nott SL","alternateName":"Svenska Magasinet","url":"https:\/\/lightweb.dev\/l\/svm-temp\/","logo":{"@type":"ImageObject","inLanguage":"sv-SE","@id":"https:\/\/lightweb.dev\/l\/svm-temp\/#\/schema\/logo\/image\/","url":"https:\/\/lightweb.dev\/l\/svm-temp\/wp-content\/uploads\/2025\/02\/SvM-logo-Xtra-Centrerad-SVART.png","contentUrl":"https:\/\/lightweb.dev\/l\/svm-temp\/wp-content\/uploads\/2025\/02\/SvM-logo-Xtra-Centrerad-SVART.png","width":300,"height":99,"caption":"Melkerson y Nott SL"},"image":{"@id":"https:\/\/lightweb.dev\/l\/svm-temp\/#\/schema\/logo\/image\/"},"sameAs":["https:\/\/www.facebook.com\/svenskamagasinet","https:\/\/x.com\/SvenskaMagasine"]},{"@type":"Person","@id":"https:\/\/lightweb.dev\/l\/svm-temp\/#\/schema\/person\/206a3bda5b607b0c25e1749191e4d837","name":"Redaktionen SvM","description":"Redaktionen","sameAs":["https:\/\/lightweb.dev\/l\/svm-temp"],"url":"https:\/\/lightweb.dev\/l\/svm-temp\/reporter\/redaktionen\/"}]}},"_links":{"self":[{"href":"https:\/\/lightweb.dev\/l\/svm-temp\/wp-json\/wp\/v2\/posts\/23472","targetHints":{"allow":["GET"]}}],"collection":[{"href":"https:\/\/lightweb.dev\/l\/svm-temp\/wp-json\/wp\/v2\/posts"}],"about":[{"href":"https:\/\/lightweb.dev\/l\/svm-temp\/wp-json\/wp\/v2\/types\/post"}],"author":[{"embeddable":true,"href":"https:\/\/lightweb.dev\/l\/svm-temp\/wp-json\/wp\/v2\/users\/8"}],"replies":[{"embeddable":true,"href":"https:\/\/lightweb.dev\/l\/svm-temp\/wp-json\/wp\/v2\/comments?post=23472"}],"version-history":[{"count":0,"href":"https:\/\/lightweb.dev\/l\/svm-temp\/wp-json\/wp\/v2\/posts\/23472\/revisions"}],"wp:featuredmedia":[{"embeddable":true,"href":"https:\/\/lightweb.dev\/l\/svm-temp\/wp-json\/wp\/v2\/media\/23473"}],"wp:attachment":[{"href":"https:\/\/lightweb.dev\/l\/svm-temp\/wp-json\/wp\/v2\/media?parent=23472"}],"wp:term":[{"taxonomy":"category","embeddable":true,"href":"https:\/\/lightweb.dev\/l\/svm-temp\/wp-json\/wp\/v2\/categories?post=23472"},{"taxonomy":"post_tag","embeddable":true,"href":"https:\/\/lightweb.dev\/l\/svm-temp\/wp-json\/wp\/v2\/tags?post=23472"}],"curies":[{"name":"wp","href":"https:\/\/api.w.org\/{rel}","templated":true}]}}