{"id":2348,"date":"2008-01-03T00:00:00","date_gmt":"2008-01-02T23:00:00","guid":{"rendered":"https:\/\/lightweb.dev\/l\/svm-temp\/vilda-vackra-casares\/"},"modified":"2008-01-03T00:00:00","modified_gmt":"2008-01-02T23:00:00","slug":"vilda-vackra-casares","status":"publish","type":"post","link":"https:\/\/lightweb.dev\/l\/svm-temp\/artiklar\/vilda-vackra-casares\/","title":{"rendered":"Vilda Vackra Casares"},"content":{"rendered":"<p> H\u00e4r h\u00f6ll Julio Cesar tal, h\u00e4r f\u00f6ddes Andalusiens frihetsk\u00e4mpe Blas Infante P\u00e9rez som iskallt avr\u00e4ttades under inb\u00f6rdeskriget. Bergstrakterna runt Casares var tidigare k\u00e4nda som tillh\u00e5ll f\u00f6r r\u00f6vare och banditer, h\u00e4r l\u00e5g smuggelgodsets kulle och platsen var en av dem som h\u00f6ll ut l\u00e4ngst mot Francos trupper vid inb\u00f6rdeskriget. I v\u00e5ra dagar g\u00e5r det lugnare till v\u00e4ga, det \u00e4r boskapssk\u00f6tsel med f\u00e5r och getter som fridfullt g\u00e5r och betar p\u00e5 bergsluttningarna, och ett antal h\u00e4stg\u00e5rdar. Med historiens vingslag i backspegeln ger detta oss en k\u00e4nsla av Vilda V\u00e4stern Av Ola Josefsson<br \/>\nFoto Johan Ting\u00e5<\/p>\n<p>Casares, 105 km fr\u00e5n M\u00e1laga, \u00e4r en av de vackraste och mest fotograferade byarna p\u00e5 Costa del Sol. Den vita byn ligger och kl\u00e4nger sig fast p\u00e5 en klippa som en utl\u00f6pare fr\u00e5n Sierra Bermeja, som h\u00f6gst upp kr\u00f6ns av en morisk borg.<\/p>\n<p>Har du aldrig bes\u00f6kt Casares \u00e4r det dags f\u00f6r att g\u00f6ra det nu. Casares kommun \u00e4r en av de vackraste utmed kusten. Skogsbekl\u00e4dda berg ger en gr\u00f6n och frodig v\u00e4xtlighet \u00e5ret runt. Det k\u00e4nns som en vacker genuin plats, inte s\u00e5 tillr\u00e4ttalagd f\u00f6r turister. Mer en plats f\u00f6r natur\u00e4lskare med fantastiska vandringsleder d\u00e4r k\u00e4llvattnet springer ut ur bergen varav Sierra Crestellina har finfina vandringsleder.<\/p>\n<p>Casares kommun styrs av Izquerda Unida, v\u00e4nsterpartiet. Anledningen \u00e4r inte s\u00e5 mycket att inv\u00e5narna skulle vara kommunister, det beror mera p\u00e5 att motst\u00e5ndet mot fascismen var starkare h\u00e4r \u00e4n p\u00e5 andra h\u00e5ll. Det var h\u00e4r som man h\u00f6ll ut l\u00e4ngst och motst\u00e5ndet mot nymodigheter och f\u00f6r\u00e4ndringar har h\u00e4ngt kvar sedan dess, p\u00e5 gott och ont. Byns s\u00e4rpr\u00e4gel har i vart fall beh\u00e5llits.<\/p>\n<p>Samtals\u00e4mnet senaste tiden bland \u201dcasare\u00f1os\u201d kretsar kring renoveringen av kyrkan. Den har f\u00f6rfulat hela byn, menar m\u00e5nga. Renoveringen har blivit i modern tappning vilket ogillas skarpt. Oppositionen med PP i spetsen hade den usla renoveringen som ett av sina stora vall\u00f6ften vid kommunvalet i maj 2007. Om vi vinner valet river vi och bygger om, var budskapet. Det var alltf\u00f6r osminkat vall\u00f6fte, tyckte inv\u00e5narna och l\u00e4t IU sitta kvar.<\/p>\n<p>Det finns \u00e4ven ett motst\u00e5nd i kommunfullm\u00e4ktige till investeringar i kommunen. Svenskan Helen Nilsson har som projekt att dra ig\u00e5ng ett rekreationscenter f\u00f6r h\u00e4star. Men intresset hos kommunen \u00e4r vagt, de ser i st\u00e4llet projektet som n\u00e5got h\u00f6gst kommersiellt. I st\u00e4llet har Estepona erbjudit mark till Helens anl\u00e4ggning. Forts\u00e4ttning l\u00e4r f\u00f6lja.<\/p>\n<p>De bofasta svenskarna och utl\u00e4nningarna k\u00e4nner sig \u00e5 andra sidan v\u00e4lkomna. Befolkningen \u00e4r positivt inst\u00e4llda till bes\u00f6kare. Det \u00e4r framf\u00f6r allt britter, en del tidigare bosatta i Sydafrika som funnit sin plats i Casares. Naturen h\u00e4r ska n\u00e4mligen p\u00e5minna en del om Sydafrika.<\/p>\n<p>P\u00e5 v\u00e4g upp emot byn ligger flera hemsl\u00f6jdbutiker. Bland annat keramikern och konstn\u00e4ren Agneta Larsen har sin atelj\u00e9 h\u00e4r. Den ligger en kilometer f\u00f6re Casares, h\u00e5ll utkik efter en kakelskylt som det st\u00e5r &#8221;Cer\u00e1mica&#8221; p\u00e5. Ett stycke utanf\u00f6r samh\u00e4llet ligger tr\u00e4varufabriken Roman Clavero som \u00e4r en av byns st\u00f6rre arbetsgivare. H\u00e4r tillverkas i synnerhet f\u00f6nster och d\u00f6rrar.<\/p>\n<p>\u00c4ven golfspelarna har hittat till platsen. Cortisin \u00e4r en fantastiskt fin bana med lite mer lyx och kvalitet, en bana f\u00f6r l\u00e5ghandicapare som vill ha lite mer. Cortisin har f\u00e5tt mycket bra kritik. En h\u00e4rlig bana f\u00f6r dem som vill ha lite b\u00e4ttre klass, enligt experter.<\/p>\n<p>Casares kommunhus<br \/>\nAdress: C\/ La Villa 29, 29690 Casares. M\u00e1laga.<br \/>\nTlf: 952 894 126<br \/>\nFax: 952 894 017<br \/>\ne-post: casares@sopde.es<br \/>\nBorgm\u00e4stare: Excmo. Sr. D. Juan S\u00e1nchez Garc\u00eda<br \/>\nYta: 160,0 km2<br \/>\nInv\u00e5nare: 4.451 varav 2.143 bor i samh\u00e4llet<br \/>\nMeter \u00f6ver havet: 435 m<br \/>\nMedeltemperatur: 16,6\u00baC<br \/>\nSoltimmar: 2.800 timmar\/\u00e5r<br \/>\nNederb\u00f6rd: 860 liter\/m2<br \/>\nF\u00e4rdv\u00e4g: Vid Km. 146 p\u00e5 riksv\u00e4g N-340, sv\u00e4nger du in p\u00e5 carretera local de Casares MA-546. Sedan har du 14 km till byn.<br \/>\nTuristinformation<br \/>\nC\/ Carrera s\/n<br \/>\n29690. Casares (MA)<br \/>\nTlf: 952 895 521<br \/>\nL\u00e4s mer p\u00e5: www.casares.es<br \/>\nIntressanta platser:<br \/>\n Castillo viejo de Casares<br \/>\n fortaleza \u00e1rabe<br \/>\n iglesia de la Encarnaci\u00f3n<br \/>\n Convento de los Capuchinos (s.XVI)<br \/>\n Cuevas de Ballesteros, la Hedionda (necr\u00f3polis neol\u00edtica)<br \/>\n Torre de la Sal<br \/>\n Casa natal de Blas Infante<br \/>\nFester:<br \/>\nLa Romer\u00eda de la Patrona, la Virgen del Rosario del Campo. H\u00e5lls den sista l\u00f6rdagen i maj m\u00e5nad. Los casare\u00f1os, som inv\u00e5narna kallas, g\u00e5r fr\u00e5n kyrkan Iglesia de San Sebasti\u00e1n till la Ermita mellan floderna Genal och Guadiaro, en vandring p\u00e5 elva kilometer.<br \/>\nFeria del Secadero, andra delen av juli.<br \/>\nLa Feria de Agosto, samh\u00e4llets egen feria h\u00e5lls f\u00f6rsta veckan i augusti fr\u00e5n torsdag till s\u00f6ndag. Ferians ursprung \u00e4r relaterad till byns motst\u00e5nd mot fransm\u00e4nnen 1810 till 1813.<br \/>\nLa Fiesta de Nuestra Se\u00f1ora de la Virgen del Rosario del Campo, h\u00e5lls f\u00f6rsta l\u00f6rdagen i september.<br \/>\nLa Feria del Santo Cristo, h\u00e5lls i mitten av september, fredag till s\u00f6ndag.<br \/>\nMercado Medieval \u00e4r en trevlig marknad som h\u00e5lls varje \u00e5r i mitten p\u00e5 juli. P\u00e5 byns gator s\u00e4ljs det mesta av de varor som tillverkas i kommunen.<br \/>\nCasa Natal de Blas Infante (l\u00e4s om honom i separat artikel)<br \/>\nC\/ Carrera 51<br \/>\nTlf: 952 895 521<br \/>\n\u00d6ppettider: M\u00e5ndagar till fredagar mellan kl 11-14:30 och 16-18:30. L\u00f6rdagar 11-16.<\/p>\n<p>Museo de Etnohistoria<br \/>\nC\/ Villa 60<br \/>\nTlf: 952 895 148<br \/>\nSamma \u00f6ppettider som Casa Natal de Blas Infante, se ovan. <\/p>\n","protected":false},"excerpt":{"rendered":"<p>H\u00e4r h\u00f6ll Julio Cesar tal, h\u00e4r f\u00f6ddes Andalusiens frihetsk\u00e4mpe Blas Infante P\u00e9rez som iskallt avr\u00e4ttades under inb\u00f6rdeskriget. Bergstrakterna runt Casares var tidigare k\u00e4nda som tillh\u00e5ll f\u00f6r r\u00f6vare och banditer, h\u00e4r l\u00e5g smuggelgodsets kulle och platsen var en av dem som h\u00f6ll ut l\u00e4ngst mot Francos trupper vid inb\u00f6rdeskriget. I v\u00e5ra dagar g\u00e5r det lugnare till [&hellip;]<\/p>\n","protected":false},"author":8,"featured_media":2349,"comment_status":"open","ping_status":"open","sticky":false,"template":"","format":"standard","meta":{"_et_pb_use_builder":"","_et_pb_old_content":"","_et_gb_content_width":"","footnotes":""},"categories":[396,4],"tags":[],"class_list":["post-2348","post","type-post","status-publish","format-standard","has-post-thumbnail","hentry","category-arkiv-artiklar","category-artiklar"],"yoast_head":"<!-- This site is optimized with the Yoast SEO Premium plugin v26.2 (Yoast SEO v28.2) - https:\/\/yoast.com\/product\/yoast-seo-premium-wordpress\/ -->\n<title>Vilda Vackra Casares - Svenska Magasinet<\/title>\n<meta name=\"robots\" content=\"noindex, follow, max-snippet:-1, max-image-preview:large, max-video-preview:-1\" \/>\n<meta property=\"og:locale\" content=\"sv_SE\" \/>\n<meta property=\"og:type\" content=\"article\" \/>\n<meta property=\"og:title\" content=\"Vilda Vackra Casares\" \/>\n<meta property=\"og:description\" content=\"H\u00e4r h\u00f6ll Julio Cesar tal, h\u00e4r f\u00f6ddes Andalusiens frihetsk\u00e4mpe Blas Infante P\u00e9rez som iskallt avr\u00e4ttades under inb\u00f6rdeskriget. Bergstrakterna runt Casares var tidigare k\u00e4nda som tillh\u00e5ll f\u00f6r r\u00f6vare och banditer, h\u00e4r l\u00e5g smuggelgodsets kulle och platsen var en av dem som h\u00f6ll ut l\u00e4ngst mot Francos trupper vid inb\u00f6rdeskriget. I v\u00e5ra dagar g\u00e5r det lugnare till [&hellip;]\" \/>\n<meta property=\"og:url\" content=\"https:\/\/lightweb.dev\/l\/svm-temp\/artiklar\/vilda-vackra-casares\/\" \/>\n<meta property=\"og:site_name\" content=\"Svenska Magasinet\" \/>\n<meta property=\"article:publisher\" content=\"https:\/\/www.facebook.com\/svenskamagasinet\" \/>\n<meta property=\"article:published_time\" content=\"2008-01-02T23:00:00+00:00\" \/>\n<meta property=\"og:image\" content=\"https:\/\/lightweb.dev\/l\/svm-temp\/wp-content\/uploads\/2022\/04\/vilda-vackra-casares.png\" \/>\n\t<meta property=\"og:image:width\" content=\"280\" \/>\n\t<meta property=\"og:image:height\" content=\"419\" \/>\n\t<meta property=\"og:image:type\" content=\"image\/png\" \/>\n<meta name=\"author\" content=\"Redaktionen SvM\" \/>\n<meta name=\"twitter:card\" content=\"summary_large_image\" \/>\n<meta name=\"twitter:creator\" content=\"@SvenskaMagasine\" \/>\n<meta name=\"twitter:site\" content=\"@SvenskaMagasine\" \/>\n<script type=\"application\/ld+json\" class=\"yoast-schema-graph\">{\"@context\":\"https:\\\/\\\/schema.org\",\"@graph\":[{\"@type\":\"Article\",\"@id\":\"https:\\\/\\\/lightweb.dev\\\/l\\\/svm-temp\\\/artiklar\\\/vilda-vackra-casares\\\/#article\",\"isPartOf\":{\"@id\":\"https:\\\/\\\/lightweb.dev\\\/l\\\/svm-temp\\\/artiklar\\\/vilda-vackra-casares\\\/\"},\"author\":{\"name\":\"Redaktionen SvM\",\"@id\":\"https:\\\/\\\/lightweb.dev\\\/l\\\/svm-temp\\\/#\\\/schema\\\/person\\\/206a3bda5b607b0c25e1749191e4d837\"},\"headline\":\"Vilda Vackra Casares\",\"datePublished\":\"2008-01-02T23:00:00+00:00\",\"mainEntityOfPage\":{\"@id\":\"https:\\\/\\\/lightweb.dev\\\/l\\\/svm-temp\\\/artiklar\\\/vilda-vackra-casares\\\/\"},\"wordCount\":968,\"commentCount\":0,\"publisher\":{\"@id\":\"https:\\\/\\\/lightweb.dev\\\/l\\\/svm-temp\\\/#organization\"},\"image\":{\"@id\":\"https:\\\/\\\/lightweb.dev\\\/l\\\/svm-temp\\\/artiklar\\\/vilda-vackra-casares\\\/#primaryimage\"},\"thumbnailUrl\":\"https:\\\/\\\/lightweb.dev\\\/l\\\/svm-temp\\\/wp-content\\\/uploads\\\/2022\\\/04\\\/vilda-vackra-casares.png\",\"articleSection\":[\"Arkiv\",\"Artiklar\"],\"inLanguage\":\"sv-SE\"},{\"@type\":\"WebPage\",\"@id\":\"https:\\\/\\\/lightweb.dev\\\/l\\\/svm-temp\\\/artiklar\\\/vilda-vackra-casares\\\/\",\"url\":\"https:\\\/\\\/lightweb.dev\\\/l\\\/svm-temp\\\/artiklar\\\/vilda-vackra-casares\\\/\",\"name\":\"Vilda Vackra Casares - Svenska Magasinet\",\"isPartOf\":{\"@id\":\"https:\\\/\\\/lightweb.dev\\\/l\\\/svm-temp\\\/#website\"},\"primaryImageOfPage\":{\"@id\":\"https:\\\/\\\/lightweb.dev\\\/l\\\/svm-temp\\\/artiklar\\\/vilda-vackra-casares\\\/#primaryimage\"},\"image\":{\"@id\":\"https:\\\/\\\/lightweb.dev\\\/l\\\/svm-temp\\\/artiklar\\\/vilda-vackra-casares\\\/#primaryimage\"},\"thumbnailUrl\":\"https:\\\/\\\/lightweb.dev\\\/l\\\/svm-temp\\\/wp-content\\\/uploads\\\/2022\\\/04\\\/vilda-vackra-casares.png\",\"datePublished\":\"2008-01-02T23:00:00+00:00\",\"breadcrumb\":{\"@id\":\"https:\\\/\\\/lightweb.dev\\\/l\\\/svm-temp\\\/artiklar\\\/vilda-vackra-casares\\\/#breadcrumb\"},\"inLanguage\":\"sv-SE\",\"potentialAction\":[{\"@type\":\"ReadAction\",\"target\":[\"https:\\\/\\\/lightweb.dev\\\/l\\\/svm-temp\\\/artiklar\\\/vilda-vackra-casares\\\/\"]}]},{\"@type\":\"ImageObject\",\"inLanguage\":\"sv-SE\",\"@id\":\"https:\\\/\\\/lightweb.dev\\\/l\\\/svm-temp\\\/artiklar\\\/vilda-vackra-casares\\\/#primaryimage\",\"url\":\"https:\\\/\\\/lightweb.dev\\\/l\\\/svm-temp\\\/wp-content\\\/uploads\\\/2022\\\/04\\\/vilda-vackra-casares.png\",\"contentUrl\":\"https:\\\/\\\/lightweb.dev\\\/l\\\/svm-temp\\\/wp-content\\\/uploads\\\/2022\\\/04\\\/vilda-vackra-casares.png\",\"width\":280,\"height\":419},{\"@type\":\"BreadcrumbList\",\"@id\":\"https:\\\/\\\/lightweb.dev\\\/l\\\/svm-temp\\\/artiklar\\\/vilda-vackra-casares\\\/#breadcrumb\",\"itemListElement\":[{\"@type\":\"ListItem\",\"position\":1,\"name\":\"Hem\",\"item\":\"https:\\\/\\\/lightweb.dev\\\/l\\\/svm-temp\\\/\"},{\"@type\":\"ListItem\",\"position\":2,\"name\":\"Vilda Vackra Casares\"}]},{\"@type\":\"WebSite\",\"@id\":\"https:\\\/\\\/lightweb.dev\\\/l\\\/svm-temp\\\/#website\",\"url\":\"https:\\\/\\\/lightweb.dev\\\/l\\\/svm-temp\\\/\",\"name\":\"Svenska Magasinet\",\"description\":\"Dina Spanska nyheter p&aring; Svenska\",\"publisher\":{\"@id\":\"https:\\\/\\\/lightweb.dev\\\/l\\\/svm-temp\\\/#organization\"},\"potentialAction\":[{\"@type\":\"SearchAction\",\"target\":{\"@type\":\"EntryPoint\",\"urlTemplate\":\"https:\\\/\\\/lightweb.dev\\\/l\\\/svm-temp\\\/?s={search_term_string}\"},\"query-input\":{\"@type\":\"PropertyValueSpecification\",\"valueRequired\":true,\"valueName\":\"search_term_string\"}}],\"inLanguage\":\"sv-SE\"},{\"@type\":\"Organization\",\"@id\":\"https:\\\/\\\/lightweb.dev\\\/l\\\/svm-temp\\\/#organization\",\"name\":\"Melkerson y Nott SL\",\"alternateName\":\"Svenska Magasinet\",\"url\":\"https:\\\/\\\/lightweb.dev\\\/l\\\/svm-temp\\\/\",\"logo\":{\"@type\":\"ImageObject\",\"inLanguage\":\"sv-SE\",\"@id\":\"https:\\\/\\\/lightweb.dev\\\/l\\\/svm-temp\\\/#\\\/schema\\\/logo\\\/image\\\/\",\"url\":\"https:\\\/\\\/lightweb.dev\\\/l\\\/svm-temp\\\/wp-content\\\/uploads\\\/2025\\\/02\\\/SvM-logo-Xtra-Centrerad-SVART.png\",\"contentUrl\":\"https:\\\/\\\/lightweb.dev\\\/l\\\/svm-temp\\\/wp-content\\\/uploads\\\/2025\\\/02\\\/SvM-logo-Xtra-Centrerad-SVART.png\",\"width\":300,\"height\":99,\"caption\":\"Melkerson y Nott SL\"},\"image\":{\"@id\":\"https:\\\/\\\/lightweb.dev\\\/l\\\/svm-temp\\\/#\\\/schema\\\/logo\\\/image\\\/\"},\"sameAs\":[\"https:\\\/\\\/www.facebook.com\\\/svenskamagasinet\",\"https:\\\/\\\/x.com\\\/SvenskaMagasine\"]},{\"@type\":\"Person\",\"@id\":\"https:\\\/\\\/lightweb.dev\\\/l\\\/svm-temp\\\/#\\\/schema\\\/person\\\/206a3bda5b607b0c25e1749191e4d837\",\"name\":\"Redaktionen SvM\",\"description\":\"Redaktionen\",\"sameAs\":[\"https:\\\/\\\/lightweb.dev\\\/l\\\/svm-temp\"],\"url\":\"https:\\\/\\\/lightweb.dev\\\/l\\\/svm-temp\\\/reporter\\\/redaktionen\\\/\"}]}<\/script>\n<!-- \/ Yoast SEO Premium plugin. -->","yoast_head_json":{"title":"Vilda Vackra Casares - Svenska Magasinet","robots":{"index":"noindex","follow":"follow","max-snippet":"max-snippet:-1","max-image-preview":"max-image-preview:large","max-video-preview":"max-video-preview:-1"},"og_locale":"sv_SE","og_type":"article","og_title":"Vilda Vackra Casares","og_description":"H\u00e4r h\u00f6ll Julio Cesar tal, h\u00e4r f\u00f6ddes Andalusiens frihetsk\u00e4mpe Blas Infante P\u00e9rez som iskallt avr\u00e4ttades under inb\u00f6rdeskriget. Bergstrakterna runt Casares var tidigare k\u00e4nda som tillh\u00e5ll f\u00f6r r\u00f6vare och banditer, h\u00e4r l\u00e5g smuggelgodsets kulle och platsen var en av dem som h\u00f6ll ut l\u00e4ngst mot Francos trupper vid inb\u00f6rdeskriget. I v\u00e5ra dagar g\u00e5r det lugnare till [&hellip;]","og_url":"https:\/\/lightweb.dev\/l\/svm-temp\/artiklar\/vilda-vackra-casares\/","og_site_name":"Svenska Magasinet","article_publisher":"https:\/\/www.facebook.com\/svenskamagasinet","article_published_time":"2008-01-02T23:00:00+00:00","og_image":[{"width":280,"height":419,"url":"https:\/\/lightweb.dev\/l\/svm-temp\/wp-content\/uploads\/2022\/04\/vilda-vackra-casares.png","type":"image\/png"}],"author":"Redaktionen SvM","twitter_card":"summary_large_image","twitter_creator":"@SvenskaMagasine","twitter_site":"@SvenskaMagasine","schema":{"@context":"https:\/\/schema.org","@graph":[{"@type":"Article","@id":"https:\/\/lightweb.dev\/l\/svm-temp\/artiklar\/vilda-vackra-casares\/#article","isPartOf":{"@id":"https:\/\/lightweb.dev\/l\/svm-temp\/artiklar\/vilda-vackra-casares\/"},"author":{"name":"Redaktionen SvM","@id":"https:\/\/lightweb.dev\/l\/svm-temp\/#\/schema\/person\/206a3bda5b607b0c25e1749191e4d837"},"headline":"Vilda Vackra Casares","datePublished":"2008-01-02T23:00:00+00:00","mainEntityOfPage":{"@id":"https:\/\/lightweb.dev\/l\/svm-temp\/artiklar\/vilda-vackra-casares\/"},"wordCount":968,"commentCount":0,"publisher":{"@id":"https:\/\/lightweb.dev\/l\/svm-temp\/#organization"},"image":{"@id":"https:\/\/lightweb.dev\/l\/svm-temp\/artiklar\/vilda-vackra-casares\/#primaryimage"},"thumbnailUrl":"https:\/\/lightweb.dev\/l\/svm-temp\/wp-content\/uploads\/2022\/04\/vilda-vackra-casares.png","articleSection":["Arkiv","Artiklar"],"inLanguage":"sv-SE"},{"@type":"WebPage","@id":"https:\/\/lightweb.dev\/l\/svm-temp\/artiklar\/vilda-vackra-casares\/","url":"https:\/\/lightweb.dev\/l\/svm-temp\/artiklar\/vilda-vackra-casares\/","name":"Vilda Vackra Casares - Svenska Magasinet","isPartOf":{"@id":"https:\/\/lightweb.dev\/l\/svm-temp\/#website"},"primaryImageOfPage":{"@id":"https:\/\/lightweb.dev\/l\/svm-temp\/artiklar\/vilda-vackra-casares\/#primaryimage"},"image":{"@id":"https:\/\/lightweb.dev\/l\/svm-temp\/artiklar\/vilda-vackra-casares\/#primaryimage"},"thumbnailUrl":"https:\/\/lightweb.dev\/l\/svm-temp\/wp-content\/uploads\/2022\/04\/vilda-vackra-casares.png","datePublished":"2008-01-02T23:00:00+00:00","breadcrumb":{"@id":"https:\/\/lightweb.dev\/l\/svm-temp\/artiklar\/vilda-vackra-casares\/#breadcrumb"},"inLanguage":"sv-SE","potentialAction":[{"@type":"ReadAction","target":["https:\/\/lightweb.dev\/l\/svm-temp\/artiklar\/vilda-vackra-casares\/"]}]},{"@type":"ImageObject","inLanguage":"sv-SE","@id":"https:\/\/lightweb.dev\/l\/svm-temp\/artiklar\/vilda-vackra-casares\/#primaryimage","url":"https:\/\/lightweb.dev\/l\/svm-temp\/wp-content\/uploads\/2022\/04\/vilda-vackra-casares.png","contentUrl":"https:\/\/lightweb.dev\/l\/svm-temp\/wp-content\/uploads\/2022\/04\/vilda-vackra-casares.png","width":280,"height":419},{"@type":"BreadcrumbList","@id":"https:\/\/lightweb.dev\/l\/svm-temp\/artiklar\/vilda-vackra-casares\/#breadcrumb","itemListElement":[{"@type":"ListItem","position":1,"name":"Hem","item":"https:\/\/lightweb.dev\/l\/svm-temp\/"},{"@type":"ListItem","position":2,"name":"Vilda Vackra Casares"}]},{"@type":"WebSite","@id":"https:\/\/lightweb.dev\/l\/svm-temp\/#website","url":"https:\/\/lightweb.dev\/l\/svm-temp\/","name":"Svenska Magasinet","description":"Dina Spanska nyheter p&aring; Svenska","publisher":{"@id":"https:\/\/lightweb.dev\/l\/svm-temp\/#organization"},"potentialAction":[{"@type":"SearchAction","target":{"@type":"EntryPoint","urlTemplate":"https:\/\/lightweb.dev\/l\/svm-temp\/?s={search_term_string}"},"query-input":{"@type":"PropertyValueSpecification","valueRequired":true,"valueName":"search_term_string"}}],"inLanguage":"sv-SE"},{"@type":"Organization","@id":"https:\/\/lightweb.dev\/l\/svm-temp\/#organization","name":"Melkerson y Nott SL","alternateName":"Svenska Magasinet","url":"https:\/\/lightweb.dev\/l\/svm-temp\/","logo":{"@type":"ImageObject","inLanguage":"sv-SE","@id":"https:\/\/lightweb.dev\/l\/svm-temp\/#\/schema\/logo\/image\/","url":"https:\/\/lightweb.dev\/l\/svm-temp\/wp-content\/uploads\/2025\/02\/SvM-logo-Xtra-Centrerad-SVART.png","contentUrl":"https:\/\/lightweb.dev\/l\/svm-temp\/wp-content\/uploads\/2025\/02\/SvM-logo-Xtra-Centrerad-SVART.png","width":300,"height":99,"caption":"Melkerson y Nott SL"},"image":{"@id":"https:\/\/lightweb.dev\/l\/svm-temp\/#\/schema\/logo\/image\/"},"sameAs":["https:\/\/www.facebook.com\/svenskamagasinet","https:\/\/x.com\/SvenskaMagasine"]},{"@type":"Person","@id":"https:\/\/lightweb.dev\/l\/svm-temp\/#\/schema\/person\/206a3bda5b607b0c25e1749191e4d837","name":"Redaktionen SvM","description":"Redaktionen","sameAs":["https:\/\/lightweb.dev\/l\/svm-temp"],"url":"https:\/\/lightweb.dev\/l\/svm-temp\/reporter\/redaktionen\/"}]}},"_links":{"self":[{"href":"https:\/\/lightweb.dev\/l\/svm-temp\/wp-json\/wp\/v2\/posts\/2348","targetHints":{"allow":["GET"]}}],"collection":[{"href":"https:\/\/lightweb.dev\/l\/svm-temp\/wp-json\/wp\/v2\/posts"}],"about":[{"href":"https:\/\/lightweb.dev\/l\/svm-temp\/wp-json\/wp\/v2\/types\/post"}],"author":[{"embeddable":true,"href":"https:\/\/lightweb.dev\/l\/svm-temp\/wp-json\/wp\/v2\/users\/8"}],"replies":[{"embeddable":true,"href":"https:\/\/lightweb.dev\/l\/svm-temp\/wp-json\/wp\/v2\/comments?post=2348"}],"version-history":[{"count":0,"href":"https:\/\/lightweb.dev\/l\/svm-temp\/wp-json\/wp\/v2\/posts\/2348\/revisions"}],"wp:featuredmedia":[{"embeddable":true,"href":"https:\/\/lightweb.dev\/l\/svm-temp\/wp-json\/wp\/v2\/media\/2349"}],"wp:attachment":[{"href":"https:\/\/lightweb.dev\/l\/svm-temp\/wp-json\/wp\/v2\/media?parent=2348"}],"wp:term":[{"taxonomy":"category","embeddable":true,"href":"https:\/\/lightweb.dev\/l\/svm-temp\/wp-json\/wp\/v2\/categories?post=2348"},{"taxonomy":"post_tag","embeddable":true,"href":"https:\/\/lightweb.dev\/l\/svm-temp\/wp-json\/wp\/v2\/tags?post=2348"}],"curies":[{"name":"wp","href":"https:\/\/api.w.org\/{rel}","templated":true}]}}