{"id":23496,"date":"2015-09-30T00:00:00","date_gmt":"2015-09-29T22:00:00","guid":{"rendered":"https:\/\/lightweb.dev\/l\/svm-temp\/nyheter\/nattens-ovader-25-arig-brittisk-uteliggare-spolades-ut-i-havet\/"},"modified":"2015-09-30T00:00:00","modified_gmt":"2015-09-29T22:00:00","slug":"nattens-ovader-25-arig-brittisk-uteliggare-spolades-ut-i-havet","status":"publish","type":"post","link":"https:\/\/lightweb.dev\/l\/svm-temp\/nyheter\/nattens-ovader-25-arig-brittisk-uteliggare-spolades-ut-i-havet\/","title":{"rendered":"Nattens ov\u00e4der: 25-\u00e5rig brittisk uteliggare spolades ut i havet"},"content":{"rendered":"<p> En heml\u00f6s 25-\u00e5rig brittisk medborgare som sov under bron Tetu\u00e1n i M\u00e1laga \u00f6verraskades av stigande vattenst\u00e5nd efter nattens skyfall. Mannen sveptes med av vattenstr\u00f6mmen i floden r\u00edo Guadalmedina och ut i havet.<\/p>\n<p>Flera andra personer f\u00f6rs\u00f6kte r\u00e4dda mannen men lyckades inte dra upp honom. Det var en fr\u00e5n gruppen som larmade polisen vid tv\u00e5-tiden natten mot onsdagen. Guardia Civil, sj\u00f6r\u00e4ddningen Salvamento Mar\u00edtimo, R\u00f6da korset och \u00f6vrig polis har s\u00f6kt efter mannen.<\/p>\n<p>S\u00f6kandet avbr\u00f6ts vid middagstid p\u00e5 onsdagen. Polisen ska nu unders\u00f6ka de faktiska omst\u00e4ndigheterna rapporterar Diario SUR p\u00e5 sin n\u00e4tupplaga.<\/p>\n<p>Nattens \u00e5skov\u00e4der \u00f6ver Solkusten innebar att stora m\u00e4ngder nederb\u00f6rd kom p\u00e5 kort tid. Nerja fick 86 mm, Benamargosa 59 mm och Torrox 53 mm. M\u00e1laga fick 41 mm. <\/p>\n","protected":false},"excerpt":{"rendered":"<p>En heml\u00f6s 25-\u00e5rig brittisk medborgare som sov under bron Tetu\u00e1n i M\u00e1laga \u00f6verraskades av stigande vattenst\u00e5nd efter nattens skyfall. Mannen sveptes med av vattenstr\u00f6mmen i floden r\u00edo Guadalmedina och ut i havet. Flera andra personer f\u00f6rs\u00f6kte r\u00e4dda mannen men lyckades inte dra upp honom. Det var en fr\u00e5n gruppen som larmade polisen vid tv\u00e5-tiden natten [&hellip;]<\/p>\n","protected":false},"author":8,"featured_media":23497,"comment_status":"open","ping_status":"open","sticky":false,"template":"","format":"standard","meta":{"_et_pb_use_builder":"","_et_pb_old_content":"","_et_gb_content_width":"","footnotes":""},"categories":[395,3],"tags":[],"class_list":["post-23496","post","type-post","status-publish","format-standard","has-post-thumbnail","hentry","category-arkiv-nyheter","category-nyheter"],"yoast_head":"<!-- This site is optimized with the Yoast SEO Premium plugin v26.2 (Yoast SEO v27.4) - https:\/\/yoast.com\/product\/yoast-seo-premium-wordpress\/ -->\n<title>Nattens ov\u00e4der: 25-\u00e5rig brittisk uteliggare spolades ut i havet - Svenska Magasinet<\/title>\n<meta name=\"robots\" content=\"noindex, follow, max-snippet:-1, max-image-preview:large, max-video-preview:-1\" \/>\n<meta property=\"og:locale\" content=\"sv_SE\" \/>\n<meta property=\"og:type\" content=\"article\" \/>\n<meta property=\"og:title\" content=\"Nattens ov\u00e4der: 25-\u00e5rig brittisk uteliggare spolades ut i havet\" \/>\n<meta property=\"og:description\" content=\"En heml\u00f6s 25-\u00e5rig brittisk medborgare som sov under bron Tetu\u00e1n i M\u00e1laga \u00f6verraskades av stigande vattenst\u00e5nd efter nattens skyfall. Mannen sveptes med av vattenstr\u00f6mmen i floden r\u00edo Guadalmedina och ut i havet. Flera andra personer f\u00f6rs\u00f6kte r\u00e4dda mannen men lyckades inte dra upp honom. Det var en fr\u00e5n gruppen som larmade polisen vid tv\u00e5-tiden natten [&hellip;]\" \/>\n<meta property=\"og:url\" content=\"https:\/\/lightweb.dev\/l\/svm-temp\/nyheter\/nattens-ovader-25-arig-brittisk-uteliggare-spolades-ut-i-havet\/\" \/>\n<meta property=\"og:site_name\" content=\"Svenska Magasinet\" \/>\n<meta property=\"article:publisher\" content=\"https:\/\/www.facebook.com\/svenskamagasinet\" \/>\n<meta property=\"article:published_time\" content=\"2015-09-29T22:00:00+00:00\" \/>\n<meta property=\"og:image\" content=\"https:\/\/lightweb.dev\/l\/svm-temp\/wp-content\/uploads\/2022\/06\/nattens-ovader-25arig-brittisk-uteliggare-spolades-ut-i-havet.png\" \/>\n\t<meta property=\"og:image:width\" content=\"280\" \/>\n\t<meta property=\"og:image:height\" content=\"210\" \/>\n\t<meta property=\"og:image:type\" content=\"image\/png\" \/>\n<meta name=\"author\" content=\"Redaktionen SvM\" \/>\n<meta name=\"twitter:card\" content=\"summary_large_image\" \/>\n<meta name=\"twitter:creator\" content=\"@SvenskaMagasine\" \/>\n<meta name=\"twitter:site\" content=\"@SvenskaMagasine\" \/>\n<script type=\"application\/ld+json\" class=\"yoast-schema-graph\">{\"@context\":\"https:\\\/\\\/schema.org\",\"@graph\":[{\"@type\":\"Article\",\"@id\":\"https:\\\/\\\/lightweb.dev\\\/l\\\/svm-temp\\\/nyheter\\\/nattens-ovader-25-arig-brittisk-uteliggare-spolades-ut-i-havet\\\/#article\",\"isPartOf\":{\"@id\":\"https:\\\/\\\/lightweb.dev\\\/l\\\/svm-temp\\\/nyheter\\\/nattens-ovader-25-arig-brittisk-uteliggare-spolades-ut-i-havet\\\/\"},\"author\":{\"name\":\"Redaktionen SvM\",\"@id\":\"https:\\\/\\\/lightweb.dev\\\/l\\\/svm-temp\\\/#\\\/schema\\\/person\\\/206a3bda5b607b0c25e1749191e4d837\"},\"headline\":\"Nattens ov\u00e4der: 25-\u00e5rig brittisk uteliggare spolades ut i havet\",\"datePublished\":\"2015-09-29T22:00:00+00:00\",\"mainEntityOfPage\":{\"@id\":\"https:\\\/\\\/lightweb.dev\\\/l\\\/svm-temp\\\/nyheter\\\/nattens-ovader-25-arig-brittisk-uteliggare-spolades-ut-i-havet\\\/\"},\"wordCount\":151,\"commentCount\":0,\"publisher\":{\"@id\":\"https:\\\/\\\/lightweb.dev\\\/l\\\/svm-temp\\\/#organization\"},\"image\":{\"@id\":\"https:\\\/\\\/lightweb.dev\\\/l\\\/svm-temp\\\/nyheter\\\/nattens-ovader-25-arig-brittisk-uteliggare-spolades-ut-i-havet\\\/#primaryimage\"},\"thumbnailUrl\":\"https:\\\/\\\/lightweb.dev\\\/l\\\/svm-temp\\\/wp-content\\\/uploads\\\/2022\\\/06\\\/nattens-ovader-25arig-brittisk-uteliggare-spolades-ut-i-havet.png\",\"articleSection\":[\"Arkiv\",\"Nyheter\"],\"inLanguage\":\"sv-SE\"},{\"@type\":\"WebPage\",\"@id\":\"https:\\\/\\\/lightweb.dev\\\/l\\\/svm-temp\\\/nyheter\\\/nattens-ovader-25-arig-brittisk-uteliggare-spolades-ut-i-havet\\\/\",\"url\":\"https:\\\/\\\/lightweb.dev\\\/l\\\/svm-temp\\\/nyheter\\\/nattens-ovader-25-arig-brittisk-uteliggare-spolades-ut-i-havet\\\/\",\"name\":\"Nattens ov\u00e4der: 25-\u00e5rig brittisk uteliggare spolades ut i havet - Svenska Magasinet\",\"isPartOf\":{\"@id\":\"https:\\\/\\\/lightweb.dev\\\/l\\\/svm-temp\\\/#website\"},\"primaryImageOfPage\":{\"@id\":\"https:\\\/\\\/lightweb.dev\\\/l\\\/svm-temp\\\/nyheter\\\/nattens-ovader-25-arig-brittisk-uteliggare-spolades-ut-i-havet\\\/#primaryimage\"},\"image\":{\"@id\":\"https:\\\/\\\/lightweb.dev\\\/l\\\/svm-temp\\\/nyheter\\\/nattens-ovader-25-arig-brittisk-uteliggare-spolades-ut-i-havet\\\/#primaryimage\"},\"thumbnailUrl\":\"https:\\\/\\\/lightweb.dev\\\/l\\\/svm-temp\\\/wp-content\\\/uploads\\\/2022\\\/06\\\/nattens-ovader-25arig-brittisk-uteliggare-spolades-ut-i-havet.png\",\"datePublished\":\"2015-09-29T22:00:00+00:00\",\"breadcrumb\":{\"@id\":\"https:\\\/\\\/lightweb.dev\\\/l\\\/svm-temp\\\/nyheter\\\/nattens-ovader-25-arig-brittisk-uteliggare-spolades-ut-i-havet\\\/#breadcrumb\"},\"inLanguage\":\"sv-SE\",\"potentialAction\":[{\"@type\":\"ReadAction\",\"target\":[\"https:\\\/\\\/lightweb.dev\\\/l\\\/svm-temp\\\/nyheter\\\/nattens-ovader-25-arig-brittisk-uteliggare-spolades-ut-i-havet\\\/\"]}]},{\"@type\":\"ImageObject\",\"inLanguage\":\"sv-SE\",\"@id\":\"https:\\\/\\\/lightweb.dev\\\/l\\\/svm-temp\\\/nyheter\\\/nattens-ovader-25-arig-brittisk-uteliggare-spolades-ut-i-havet\\\/#primaryimage\",\"url\":\"https:\\\/\\\/lightweb.dev\\\/l\\\/svm-temp\\\/wp-content\\\/uploads\\\/2022\\\/06\\\/nattens-ovader-25arig-brittisk-uteliggare-spolades-ut-i-havet.png\",\"contentUrl\":\"https:\\\/\\\/lightweb.dev\\\/l\\\/svm-temp\\\/wp-content\\\/uploads\\\/2022\\\/06\\\/nattens-ovader-25arig-brittisk-uteliggare-spolades-ut-i-havet.png\",\"width\":280,\"height\":210},{\"@type\":\"BreadcrumbList\",\"@id\":\"https:\\\/\\\/lightweb.dev\\\/l\\\/svm-temp\\\/nyheter\\\/nattens-ovader-25-arig-brittisk-uteliggare-spolades-ut-i-havet\\\/#breadcrumb\",\"itemListElement\":[{\"@type\":\"ListItem\",\"position\":1,\"name\":\"Hem\",\"item\":\"https:\\\/\\\/lightweb.dev\\\/l\\\/svm-temp\\\/\"},{\"@type\":\"ListItem\",\"position\":2,\"name\":\"Nattens ov\u00e4der: 25-\u00e5rig brittisk uteliggare spolades ut i havet\"}]},{\"@type\":\"WebSite\",\"@id\":\"https:\\\/\\\/lightweb.dev\\\/l\\\/svm-temp\\\/#website\",\"url\":\"https:\\\/\\\/lightweb.dev\\\/l\\\/svm-temp\\\/\",\"name\":\"Svenska Magasinet\",\"description\":\"Dina Spanska nyheter p&aring; Svenska\",\"publisher\":{\"@id\":\"https:\\\/\\\/lightweb.dev\\\/l\\\/svm-temp\\\/#organization\"},\"potentialAction\":[{\"@type\":\"SearchAction\",\"target\":{\"@type\":\"EntryPoint\",\"urlTemplate\":\"https:\\\/\\\/lightweb.dev\\\/l\\\/svm-temp\\\/?s={search_term_string}\"},\"query-input\":{\"@type\":\"PropertyValueSpecification\",\"valueRequired\":true,\"valueName\":\"search_term_string\"}}],\"inLanguage\":\"sv-SE\"},{\"@type\":\"Organization\",\"@id\":\"https:\\\/\\\/lightweb.dev\\\/l\\\/svm-temp\\\/#organization\",\"name\":\"Melkerson y Nott SL\",\"alternateName\":\"Svenska Magasinet\",\"url\":\"https:\\\/\\\/lightweb.dev\\\/l\\\/svm-temp\\\/\",\"logo\":{\"@type\":\"ImageObject\",\"inLanguage\":\"sv-SE\",\"@id\":\"https:\\\/\\\/lightweb.dev\\\/l\\\/svm-temp\\\/#\\\/schema\\\/logo\\\/image\\\/\",\"url\":\"https:\\\/\\\/lightweb.dev\\\/l\\\/svm-temp\\\/wp-content\\\/uploads\\\/2025\\\/02\\\/SvM-logo-Xtra-Centrerad-SVART.png\",\"contentUrl\":\"https:\\\/\\\/lightweb.dev\\\/l\\\/svm-temp\\\/wp-content\\\/uploads\\\/2025\\\/02\\\/SvM-logo-Xtra-Centrerad-SVART.png\",\"width\":300,\"height\":99,\"caption\":\"Melkerson y Nott SL\"},\"image\":{\"@id\":\"https:\\\/\\\/lightweb.dev\\\/l\\\/svm-temp\\\/#\\\/schema\\\/logo\\\/image\\\/\"},\"sameAs\":[\"https:\\\/\\\/www.facebook.com\\\/svenskamagasinet\",\"https:\\\/\\\/x.com\\\/SvenskaMagasine\"]},{\"@type\":\"Person\",\"@id\":\"https:\\\/\\\/lightweb.dev\\\/l\\\/svm-temp\\\/#\\\/schema\\\/person\\\/206a3bda5b607b0c25e1749191e4d837\",\"name\":\"Redaktionen SvM\",\"description\":\"Redaktionen\",\"sameAs\":[\"https:\\\/\\\/lightweb.dev\\\/l\\\/svm-temp\"],\"url\":\"https:\\\/\\\/lightweb.dev\\\/l\\\/svm-temp\\\/reporter\\\/redaktionen\\\/\"}]}<\/script>\n<!-- \/ Yoast SEO Premium plugin. -->","yoast_head_json":{"title":"Nattens ov\u00e4der: 25-\u00e5rig brittisk uteliggare spolades ut i havet - Svenska Magasinet","robots":{"index":"noindex","follow":"follow","max-snippet":"max-snippet:-1","max-image-preview":"max-image-preview:large","max-video-preview":"max-video-preview:-1"},"og_locale":"sv_SE","og_type":"article","og_title":"Nattens ov\u00e4der: 25-\u00e5rig brittisk uteliggare spolades ut i havet","og_description":"En heml\u00f6s 25-\u00e5rig brittisk medborgare som sov under bron Tetu\u00e1n i M\u00e1laga \u00f6verraskades av stigande vattenst\u00e5nd efter nattens skyfall. Mannen sveptes med av vattenstr\u00f6mmen i floden r\u00edo Guadalmedina och ut i havet. Flera andra personer f\u00f6rs\u00f6kte r\u00e4dda mannen men lyckades inte dra upp honom. Det var en fr\u00e5n gruppen som larmade polisen vid tv\u00e5-tiden natten [&hellip;]","og_url":"https:\/\/lightweb.dev\/l\/svm-temp\/nyheter\/nattens-ovader-25-arig-brittisk-uteliggare-spolades-ut-i-havet\/","og_site_name":"Svenska Magasinet","article_publisher":"https:\/\/www.facebook.com\/svenskamagasinet","article_published_time":"2015-09-29T22:00:00+00:00","og_image":[{"width":280,"height":210,"url":"https:\/\/lightweb.dev\/l\/svm-temp\/wp-content\/uploads\/2022\/06\/nattens-ovader-25arig-brittisk-uteliggare-spolades-ut-i-havet.png","type":"image\/png"}],"author":"Redaktionen SvM","twitter_card":"summary_large_image","twitter_creator":"@SvenskaMagasine","twitter_site":"@SvenskaMagasine","schema":{"@context":"https:\/\/schema.org","@graph":[{"@type":"Article","@id":"https:\/\/lightweb.dev\/l\/svm-temp\/nyheter\/nattens-ovader-25-arig-brittisk-uteliggare-spolades-ut-i-havet\/#article","isPartOf":{"@id":"https:\/\/lightweb.dev\/l\/svm-temp\/nyheter\/nattens-ovader-25-arig-brittisk-uteliggare-spolades-ut-i-havet\/"},"author":{"name":"Redaktionen SvM","@id":"https:\/\/lightweb.dev\/l\/svm-temp\/#\/schema\/person\/206a3bda5b607b0c25e1749191e4d837"},"headline":"Nattens ov\u00e4der: 25-\u00e5rig brittisk uteliggare spolades ut i havet","datePublished":"2015-09-29T22:00:00+00:00","mainEntityOfPage":{"@id":"https:\/\/lightweb.dev\/l\/svm-temp\/nyheter\/nattens-ovader-25-arig-brittisk-uteliggare-spolades-ut-i-havet\/"},"wordCount":151,"commentCount":0,"publisher":{"@id":"https:\/\/lightweb.dev\/l\/svm-temp\/#organization"},"image":{"@id":"https:\/\/lightweb.dev\/l\/svm-temp\/nyheter\/nattens-ovader-25-arig-brittisk-uteliggare-spolades-ut-i-havet\/#primaryimage"},"thumbnailUrl":"https:\/\/lightweb.dev\/l\/svm-temp\/wp-content\/uploads\/2022\/06\/nattens-ovader-25arig-brittisk-uteliggare-spolades-ut-i-havet.png","articleSection":["Arkiv","Nyheter"],"inLanguage":"sv-SE"},{"@type":"WebPage","@id":"https:\/\/lightweb.dev\/l\/svm-temp\/nyheter\/nattens-ovader-25-arig-brittisk-uteliggare-spolades-ut-i-havet\/","url":"https:\/\/lightweb.dev\/l\/svm-temp\/nyheter\/nattens-ovader-25-arig-brittisk-uteliggare-spolades-ut-i-havet\/","name":"Nattens ov\u00e4der: 25-\u00e5rig brittisk uteliggare spolades ut i havet - Svenska Magasinet","isPartOf":{"@id":"https:\/\/lightweb.dev\/l\/svm-temp\/#website"},"primaryImageOfPage":{"@id":"https:\/\/lightweb.dev\/l\/svm-temp\/nyheter\/nattens-ovader-25-arig-brittisk-uteliggare-spolades-ut-i-havet\/#primaryimage"},"image":{"@id":"https:\/\/lightweb.dev\/l\/svm-temp\/nyheter\/nattens-ovader-25-arig-brittisk-uteliggare-spolades-ut-i-havet\/#primaryimage"},"thumbnailUrl":"https:\/\/lightweb.dev\/l\/svm-temp\/wp-content\/uploads\/2022\/06\/nattens-ovader-25arig-brittisk-uteliggare-spolades-ut-i-havet.png","datePublished":"2015-09-29T22:00:00+00:00","breadcrumb":{"@id":"https:\/\/lightweb.dev\/l\/svm-temp\/nyheter\/nattens-ovader-25-arig-brittisk-uteliggare-spolades-ut-i-havet\/#breadcrumb"},"inLanguage":"sv-SE","potentialAction":[{"@type":"ReadAction","target":["https:\/\/lightweb.dev\/l\/svm-temp\/nyheter\/nattens-ovader-25-arig-brittisk-uteliggare-spolades-ut-i-havet\/"]}]},{"@type":"ImageObject","inLanguage":"sv-SE","@id":"https:\/\/lightweb.dev\/l\/svm-temp\/nyheter\/nattens-ovader-25-arig-brittisk-uteliggare-spolades-ut-i-havet\/#primaryimage","url":"https:\/\/lightweb.dev\/l\/svm-temp\/wp-content\/uploads\/2022\/06\/nattens-ovader-25arig-brittisk-uteliggare-spolades-ut-i-havet.png","contentUrl":"https:\/\/lightweb.dev\/l\/svm-temp\/wp-content\/uploads\/2022\/06\/nattens-ovader-25arig-brittisk-uteliggare-spolades-ut-i-havet.png","width":280,"height":210},{"@type":"BreadcrumbList","@id":"https:\/\/lightweb.dev\/l\/svm-temp\/nyheter\/nattens-ovader-25-arig-brittisk-uteliggare-spolades-ut-i-havet\/#breadcrumb","itemListElement":[{"@type":"ListItem","position":1,"name":"Hem","item":"https:\/\/lightweb.dev\/l\/svm-temp\/"},{"@type":"ListItem","position":2,"name":"Nattens ov\u00e4der: 25-\u00e5rig brittisk uteliggare spolades ut i havet"}]},{"@type":"WebSite","@id":"https:\/\/lightweb.dev\/l\/svm-temp\/#website","url":"https:\/\/lightweb.dev\/l\/svm-temp\/","name":"Svenska Magasinet","description":"Dina Spanska nyheter p&aring; Svenska","publisher":{"@id":"https:\/\/lightweb.dev\/l\/svm-temp\/#organization"},"potentialAction":[{"@type":"SearchAction","target":{"@type":"EntryPoint","urlTemplate":"https:\/\/lightweb.dev\/l\/svm-temp\/?s={search_term_string}"},"query-input":{"@type":"PropertyValueSpecification","valueRequired":true,"valueName":"search_term_string"}}],"inLanguage":"sv-SE"},{"@type":"Organization","@id":"https:\/\/lightweb.dev\/l\/svm-temp\/#organization","name":"Melkerson y Nott SL","alternateName":"Svenska Magasinet","url":"https:\/\/lightweb.dev\/l\/svm-temp\/","logo":{"@type":"ImageObject","inLanguage":"sv-SE","@id":"https:\/\/lightweb.dev\/l\/svm-temp\/#\/schema\/logo\/image\/","url":"https:\/\/lightweb.dev\/l\/svm-temp\/wp-content\/uploads\/2025\/02\/SvM-logo-Xtra-Centrerad-SVART.png","contentUrl":"https:\/\/lightweb.dev\/l\/svm-temp\/wp-content\/uploads\/2025\/02\/SvM-logo-Xtra-Centrerad-SVART.png","width":300,"height":99,"caption":"Melkerson y Nott SL"},"image":{"@id":"https:\/\/lightweb.dev\/l\/svm-temp\/#\/schema\/logo\/image\/"},"sameAs":["https:\/\/www.facebook.com\/svenskamagasinet","https:\/\/x.com\/SvenskaMagasine"]},{"@type":"Person","@id":"https:\/\/lightweb.dev\/l\/svm-temp\/#\/schema\/person\/206a3bda5b607b0c25e1749191e4d837","name":"Redaktionen SvM","description":"Redaktionen","sameAs":["https:\/\/lightweb.dev\/l\/svm-temp"],"url":"https:\/\/lightweb.dev\/l\/svm-temp\/reporter\/redaktionen\/"}]}},"_links":{"self":[{"href":"https:\/\/lightweb.dev\/l\/svm-temp\/wp-json\/wp\/v2\/posts\/23496","targetHints":{"allow":["GET"]}}],"collection":[{"href":"https:\/\/lightweb.dev\/l\/svm-temp\/wp-json\/wp\/v2\/posts"}],"about":[{"href":"https:\/\/lightweb.dev\/l\/svm-temp\/wp-json\/wp\/v2\/types\/post"}],"author":[{"embeddable":true,"href":"https:\/\/lightweb.dev\/l\/svm-temp\/wp-json\/wp\/v2\/users\/8"}],"replies":[{"embeddable":true,"href":"https:\/\/lightweb.dev\/l\/svm-temp\/wp-json\/wp\/v2\/comments?post=23496"}],"version-history":[{"count":0,"href":"https:\/\/lightweb.dev\/l\/svm-temp\/wp-json\/wp\/v2\/posts\/23496\/revisions"}],"wp:featuredmedia":[{"embeddable":true,"href":"https:\/\/lightweb.dev\/l\/svm-temp\/wp-json\/wp\/v2\/media\/23497"}],"wp:attachment":[{"href":"https:\/\/lightweb.dev\/l\/svm-temp\/wp-json\/wp\/v2\/media?parent=23496"}],"wp:term":[{"taxonomy":"category","embeddable":true,"href":"https:\/\/lightweb.dev\/l\/svm-temp\/wp-json\/wp\/v2\/categories?post=23496"},{"taxonomy":"post_tag","embeddable":true,"href":"https:\/\/lightweb.dev\/l\/svm-temp\/wp-json\/wp\/v2\/tags?post=23496"}],"curies":[{"name":"wp","href":"https:\/\/api.w.org\/{rel}","templated":true}]}}