{"id":23502,"date":"2015-09-29T00:00:00","date_gmt":"2015-09-28T22:00:00","guid":{"rendered":"https:\/\/lightweb.dev\/l\/svm-temp\/nyheter\/allah-ar-stor-skrek-mannen-och-gav-sig-pa-rincons-skyddshelgon\/"},"modified":"2015-09-29T00:00:00","modified_gmt":"2015-09-28T22:00:00","slug":"allah-ar-stor-skrek-mannen-och-gav-sig-pa-rincons-skyddshelgon","status":"publish","type":"post","link":"https:\/\/lightweb.dev\/l\/svm-temp\/nyheter\/allah-ar-stor-skrek-mannen-och-gav-sig-pa-rincons-skyddshelgon\/","title":{"rendered":"\u201dAllah \u00e4r stor\u201d skrek mannen och gav sig p\u00e5 Rinc\u00f3ns skyddshelgon"},"content":{"rendered":"<p> En lokalpolis som f\u00f6r \u00f6gonblicket inte var i tj\u00e4nst grep en 27-\u00e5rig man fr\u00e5n Marocko efter att ha utsatt skyddshelgonet Virgen del Carmen i Rinc\u00f3n de la Victoria f\u00f6r skadeg\u00f6relse p\u00e5 m\u00e5ndagen. Det bekr\u00e4ftar kommunens s\u00e4kerhetsansvarige Sonia Jim\u00e9nez (Ahora Rinc\u00f3n) i ett pressmeddelande fr\u00e5n kommunen.<\/p>\n<p>Omfattningen av skadorna ligger p\u00e5 mellan 800 till 1.000 euro efter att mannen f\u00f6rst\u00f6rt skyddsglaset framf\u00f6r stadens helgon.<\/p>\n<p>Det var vid 11-tiden ig\u00e5r som en person observerade hur mannen med en stor sten i handen f\u00f6rs\u00f6kte krossa skyddsglaset framf\u00f6r Virgen de El Carmen och samtidigt ropade \u201dAllah \u00e4r stor\u201d. Lokalpolis och Guardia Civil larmades till platsen d\u00e4r en tj\u00e4nstledig lokalpolis h\u00f6ll fast g\u00e4rningsmannen.<\/p>\n<p>Mannen, som inte k\u00e4nd hos polisen sedan tidigare, \u00e4r i dagsl\u00e4get frihetsber\u00f6vad och kommer att st\u00e4llas inf\u00f6r r\u00e4tta f\u00f6r skadeg\u00f6relse. Religi\u00f6sa motiv ska ligga bakom skadeg\u00f6relsen uppger k\u00e4llor vid kommunen. <\/p>\n","protected":false},"excerpt":{"rendered":"<p>En lokalpolis som f\u00f6r \u00f6gonblicket inte var i tj\u00e4nst grep en 27-\u00e5rig man fr\u00e5n Marocko efter att ha utsatt skyddshelgonet Virgen del Carmen i Rinc\u00f3n de la Victoria f\u00f6r skadeg\u00f6relse p\u00e5 m\u00e5ndagen. Det bekr\u00e4ftar kommunens s\u00e4kerhetsansvarige Sonia Jim\u00e9nez (Ahora Rinc\u00f3n) i ett pressmeddelande fr\u00e5n kommunen. Omfattningen av skadorna ligger p\u00e5 mellan 800 till 1.000 euro [&hellip;]<\/p>\n","protected":false},"author":8,"featured_media":23503,"comment_status":"open","ping_status":"open","sticky":false,"template":"","format":"standard","meta":{"_et_pb_use_builder":"","_et_pb_old_content":"","_et_gb_content_width":"","footnotes":""},"categories":[395,3],"tags":[],"class_list":["post-23502","post","type-post","status-publish","format-standard","has-post-thumbnail","hentry","category-arkiv-nyheter","category-nyheter"],"yoast_head":"<!-- This site is optimized with the Yoast SEO Premium plugin v26.2 (Yoast SEO v27.4) - https:\/\/yoast.com\/product\/yoast-seo-premium-wordpress\/ -->\n<title>\u201dAllah \u00e4r stor\u201d skrek mannen och gav sig p\u00e5 Rinc\u00f3ns skyddshelgon - Svenska Magasinet<\/title>\n<meta name=\"robots\" content=\"noindex, follow, max-snippet:-1, max-image-preview:large, max-video-preview:-1\" \/>\n<meta property=\"og:locale\" content=\"sv_SE\" \/>\n<meta property=\"og:type\" content=\"article\" \/>\n<meta property=\"og:title\" content=\"\u201dAllah \u00e4r stor\u201d skrek mannen och gav sig p\u00e5 Rinc\u00f3ns skyddshelgon\" \/>\n<meta property=\"og:description\" content=\"En lokalpolis som f\u00f6r \u00f6gonblicket inte var i tj\u00e4nst grep en 27-\u00e5rig man fr\u00e5n Marocko efter att ha utsatt skyddshelgonet Virgen del Carmen i Rinc\u00f3n de la Victoria f\u00f6r skadeg\u00f6relse p\u00e5 m\u00e5ndagen. Det bekr\u00e4ftar kommunens s\u00e4kerhetsansvarige Sonia Jim\u00e9nez (Ahora Rinc\u00f3n) i ett pressmeddelande fr\u00e5n kommunen. Omfattningen av skadorna ligger p\u00e5 mellan 800 till 1.000 euro [&hellip;]\" \/>\n<meta property=\"og:url\" content=\"https:\/\/lightweb.dev\/l\/svm-temp\/nyheter\/allah-ar-stor-skrek-mannen-och-gav-sig-pa-rincons-skyddshelgon\/\" \/>\n<meta property=\"og:site_name\" content=\"Svenska Magasinet\" \/>\n<meta property=\"article:publisher\" content=\"https:\/\/www.facebook.com\/svenskamagasinet\" \/>\n<meta property=\"article:published_time\" content=\"2015-09-28T22:00:00+00:00\" \/>\n<meta property=\"og:image\" content=\"https:\/\/lightweb.dev\/l\/svm-temp\/wp-content\/uploads\/2022\/06\/allah-ar-stor-skrek-mannen-och-gav-sig-pa-rincons-skyddshelgon.png\" \/>\n\t<meta property=\"og:image:width\" content=\"280\" \/>\n\t<meta property=\"og:image:height\" content=\"210\" \/>\n\t<meta property=\"og:image:type\" content=\"image\/png\" \/>\n<meta name=\"author\" content=\"Redaktionen SvM\" \/>\n<meta name=\"twitter:card\" content=\"summary_large_image\" \/>\n<meta name=\"twitter:creator\" content=\"@SvenskaMagasine\" \/>\n<meta name=\"twitter:site\" content=\"@SvenskaMagasine\" \/>\n<script type=\"application\/ld+json\" class=\"yoast-schema-graph\">{\"@context\":\"https:\\\/\\\/schema.org\",\"@graph\":[{\"@type\":\"Article\",\"@id\":\"https:\\\/\\\/lightweb.dev\\\/l\\\/svm-temp\\\/nyheter\\\/allah-ar-stor-skrek-mannen-och-gav-sig-pa-rincons-skyddshelgon\\\/#article\",\"isPartOf\":{\"@id\":\"https:\\\/\\\/lightweb.dev\\\/l\\\/svm-temp\\\/nyheter\\\/allah-ar-stor-skrek-mannen-och-gav-sig-pa-rincons-skyddshelgon\\\/\"},\"author\":{\"name\":\"Redaktionen SvM\",\"@id\":\"https:\\\/\\\/lightweb.dev\\\/l\\\/svm-temp\\\/#\\\/schema\\\/person\\\/206a3bda5b607b0c25e1749191e4d837\"},\"headline\":\"\u201dAllah \u00e4r stor\u201d skrek mannen och gav sig p\u00e5 Rinc\u00f3ns skyddshelgon\",\"datePublished\":\"2015-09-28T22:00:00+00:00\",\"mainEntityOfPage\":{\"@id\":\"https:\\\/\\\/lightweb.dev\\\/l\\\/svm-temp\\\/nyheter\\\/allah-ar-stor-skrek-mannen-och-gav-sig-pa-rincons-skyddshelgon\\\/\"},\"wordCount\":183,\"commentCount\":0,\"publisher\":{\"@id\":\"https:\\\/\\\/lightweb.dev\\\/l\\\/svm-temp\\\/#organization\"},\"image\":{\"@id\":\"https:\\\/\\\/lightweb.dev\\\/l\\\/svm-temp\\\/nyheter\\\/allah-ar-stor-skrek-mannen-och-gav-sig-pa-rincons-skyddshelgon\\\/#primaryimage\"},\"thumbnailUrl\":\"https:\\\/\\\/lightweb.dev\\\/l\\\/svm-temp\\\/wp-content\\\/uploads\\\/2022\\\/06\\\/allah-ar-stor-skrek-mannen-och-gav-sig-pa-rincons-skyddshelgon.png\",\"articleSection\":[\"Arkiv\",\"Nyheter\"],\"inLanguage\":\"sv-SE\"},{\"@type\":\"WebPage\",\"@id\":\"https:\\\/\\\/lightweb.dev\\\/l\\\/svm-temp\\\/nyheter\\\/allah-ar-stor-skrek-mannen-och-gav-sig-pa-rincons-skyddshelgon\\\/\",\"url\":\"https:\\\/\\\/lightweb.dev\\\/l\\\/svm-temp\\\/nyheter\\\/allah-ar-stor-skrek-mannen-och-gav-sig-pa-rincons-skyddshelgon\\\/\",\"name\":\"\u201dAllah \u00e4r stor\u201d skrek mannen och gav sig p\u00e5 Rinc\u00f3ns skyddshelgon - Svenska Magasinet\",\"isPartOf\":{\"@id\":\"https:\\\/\\\/lightweb.dev\\\/l\\\/svm-temp\\\/#website\"},\"primaryImageOfPage\":{\"@id\":\"https:\\\/\\\/lightweb.dev\\\/l\\\/svm-temp\\\/nyheter\\\/allah-ar-stor-skrek-mannen-och-gav-sig-pa-rincons-skyddshelgon\\\/#primaryimage\"},\"image\":{\"@id\":\"https:\\\/\\\/lightweb.dev\\\/l\\\/svm-temp\\\/nyheter\\\/allah-ar-stor-skrek-mannen-och-gav-sig-pa-rincons-skyddshelgon\\\/#primaryimage\"},\"thumbnailUrl\":\"https:\\\/\\\/lightweb.dev\\\/l\\\/svm-temp\\\/wp-content\\\/uploads\\\/2022\\\/06\\\/allah-ar-stor-skrek-mannen-och-gav-sig-pa-rincons-skyddshelgon.png\",\"datePublished\":\"2015-09-28T22:00:00+00:00\",\"breadcrumb\":{\"@id\":\"https:\\\/\\\/lightweb.dev\\\/l\\\/svm-temp\\\/nyheter\\\/allah-ar-stor-skrek-mannen-och-gav-sig-pa-rincons-skyddshelgon\\\/#breadcrumb\"},\"inLanguage\":\"sv-SE\",\"potentialAction\":[{\"@type\":\"ReadAction\",\"target\":[\"https:\\\/\\\/lightweb.dev\\\/l\\\/svm-temp\\\/nyheter\\\/allah-ar-stor-skrek-mannen-och-gav-sig-pa-rincons-skyddshelgon\\\/\"]}]},{\"@type\":\"ImageObject\",\"inLanguage\":\"sv-SE\",\"@id\":\"https:\\\/\\\/lightweb.dev\\\/l\\\/svm-temp\\\/nyheter\\\/allah-ar-stor-skrek-mannen-och-gav-sig-pa-rincons-skyddshelgon\\\/#primaryimage\",\"url\":\"https:\\\/\\\/lightweb.dev\\\/l\\\/svm-temp\\\/wp-content\\\/uploads\\\/2022\\\/06\\\/allah-ar-stor-skrek-mannen-och-gav-sig-pa-rincons-skyddshelgon.png\",\"contentUrl\":\"https:\\\/\\\/lightweb.dev\\\/l\\\/svm-temp\\\/wp-content\\\/uploads\\\/2022\\\/06\\\/allah-ar-stor-skrek-mannen-och-gav-sig-pa-rincons-skyddshelgon.png\",\"width\":280,\"height\":210},{\"@type\":\"BreadcrumbList\",\"@id\":\"https:\\\/\\\/lightweb.dev\\\/l\\\/svm-temp\\\/nyheter\\\/allah-ar-stor-skrek-mannen-och-gav-sig-pa-rincons-skyddshelgon\\\/#breadcrumb\",\"itemListElement\":[{\"@type\":\"ListItem\",\"position\":1,\"name\":\"Hem\",\"item\":\"https:\\\/\\\/lightweb.dev\\\/l\\\/svm-temp\\\/\"},{\"@type\":\"ListItem\",\"position\":2,\"name\":\"\u201dAllah \u00e4r stor\u201d skrek mannen och gav sig p\u00e5 Rinc\u00f3ns skyddshelgon\"}]},{\"@type\":\"WebSite\",\"@id\":\"https:\\\/\\\/lightweb.dev\\\/l\\\/svm-temp\\\/#website\",\"url\":\"https:\\\/\\\/lightweb.dev\\\/l\\\/svm-temp\\\/\",\"name\":\"Svenska Magasinet\",\"description\":\"Dina Spanska nyheter p&aring; Svenska\",\"publisher\":{\"@id\":\"https:\\\/\\\/lightweb.dev\\\/l\\\/svm-temp\\\/#organization\"},\"potentialAction\":[{\"@type\":\"SearchAction\",\"target\":{\"@type\":\"EntryPoint\",\"urlTemplate\":\"https:\\\/\\\/lightweb.dev\\\/l\\\/svm-temp\\\/?s={search_term_string}\"},\"query-input\":{\"@type\":\"PropertyValueSpecification\",\"valueRequired\":true,\"valueName\":\"search_term_string\"}}],\"inLanguage\":\"sv-SE\"},{\"@type\":\"Organization\",\"@id\":\"https:\\\/\\\/lightweb.dev\\\/l\\\/svm-temp\\\/#organization\",\"name\":\"Melkerson y Nott SL\",\"alternateName\":\"Svenska Magasinet\",\"url\":\"https:\\\/\\\/lightweb.dev\\\/l\\\/svm-temp\\\/\",\"logo\":{\"@type\":\"ImageObject\",\"inLanguage\":\"sv-SE\",\"@id\":\"https:\\\/\\\/lightweb.dev\\\/l\\\/svm-temp\\\/#\\\/schema\\\/logo\\\/image\\\/\",\"url\":\"https:\\\/\\\/lightweb.dev\\\/l\\\/svm-temp\\\/wp-content\\\/uploads\\\/2025\\\/02\\\/SvM-logo-Xtra-Centrerad-SVART.png\",\"contentUrl\":\"https:\\\/\\\/lightweb.dev\\\/l\\\/svm-temp\\\/wp-content\\\/uploads\\\/2025\\\/02\\\/SvM-logo-Xtra-Centrerad-SVART.png\",\"width\":300,\"height\":99,\"caption\":\"Melkerson y Nott SL\"},\"image\":{\"@id\":\"https:\\\/\\\/lightweb.dev\\\/l\\\/svm-temp\\\/#\\\/schema\\\/logo\\\/image\\\/\"},\"sameAs\":[\"https:\\\/\\\/www.facebook.com\\\/svenskamagasinet\",\"https:\\\/\\\/x.com\\\/SvenskaMagasine\"]},{\"@type\":\"Person\",\"@id\":\"https:\\\/\\\/lightweb.dev\\\/l\\\/svm-temp\\\/#\\\/schema\\\/person\\\/206a3bda5b607b0c25e1749191e4d837\",\"name\":\"Redaktionen SvM\",\"description\":\"Redaktionen\",\"sameAs\":[\"https:\\\/\\\/lightweb.dev\\\/l\\\/svm-temp\"],\"url\":\"https:\\\/\\\/lightweb.dev\\\/l\\\/svm-temp\\\/reporter\\\/redaktionen\\\/\"}]}<\/script>\n<!-- \/ Yoast SEO Premium plugin. -->","yoast_head_json":{"title":"\u201dAllah \u00e4r stor\u201d skrek mannen och gav sig p\u00e5 Rinc\u00f3ns skyddshelgon - Svenska Magasinet","robots":{"index":"noindex","follow":"follow","max-snippet":"max-snippet:-1","max-image-preview":"max-image-preview:large","max-video-preview":"max-video-preview:-1"},"og_locale":"sv_SE","og_type":"article","og_title":"\u201dAllah \u00e4r stor\u201d skrek mannen och gav sig p\u00e5 Rinc\u00f3ns skyddshelgon","og_description":"En lokalpolis som f\u00f6r \u00f6gonblicket inte var i tj\u00e4nst grep en 27-\u00e5rig man fr\u00e5n Marocko efter att ha utsatt skyddshelgonet Virgen del Carmen i Rinc\u00f3n de la Victoria f\u00f6r skadeg\u00f6relse p\u00e5 m\u00e5ndagen. Det bekr\u00e4ftar kommunens s\u00e4kerhetsansvarige Sonia Jim\u00e9nez (Ahora Rinc\u00f3n) i ett pressmeddelande fr\u00e5n kommunen. Omfattningen av skadorna ligger p\u00e5 mellan 800 till 1.000 euro [&hellip;]","og_url":"https:\/\/lightweb.dev\/l\/svm-temp\/nyheter\/allah-ar-stor-skrek-mannen-och-gav-sig-pa-rincons-skyddshelgon\/","og_site_name":"Svenska Magasinet","article_publisher":"https:\/\/www.facebook.com\/svenskamagasinet","article_published_time":"2015-09-28T22:00:00+00:00","og_image":[{"width":280,"height":210,"url":"https:\/\/lightweb.dev\/l\/svm-temp\/wp-content\/uploads\/2022\/06\/allah-ar-stor-skrek-mannen-och-gav-sig-pa-rincons-skyddshelgon.png","type":"image\/png"}],"author":"Redaktionen SvM","twitter_card":"summary_large_image","twitter_creator":"@SvenskaMagasine","twitter_site":"@SvenskaMagasine","schema":{"@context":"https:\/\/schema.org","@graph":[{"@type":"Article","@id":"https:\/\/lightweb.dev\/l\/svm-temp\/nyheter\/allah-ar-stor-skrek-mannen-och-gav-sig-pa-rincons-skyddshelgon\/#article","isPartOf":{"@id":"https:\/\/lightweb.dev\/l\/svm-temp\/nyheter\/allah-ar-stor-skrek-mannen-och-gav-sig-pa-rincons-skyddshelgon\/"},"author":{"name":"Redaktionen SvM","@id":"https:\/\/lightweb.dev\/l\/svm-temp\/#\/schema\/person\/206a3bda5b607b0c25e1749191e4d837"},"headline":"\u201dAllah \u00e4r stor\u201d skrek mannen och gav sig p\u00e5 Rinc\u00f3ns skyddshelgon","datePublished":"2015-09-28T22:00:00+00:00","mainEntityOfPage":{"@id":"https:\/\/lightweb.dev\/l\/svm-temp\/nyheter\/allah-ar-stor-skrek-mannen-och-gav-sig-pa-rincons-skyddshelgon\/"},"wordCount":183,"commentCount":0,"publisher":{"@id":"https:\/\/lightweb.dev\/l\/svm-temp\/#organization"},"image":{"@id":"https:\/\/lightweb.dev\/l\/svm-temp\/nyheter\/allah-ar-stor-skrek-mannen-och-gav-sig-pa-rincons-skyddshelgon\/#primaryimage"},"thumbnailUrl":"https:\/\/lightweb.dev\/l\/svm-temp\/wp-content\/uploads\/2022\/06\/allah-ar-stor-skrek-mannen-och-gav-sig-pa-rincons-skyddshelgon.png","articleSection":["Arkiv","Nyheter"],"inLanguage":"sv-SE"},{"@type":"WebPage","@id":"https:\/\/lightweb.dev\/l\/svm-temp\/nyheter\/allah-ar-stor-skrek-mannen-och-gav-sig-pa-rincons-skyddshelgon\/","url":"https:\/\/lightweb.dev\/l\/svm-temp\/nyheter\/allah-ar-stor-skrek-mannen-och-gav-sig-pa-rincons-skyddshelgon\/","name":"\u201dAllah \u00e4r stor\u201d skrek mannen och gav sig p\u00e5 Rinc\u00f3ns skyddshelgon - Svenska Magasinet","isPartOf":{"@id":"https:\/\/lightweb.dev\/l\/svm-temp\/#website"},"primaryImageOfPage":{"@id":"https:\/\/lightweb.dev\/l\/svm-temp\/nyheter\/allah-ar-stor-skrek-mannen-och-gav-sig-pa-rincons-skyddshelgon\/#primaryimage"},"image":{"@id":"https:\/\/lightweb.dev\/l\/svm-temp\/nyheter\/allah-ar-stor-skrek-mannen-och-gav-sig-pa-rincons-skyddshelgon\/#primaryimage"},"thumbnailUrl":"https:\/\/lightweb.dev\/l\/svm-temp\/wp-content\/uploads\/2022\/06\/allah-ar-stor-skrek-mannen-och-gav-sig-pa-rincons-skyddshelgon.png","datePublished":"2015-09-28T22:00:00+00:00","breadcrumb":{"@id":"https:\/\/lightweb.dev\/l\/svm-temp\/nyheter\/allah-ar-stor-skrek-mannen-och-gav-sig-pa-rincons-skyddshelgon\/#breadcrumb"},"inLanguage":"sv-SE","potentialAction":[{"@type":"ReadAction","target":["https:\/\/lightweb.dev\/l\/svm-temp\/nyheter\/allah-ar-stor-skrek-mannen-och-gav-sig-pa-rincons-skyddshelgon\/"]}]},{"@type":"ImageObject","inLanguage":"sv-SE","@id":"https:\/\/lightweb.dev\/l\/svm-temp\/nyheter\/allah-ar-stor-skrek-mannen-och-gav-sig-pa-rincons-skyddshelgon\/#primaryimage","url":"https:\/\/lightweb.dev\/l\/svm-temp\/wp-content\/uploads\/2022\/06\/allah-ar-stor-skrek-mannen-och-gav-sig-pa-rincons-skyddshelgon.png","contentUrl":"https:\/\/lightweb.dev\/l\/svm-temp\/wp-content\/uploads\/2022\/06\/allah-ar-stor-skrek-mannen-och-gav-sig-pa-rincons-skyddshelgon.png","width":280,"height":210},{"@type":"BreadcrumbList","@id":"https:\/\/lightweb.dev\/l\/svm-temp\/nyheter\/allah-ar-stor-skrek-mannen-och-gav-sig-pa-rincons-skyddshelgon\/#breadcrumb","itemListElement":[{"@type":"ListItem","position":1,"name":"Hem","item":"https:\/\/lightweb.dev\/l\/svm-temp\/"},{"@type":"ListItem","position":2,"name":"\u201dAllah \u00e4r stor\u201d skrek mannen och gav sig p\u00e5 Rinc\u00f3ns skyddshelgon"}]},{"@type":"WebSite","@id":"https:\/\/lightweb.dev\/l\/svm-temp\/#website","url":"https:\/\/lightweb.dev\/l\/svm-temp\/","name":"Svenska Magasinet","description":"Dina Spanska nyheter p&aring; Svenska","publisher":{"@id":"https:\/\/lightweb.dev\/l\/svm-temp\/#organization"},"potentialAction":[{"@type":"SearchAction","target":{"@type":"EntryPoint","urlTemplate":"https:\/\/lightweb.dev\/l\/svm-temp\/?s={search_term_string}"},"query-input":{"@type":"PropertyValueSpecification","valueRequired":true,"valueName":"search_term_string"}}],"inLanguage":"sv-SE"},{"@type":"Organization","@id":"https:\/\/lightweb.dev\/l\/svm-temp\/#organization","name":"Melkerson y Nott SL","alternateName":"Svenska Magasinet","url":"https:\/\/lightweb.dev\/l\/svm-temp\/","logo":{"@type":"ImageObject","inLanguage":"sv-SE","@id":"https:\/\/lightweb.dev\/l\/svm-temp\/#\/schema\/logo\/image\/","url":"https:\/\/lightweb.dev\/l\/svm-temp\/wp-content\/uploads\/2025\/02\/SvM-logo-Xtra-Centrerad-SVART.png","contentUrl":"https:\/\/lightweb.dev\/l\/svm-temp\/wp-content\/uploads\/2025\/02\/SvM-logo-Xtra-Centrerad-SVART.png","width":300,"height":99,"caption":"Melkerson y Nott SL"},"image":{"@id":"https:\/\/lightweb.dev\/l\/svm-temp\/#\/schema\/logo\/image\/"},"sameAs":["https:\/\/www.facebook.com\/svenskamagasinet","https:\/\/x.com\/SvenskaMagasine"]},{"@type":"Person","@id":"https:\/\/lightweb.dev\/l\/svm-temp\/#\/schema\/person\/206a3bda5b607b0c25e1749191e4d837","name":"Redaktionen SvM","description":"Redaktionen","sameAs":["https:\/\/lightweb.dev\/l\/svm-temp"],"url":"https:\/\/lightweb.dev\/l\/svm-temp\/reporter\/redaktionen\/"}]}},"_links":{"self":[{"href":"https:\/\/lightweb.dev\/l\/svm-temp\/wp-json\/wp\/v2\/posts\/23502","targetHints":{"allow":["GET"]}}],"collection":[{"href":"https:\/\/lightweb.dev\/l\/svm-temp\/wp-json\/wp\/v2\/posts"}],"about":[{"href":"https:\/\/lightweb.dev\/l\/svm-temp\/wp-json\/wp\/v2\/types\/post"}],"author":[{"embeddable":true,"href":"https:\/\/lightweb.dev\/l\/svm-temp\/wp-json\/wp\/v2\/users\/8"}],"replies":[{"embeddable":true,"href":"https:\/\/lightweb.dev\/l\/svm-temp\/wp-json\/wp\/v2\/comments?post=23502"}],"version-history":[{"count":0,"href":"https:\/\/lightweb.dev\/l\/svm-temp\/wp-json\/wp\/v2\/posts\/23502\/revisions"}],"wp:featuredmedia":[{"embeddable":true,"href":"https:\/\/lightweb.dev\/l\/svm-temp\/wp-json\/wp\/v2\/media\/23503"}],"wp:attachment":[{"href":"https:\/\/lightweb.dev\/l\/svm-temp\/wp-json\/wp\/v2\/media?parent=23502"}],"wp:term":[{"taxonomy":"category","embeddable":true,"href":"https:\/\/lightweb.dev\/l\/svm-temp\/wp-json\/wp\/v2\/categories?post=23502"},{"taxonomy":"post_tag","embeddable":true,"href":"https:\/\/lightweb.dev\/l\/svm-temp\/wp-json\/wp\/v2\/tags?post=23502"}],"curies":[{"name":"wp","href":"https:\/\/api.w.org\/{rel}","templated":true}]}}