{"id":23512,"date":"2015-09-28T00:00:00","date_gmt":"2015-09-27T22:00:00","guid":{"rendered":"https:\/\/lightweb.dev\/l\/svm-temp\/nyheter\/avrattningen-i-mijas-costa-kopplas-till-irlandska-maffian\/"},"modified":"2015-09-28T00:00:00","modified_gmt":"2015-09-27T22:00:00","slug":"avrattningen-i-mijas-costa-kopplas-till-irlandska-maffian","status":"publish","type":"post","link":"https:\/\/lightweb.dev\/l\/svm-temp\/nyheter\/avrattningen-i-mijas-costa-kopplas-till-irlandska-maffian\/","title":{"rendered":"Avr\u00e4ttningen i Mijas Costa kopplas till irl\u00e4ndska maffian"},"content":{"rendered":"<p> Den 34-\u00e5rige irl\u00e4ndaren Gary Hutch som blev jagad av en pistolman och sk\u00f6ts till d\u00f6ds vid ett poolomr\u00e5de i Mijas Costa i torsdags hade kopplingar till den \u00f6k\u00e4nda irl\u00e4ndska klanen Kinahan.<\/p>\n<p>Hutch beskrivs som en \u201dslagsk\u00e4mpe\u201d f\u00f6r Kinahan och \u00e4r det senaste offret inom den organiserade brottsligheten p\u00e5 Costa del Sol. Mannen har ett omfattande kriminellt f\u00f6rflutet och \u00e4r k\u00e4nd hos spansk polis sedan tidigare skriver den spanska dagstidningen ABC.<\/p>\n<p>Troligtvis var det en utskickad \u201dtorped\u201d som skulle avsluta Gary Hutch liv. Tillv\u00e4gag\u00e5ngss\u00e4ttet med att jaga sitt offer och inte tveka att fullf\u00f6lja uppdraget f\u00f6rr\u00e4n mannen l\u00e5g d\u00f6d, skjuten med flera skott, visar att det var tal om en avr\u00e4ttning enligt k\u00e4llor som tidningen har talat med.<\/p>\n<p>Hutch d\u00f6mdes tidigare f\u00f6r att ha medverkat vid en misshandel av en aff\u00e4rsman fr\u00e5n Dublin. Hutch skottskadades i Estepona vid en uppg\u00f6relse d\u00e4r hans v\u00e4n Paddy Doyle d\u00f6dades.<\/p>\n<p>Redan ifjol skulle Hutch ha blivit skjuten till d\u00f6ds men g\u00e4rningsmannen tog fel p\u00e5 person och i st\u00e4llet sk\u00f6ts den brittiske ex-boxaren Jamie Moore med tv\u00e5 skott i Estepona.<\/p>\n<p>Gary Hutch var expert p\u00e5 sj\u00e4lvf\u00f6rsvar och ingick i klanen Christopher Kinahan som beskrivs som Irlands Gudfader. <\/p>\n","protected":false},"excerpt":{"rendered":"<p>Den 34-\u00e5rige irl\u00e4ndaren Gary Hutch som blev jagad av en pistolman och sk\u00f6ts till d\u00f6ds vid ett poolomr\u00e5de i Mijas Costa i torsdags hade kopplingar till den \u00f6k\u00e4nda irl\u00e4ndska klanen Kinahan. Hutch beskrivs som en \u201dslagsk\u00e4mpe\u201d f\u00f6r Kinahan och \u00e4r det senaste offret inom den organiserade brottsligheten p\u00e5 Costa del Sol. Mannen har ett omfattande [&hellip;]<\/p>\n","protected":false},"author":8,"featured_media":23513,"comment_status":"open","ping_status":"open","sticky":false,"template":"","format":"standard","meta":{"_et_pb_use_builder":"","_et_pb_old_content":"","_et_gb_content_width":"","footnotes":""},"categories":[395,3],"tags":[],"class_list":["post-23512","post","type-post","status-publish","format-standard","has-post-thumbnail","hentry","category-arkiv-nyheter","category-nyheter"],"yoast_head":"<!-- This site is optimized with the Yoast SEO Premium plugin v26.2 (Yoast SEO v27.4) - https:\/\/yoast.com\/product\/yoast-seo-premium-wordpress\/ -->\n<title>Avr\u00e4ttningen i Mijas Costa kopplas till irl\u00e4ndska maffian - Svenska Magasinet<\/title>\n<meta name=\"robots\" content=\"noindex, follow, max-snippet:-1, max-image-preview:large, max-video-preview:-1\" \/>\n<meta property=\"og:locale\" content=\"sv_SE\" \/>\n<meta property=\"og:type\" content=\"article\" \/>\n<meta property=\"og:title\" content=\"Avr\u00e4ttningen i Mijas Costa kopplas till irl\u00e4ndska maffian\" \/>\n<meta property=\"og:description\" content=\"Den 34-\u00e5rige irl\u00e4ndaren Gary Hutch som blev jagad av en pistolman och sk\u00f6ts till d\u00f6ds vid ett poolomr\u00e5de i Mijas Costa i torsdags hade kopplingar till den \u00f6k\u00e4nda irl\u00e4ndska klanen Kinahan. Hutch beskrivs som en \u201dslagsk\u00e4mpe\u201d f\u00f6r Kinahan och \u00e4r det senaste offret inom den organiserade brottsligheten p\u00e5 Costa del Sol. Mannen har ett omfattande [&hellip;]\" \/>\n<meta property=\"og:url\" content=\"https:\/\/lightweb.dev\/l\/svm-temp\/nyheter\/avrattningen-i-mijas-costa-kopplas-till-irlandska-maffian\/\" \/>\n<meta property=\"og:site_name\" content=\"Svenska Magasinet\" \/>\n<meta property=\"article:publisher\" content=\"https:\/\/www.facebook.com\/svenskamagasinet\" \/>\n<meta property=\"article:published_time\" content=\"2015-09-27T22:00:00+00:00\" \/>\n<meta property=\"og:image\" content=\"https:\/\/lightweb.dev\/l\/svm-temp\/wp-content\/uploads\/2022\/06\/avrattningen-i-mijas-costa-kopplas-till-irlandska-maffian.png\" \/>\n\t<meta property=\"og:image:width\" content=\"299\" \/>\n\t<meta property=\"og:image:height\" content=\"200\" \/>\n\t<meta property=\"og:image:type\" content=\"image\/png\" \/>\n<meta name=\"author\" content=\"Redaktionen SvM\" \/>\n<meta name=\"twitter:card\" content=\"summary_large_image\" \/>\n<meta name=\"twitter:creator\" content=\"@SvenskaMagasine\" \/>\n<meta name=\"twitter:site\" content=\"@SvenskaMagasine\" \/>\n<script type=\"application\/ld+json\" class=\"yoast-schema-graph\">{\"@context\":\"https:\\\/\\\/schema.org\",\"@graph\":[{\"@type\":\"Article\",\"@id\":\"https:\\\/\\\/lightweb.dev\\\/l\\\/svm-temp\\\/nyheter\\\/avrattningen-i-mijas-costa-kopplas-till-irlandska-maffian\\\/#article\",\"isPartOf\":{\"@id\":\"https:\\\/\\\/lightweb.dev\\\/l\\\/svm-temp\\\/nyheter\\\/avrattningen-i-mijas-costa-kopplas-till-irlandska-maffian\\\/\"},\"author\":{\"name\":\"Redaktionen SvM\",\"@id\":\"https:\\\/\\\/lightweb.dev\\\/l\\\/svm-temp\\\/#\\\/schema\\\/person\\\/206a3bda5b607b0c25e1749191e4d837\"},\"headline\":\"Avr\u00e4ttningen i Mijas Costa kopplas till irl\u00e4ndska maffian\",\"datePublished\":\"2015-09-27T22:00:00+00:00\",\"mainEntityOfPage\":{\"@id\":\"https:\\\/\\\/lightweb.dev\\\/l\\\/svm-temp\\\/nyheter\\\/avrattningen-i-mijas-costa-kopplas-till-irlandska-maffian\\\/\"},\"wordCount\":236,\"commentCount\":0,\"publisher\":{\"@id\":\"https:\\\/\\\/lightweb.dev\\\/l\\\/svm-temp\\\/#organization\"},\"image\":{\"@id\":\"https:\\\/\\\/lightweb.dev\\\/l\\\/svm-temp\\\/nyheter\\\/avrattningen-i-mijas-costa-kopplas-till-irlandska-maffian\\\/#primaryimage\"},\"thumbnailUrl\":\"https:\\\/\\\/lightweb.dev\\\/l\\\/svm-temp\\\/wp-content\\\/uploads\\\/2022\\\/06\\\/avrattningen-i-mijas-costa-kopplas-till-irlandska-maffian.png\",\"articleSection\":[\"Arkiv\",\"Nyheter\"],\"inLanguage\":\"sv-SE\"},{\"@type\":\"WebPage\",\"@id\":\"https:\\\/\\\/lightweb.dev\\\/l\\\/svm-temp\\\/nyheter\\\/avrattningen-i-mijas-costa-kopplas-till-irlandska-maffian\\\/\",\"url\":\"https:\\\/\\\/lightweb.dev\\\/l\\\/svm-temp\\\/nyheter\\\/avrattningen-i-mijas-costa-kopplas-till-irlandska-maffian\\\/\",\"name\":\"Avr\u00e4ttningen i Mijas Costa kopplas till irl\u00e4ndska maffian - Svenska Magasinet\",\"isPartOf\":{\"@id\":\"https:\\\/\\\/lightweb.dev\\\/l\\\/svm-temp\\\/#website\"},\"primaryImageOfPage\":{\"@id\":\"https:\\\/\\\/lightweb.dev\\\/l\\\/svm-temp\\\/nyheter\\\/avrattningen-i-mijas-costa-kopplas-till-irlandska-maffian\\\/#primaryimage\"},\"image\":{\"@id\":\"https:\\\/\\\/lightweb.dev\\\/l\\\/svm-temp\\\/nyheter\\\/avrattningen-i-mijas-costa-kopplas-till-irlandska-maffian\\\/#primaryimage\"},\"thumbnailUrl\":\"https:\\\/\\\/lightweb.dev\\\/l\\\/svm-temp\\\/wp-content\\\/uploads\\\/2022\\\/06\\\/avrattningen-i-mijas-costa-kopplas-till-irlandska-maffian.png\",\"datePublished\":\"2015-09-27T22:00:00+00:00\",\"breadcrumb\":{\"@id\":\"https:\\\/\\\/lightweb.dev\\\/l\\\/svm-temp\\\/nyheter\\\/avrattningen-i-mijas-costa-kopplas-till-irlandska-maffian\\\/#breadcrumb\"},\"inLanguage\":\"sv-SE\",\"potentialAction\":[{\"@type\":\"ReadAction\",\"target\":[\"https:\\\/\\\/lightweb.dev\\\/l\\\/svm-temp\\\/nyheter\\\/avrattningen-i-mijas-costa-kopplas-till-irlandska-maffian\\\/\"]}]},{\"@type\":\"ImageObject\",\"inLanguage\":\"sv-SE\",\"@id\":\"https:\\\/\\\/lightweb.dev\\\/l\\\/svm-temp\\\/nyheter\\\/avrattningen-i-mijas-costa-kopplas-till-irlandska-maffian\\\/#primaryimage\",\"url\":\"https:\\\/\\\/lightweb.dev\\\/l\\\/svm-temp\\\/wp-content\\\/uploads\\\/2022\\\/06\\\/avrattningen-i-mijas-costa-kopplas-till-irlandska-maffian.png\",\"contentUrl\":\"https:\\\/\\\/lightweb.dev\\\/l\\\/svm-temp\\\/wp-content\\\/uploads\\\/2022\\\/06\\\/avrattningen-i-mijas-costa-kopplas-till-irlandska-maffian.png\",\"width\":299,\"height\":200},{\"@type\":\"BreadcrumbList\",\"@id\":\"https:\\\/\\\/lightweb.dev\\\/l\\\/svm-temp\\\/nyheter\\\/avrattningen-i-mijas-costa-kopplas-till-irlandska-maffian\\\/#breadcrumb\",\"itemListElement\":[{\"@type\":\"ListItem\",\"position\":1,\"name\":\"Hem\",\"item\":\"https:\\\/\\\/lightweb.dev\\\/l\\\/svm-temp\\\/\"},{\"@type\":\"ListItem\",\"position\":2,\"name\":\"Avr\u00e4ttningen i Mijas Costa kopplas till irl\u00e4ndska maffian\"}]},{\"@type\":\"WebSite\",\"@id\":\"https:\\\/\\\/lightweb.dev\\\/l\\\/svm-temp\\\/#website\",\"url\":\"https:\\\/\\\/lightweb.dev\\\/l\\\/svm-temp\\\/\",\"name\":\"Svenska Magasinet\",\"description\":\"Dina Spanska nyheter p&aring; Svenska\",\"publisher\":{\"@id\":\"https:\\\/\\\/lightweb.dev\\\/l\\\/svm-temp\\\/#organization\"},\"potentialAction\":[{\"@type\":\"SearchAction\",\"target\":{\"@type\":\"EntryPoint\",\"urlTemplate\":\"https:\\\/\\\/lightweb.dev\\\/l\\\/svm-temp\\\/?s={search_term_string}\"},\"query-input\":{\"@type\":\"PropertyValueSpecification\",\"valueRequired\":true,\"valueName\":\"search_term_string\"}}],\"inLanguage\":\"sv-SE\"},{\"@type\":\"Organization\",\"@id\":\"https:\\\/\\\/lightweb.dev\\\/l\\\/svm-temp\\\/#organization\",\"name\":\"Melkerson y Nott SL\",\"alternateName\":\"Svenska Magasinet\",\"url\":\"https:\\\/\\\/lightweb.dev\\\/l\\\/svm-temp\\\/\",\"logo\":{\"@type\":\"ImageObject\",\"inLanguage\":\"sv-SE\",\"@id\":\"https:\\\/\\\/lightweb.dev\\\/l\\\/svm-temp\\\/#\\\/schema\\\/logo\\\/image\\\/\",\"url\":\"https:\\\/\\\/lightweb.dev\\\/l\\\/svm-temp\\\/wp-content\\\/uploads\\\/2025\\\/02\\\/SvM-logo-Xtra-Centrerad-SVART.png\",\"contentUrl\":\"https:\\\/\\\/lightweb.dev\\\/l\\\/svm-temp\\\/wp-content\\\/uploads\\\/2025\\\/02\\\/SvM-logo-Xtra-Centrerad-SVART.png\",\"width\":300,\"height\":99,\"caption\":\"Melkerson y Nott SL\"},\"image\":{\"@id\":\"https:\\\/\\\/lightweb.dev\\\/l\\\/svm-temp\\\/#\\\/schema\\\/logo\\\/image\\\/\"},\"sameAs\":[\"https:\\\/\\\/www.facebook.com\\\/svenskamagasinet\",\"https:\\\/\\\/x.com\\\/SvenskaMagasine\"]},{\"@type\":\"Person\",\"@id\":\"https:\\\/\\\/lightweb.dev\\\/l\\\/svm-temp\\\/#\\\/schema\\\/person\\\/206a3bda5b607b0c25e1749191e4d837\",\"name\":\"Redaktionen SvM\",\"description\":\"Redaktionen\",\"sameAs\":[\"https:\\\/\\\/lightweb.dev\\\/l\\\/svm-temp\"],\"url\":\"https:\\\/\\\/lightweb.dev\\\/l\\\/svm-temp\\\/reporter\\\/redaktionen\\\/\"}]}<\/script>\n<!-- \/ Yoast SEO Premium plugin. -->","yoast_head_json":{"title":"Avr\u00e4ttningen i Mijas Costa kopplas till irl\u00e4ndska maffian - Svenska Magasinet","robots":{"index":"noindex","follow":"follow","max-snippet":"max-snippet:-1","max-image-preview":"max-image-preview:large","max-video-preview":"max-video-preview:-1"},"og_locale":"sv_SE","og_type":"article","og_title":"Avr\u00e4ttningen i Mijas Costa kopplas till irl\u00e4ndska maffian","og_description":"Den 34-\u00e5rige irl\u00e4ndaren Gary Hutch som blev jagad av en pistolman och sk\u00f6ts till d\u00f6ds vid ett poolomr\u00e5de i Mijas Costa i torsdags hade kopplingar till den \u00f6k\u00e4nda irl\u00e4ndska klanen Kinahan. Hutch beskrivs som en \u201dslagsk\u00e4mpe\u201d f\u00f6r Kinahan och \u00e4r det senaste offret inom den organiserade brottsligheten p\u00e5 Costa del Sol. Mannen har ett omfattande [&hellip;]","og_url":"https:\/\/lightweb.dev\/l\/svm-temp\/nyheter\/avrattningen-i-mijas-costa-kopplas-till-irlandska-maffian\/","og_site_name":"Svenska Magasinet","article_publisher":"https:\/\/www.facebook.com\/svenskamagasinet","article_published_time":"2015-09-27T22:00:00+00:00","og_image":[{"width":299,"height":200,"url":"https:\/\/lightweb.dev\/l\/svm-temp\/wp-content\/uploads\/2022\/06\/avrattningen-i-mijas-costa-kopplas-till-irlandska-maffian.png","type":"image\/png"}],"author":"Redaktionen SvM","twitter_card":"summary_large_image","twitter_creator":"@SvenskaMagasine","twitter_site":"@SvenskaMagasine","schema":{"@context":"https:\/\/schema.org","@graph":[{"@type":"Article","@id":"https:\/\/lightweb.dev\/l\/svm-temp\/nyheter\/avrattningen-i-mijas-costa-kopplas-till-irlandska-maffian\/#article","isPartOf":{"@id":"https:\/\/lightweb.dev\/l\/svm-temp\/nyheter\/avrattningen-i-mijas-costa-kopplas-till-irlandska-maffian\/"},"author":{"name":"Redaktionen SvM","@id":"https:\/\/lightweb.dev\/l\/svm-temp\/#\/schema\/person\/206a3bda5b607b0c25e1749191e4d837"},"headline":"Avr\u00e4ttningen i Mijas Costa kopplas till irl\u00e4ndska maffian","datePublished":"2015-09-27T22:00:00+00:00","mainEntityOfPage":{"@id":"https:\/\/lightweb.dev\/l\/svm-temp\/nyheter\/avrattningen-i-mijas-costa-kopplas-till-irlandska-maffian\/"},"wordCount":236,"commentCount":0,"publisher":{"@id":"https:\/\/lightweb.dev\/l\/svm-temp\/#organization"},"image":{"@id":"https:\/\/lightweb.dev\/l\/svm-temp\/nyheter\/avrattningen-i-mijas-costa-kopplas-till-irlandska-maffian\/#primaryimage"},"thumbnailUrl":"https:\/\/lightweb.dev\/l\/svm-temp\/wp-content\/uploads\/2022\/06\/avrattningen-i-mijas-costa-kopplas-till-irlandska-maffian.png","articleSection":["Arkiv","Nyheter"],"inLanguage":"sv-SE"},{"@type":"WebPage","@id":"https:\/\/lightweb.dev\/l\/svm-temp\/nyheter\/avrattningen-i-mijas-costa-kopplas-till-irlandska-maffian\/","url":"https:\/\/lightweb.dev\/l\/svm-temp\/nyheter\/avrattningen-i-mijas-costa-kopplas-till-irlandska-maffian\/","name":"Avr\u00e4ttningen i Mijas Costa kopplas till irl\u00e4ndska maffian - Svenska Magasinet","isPartOf":{"@id":"https:\/\/lightweb.dev\/l\/svm-temp\/#website"},"primaryImageOfPage":{"@id":"https:\/\/lightweb.dev\/l\/svm-temp\/nyheter\/avrattningen-i-mijas-costa-kopplas-till-irlandska-maffian\/#primaryimage"},"image":{"@id":"https:\/\/lightweb.dev\/l\/svm-temp\/nyheter\/avrattningen-i-mijas-costa-kopplas-till-irlandska-maffian\/#primaryimage"},"thumbnailUrl":"https:\/\/lightweb.dev\/l\/svm-temp\/wp-content\/uploads\/2022\/06\/avrattningen-i-mijas-costa-kopplas-till-irlandska-maffian.png","datePublished":"2015-09-27T22:00:00+00:00","breadcrumb":{"@id":"https:\/\/lightweb.dev\/l\/svm-temp\/nyheter\/avrattningen-i-mijas-costa-kopplas-till-irlandska-maffian\/#breadcrumb"},"inLanguage":"sv-SE","potentialAction":[{"@type":"ReadAction","target":["https:\/\/lightweb.dev\/l\/svm-temp\/nyheter\/avrattningen-i-mijas-costa-kopplas-till-irlandska-maffian\/"]}]},{"@type":"ImageObject","inLanguage":"sv-SE","@id":"https:\/\/lightweb.dev\/l\/svm-temp\/nyheter\/avrattningen-i-mijas-costa-kopplas-till-irlandska-maffian\/#primaryimage","url":"https:\/\/lightweb.dev\/l\/svm-temp\/wp-content\/uploads\/2022\/06\/avrattningen-i-mijas-costa-kopplas-till-irlandska-maffian.png","contentUrl":"https:\/\/lightweb.dev\/l\/svm-temp\/wp-content\/uploads\/2022\/06\/avrattningen-i-mijas-costa-kopplas-till-irlandska-maffian.png","width":299,"height":200},{"@type":"BreadcrumbList","@id":"https:\/\/lightweb.dev\/l\/svm-temp\/nyheter\/avrattningen-i-mijas-costa-kopplas-till-irlandska-maffian\/#breadcrumb","itemListElement":[{"@type":"ListItem","position":1,"name":"Hem","item":"https:\/\/lightweb.dev\/l\/svm-temp\/"},{"@type":"ListItem","position":2,"name":"Avr\u00e4ttningen i Mijas Costa kopplas till irl\u00e4ndska maffian"}]},{"@type":"WebSite","@id":"https:\/\/lightweb.dev\/l\/svm-temp\/#website","url":"https:\/\/lightweb.dev\/l\/svm-temp\/","name":"Svenska Magasinet","description":"Dina Spanska nyheter p&aring; Svenska","publisher":{"@id":"https:\/\/lightweb.dev\/l\/svm-temp\/#organization"},"potentialAction":[{"@type":"SearchAction","target":{"@type":"EntryPoint","urlTemplate":"https:\/\/lightweb.dev\/l\/svm-temp\/?s={search_term_string}"},"query-input":{"@type":"PropertyValueSpecification","valueRequired":true,"valueName":"search_term_string"}}],"inLanguage":"sv-SE"},{"@type":"Organization","@id":"https:\/\/lightweb.dev\/l\/svm-temp\/#organization","name":"Melkerson y Nott SL","alternateName":"Svenska Magasinet","url":"https:\/\/lightweb.dev\/l\/svm-temp\/","logo":{"@type":"ImageObject","inLanguage":"sv-SE","@id":"https:\/\/lightweb.dev\/l\/svm-temp\/#\/schema\/logo\/image\/","url":"https:\/\/lightweb.dev\/l\/svm-temp\/wp-content\/uploads\/2025\/02\/SvM-logo-Xtra-Centrerad-SVART.png","contentUrl":"https:\/\/lightweb.dev\/l\/svm-temp\/wp-content\/uploads\/2025\/02\/SvM-logo-Xtra-Centrerad-SVART.png","width":300,"height":99,"caption":"Melkerson y Nott SL"},"image":{"@id":"https:\/\/lightweb.dev\/l\/svm-temp\/#\/schema\/logo\/image\/"},"sameAs":["https:\/\/www.facebook.com\/svenskamagasinet","https:\/\/x.com\/SvenskaMagasine"]},{"@type":"Person","@id":"https:\/\/lightweb.dev\/l\/svm-temp\/#\/schema\/person\/206a3bda5b607b0c25e1749191e4d837","name":"Redaktionen SvM","description":"Redaktionen","sameAs":["https:\/\/lightweb.dev\/l\/svm-temp"],"url":"https:\/\/lightweb.dev\/l\/svm-temp\/reporter\/redaktionen\/"}]}},"_links":{"self":[{"href":"https:\/\/lightweb.dev\/l\/svm-temp\/wp-json\/wp\/v2\/posts\/23512","targetHints":{"allow":["GET"]}}],"collection":[{"href":"https:\/\/lightweb.dev\/l\/svm-temp\/wp-json\/wp\/v2\/posts"}],"about":[{"href":"https:\/\/lightweb.dev\/l\/svm-temp\/wp-json\/wp\/v2\/types\/post"}],"author":[{"embeddable":true,"href":"https:\/\/lightweb.dev\/l\/svm-temp\/wp-json\/wp\/v2\/users\/8"}],"replies":[{"embeddable":true,"href":"https:\/\/lightweb.dev\/l\/svm-temp\/wp-json\/wp\/v2\/comments?post=23512"}],"version-history":[{"count":0,"href":"https:\/\/lightweb.dev\/l\/svm-temp\/wp-json\/wp\/v2\/posts\/23512\/revisions"}],"wp:featuredmedia":[{"embeddable":true,"href":"https:\/\/lightweb.dev\/l\/svm-temp\/wp-json\/wp\/v2\/media\/23513"}],"wp:attachment":[{"href":"https:\/\/lightweb.dev\/l\/svm-temp\/wp-json\/wp\/v2\/media?parent=23512"}],"wp:term":[{"taxonomy":"category","embeddable":true,"href":"https:\/\/lightweb.dev\/l\/svm-temp\/wp-json\/wp\/v2\/categories?post=23512"},{"taxonomy":"post_tag","embeddable":true,"href":"https:\/\/lightweb.dev\/l\/svm-temp\/wp-json\/wp\/v2\/tags?post=23512"}],"curies":[{"name":"wp","href":"https:\/\/api.w.org\/{rel}","templated":true}]}}