{"id":23518,"date":"2015-09-28T00:00:00","date_gmt":"2015-09-27T22:00:00","guid":{"rendered":"https:\/\/lightweb.dev\/l\/svm-temp\/nyheter\/sexkoparna-allt-yngre-regeringen-vill-stoppa-sexreklam\/"},"modified":"2015-09-28T00:00:00","modified_gmt":"2015-09-27T22:00:00","slug":"sexkoparna-allt-yngre-regeringen-vill-stoppa-sexreklam","status":"publish","type":"post","link":"https:\/\/lightweb.dev\/l\/svm-temp\/nyheter\/sexkoparna-allt-yngre-regeringen-vill-stoppa-sexreklam\/","title":{"rendered":"Sexk\u00f6parna allt yngre \u2013 regeringen vill stoppa sexreklam"},"content":{"rendered":"<p> Det handlar om en verksamhet som oms\u00e4tter uppskattningsvis 3.700 miljoner euro om \u00e5ret. Under fjol\u00e5ret visade en unders\u00f6kning att upp emot 14.000 kvinnor riskerar att hamna i det som beskrivs m\u00e4nniskohandel.<\/p>\n<p>I f\u00f6rra veckan diskuterade ministerr\u00e5det den stora utmaningen m\u00e4nniskohandel som tycks breda ut sig. Spaniens regering har sj\u00f6satt en plan d\u00e4r det satsas 104 miljoner euro f\u00f6r att v\u00e4nda trenden med allt fler yngre sexk\u00f6pare.<\/p>\n<p>\u201dKundkretsen\u201d har kommit att best\u00e5 av allt fler i \u00e5ldern 19 eller 20 \u00e5r. En polis som ansvarar f\u00f6r bek\u00e4mpning av m\u00e4nniskohandel i Spanien beskriver den genomsnittliga \u00e5ldern f\u00f6r sexk\u00f6p som \u201dskandal\u00f6s\u201d.<\/p>\n<p>Den nya handlingsplanen mot m\u00e4nniskohandel inneh\u00e5ller 143 punkter som ska motverka att allt fler kvinnor blir offer. Samtidigt f\u00e5r hj\u00e4lpf\u00f6reningar som arbetar vid gr\u00e4nsen till de spanska enklaverna Melillas och Ceuta ekonomisk hj\u00e4lp f\u00f6r att hj\u00e4lpa kvinnor som smugglas in i Spanien.<\/p>\n<p>Den spanska h\u00f6gerregeringen vill stoppa sexreklam och kommer att ta upp fr\u00e5gan med kommuner och medief\u00f6retag. Regeringen vill \u00e4ven stoppa utdelningen av reklamblad i brevl\u00e5dor och p\u00e5 fordon samtidigt som man uppmuntrar medierna att inf\u00f6ra sj\u00e4lvsanering p\u00e5 annonssidorna. <\/p>\n","protected":false},"excerpt":{"rendered":"<p>Det handlar om en verksamhet som oms\u00e4tter uppskattningsvis 3.700 miljoner euro om \u00e5ret. Under fjol\u00e5ret visade en unders\u00f6kning att upp emot 14.000 kvinnor riskerar att hamna i det som beskrivs m\u00e4nniskohandel. I f\u00f6rra veckan diskuterade ministerr\u00e5det den stora utmaningen m\u00e4nniskohandel som tycks breda ut sig. Spaniens regering har sj\u00f6satt en plan d\u00e4r det satsas 104 [&hellip;]<\/p>\n","protected":false},"author":8,"featured_media":23519,"comment_status":"open","ping_status":"open","sticky":false,"template":"","format":"standard","meta":{"_et_pb_use_builder":"","_et_pb_old_content":"","_et_gb_content_width":"","footnotes":""},"categories":[395,3],"tags":[],"class_list":["post-23518","post","type-post","status-publish","format-standard","has-post-thumbnail","hentry","category-arkiv-nyheter","category-nyheter"],"yoast_head":"<!-- This site is optimized with the Yoast SEO Premium plugin v26.2 (Yoast SEO v27.4) - https:\/\/yoast.com\/product\/yoast-seo-premium-wordpress\/ -->\n<title>Sexk\u00f6parna allt yngre \u2013 regeringen vill stoppa sexreklam - Svenska Magasinet<\/title>\n<meta name=\"robots\" content=\"noindex, follow, max-snippet:-1, max-image-preview:large, max-video-preview:-1\" \/>\n<meta property=\"og:locale\" content=\"sv_SE\" \/>\n<meta property=\"og:type\" content=\"article\" \/>\n<meta property=\"og:title\" content=\"Sexk\u00f6parna allt yngre \u2013 regeringen vill stoppa sexreklam\" \/>\n<meta property=\"og:description\" content=\"Det handlar om en verksamhet som oms\u00e4tter uppskattningsvis 3.700 miljoner euro om \u00e5ret. Under fjol\u00e5ret visade en unders\u00f6kning att upp emot 14.000 kvinnor riskerar att hamna i det som beskrivs m\u00e4nniskohandel. I f\u00f6rra veckan diskuterade ministerr\u00e5det den stora utmaningen m\u00e4nniskohandel som tycks breda ut sig. Spaniens regering har sj\u00f6satt en plan d\u00e4r det satsas 104 [&hellip;]\" \/>\n<meta property=\"og:url\" content=\"https:\/\/lightweb.dev\/l\/svm-temp\/nyheter\/sexkoparna-allt-yngre-regeringen-vill-stoppa-sexreklam\/\" \/>\n<meta property=\"og:site_name\" content=\"Svenska Magasinet\" \/>\n<meta property=\"article:publisher\" content=\"https:\/\/www.facebook.com\/svenskamagasinet\" \/>\n<meta property=\"article:published_time\" content=\"2015-09-27T22:00:00+00:00\" \/>\n<meta property=\"og:image\" content=\"https:\/\/lightweb.dev\/l\/svm-temp\/wp-content\/uploads\/2022\/06\/sexkoparna-allt-yngre-regeringen-vill-stoppa-sexreklam.png\" \/>\n\t<meta property=\"og:image:width\" content=\"299\" \/>\n\t<meta property=\"og:image:height\" content=\"200\" \/>\n\t<meta property=\"og:image:type\" content=\"image\/png\" \/>\n<meta name=\"author\" content=\"Redaktionen SvM\" \/>\n<meta name=\"twitter:card\" content=\"summary_large_image\" \/>\n<meta name=\"twitter:creator\" content=\"@SvenskaMagasine\" \/>\n<meta name=\"twitter:site\" content=\"@SvenskaMagasine\" \/>\n<script type=\"application\/ld+json\" class=\"yoast-schema-graph\">{\"@context\":\"https:\\\/\\\/schema.org\",\"@graph\":[{\"@type\":\"Article\",\"@id\":\"https:\\\/\\\/lightweb.dev\\\/l\\\/svm-temp\\\/nyheter\\\/sexkoparna-allt-yngre-regeringen-vill-stoppa-sexreklam\\\/#article\",\"isPartOf\":{\"@id\":\"https:\\\/\\\/lightweb.dev\\\/l\\\/svm-temp\\\/nyheter\\\/sexkoparna-allt-yngre-regeringen-vill-stoppa-sexreklam\\\/\"},\"author\":{\"name\":\"Redaktionen SvM\",\"@id\":\"https:\\\/\\\/lightweb.dev\\\/l\\\/svm-temp\\\/#\\\/schema\\\/person\\\/206a3bda5b607b0c25e1749191e4d837\"},\"headline\":\"Sexk\u00f6parna allt yngre \u2013 regeringen vill stoppa sexreklam\",\"datePublished\":\"2015-09-27T22:00:00+00:00\",\"mainEntityOfPage\":{\"@id\":\"https:\\\/\\\/lightweb.dev\\\/l\\\/svm-temp\\\/nyheter\\\/sexkoparna-allt-yngre-regeringen-vill-stoppa-sexreklam\\\/\"},\"wordCount\":213,\"commentCount\":0,\"publisher\":{\"@id\":\"https:\\\/\\\/lightweb.dev\\\/l\\\/svm-temp\\\/#organization\"},\"image\":{\"@id\":\"https:\\\/\\\/lightweb.dev\\\/l\\\/svm-temp\\\/nyheter\\\/sexkoparna-allt-yngre-regeringen-vill-stoppa-sexreklam\\\/#primaryimage\"},\"thumbnailUrl\":\"https:\\\/\\\/lightweb.dev\\\/l\\\/svm-temp\\\/wp-content\\\/uploads\\\/2022\\\/06\\\/sexkoparna-allt-yngre-regeringen-vill-stoppa-sexreklam.png\",\"articleSection\":[\"Arkiv\",\"Nyheter\"],\"inLanguage\":\"sv-SE\"},{\"@type\":\"WebPage\",\"@id\":\"https:\\\/\\\/lightweb.dev\\\/l\\\/svm-temp\\\/nyheter\\\/sexkoparna-allt-yngre-regeringen-vill-stoppa-sexreklam\\\/\",\"url\":\"https:\\\/\\\/lightweb.dev\\\/l\\\/svm-temp\\\/nyheter\\\/sexkoparna-allt-yngre-regeringen-vill-stoppa-sexreklam\\\/\",\"name\":\"Sexk\u00f6parna allt yngre \u2013 regeringen vill stoppa sexreklam - Svenska Magasinet\",\"isPartOf\":{\"@id\":\"https:\\\/\\\/lightweb.dev\\\/l\\\/svm-temp\\\/#website\"},\"primaryImageOfPage\":{\"@id\":\"https:\\\/\\\/lightweb.dev\\\/l\\\/svm-temp\\\/nyheter\\\/sexkoparna-allt-yngre-regeringen-vill-stoppa-sexreklam\\\/#primaryimage\"},\"image\":{\"@id\":\"https:\\\/\\\/lightweb.dev\\\/l\\\/svm-temp\\\/nyheter\\\/sexkoparna-allt-yngre-regeringen-vill-stoppa-sexreklam\\\/#primaryimage\"},\"thumbnailUrl\":\"https:\\\/\\\/lightweb.dev\\\/l\\\/svm-temp\\\/wp-content\\\/uploads\\\/2022\\\/06\\\/sexkoparna-allt-yngre-regeringen-vill-stoppa-sexreklam.png\",\"datePublished\":\"2015-09-27T22:00:00+00:00\",\"breadcrumb\":{\"@id\":\"https:\\\/\\\/lightweb.dev\\\/l\\\/svm-temp\\\/nyheter\\\/sexkoparna-allt-yngre-regeringen-vill-stoppa-sexreklam\\\/#breadcrumb\"},\"inLanguage\":\"sv-SE\",\"potentialAction\":[{\"@type\":\"ReadAction\",\"target\":[\"https:\\\/\\\/lightweb.dev\\\/l\\\/svm-temp\\\/nyheter\\\/sexkoparna-allt-yngre-regeringen-vill-stoppa-sexreklam\\\/\"]}]},{\"@type\":\"ImageObject\",\"inLanguage\":\"sv-SE\",\"@id\":\"https:\\\/\\\/lightweb.dev\\\/l\\\/svm-temp\\\/nyheter\\\/sexkoparna-allt-yngre-regeringen-vill-stoppa-sexreklam\\\/#primaryimage\",\"url\":\"https:\\\/\\\/lightweb.dev\\\/l\\\/svm-temp\\\/wp-content\\\/uploads\\\/2022\\\/06\\\/sexkoparna-allt-yngre-regeringen-vill-stoppa-sexreklam.png\",\"contentUrl\":\"https:\\\/\\\/lightweb.dev\\\/l\\\/svm-temp\\\/wp-content\\\/uploads\\\/2022\\\/06\\\/sexkoparna-allt-yngre-regeringen-vill-stoppa-sexreklam.png\",\"width\":299,\"height\":200},{\"@type\":\"BreadcrumbList\",\"@id\":\"https:\\\/\\\/lightweb.dev\\\/l\\\/svm-temp\\\/nyheter\\\/sexkoparna-allt-yngre-regeringen-vill-stoppa-sexreklam\\\/#breadcrumb\",\"itemListElement\":[{\"@type\":\"ListItem\",\"position\":1,\"name\":\"Hem\",\"item\":\"https:\\\/\\\/lightweb.dev\\\/l\\\/svm-temp\\\/\"},{\"@type\":\"ListItem\",\"position\":2,\"name\":\"Sexk\u00f6parna allt yngre \u2013 regeringen vill stoppa sexreklam\"}]},{\"@type\":\"WebSite\",\"@id\":\"https:\\\/\\\/lightweb.dev\\\/l\\\/svm-temp\\\/#website\",\"url\":\"https:\\\/\\\/lightweb.dev\\\/l\\\/svm-temp\\\/\",\"name\":\"Svenska Magasinet\",\"description\":\"Dina Spanska nyheter p&aring; Svenska\",\"publisher\":{\"@id\":\"https:\\\/\\\/lightweb.dev\\\/l\\\/svm-temp\\\/#organization\"},\"potentialAction\":[{\"@type\":\"SearchAction\",\"target\":{\"@type\":\"EntryPoint\",\"urlTemplate\":\"https:\\\/\\\/lightweb.dev\\\/l\\\/svm-temp\\\/?s={search_term_string}\"},\"query-input\":{\"@type\":\"PropertyValueSpecification\",\"valueRequired\":true,\"valueName\":\"search_term_string\"}}],\"inLanguage\":\"sv-SE\"},{\"@type\":\"Organization\",\"@id\":\"https:\\\/\\\/lightweb.dev\\\/l\\\/svm-temp\\\/#organization\",\"name\":\"Melkerson y Nott SL\",\"alternateName\":\"Svenska Magasinet\",\"url\":\"https:\\\/\\\/lightweb.dev\\\/l\\\/svm-temp\\\/\",\"logo\":{\"@type\":\"ImageObject\",\"inLanguage\":\"sv-SE\",\"@id\":\"https:\\\/\\\/lightweb.dev\\\/l\\\/svm-temp\\\/#\\\/schema\\\/logo\\\/image\\\/\",\"url\":\"https:\\\/\\\/lightweb.dev\\\/l\\\/svm-temp\\\/wp-content\\\/uploads\\\/2025\\\/02\\\/SvM-logo-Xtra-Centrerad-SVART.png\",\"contentUrl\":\"https:\\\/\\\/lightweb.dev\\\/l\\\/svm-temp\\\/wp-content\\\/uploads\\\/2025\\\/02\\\/SvM-logo-Xtra-Centrerad-SVART.png\",\"width\":300,\"height\":99,\"caption\":\"Melkerson y Nott SL\"},\"image\":{\"@id\":\"https:\\\/\\\/lightweb.dev\\\/l\\\/svm-temp\\\/#\\\/schema\\\/logo\\\/image\\\/\"},\"sameAs\":[\"https:\\\/\\\/www.facebook.com\\\/svenskamagasinet\",\"https:\\\/\\\/x.com\\\/SvenskaMagasine\"]},{\"@type\":\"Person\",\"@id\":\"https:\\\/\\\/lightweb.dev\\\/l\\\/svm-temp\\\/#\\\/schema\\\/person\\\/206a3bda5b607b0c25e1749191e4d837\",\"name\":\"Redaktionen SvM\",\"description\":\"Redaktionen\",\"sameAs\":[\"https:\\\/\\\/lightweb.dev\\\/l\\\/svm-temp\"],\"url\":\"https:\\\/\\\/lightweb.dev\\\/l\\\/svm-temp\\\/reporter\\\/redaktionen\\\/\"}]}<\/script>\n<!-- \/ Yoast SEO Premium plugin. -->","yoast_head_json":{"title":"Sexk\u00f6parna allt yngre \u2013 regeringen vill stoppa sexreklam - Svenska Magasinet","robots":{"index":"noindex","follow":"follow","max-snippet":"max-snippet:-1","max-image-preview":"max-image-preview:large","max-video-preview":"max-video-preview:-1"},"og_locale":"sv_SE","og_type":"article","og_title":"Sexk\u00f6parna allt yngre \u2013 regeringen vill stoppa sexreklam","og_description":"Det handlar om en verksamhet som oms\u00e4tter uppskattningsvis 3.700 miljoner euro om \u00e5ret. Under fjol\u00e5ret visade en unders\u00f6kning att upp emot 14.000 kvinnor riskerar att hamna i det som beskrivs m\u00e4nniskohandel. I f\u00f6rra veckan diskuterade ministerr\u00e5det den stora utmaningen m\u00e4nniskohandel som tycks breda ut sig. Spaniens regering har sj\u00f6satt en plan d\u00e4r det satsas 104 [&hellip;]","og_url":"https:\/\/lightweb.dev\/l\/svm-temp\/nyheter\/sexkoparna-allt-yngre-regeringen-vill-stoppa-sexreklam\/","og_site_name":"Svenska Magasinet","article_publisher":"https:\/\/www.facebook.com\/svenskamagasinet","article_published_time":"2015-09-27T22:00:00+00:00","og_image":[{"width":299,"height":200,"url":"https:\/\/lightweb.dev\/l\/svm-temp\/wp-content\/uploads\/2022\/06\/sexkoparna-allt-yngre-regeringen-vill-stoppa-sexreklam.png","type":"image\/png"}],"author":"Redaktionen SvM","twitter_card":"summary_large_image","twitter_creator":"@SvenskaMagasine","twitter_site":"@SvenskaMagasine","schema":{"@context":"https:\/\/schema.org","@graph":[{"@type":"Article","@id":"https:\/\/lightweb.dev\/l\/svm-temp\/nyheter\/sexkoparna-allt-yngre-regeringen-vill-stoppa-sexreklam\/#article","isPartOf":{"@id":"https:\/\/lightweb.dev\/l\/svm-temp\/nyheter\/sexkoparna-allt-yngre-regeringen-vill-stoppa-sexreklam\/"},"author":{"name":"Redaktionen SvM","@id":"https:\/\/lightweb.dev\/l\/svm-temp\/#\/schema\/person\/206a3bda5b607b0c25e1749191e4d837"},"headline":"Sexk\u00f6parna allt yngre \u2013 regeringen vill stoppa sexreklam","datePublished":"2015-09-27T22:00:00+00:00","mainEntityOfPage":{"@id":"https:\/\/lightweb.dev\/l\/svm-temp\/nyheter\/sexkoparna-allt-yngre-regeringen-vill-stoppa-sexreklam\/"},"wordCount":213,"commentCount":0,"publisher":{"@id":"https:\/\/lightweb.dev\/l\/svm-temp\/#organization"},"image":{"@id":"https:\/\/lightweb.dev\/l\/svm-temp\/nyheter\/sexkoparna-allt-yngre-regeringen-vill-stoppa-sexreklam\/#primaryimage"},"thumbnailUrl":"https:\/\/lightweb.dev\/l\/svm-temp\/wp-content\/uploads\/2022\/06\/sexkoparna-allt-yngre-regeringen-vill-stoppa-sexreklam.png","articleSection":["Arkiv","Nyheter"],"inLanguage":"sv-SE"},{"@type":"WebPage","@id":"https:\/\/lightweb.dev\/l\/svm-temp\/nyheter\/sexkoparna-allt-yngre-regeringen-vill-stoppa-sexreklam\/","url":"https:\/\/lightweb.dev\/l\/svm-temp\/nyheter\/sexkoparna-allt-yngre-regeringen-vill-stoppa-sexreklam\/","name":"Sexk\u00f6parna allt yngre \u2013 regeringen vill stoppa sexreklam - Svenska Magasinet","isPartOf":{"@id":"https:\/\/lightweb.dev\/l\/svm-temp\/#website"},"primaryImageOfPage":{"@id":"https:\/\/lightweb.dev\/l\/svm-temp\/nyheter\/sexkoparna-allt-yngre-regeringen-vill-stoppa-sexreklam\/#primaryimage"},"image":{"@id":"https:\/\/lightweb.dev\/l\/svm-temp\/nyheter\/sexkoparna-allt-yngre-regeringen-vill-stoppa-sexreklam\/#primaryimage"},"thumbnailUrl":"https:\/\/lightweb.dev\/l\/svm-temp\/wp-content\/uploads\/2022\/06\/sexkoparna-allt-yngre-regeringen-vill-stoppa-sexreklam.png","datePublished":"2015-09-27T22:00:00+00:00","breadcrumb":{"@id":"https:\/\/lightweb.dev\/l\/svm-temp\/nyheter\/sexkoparna-allt-yngre-regeringen-vill-stoppa-sexreklam\/#breadcrumb"},"inLanguage":"sv-SE","potentialAction":[{"@type":"ReadAction","target":["https:\/\/lightweb.dev\/l\/svm-temp\/nyheter\/sexkoparna-allt-yngre-regeringen-vill-stoppa-sexreklam\/"]}]},{"@type":"ImageObject","inLanguage":"sv-SE","@id":"https:\/\/lightweb.dev\/l\/svm-temp\/nyheter\/sexkoparna-allt-yngre-regeringen-vill-stoppa-sexreklam\/#primaryimage","url":"https:\/\/lightweb.dev\/l\/svm-temp\/wp-content\/uploads\/2022\/06\/sexkoparna-allt-yngre-regeringen-vill-stoppa-sexreklam.png","contentUrl":"https:\/\/lightweb.dev\/l\/svm-temp\/wp-content\/uploads\/2022\/06\/sexkoparna-allt-yngre-regeringen-vill-stoppa-sexreklam.png","width":299,"height":200},{"@type":"BreadcrumbList","@id":"https:\/\/lightweb.dev\/l\/svm-temp\/nyheter\/sexkoparna-allt-yngre-regeringen-vill-stoppa-sexreklam\/#breadcrumb","itemListElement":[{"@type":"ListItem","position":1,"name":"Hem","item":"https:\/\/lightweb.dev\/l\/svm-temp\/"},{"@type":"ListItem","position":2,"name":"Sexk\u00f6parna allt yngre \u2013 regeringen vill stoppa sexreklam"}]},{"@type":"WebSite","@id":"https:\/\/lightweb.dev\/l\/svm-temp\/#website","url":"https:\/\/lightweb.dev\/l\/svm-temp\/","name":"Svenska Magasinet","description":"Dina Spanska nyheter p&aring; Svenska","publisher":{"@id":"https:\/\/lightweb.dev\/l\/svm-temp\/#organization"},"potentialAction":[{"@type":"SearchAction","target":{"@type":"EntryPoint","urlTemplate":"https:\/\/lightweb.dev\/l\/svm-temp\/?s={search_term_string}"},"query-input":{"@type":"PropertyValueSpecification","valueRequired":true,"valueName":"search_term_string"}}],"inLanguage":"sv-SE"},{"@type":"Organization","@id":"https:\/\/lightweb.dev\/l\/svm-temp\/#organization","name":"Melkerson y Nott SL","alternateName":"Svenska Magasinet","url":"https:\/\/lightweb.dev\/l\/svm-temp\/","logo":{"@type":"ImageObject","inLanguage":"sv-SE","@id":"https:\/\/lightweb.dev\/l\/svm-temp\/#\/schema\/logo\/image\/","url":"https:\/\/lightweb.dev\/l\/svm-temp\/wp-content\/uploads\/2025\/02\/SvM-logo-Xtra-Centrerad-SVART.png","contentUrl":"https:\/\/lightweb.dev\/l\/svm-temp\/wp-content\/uploads\/2025\/02\/SvM-logo-Xtra-Centrerad-SVART.png","width":300,"height":99,"caption":"Melkerson y Nott SL"},"image":{"@id":"https:\/\/lightweb.dev\/l\/svm-temp\/#\/schema\/logo\/image\/"},"sameAs":["https:\/\/www.facebook.com\/svenskamagasinet","https:\/\/x.com\/SvenskaMagasine"]},{"@type":"Person","@id":"https:\/\/lightweb.dev\/l\/svm-temp\/#\/schema\/person\/206a3bda5b607b0c25e1749191e4d837","name":"Redaktionen SvM","description":"Redaktionen","sameAs":["https:\/\/lightweb.dev\/l\/svm-temp"],"url":"https:\/\/lightweb.dev\/l\/svm-temp\/reporter\/redaktionen\/"}]}},"_links":{"self":[{"href":"https:\/\/lightweb.dev\/l\/svm-temp\/wp-json\/wp\/v2\/posts\/23518","targetHints":{"allow":["GET"]}}],"collection":[{"href":"https:\/\/lightweb.dev\/l\/svm-temp\/wp-json\/wp\/v2\/posts"}],"about":[{"href":"https:\/\/lightweb.dev\/l\/svm-temp\/wp-json\/wp\/v2\/types\/post"}],"author":[{"embeddable":true,"href":"https:\/\/lightweb.dev\/l\/svm-temp\/wp-json\/wp\/v2\/users\/8"}],"replies":[{"embeddable":true,"href":"https:\/\/lightweb.dev\/l\/svm-temp\/wp-json\/wp\/v2\/comments?post=23518"}],"version-history":[{"count":0,"href":"https:\/\/lightweb.dev\/l\/svm-temp\/wp-json\/wp\/v2\/posts\/23518\/revisions"}],"wp:featuredmedia":[{"embeddable":true,"href":"https:\/\/lightweb.dev\/l\/svm-temp\/wp-json\/wp\/v2\/media\/23519"}],"wp:attachment":[{"href":"https:\/\/lightweb.dev\/l\/svm-temp\/wp-json\/wp\/v2\/media?parent=23518"}],"wp:term":[{"taxonomy":"category","embeddable":true,"href":"https:\/\/lightweb.dev\/l\/svm-temp\/wp-json\/wp\/v2\/categories?post=23518"},{"taxonomy":"post_tag","embeddable":true,"href":"https:\/\/lightweb.dev\/l\/svm-temp\/wp-json\/wp\/v2\/tags?post=23518"}],"curies":[{"name":"wp","href":"https:\/\/api.w.org\/{rel}","templated":true}]}}