{"id":23524,"date":"2015-09-25T00:00:00","date_gmt":"2015-09-24T22:00:00","guid":{"rendered":"https:\/\/lightweb.dev\/l\/svm-temp\/nyheter\/upphandlingen-av-vagarbetet-vid-arroyo-avfart-inleds-i-oktober\/"},"modified":"2015-09-25T00:00:00","modified_gmt":"2015-09-24T22:00:00","slug":"upphandlingen-av-vagarbetet-vid-arroyo-avfart-inleds-i-oktober","status":"publish","type":"post","link":"https:\/\/lightweb.dev\/l\/svm-temp\/nyheter\/upphandlingen-av-vagarbetet-vid-arroyo-avfart-inleds-i-oktober\/","title":{"rendered":"Upphandlingen av v\u00e4garbetet vid Arroyo-avfart inleds i oktober"},"content":{"rendered":"<p> Upphandlingen av det planerade v\u00e4garbetet vid avfart kilometer 222 utmed A-7:an i Arroyo de la Miel inleds i oktober. F\u00f6rhoppningsvis ska arbetet kunna inledas f\u00f6re \u00e5rets slut.<\/p>\n<p>St\u00e4ndiga k\u00f6er som str\u00e4cker sig ut p\u00e5 motorv\u00e4gen under rusningstrafiken g\u00f6r att avfarten till Arroyo de la Miel beskrivs som en svart punkt i trafiken p\u00e5 Solkusten. Det handlar nu om en finansiering p\u00e5 mellan 15 och 19 miljoner euro fram till 2019.<\/p>\n<p>Vid en presskonferens som h\u00f6lls nyligen d\u00e4r Celia Villalobos och Carolina Espa\u00f1a fr\u00e5n provinsstyrelsen medverkade liksom den tidigare borgm\u00e4staren Paloma Garc\u00eda G\u00e1lvez framkom det att arbetet troligtvis inte kommer ig\u00e5ng f\u00f6rr\u00e4n n\u00e4sta \u00e5r 2016. Men det finns en f\u00f6rhoppning om att arbetet kan inledas f\u00f6re \u00e5rsskiftet 2015\/2016.<\/p>\n<p>A-7:an invigdes 1992. P\u00e5- och avfarten vid kilometerskylten 222 har under m\u00e5nga \u00e5r varit ett av provinsens stora trafikbekymmer. <\/p>\n","protected":false},"excerpt":{"rendered":"<p>Upphandlingen av det planerade v\u00e4garbetet vid avfart kilometer 222 utmed A-7:an i Arroyo de la Miel inleds i oktober. F\u00f6rhoppningsvis ska arbetet kunna inledas f\u00f6re \u00e5rets slut. St\u00e4ndiga k\u00f6er som str\u00e4cker sig ut p\u00e5 motorv\u00e4gen under rusningstrafiken g\u00f6r att avfarten till Arroyo de la Miel beskrivs som en svart punkt i trafiken p\u00e5 Solkusten. Det [&hellip;]<\/p>\n","protected":false},"author":8,"featured_media":23525,"comment_status":"open","ping_status":"open","sticky":false,"template":"","format":"standard","meta":{"_et_pb_use_builder":"","_et_pb_old_content":"","_et_gb_content_width":"","footnotes":""},"categories":[395,3],"tags":[],"class_list":["post-23524","post","type-post","status-publish","format-standard","has-post-thumbnail","hentry","category-arkiv-nyheter","category-nyheter"],"yoast_head":"<!-- This site is optimized with the Yoast SEO Premium plugin v26.2 (Yoast SEO v27.4) - https:\/\/yoast.com\/product\/yoast-seo-premium-wordpress\/ -->\n<title>Upphandlingen av v\u00e4garbetet vid Arroyo-avfart inleds i oktober - Svenska Magasinet<\/title>\n<meta name=\"robots\" content=\"noindex, follow, max-snippet:-1, max-image-preview:large, max-video-preview:-1\" \/>\n<meta property=\"og:locale\" content=\"sv_SE\" \/>\n<meta property=\"og:type\" content=\"article\" \/>\n<meta property=\"og:title\" content=\"Upphandlingen av v\u00e4garbetet vid Arroyo-avfart inleds i oktober\" \/>\n<meta property=\"og:description\" content=\"Upphandlingen av det planerade v\u00e4garbetet vid avfart kilometer 222 utmed A-7:an i Arroyo de la Miel inleds i oktober. F\u00f6rhoppningsvis ska arbetet kunna inledas f\u00f6re \u00e5rets slut. St\u00e4ndiga k\u00f6er som str\u00e4cker sig ut p\u00e5 motorv\u00e4gen under rusningstrafiken g\u00f6r att avfarten till Arroyo de la Miel beskrivs som en svart punkt i trafiken p\u00e5 Solkusten. Det [&hellip;]\" \/>\n<meta property=\"og:url\" content=\"https:\/\/lightweb.dev\/l\/svm-temp\/nyheter\/upphandlingen-av-vagarbetet-vid-arroyo-avfart-inleds-i-oktober\/\" \/>\n<meta property=\"og:site_name\" content=\"Svenska Magasinet\" \/>\n<meta property=\"article:publisher\" content=\"https:\/\/www.facebook.com\/svenskamagasinet\" \/>\n<meta property=\"article:published_time\" content=\"2015-09-24T22:00:00+00:00\" \/>\n<meta property=\"og:image\" content=\"https:\/\/lightweb.dev\/l\/svm-temp\/wp-content\/uploads\/2022\/06\/upphandlingen-av-vagarbetet-vid-arroyoavfart-inleds-i-oktober.png\" \/>\n\t<meta property=\"og:image:width\" content=\"280\" \/>\n\t<meta property=\"og:image:height\" content=\"211\" \/>\n\t<meta property=\"og:image:type\" content=\"image\/png\" \/>\n<meta name=\"author\" content=\"Redaktionen SvM\" \/>\n<meta name=\"twitter:card\" content=\"summary_large_image\" \/>\n<meta name=\"twitter:creator\" content=\"@SvenskaMagasine\" \/>\n<meta name=\"twitter:site\" content=\"@SvenskaMagasine\" \/>\n<script type=\"application\/ld+json\" class=\"yoast-schema-graph\">{\"@context\":\"https:\\\/\\\/schema.org\",\"@graph\":[{\"@type\":\"Article\",\"@id\":\"https:\\\/\\\/lightweb.dev\\\/l\\\/svm-temp\\\/nyheter\\\/upphandlingen-av-vagarbetet-vid-arroyo-avfart-inleds-i-oktober\\\/#article\",\"isPartOf\":{\"@id\":\"https:\\\/\\\/lightweb.dev\\\/l\\\/svm-temp\\\/nyheter\\\/upphandlingen-av-vagarbetet-vid-arroyo-avfart-inleds-i-oktober\\\/\"},\"author\":{\"name\":\"Redaktionen SvM\",\"@id\":\"https:\\\/\\\/lightweb.dev\\\/l\\\/svm-temp\\\/#\\\/schema\\\/person\\\/206a3bda5b607b0c25e1749191e4d837\"},\"headline\":\"Upphandlingen av v\u00e4garbetet vid Arroyo-avfart inleds i oktober\",\"datePublished\":\"2015-09-24T22:00:00+00:00\",\"mainEntityOfPage\":{\"@id\":\"https:\\\/\\\/lightweb.dev\\\/l\\\/svm-temp\\\/nyheter\\\/upphandlingen-av-vagarbetet-vid-arroyo-avfart-inleds-i-oktober\\\/\"},\"wordCount\":162,\"commentCount\":0,\"publisher\":{\"@id\":\"https:\\\/\\\/lightweb.dev\\\/l\\\/svm-temp\\\/#organization\"},\"image\":{\"@id\":\"https:\\\/\\\/lightweb.dev\\\/l\\\/svm-temp\\\/nyheter\\\/upphandlingen-av-vagarbetet-vid-arroyo-avfart-inleds-i-oktober\\\/#primaryimage\"},\"thumbnailUrl\":\"https:\\\/\\\/lightweb.dev\\\/l\\\/svm-temp\\\/wp-content\\\/uploads\\\/2022\\\/06\\\/upphandlingen-av-vagarbetet-vid-arroyoavfart-inleds-i-oktober.png\",\"articleSection\":[\"Arkiv\",\"Nyheter\"],\"inLanguage\":\"sv-SE\"},{\"@type\":\"WebPage\",\"@id\":\"https:\\\/\\\/lightweb.dev\\\/l\\\/svm-temp\\\/nyheter\\\/upphandlingen-av-vagarbetet-vid-arroyo-avfart-inleds-i-oktober\\\/\",\"url\":\"https:\\\/\\\/lightweb.dev\\\/l\\\/svm-temp\\\/nyheter\\\/upphandlingen-av-vagarbetet-vid-arroyo-avfart-inleds-i-oktober\\\/\",\"name\":\"Upphandlingen av v\u00e4garbetet vid Arroyo-avfart inleds i oktober - Svenska Magasinet\",\"isPartOf\":{\"@id\":\"https:\\\/\\\/lightweb.dev\\\/l\\\/svm-temp\\\/#website\"},\"primaryImageOfPage\":{\"@id\":\"https:\\\/\\\/lightweb.dev\\\/l\\\/svm-temp\\\/nyheter\\\/upphandlingen-av-vagarbetet-vid-arroyo-avfart-inleds-i-oktober\\\/#primaryimage\"},\"image\":{\"@id\":\"https:\\\/\\\/lightweb.dev\\\/l\\\/svm-temp\\\/nyheter\\\/upphandlingen-av-vagarbetet-vid-arroyo-avfart-inleds-i-oktober\\\/#primaryimage\"},\"thumbnailUrl\":\"https:\\\/\\\/lightweb.dev\\\/l\\\/svm-temp\\\/wp-content\\\/uploads\\\/2022\\\/06\\\/upphandlingen-av-vagarbetet-vid-arroyoavfart-inleds-i-oktober.png\",\"datePublished\":\"2015-09-24T22:00:00+00:00\",\"breadcrumb\":{\"@id\":\"https:\\\/\\\/lightweb.dev\\\/l\\\/svm-temp\\\/nyheter\\\/upphandlingen-av-vagarbetet-vid-arroyo-avfart-inleds-i-oktober\\\/#breadcrumb\"},\"inLanguage\":\"sv-SE\",\"potentialAction\":[{\"@type\":\"ReadAction\",\"target\":[\"https:\\\/\\\/lightweb.dev\\\/l\\\/svm-temp\\\/nyheter\\\/upphandlingen-av-vagarbetet-vid-arroyo-avfart-inleds-i-oktober\\\/\"]}]},{\"@type\":\"ImageObject\",\"inLanguage\":\"sv-SE\",\"@id\":\"https:\\\/\\\/lightweb.dev\\\/l\\\/svm-temp\\\/nyheter\\\/upphandlingen-av-vagarbetet-vid-arroyo-avfart-inleds-i-oktober\\\/#primaryimage\",\"url\":\"https:\\\/\\\/lightweb.dev\\\/l\\\/svm-temp\\\/wp-content\\\/uploads\\\/2022\\\/06\\\/upphandlingen-av-vagarbetet-vid-arroyoavfart-inleds-i-oktober.png\",\"contentUrl\":\"https:\\\/\\\/lightweb.dev\\\/l\\\/svm-temp\\\/wp-content\\\/uploads\\\/2022\\\/06\\\/upphandlingen-av-vagarbetet-vid-arroyoavfart-inleds-i-oktober.png\",\"width\":280,\"height\":211},{\"@type\":\"BreadcrumbList\",\"@id\":\"https:\\\/\\\/lightweb.dev\\\/l\\\/svm-temp\\\/nyheter\\\/upphandlingen-av-vagarbetet-vid-arroyo-avfart-inleds-i-oktober\\\/#breadcrumb\",\"itemListElement\":[{\"@type\":\"ListItem\",\"position\":1,\"name\":\"Hem\",\"item\":\"https:\\\/\\\/lightweb.dev\\\/l\\\/svm-temp\\\/\"},{\"@type\":\"ListItem\",\"position\":2,\"name\":\"Upphandlingen av v\u00e4garbetet vid Arroyo-avfart inleds i oktober\"}]},{\"@type\":\"WebSite\",\"@id\":\"https:\\\/\\\/lightweb.dev\\\/l\\\/svm-temp\\\/#website\",\"url\":\"https:\\\/\\\/lightweb.dev\\\/l\\\/svm-temp\\\/\",\"name\":\"Svenska Magasinet\",\"description\":\"Dina Spanska nyheter p&aring; Svenska\",\"publisher\":{\"@id\":\"https:\\\/\\\/lightweb.dev\\\/l\\\/svm-temp\\\/#organization\"},\"potentialAction\":[{\"@type\":\"SearchAction\",\"target\":{\"@type\":\"EntryPoint\",\"urlTemplate\":\"https:\\\/\\\/lightweb.dev\\\/l\\\/svm-temp\\\/?s={search_term_string}\"},\"query-input\":{\"@type\":\"PropertyValueSpecification\",\"valueRequired\":true,\"valueName\":\"search_term_string\"}}],\"inLanguage\":\"sv-SE\"},{\"@type\":\"Organization\",\"@id\":\"https:\\\/\\\/lightweb.dev\\\/l\\\/svm-temp\\\/#organization\",\"name\":\"Melkerson y Nott SL\",\"alternateName\":\"Svenska Magasinet\",\"url\":\"https:\\\/\\\/lightweb.dev\\\/l\\\/svm-temp\\\/\",\"logo\":{\"@type\":\"ImageObject\",\"inLanguage\":\"sv-SE\",\"@id\":\"https:\\\/\\\/lightweb.dev\\\/l\\\/svm-temp\\\/#\\\/schema\\\/logo\\\/image\\\/\",\"url\":\"https:\\\/\\\/lightweb.dev\\\/l\\\/svm-temp\\\/wp-content\\\/uploads\\\/2025\\\/02\\\/SvM-logo-Xtra-Centrerad-SVART.png\",\"contentUrl\":\"https:\\\/\\\/lightweb.dev\\\/l\\\/svm-temp\\\/wp-content\\\/uploads\\\/2025\\\/02\\\/SvM-logo-Xtra-Centrerad-SVART.png\",\"width\":300,\"height\":99,\"caption\":\"Melkerson y Nott SL\"},\"image\":{\"@id\":\"https:\\\/\\\/lightweb.dev\\\/l\\\/svm-temp\\\/#\\\/schema\\\/logo\\\/image\\\/\"},\"sameAs\":[\"https:\\\/\\\/www.facebook.com\\\/svenskamagasinet\",\"https:\\\/\\\/x.com\\\/SvenskaMagasine\"]},{\"@type\":\"Person\",\"@id\":\"https:\\\/\\\/lightweb.dev\\\/l\\\/svm-temp\\\/#\\\/schema\\\/person\\\/206a3bda5b607b0c25e1749191e4d837\",\"name\":\"Redaktionen SvM\",\"description\":\"Redaktionen\",\"sameAs\":[\"https:\\\/\\\/lightweb.dev\\\/l\\\/svm-temp\"],\"url\":\"https:\\\/\\\/lightweb.dev\\\/l\\\/svm-temp\\\/reporter\\\/redaktionen\\\/\"}]}<\/script>\n<!-- \/ Yoast SEO Premium plugin. -->","yoast_head_json":{"title":"Upphandlingen av v\u00e4garbetet vid Arroyo-avfart inleds i oktober - Svenska Magasinet","robots":{"index":"noindex","follow":"follow","max-snippet":"max-snippet:-1","max-image-preview":"max-image-preview:large","max-video-preview":"max-video-preview:-1"},"og_locale":"sv_SE","og_type":"article","og_title":"Upphandlingen av v\u00e4garbetet vid Arroyo-avfart inleds i oktober","og_description":"Upphandlingen av det planerade v\u00e4garbetet vid avfart kilometer 222 utmed A-7:an i Arroyo de la Miel inleds i oktober. F\u00f6rhoppningsvis ska arbetet kunna inledas f\u00f6re \u00e5rets slut. St\u00e4ndiga k\u00f6er som str\u00e4cker sig ut p\u00e5 motorv\u00e4gen under rusningstrafiken g\u00f6r att avfarten till Arroyo de la Miel beskrivs som en svart punkt i trafiken p\u00e5 Solkusten. Det [&hellip;]","og_url":"https:\/\/lightweb.dev\/l\/svm-temp\/nyheter\/upphandlingen-av-vagarbetet-vid-arroyo-avfart-inleds-i-oktober\/","og_site_name":"Svenska Magasinet","article_publisher":"https:\/\/www.facebook.com\/svenskamagasinet","article_published_time":"2015-09-24T22:00:00+00:00","og_image":[{"width":280,"height":211,"url":"https:\/\/lightweb.dev\/l\/svm-temp\/wp-content\/uploads\/2022\/06\/upphandlingen-av-vagarbetet-vid-arroyoavfart-inleds-i-oktober.png","type":"image\/png"}],"author":"Redaktionen SvM","twitter_card":"summary_large_image","twitter_creator":"@SvenskaMagasine","twitter_site":"@SvenskaMagasine","schema":{"@context":"https:\/\/schema.org","@graph":[{"@type":"Article","@id":"https:\/\/lightweb.dev\/l\/svm-temp\/nyheter\/upphandlingen-av-vagarbetet-vid-arroyo-avfart-inleds-i-oktober\/#article","isPartOf":{"@id":"https:\/\/lightweb.dev\/l\/svm-temp\/nyheter\/upphandlingen-av-vagarbetet-vid-arroyo-avfart-inleds-i-oktober\/"},"author":{"name":"Redaktionen SvM","@id":"https:\/\/lightweb.dev\/l\/svm-temp\/#\/schema\/person\/206a3bda5b607b0c25e1749191e4d837"},"headline":"Upphandlingen av v\u00e4garbetet vid Arroyo-avfart inleds i oktober","datePublished":"2015-09-24T22:00:00+00:00","mainEntityOfPage":{"@id":"https:\/\/lightweb.dev\/l\/svm-temp\/nyheter\/upphandlingen-av-vagarbetet-vid-arroyo-avfart-inleds-i-oktober\/"},"wordCount":162,"commentCount":0,"publisher":{"@id":"https:\/\/lightweb.dev\/l\/svm-temp\/#organization"},"image":{"@id":"https:\/\/lightweb.dev\/l\/svm-temp\/nyheter\/upphandlingen-av-vagarbetet-vid-arroyo-avfart-inleds-i-oktober\/#primaryimage"},"thumbnailUrl":"https:\/\/lightweb.dev\/l\/svm-temp\/wp-content\/uploads\/2022\/06\/upphandlingen-av-vagarbetet-vid-arroyoavfart-inleds-i-oktober.png","articleSection":["Arkiv","Nyheter"],"inLanguage":"sv-SE"},{"@type":"WebPage","@id":"https:\/\/lightweb.dev\/l\/svm-temp\/nyheter\/upphandlingen-av-vagarbetet-vid-arroyo-avfart-inleds-i-oktober\/","url":"https:\/\/lightweb.dev\/l\/svm-temp\/nyheter\/upphandlingen-av-vagarbetet-vid-arroyo-avfart-inleds-i-oktober\/","name":"Upphandlingen av v\u00e4garbetet vid Arroyo-avfart inleds i oktober - Svenska Magasinet","isPartOf":{"@id":"https:\/\/lightweb.dev\/l\/svm-temp\/#website"},"primaryImageOfPage":{"@id":"https:\/\/lightweb.dev\/l\/svm-temp\/nyheter\/upphandlingen-av-vagarbetet-vid-arroyo-avfart-inleds-i-oktober\/#primaryimage"},"image":{"@id":"https:\/\/lightweb.dev\/l\/svm-temp\/nyheter\/upphandlingen-av-vagarbetet-vid-arroyo-avfart-inleds-i-oktober\/#primaryimage"},"thumbnailUrl":"https:\/\/lightweb.dev\/l\/svm-temp\/wp-content\/uploads\/2022\/06\/upphandlingen-av-vagarbetet-vid-arroyoavfart-inleds-i-oktober.png","datePublished":"2015-09-24T22:00:00+00:00","breadcrumb":{"@id":"https:\/\/lightweb.dev\/l\/svm-temp\/nyheter\/upphandlingen-av-vagarbetet-vid-arroyo-avfart-inleds-i-oktober\/#breadcrumb"},"inLanguage":"sv-SE","potentialAction":[{"@type":"ReadAction","target":["https:\/\/lightweb.dev\/l\/svm-temp\/nyheter\/upphandlingen-av-vagarbetet-vid-arroyo-avfart-inleds-i-oktober\/"]}]},{"@type":"ImageObject","inLanguage":"sv-SE","@id":"https:\/\/lightweb.dev\/l\/svm-temp\/nyheter\/upphandlingen-av-vagarbetet-vid-arroyo-avfart-inleds-i-oktober\/#primaryimage","url":"https:\/\/lightweb.dev\/l\/svm-temp\/wp-content\/uploads\/2022\/06\/upphandlingen-av-vagarbetet-vid-arroyoavfart-inleds-i-oktober.png","contentUrl":"https:\/\/lightweb.dev\/l\/svm-temp\/wp-content\/uploads\/2022\/06\/upphandlingen-av-vagarbetet-vid-arroyoavfart-inleds-i-oktober.png","width":280,"height":211},{"@type":"BreadcrumbList","@id":"https:\/\/lightweb.dev\/l\/svm-temp\/nyheter\/upphandlingen-av-vagarbetet-vid-arroyo-avfart-inleds-i-oktober\/#breadcrumb","itemListElement":[{"@type":"ListItem","position":1,"name":"Hem","item":"https:\/\/lightweb.dev\/l\/svm-temp\/"},{"@type":"ListItem","position":2,"name":"Upphandlingen av v\u00e4garbetet vid Arroyo-avfart inleds i oktober"}]},{"@type":"WebSite","@id":"https:\/\/lightweb.dev\/l\/svm-temp\/#website","url":"https:\/\/lightweb.dev\/l\/svm-temp\/","name":"Svenska Magasinet","description":"Dina Spanska nyheter p&aring; Svenska","publisher":{"@id":"https:\/\/lightweb.dev\/l\/svm-temp\/#organization"},"potentialAction":[{"@type":"SearchAction","target":{"@type":"EntryPoint","urlTemplate":"https:\/\/lightweb.dev\/l\/svm-temp\/?s={search_term_string}"},"query-input":{"@type":"PropertyValueSpecification","valueRequired":true,"valueName":"search_term_string"}}],"inLanguage":"sv-SE"},{"@type":"Organization","@id":"https:\/\/lightweb.dev\/l\/svm-temp\/#organization","name":"Melkerson y Nott SL","alternateName":"Svenska Magasinet","url":"https:\/\/lightweb.dev\/l\/svm-temp\/","logo":{"@type":"ImageObject","inLanguage":"sv-SE","@id":"https:\/\/lightweb.dev\/l\/svm-temp\/#\/schema\/logo\/image\/","url":"https:\/\/lightweb.dev\/l\/svm-temp\/wp-content\/uploads\/2025\/02\/SvM-logo-Xtra-Centrerad-SVART.png","contentUrl":"https:\/\/lightweb.dev\/l\/svm-temp\/wp-content\/uploads\/2025\/02\/SvM-logo-Xtra-Centrerad-SVART.png","width":300,"height":99,"caption":"Melkerson y Nott SL"},"image":{"@id":"https:\/\/lightweb.dev\/l\/svm-temp\/#\/schema\/logo\/image\/"},"sameAs":["https:\/\/www.facebook.com\/svenskamagasinet","https:\/\/x.com\/SvenskaMagasine"]},{"@type":"Person","@id":"https:\/\/lightweb.dev\/l\/svm-temp\/#\/schema\/person\/206a3bda5b607b0c25e1749191e4d837","name":"Redaktionen SvM","description":"Redaktionen","sameAs":["https:\/\/lightweb.dev\/l\/svm-temp"],"url":"https:\/\/lightweb.dev\/l\/svm-temp\/reporter\/redaktionen\/"}]}},"_links":{"self":[{"href":"https:\/\/lightweb.dev\/l\/svm-temp\/wp-json\/wp\/v2\/posts\/23524","targetHints":{"allow":["GET"]}}],"collection":[{"href":"https:\/\/lightweb.dev\/l\/svm-temp\/wp-json\/wp\/v2\/posts"}],"about":[{"href":"https:\/\/lightweb.dev\/l\/svm-temp\/wp-json\/wp\/v2\/types\/post"}],"author":[{"embeddable":true,"href":"https:\/\/lightweb.dev\/l\/svm-temp\/wp-json\/wp\/v2\/users\/8"}],"replies":[{"embeddable":true,"href":"https:\/\/lightweb.dev\/l\/svm-temp\/wp-json\/wp\/v2\/comments?post=23524"}],"version-history":[{"count":0,"href":"https:\/\/lightweb.dev\/l\/svm-temp\/wp-json\/wp\/v2\/posts\/23524\/revisions"}],"wp:featuredmedia":[{"embeddable":true,"href":"https:\/\/lightweb.dev\/l\/svm-temp\/wp-json\/wp\/v2\/media\/23525"}],"wp:attachment":[{"href":"https:\/\/lightweb.dev\/l\/svm-temp\/wp-json\/wp\/v2\/media?parent=23524"}],"wp:term":[{"taxonomy":"category","embeddable":true,"href":"https:\/\/lightweb.dev\/l\/svm-temp\/wp-json\/wp\/v2\/categories?post=23524"},{"taxonomy":"post_tag","embeddable":true,"href":"https:\/\/lightweb.dev\/l\/svm-temp\/wp-json\/wp\/v2\/tags?post=23524"}],"curies":[{"name":"wp","href":"https:\/\/api.w.org\/{rel}","templated":true}]}}