{"id":23528,"date":"2015-09-24T00:00:00","date_gmt":"2015-09-23T22:00:00","guid":{"rendered":"https:\/\/lightweb.dev\/l\/svm-temp\/nyheter\/idag-invigs-nya-bron-over-cadizbukten\/"},"modified":"2015-09-24T00:00:00","modified_gmt":"2015-09-23T22:00:00","slug":"idag-invigs-nya-bron-over-cadizbukten","status":"publish","type":"post","link":"https:\/\/lightweb.dev\/l\/svm-temp\/nyheter\/idag-invigs-nya-bron-over-cadizbukten\/","title":{"rendered":"Idag invigs nya bron \u00f6ver C\u00e1dizbukten"},"content":{"rendered":"<p> Den \u00e4r dyrare \u00e4n b\u00e5de Golden Gate och Brooklyn-bron. Idag invigs den nya bron \u00f6ver C\u00e1dizbukten ett bygge som kostat 511 miljoner euro. Den g\u00e5r under namnet \u201dpuente de la Constituci\u00f3n de 1812\u201d ocks\u00e5 k\u00e4nd som \u201dpuente de La Pepa\u201d efter h\u00e4ndelsen d\u00e5 konstitutionen skrevs i C\u00e1diz 1812 som ocks\u00e5 har smeknamnet \u201dLa Pepa\u201d.<\/p>\n<p>Den blir den n\u00e4st h\u00f6gsta bron i v\u00e4rlden med segelfri h\u00f6jd p\u00e5 69 meter. Bara Verrazano Narrows i New York \u00e4r h\u00f6gre. Bakom C\u00e1diz nya bro ligger Golden Gate i San Francisco, 67 meter, och Brooklyn-bron.<\/p>\n<p>Det \u00e4r den tredje st\u00f6rsta i Europa n\u00e4r vi talar om huvudspann, 540 meter, efter Normandie-bron i Frankrike och Rion Antirion i Grekland. Bron best\u00e5r av en motorv\u00e4g med tv\u00e5 k\u00f6rf\u00e4lt i vardera riktning. Det finns \u00e4ven en del reserverad f\u00f6r sp\u00e5rvagn.<\/p>\n<p>Bron m\u00e4ter 5.001 meter och f\u00f6renar C\u00e1diz med Puerto Real. 3.157 meter \u00e4r byggd \u00f6ver vatten.<\/p>\n<p>Den f\u00f6rsta bron \u00f6ver C\u00e1dizbukten var Carranza-bron som invigdes 1969.<\/p>\n<p>Regeringschefen Mariano Rajoy n\u00e4rvarar liksom C\u00e1diz borgm\u00e4stare Jos\u00e9 Mar\u00eda Gonz\u00e1lez mera k\u00e4nd under namnet \u201dKichi\u201d. \u00c4ven Andalusiens regionala president Susana D\u00edaz medverkar.<\/p>\n<p>Invigningen av den nya bron har bidragit till en infekterad strid efter att regeringen meddelade dag f\u00f6r invigningen utan att kommunledningen i C\u00e1diz visste om det.<\/p>\n<p>Bron kostade 273 miljoner euro mer \u00e4n f\u00f6rv\u00e4ntat och tog fem \u00e5r extra att f\u00e4rdigst\u00e4lla. Den skulle ha byggts p\u00e5 tre \u00e5r men den var klar f\u00f6rst efter \u00e5tta \u00e5r. <\/p>\n","protected":false},"excerpt":{"rendered":"<p>Den \u00e4r dyrare \u00e4n b\u00e5de Golden Gate och Brooklyn-bron. Idag invigs den nya bron \u00f6ver C\u00e1dizbukten ett bygge som kostat 511 miljoner euro. Den g\u00e5r under namnet \u201dpuente de la Constituci\u00f3n de 1812\u201d ocks\u00e5 k\u00e4nd som \u201dpuente de La Pepa\u201d efter h\u00e4ndelsen d\u00e5 konstitutionen skrevs i C\u00e1diz 1812 som ocks\u00e5 har smeknamnet \u201dLa Pepa\u201d. Den [&hellip;]<\/p>\n","protected":false},"author":8,"featured_media":23529,"comment_status":"open","ping_status":"open","sticky":false,"template":"","format":"standard","meta":{"_et_pb_use_builder":"","_et_pb_old_content":"","_et_gb_content_width":"","footnotes":""},"categories":[395,3],"tags":[],"class_list":["post-23528","post","type-post","status-publish","format-standard","has-post-thumbnail","hentry","category-arkiv-nyheter","category-nyheter"],"yoast_head":"<!-- This site is optimized with the Yoast SEO Premium plugin v26.2 (Yoast SEO v27.4) - https:\/\/yoast.com\/product\/yoast-seo-premium-wordpress\/ -->\n<title>Idag invigs nya bron \u00f6ver C\u00e1dizbukten - Svenska Magasinet<\/title>\n<meta name=\"robots\" content=\"noindex, follow, max-snippet:-1, max-image-preview:large, max-video-preview:-1\" \/>\n<meta property=\"og:locale\" content=\"sv_SE\" \/>\n<meta property=\"og:type\" content=\"article\" \/>\n<meta property=\"og:title\" content=\"Idag invigs nya bron \u00f6ver C\u00e1dizbukten\" \/>\n<meta property=\"og:description\" content=\"Den \u00e4r dyrare \u00e4n b\u00e5de Golden Gate och Brooklyn-bron. Idag invigs den nya bron \u00f6ver C\u00e1dizbukten ett bygge som kostat 511 miljoner euro. Den g\u00e5r under namnet \u201dpuente de la Constituci\u00f3n de 1812\u201d ocks\u00e5 k\u00e4nd som \u201dpuente de La Pepa\u201d efter h\u00e4ndelsen d\u00e5 konstitutionen skrevs i C\u00e1diz 1812 som ocks\u00e5 har smeknamnet \u201dLa Pepa\u201d. Den [&hellip;]\" \/>\n<meta property=\"og:url\" content=\"https:\/\/lightweb.dev\/l\/svm-temp\/nyheter\/idag-invigs-nya-bron-over-cadizbukten\/\" \/>\n<meta property=\"og:site_name\" content=\"Svenska Magasinet\" \/>\n<meta property=\"article:publisher\" content=\"https:\/\/www.facebook.com\/svenskamagasinet\" \/>\n<meta property=\"article:published_time\" content=\"2015-09-23T22:00:00+00:00\" \/>\n<meta property=\"og:image\" content=\"https:\/\/lightweb.dev\/l\/svm-temp\/wp-content\/uploads\/2022\/06\/idag-invigs-nya-bron-over-cadizbukten.png\" \/>\n\t<meta property=\"og:image:width\" content=\"456\" \/>\n\t<meta property=\"og:image:height\" content=\"200\" \/>\n\t<meta property=\"og:image:type\" content=\"image\/png\" \/>\n<meta name=\"author\" content=\"Redaktionen SvM\" \/>\n<meta name=\"twitter:card\" content=\"summary_large_image\" \/>\n<meta name=\"twitter:creator\" content=\"@SvenskaMagasine\" \/>\n<meta name=\"twitter:site\" content=\"@SvenskaMagasine\" \/>\n<script type=\"application\/ld+json\" class=\"yoast-schema-graph\">{\"@context\":\"https:\\\/\\\/schema.org\",\"@graph\":[{\"@type\":\"Article\",\"@id\":\"https:\\\/\\\/lightweb.dev\\\/l\\\/svm-temp\\\/nyheter\\\/idag-invigs-nya-bron-over-cadizbukten\\\/#article\",\"isPartOf\":{\"@id\":\"https:\\\/\\\/lightweb.dev\\\/l\\\/svm-temp\\\/nyheter\\\/idag-invigs-nya-bron-over-cadizbukten\\\/\"},\"author\":{\"name\":\"Redaktionen SvM\",\"@id\":\"https:\\\/\\\/lightweb.dev\\\/l\\\/svm-temp\\\/#\\\/schema\\\/person\\\/206a3bda5b607b0c25e1749191e4d837\"},\"headline\":\"Idag invigs nya bron \u00f6ver C\u00e1dizbukten\",\"datePublished\":\"2015-09-23T22:00:00+00:00\",\"mainEntityOfPage\":{\"@id\":\"https:\\\/\\\/lightweb.dev\\\/l\\\/svm-temp\\\/nyheter\\\/idag-invigs-nya-bron-over-cadizbukten\\\/\"},\"wordCount\":273,\"commentCount\":0,\"publisher\":{\"@id\":\"https:\\\/\\\/lightweb.dev\\\/l\\\/svm-temp\\\/#organization\"},\"image\":{\"@id\":\"https:\\\/\\\/lightweb.dev\\\/l\\\/svm-temp\\\/nyheter\\\/idag-invigs-nya-bron-over-cadizbukten\\\/#primaryimage\"},\"thumbnailUrl\":\"https:\\\/\\\/lightweb.dev\\\/l\\\/svm-temp\\\/wp-content\\\/uploads\\\/2022\\\/06\\\/idag-invigs-nya-bron-over-cadizbukten.png\",\"articleSection\":[\"Arkiv\",\"Nyheter\"],\"inLanguage\":\"sv-SE\"},{\"@type\":\"WebPage\",\"@id\":\"https:\\\/\\\/lightweb.dev\\\/l\\\/svm-temp\\\/nyheter\\\/idag-invigs-nya-bron-over-cadizbukten\\\/\",\"url\":\"https:\\\/\\\/lightweb.dev\\\/l\\\/svm-temp\\\/nyheter\\\/idag-invigs-nya-bron-over-cadizbukten\\\/\",\"name\":\"Idag invigs nya bron \u00f6ver C\u00e1dizbukten - Svenska Magasinet\",\"isPartOf\":{\"@id\":\"https:\\\/\\\/lightweb.dev\\\/l\\\/svm-temp\\\/#website\"},\"primaryImageOfPage\":{\"@id\":\"https:\\\/\\\/lightweb.dev\\\/l\\\/svm-temp\\\/nyheter\\\/idag-invigs-nya-bron-over-cadizbukten\\\/#primaryimage\"},\"image\":{\"@id\":\"https:\\\/\\\/lightweb.dev\\\/l\\\/svm-temp\\\/nyheter\\\/idag-invigs-nya-bron-over-cadizbukten\\\/#primaryimage\"},\"thumbnailUrl\":\"https:\\\/\\\/lightweb.dev\\\/l\\\/svm-temp\\\/wp-content\\\/uploads\\\/2022\\\/06\\\/idag-invigs-nya-bron-over-cadizbukten.png\",\"datePublished\":\"2015-09-23T22:00:00+00:00\",\"breadcrumb\":{\"@id\":\"https:\\\/\\\/lightweb.dev\\\/l\\\/svm-temp\\\/nyheter\\\/idag-invigs-nya-bron-over-cadizbukten\\\/#breadcrumb\"},\"inLanguage\":\"sv-SE\",\"potentialAction\":[{\"@type\":\"ReadAction\",\"target\":[\"https:\\\/\\\/lightweb.dev\\\/l\\\/svm-temp\\\/nyheter\\\/idag-invigs-nya-bron-over-cadizbukten\\\/\"]}]},{\"@type\":\"ImageObject\",\"inLanguage\":\"sv-SE\",\"@id\":\"https:\\\/\\\/lightweb.dev\\\/l\\\/svm-temp\\\/nyheter\\\/idag-invigs-nya-bron-over-cadizbukten\\\/#primaryimage\",\"url\":\"https:\\\/\\\/lightweb.dev\\\/l\\\/svm-temp\\\/wp-content\\\/uploads\\\/2022\\\/06\\\/idag-invigs-nya-bron-over-cadizbukten.png\",\"contentUrl\":\"https:\\\/\\\/lightweb.dev\\\/l\\\/svm-temp\\\/wp-content\\\/uploads\\\/2022\\\/06\\\/idag-invigs-nya-bron-over-cadizbukten.png\",\"width\":456,\"height\":200},{\"@type\":\"BreadcrumbList\",\"@id\":\"https:\\\/\\\/lightweb.dev\\\/l\\\/svm-temp\\\/nyheter\\\/idag-invigs-nya-bron-over-cadizbukten\\\/#breadcrumb\",\"itemListElement\":[{\"@type\":\"ListItem\",\"position\":1,\"name\":\"Hem\",\"item\":\"https:\\\/\\\/lightweb.dev\\\/l\\\/svm-temp\\\/\"},{\"@type\":\"ListItem\",\"position\":2,\"name\":\"Idag invigs nya bron \u00f6ver C\u00e1dizbukten\"}]},{\"@type\":\"WebSite\",\"@id\":\"https:\\\/\\\/lightweb.dev\\\/l\\\/svm-temp\\\/#website\",\"url\":\"https:\\\/\\\/lightweb.dev\\\/l\\\/svm-temp\\\/\",\"name\":\"Svenska Magasinet\",\"description\":\"Dina Spanska nyheter p&aring; Svenska\",\"publisher\":{\"@id\":\"https:\\\/\\\/lightweb.dev\\\/l\\\/svm-temp\\\/#organization\"},\"potentialAction\":[{\"@type\":\"SearchAction\",\"target\":{\"@type\":\"EntryPoint\",\"urlTemplate\":\"https:\\\/\\\/lightweb.dev\\\/l\\\/svm-temp\\\/?s={search_term_string}\"},\"query-input\":{\"@type\":\"PropertyValueSpecification\",\"valueRequired\":true,\"valueName\":\"search_term_string\"}}],\"inLanguage\":\"sv-SE\"},{\"@type\":\"Organization\",\"@id\":\"https:\\\/\\\/lightweb.dev\\\/l\\\/svm-temp\\\/#organization\",\"name\":\"Melkerson y Nott SL\",\"alternateName\":\"Svenska Magasinet\",\"url\":\"https:\\\/\\\/lightweb.dev\\\/l\\\/svm-temp\\\/\",\"logo\":{\"@type\":\"ImageObject\",\"inLanguage\":\"sv-SE\",\"@id\":\"https:\\\/\\\/lightweb.dev\\\/l\\\/svm-temp\\\/#\\\/schema\\\/logo\\\/image\\\/\",\"url\":\"https:\\\/\\\/lightweb.dev\\\/l\\\/svm-temp\\\/wp-content\\\/uploads\\\/2025\\\/02\\\/SvM-logo-Xtra-Centrerad-SVART.png\",\"contentUrl\":\"https:\\\/\\\/lightweb.dev\\\/l\\\/svm-temp\\\/wp-content\\\/uploads\\\/2025\\\/02\\\/SvM-logo-Xtra-Centrerad-SVART.png\",\"width\":300,\"height\":99,\"caption\":\"Melkerson y Nott SL\"},\"image\":{\"@id\":\"https:\\\/\\\/lightweb.dev\\\/l\\\/svm-temp\\\/#\\\/schema\\\/logo\\\/image\\\/\"},\"sameAs\":[\"https:\\\/\\\/www.facebook.com\\\/svenskamagasinet\",\"https:\\\/\\\/x.com\\\/SvenskaMagasine\"]},{\"@type\":\"Person\",\"@id\":\"https:\\\/\\\/lightweb.dev\\\/l\\\/svm-temp\\\/#\\\/schema\\\/person\\\/206a3bda5b607b0c25e1749191e4d837\",\"name\":\"Redaktionen SvM\",\"description\":\"Redaktionen\",\"sameAs\":[\"https:\\\/\\\/lightweb.dev\\\/l\\\/svm-temp\"],\"url\":\"https:\\\/\\\/lightweb.dev\\\/l\\\/svm-temp\\\/reporter\\\/redaktionen\\\/\"}]}<\/script>\n<!-- \/ Yoast SEO Premium plugin. -->","yoast_head_json":{"title":"Idag invigs nya bron \u00f6ver C\u00e1dizbukten - Svenska Magasinet","robots":{"index":"noindex","follow":"follow","max-snippet":"max-snippet:-1","max-image-preview":"max-image-preview:large","max-video-preview":"max-video-preview:-1"},"og_locale":"sv_SE","og_type":"article","og_title":"Idag invigs nya bron \u00f6ver C\u00e1dizbukten","og_description":"Den \u00e4r dyrare \u00e4n b\u00e5de Golden Gate och Brooklyn-bron. Idag invigs den nya bron \u00f6ver C\u00e1dizbukten ett bygge som kostat 511 miljoner euro. Den g\u00e5r under namnet \u201dpuente de la Constituci\u00f3n de 1812\u201d ocks\u00e5 k\u00e4nd som \u201dpuente de La Pepa\u201d efter h\u00e4ndelsen d\u00e5 konstitutionen skrevs i C\u00e1diz 1812 som ocks\u00e5 har smeknamnet \u201dLa Pepa\u201d. Den [&hellip;]","og_url":"https:\/\/lightweb.dev\/l\/svm-temp\/nyheter\/idag-invigs-nya-bron-over-cadizbukten\/","og_site_name":"Svenska Magasinet","article_publisher":"https:\/\/www.facebook.com\/svenskamagasinet","article_published_time":"2015-09-23T22:00:00+00:00","og_image":[{"width":456,"height":200,"url":"https:\/\/lightweb.dev\/l\/svm-temp\/wp-content\/uploads\/2022\/06\/idag-invigs-nya-bron-over-cadizbukten.png","type":"image\/png"}],"author":"Redaktionen SvM","twitter_card":"summary_large_image","twitter_creator":"@SvenskaMagasine","twitter_site":"@SvenskaMagasine","schema":{"@context":"https:\/\/schema.org","@graph":[{"@type":"Article","@id":"https:\/\/lightweb.dev\/l\/svm-temp\/nyheter\/idag-invigs-nya-bron-over-cadizbukten\/#article","isPartOf":{"@id":"https:\/\/lightweb.dev\/l\/svm-temp\/nyheter\/idag-invigs-nya-bron-over-cadizbukten\/"},"author":{"name":"Redaktionen SvM","@id":"https:\/\/lightweb.dev\/l\/svm-temp\/#\/schema\/person\/206a3bda5b607b0c25e1749191e4d837"},"headline":"Idag invigs nya bron \u00f6ver C\u00e1dizbukten","datePublished":"2015-09-23T22:00:00+00:00","mainEntityOfPage":{"@id":"https:\/\/lightweb.dev\/l\/svm-temp\/nyheter\/idag-invigs-nya-bron-over-cadizbukten\/"},"wordCount":273,"commentCount":0,"publisher":{"@id":"https:\/\/lightweb.dev\/l\/svm-temp\/#organization"},"image":{"@id":"https:\/\/lightweb.dev\/l\/svm-temp\/nyheter\/idag-invigs-nya-bron-over-cadizbukten\/#primaryimage"},"thumbnailUrl":"https:\/\/lightweb.dev\/l\/svm-temp\/wp-content\/uploads\/2022\/06\/idag-invigs-nya-bron-over-cadizbukten.png","articleSection":["Arkiv","Nyheter"],"inLanguage":"sv-SE"},{"@type":"WebPage","@id":"https:\/\/lightweb.dev\/l\/svm-temp\/nyheter\/idag-invigs-nya-bron-over-cadizbukten\/","url":"https:\/\/lightweb.dev\/l\/svm-temp\/nyheter\/idag-invigs-nya-bron-over-cadizbukten\/","name":"Idag invigs nya bron \u00f6ver C\u00e1dizbukten - Svenska Magasinet","isPartOf":{"@id":"https:\/\/lightweb.dev\/l\/svm-temp\/#website"},"primaryImageOfPage":{"@id":"https:\/\/lightweb.dev\/l\/svm-temp\/nyheter\/idag-invigs-nya-bron-over-cadizbukten\/#primaryimage"},"image":{"@id":"https:\/\/lightweb.dev\/l\/svm-temp\/nyheter\/idag-invigs-nya-bron-over-cadizbukten\/#primaryimage"},"thumbnailUrl":"https:\/\/lightweb.dev\/l\/svm-temp\/wp-content\/uploads\/2022\/06\/idag-invigs-nya-bron-over-cadizbukten.png","datePublished":"2015-09-23T22:00:00+00:00","breadcrumb":{"@id":"https:\/\/lightweb.dev\/l\/svm-temp\/nyheter\/idag-invigs-nya-bron-over-cadizbukten\/#breadcrumb"},"inLanguage":"sv-SE","potentialAction":[{"@type":"ReadAction","target":["https:\/\/lightweb.dev\/l\/svm-temp\/nyheter\/idag-invigs-nya-bron-over-cadizbukten\/"]}]},{"@type":"ImageObject","inLanguage":"sv-SE","@id":"https:\/\/lightweb.dev\/l\/svm-temp\/nyheter\/idag-invigs-nya-bron-over-cadizbukten\/#primaryimage","url":"https:\/\/lightweb.dev\/l\/svm-temp\/wp-content\/uploads\/2022\/06\/idag-invigs-nya-bron-over-cadizbukten.png","contentUrl":"https:\/\/lightweb.dev\/l\/svm-temp\/wp-content\/uploads\/2022\/06\/idag-invigs-nya-bron-over-cadizbukten.png","width":456,"height":200},{"@type":"BreadcrumbList","@id":"https:\/\/lightweb.dev\/l\/svm-temp\/nyheter\/idag-invigs-nya-bron-over-cadizbukten\/#breadcrumb","itemListElement":[{"@type":"ListItem","position":1,"name":"Hem","item":"https:\/\/lightweb.dev\/l\/svm-temp\/"},{"@type":"ListItem","position":2,"name":"Idag invigs nya bron \u00f6ver C\u00e1dizbukten"}]},{"@type":"WebSite","@id":"https:\/\/lightweb.dev\/l\/svm-temp\/#website","url":"https:\/\/lightweb.dev\/l\/svm-temp\/","name":"Svenska Magasinet","description":"Dina Spanska nyheter p&aring; Svenska","publisher":{"@id":"https:\/\/lightweb.dev\/l\/svm-temp\/#organization"},"potentialAction":[{"@type":"SearchAction","target":{"@type":"EntryPoint","urlTemplate":"https:\/\/lightweb.dev\/l\/svm-temp\/?s={search_term_string}"},"query-input":{"@type":"PropertyValueSpecification","valueRequired":true,"valueName":"search_term_string"}}],"inLanguage":"sv-SE"},{"@type":"Organization","@id":"https:\/\/lightweb.dev\/l\/svm-temp\/#organization","name":"Melkerson y Nott SL","alternateName":"Svenska Magasinet","url":"https:\/\/lightweb.dev\/l\/svm-temp\/","logo":{"@type":"ImageObject","inLanguage":"sv-SE","@id":"https:\/\/lightweb.dev\/l\/svm-temp\/#\/schema\/logo\/image\/","url":"https:\/\/lightweb.dev\/l\/svm-temp\/wp-content\/uploads\/2025\/02\/SvM-logo-Xtra-Centrerad-SVART.png","contentUrl":"https:\/\/lightweb.dev\/l\/svm-temp\/wp-content\/uploads\/2025\/02\/SvM-logo-Xtra-Centrerad-SVART.png","width":300,"height":99,"caption":"Melkerson y Nott SL"},"image":{"@id":"https:\/\/lightweb.dev\/l\/svm-temp\/#\/schema\/logo\/image\/"},"sameAs":["https:\/\/www.facebook.com\/svenskamagasinet","https:\/\/x.com\/SvenskaMagasine"]},{"@type":"Person","@id":"https:\/\/lightweb.dev\/l\/svm-temp\/#\/schema\/person\/206a3bda5b607b0c25e1749191e4d837","name":"Redaktionen SvM","description":"Redaktionen","sameAs":["https:\/\/lightweb.dev\/l\/svm-temp"],"url":"https:\/\/lightweb.dev\/l\/svm-temp\/reporter\/redaktionen\/"}]}},"_links":{"self":[{"href":"https:\/\/lightweb.dev\/l\/svm-temp\/wp-json\/wp\/v2\/posts\/23528","targetHints":{"allow":["GET"]}}],"collection":[{"href":"https:\/\/lightweb.dev\/l\/svm-temp\/wp-json\/wp\/v2\/posts"}],"about":[{"href":"https:\/\/lightweb.dev\/l\/svm-temp\/wp-json\/wp\/v2\/types\/post"}],"author":[{"embeddable":true,"href":"https:\/\/lightweb.dev\/l\/svm-temp\/wp-json\/wp\/v2\/users\/8"}],"replies":[{"embeddable":true,"href":"https:\/\/lightweb.dev\/l\/svm-temp\/wp-json\/wp\/v2\/comments?post=23528"}],"version-history":[{"count":0,"href":"https:\/\/lightweb.dev\/l\/svm-temp\/wp-json\/wp\/v2\/posts\/23528\/revisions"}],"wp:featuredmedia":[{"embeddable":true,"href":"https:\/\/lightweb.dev\/l\/svm-temp\/wp-json\/wp\/v2\/media\/23529"}],"wp:attachment":[{"href":"https:\/\/lightweb.dev\/l\/svm-temp\/wp-json\/wp\/v2\/media?parent=23528"}],"wp:term":[{"taxonomy":"category","embeddable":true,"href":"https:\/\/lightweb.dev\/l\/svm-temp\/wp-json\/wp\/v2\/categories?post=23528"},{"taxonomy":"post_tag","embeddable":true,"href":"https:\/\/lightweb.dev\/l\/svm-temp\/wp-json\/wp\/v2\/tags?post=23528"}],"curies":[{"name":"wp","href":"https:\/\/api.w.org\/{rel}","templated":true}]}}