{"id":23530,"date":"2015-09-24T00:00:00","date_gmt":"2015-09-23T22:00:00","guid":{"rendered":"https:\/\/lightweb.dev\/l\/svm-temp\/nyheter\/utmarkelse-till-estepona-for-hallbar-utveckling-av-gamla-stan\/"},"modified":"2015-09-24T00:00:00","modified_gmt":"2015-09-23T22:00:00","slug":"utmarkelse-till-estepona-for-hallbar-utveckling-av-gamla-stan","status":"publish","type":"post","link":"https:\/\/lightweb.dev\/l\/svm-temp\/nyheter\/utmarkelse-till-estepona-for-hallbar-utveckling-av-gamla-stan\/","title":{"rendered":"Utm\u00e4rkelse till Estepona f\u00f6r h\u00e5llbar utveckling av Gamla stan"},"content":{"rendered":"<p> Estepona kommun har f\u00e5tt en utm\u00e4rkelse i form av en bronsstaty av Milj\u00f6departementet efter det fina arbetet med att f\u00f6rsk\u00f6na Gamla stan. Priset delas ut varje \u00e5r till kommuner, institutioner och f\u00f6retag som g\u00f6r satsningar p\u00e5 h\u00e5llbar utveckling.<\/p>\n<p>Priset som Estepona f\u00e5r \u00e4r en utm\u00e4rkelse till kommuner med \u00f6ver 50.000 inv\u00e5nare.  Totalt har 70 gator, totalt \u00f6ver 13 kilometer, i Gamla stan renoverats och snyggats upp och blivit g\u00e5gator.<\/p>\n<p>\u201dM\u00e5let var att f\u00f6rsk\u00f6na Gamla stan och f\u00f6rb\u00e4ttra tillg\u00e4ngligheten f\u00f6r g\u00e5ende\u201d s\u00e4ger borgm\u00e4staren Jos\u00e9 Mar\u00eda Garc\u00eda Urbano. Estepona kallas numera f\u00f6r \u201dEl Jard\u00edn de la Costa del Sol\u201d, Solkustens tr\u00e4dg\u00e5rd.<\/p>\n<p>N\u00e4sta stora projekt \u00e4r den promenad som byggs utmed havet och som ska knyta ihop Estepona med Marbella och Casares. Strandpromenaden ska st\u00e5 f\u00e4rdig 2016. Gamla stan i Estepona \u2013 vackrast p\u00e5 Solkusten<\/p>\n","protected":false},"excerpt":{"rendered":"<p>Estepona kommun har f\u00e5tt en utm\u00e4rkelse i form av en bronsstaty av Milj\u00f6departementet efter det fina arbetet med att f\u00f6rsk\u00f6na Gamla stan. Priset delas ut varje \u00e5r till kommuner, institutioner och f\u00f6retag som g\u00f6r satsningar p\u00e5 h\u00e5llbar utveckling. Priset som Estepona f\u00e5r \u00e4r en utm\u00e4rkelse till kommuner med \u00f6ver 50.000 inv\u00e5nare. Totalt har 70 gator, [&hellip;]<\/p>\n","protected":false},"author":8,"featured_media":23531,"comment_status":"open","ping_status":"open","sticky":false,"template":"","format":"standard","meta":{"_et_pb_use_builder":"","_et_pb_old_content":"","_et_gb_content_width":"","footnotes":""},"categories":[395,3],"tags":[],"class_list":["post-23530","post","type-post","status-publish","format-standard","has-post-thumbnail","hentry","category-arkiv-nyheter","category-nyheter"],"yoast_head":"<!-- This site is optimized with the Yoast SEO Premium plugin v26.2 (Yoast SEO v27.4) - https:\/\/yoast.com\/product\/yoast-seo-premium-wordpress\/ -->\n<title>Utm\u00e4rkelse till Estepona f\u00f6r h\u00e5llbar utveckling av Gamla stan - Svenska Magasinet<\/title>\n<meta name=\"robots\" content=\"noindex, follow, max-snippet:-1, max-image-preview:large, max-video-preview:-1\" \/>\n<meta property=\"og:locale\" content=\"sv_SE\" \/>\n<meta property=\"og:type\" content=\"article\" \/>\n<meta property=\"og:title\" content=\"Utm\u00e4rkelse till Estepona f\u00f6r h\u00e5llbar utveckling av Gamla stan\" \/>\n<meta property=\"og:description\" content=\"Estepona kommun har f\u00e5tt en utm\u00e4rkelse i form av en bronsstaty av Milj\u00f6departementet efter det fina arbetet med att f\u00f6rsk\u00f6na Gamla stan. Priset delas ut varje \u00e5r till kommuner, institutioner och f\u00f6retag som g\u00f6r satsningar p\u00e5 h\u00e5llbar utveckling. Priset som Estepona f\u00e5r \u00e4r en utm\u00e4rkelse till kommuner med \u00f6ver 50.000 inv\u00e5nare. Totalt har 70 gator, [&hellip;]\" \/>\n<meta property=\"og:url\" content=\"https:\/\/lightweb.dev\/l\/svm-temp\/nyheter\/utmarkelse-till-estepona-for-hallbar-utveckling-av-gamla-stan\/\" \/>\n<meta property=\"og:site_name\" content=\"Svenska Magasinet\" \/>\n<meta property=\"article:publisher\" content=\"https:\/\/www.facebook.com\/svenskamagasinet\" \/>\n<meta property=\"article:published_time\" content=\"2015-09-23T22:00:00+00:00\" \/>\n<meta property=\"og:image\" content=\"https:\/\/lightweb.dev\/l\/svm-temp\/wp-content\/uploads\/2022\/06\/utmarkelse-till-estepona-for-hallbar-utveckling-av-gamla-stan.png\" \/>\n\t<meta property=\"og:image:width\" content=\"299\" \/>\n\t<meta property=\"og:image:height\" content=\"200\" \/>\n\t<meta property=\"og:image:type\" content=\"image\/png\" \/>\n<meta name=\"author\" content=\"Redaktionen SvM\" \/>\n<meta name=\"twitter:card\" content=\"summary_large_image\" \/>\n<meta name=\"twitter:creator\" content=\"@SvenskaMagasine\" \/>\n<meta name=\"twitter:site\" content=\"@SvenskaMagasine\" \/>\n<script type=\"application\/ld+json\" class=\"yoast-schema-graph\">{\"@context\":\"https:\\\/\\\/schema.org\",\"@graph\":[{\"@type\":\"Article\",\"@id\":\"https:\\\/\\\/lightweb.dev\\\/l\\\/svm-temp\\\/nyheter\\\/utmarkelse-till-estepona-for-hallbar-utveckling-av-gamla-stan\\\/#article\",\"isPartOf\":{\"@id\":\"https:\\\/\\\/lightweb.dev\\\/l\\\/svm-temp\\\/nyheter\\\/utmarkelse-till-estepona-for-hallbar-utveckling-av-gamla-stan\\\/\"},\"author\":{\"name\":\"Redaktionen SvM\",\"@id\":\"https:\\\/\\\/lightweb.dev\\\/l\\\/svm-temp\\\/#\\\/schema\\\/person\\\/206a3bda5b607b0c25e1749191e4d837\"},\"headline\":\"Utm\u00e4rkelse till Estepona f\u00f6r h\u00e5llbar utveckling av Gamla stan\",\"datePublished\":\"2015-09-23T22:00:00+00:00\",\"mainEntityOfPage\":{\"@id\":\"https:\\\/\\\/lightweb.dev\\\/l\\\/svm-temp\\\/nyheter\\\/utmarkelse-till-estepona-for-hallbar-utveckling-av-gamla-stan\\\/\"},\"wordCount\":169,\"commentCount\":0,\"publisher\":{\"@id\":\"https:\\\/\\\/lightweb.dev\\\/l\\\/svm-temp\\\/#organization\"},\"image\":{\"@id\":\"https:\\\/\\\/lightweb.dev\\\/l\\\/svm-temp\\\/nyheter\\\/utmarkelse-till-estepona-for-hallbar-utveckling-av-gamla-stan\\\/#primaryimage\"},\"thumbnailUrl\":\"https:\\\/\\\/lightweb.dev\\\/l\\\/svm-temp\\\/wp-content\\\/uploads\\\/2022\\\/06\\\/utmarkelse-till-estepona-for-hallbar-utveckling-av-gamla-stan.png\",\"articleSection\":[\"Arkiv\",\"Nyheter\"],\"inLanguage\":\"sv-SE\"},{\"@type\":\"WebPage\",\"@id\":\"https:\\\/\\\/lightweb.dev\\\/l\\\/svm-temp\\\/nyheter\\\/utmarkelse-till-estepona-for-hallbar-utveckling-av-gamla-stan\\\/\",\"url\":\"https:\\\/\\\/lightweb.dev\\\/l\\\/svm-temp\\\/nyheter\\\/utmarkelse-till-estepona-for-hallbar-utveckling-av-gamla-stan\\\/\",\"name\":\"Utm\u00e4rkelse till Estepona f\u00f6r h\u00e5llbar utveckling av Gamla stan - Svenska Magasinet\",\"isPartOf\":{\"@id\":\"https:\\\/\\\/lightweb.dev\\\/l\\\/svm-temp\\\/#website\"},\"primaryImageOfPage\":{\"@id\":\"https:\\\/\\\/lightweb.dev\\\/l\\\/svm-temp\\\/nyheter\\\/utmarkelse-till-estepona-for-hallbar-utveckling-av-gamla-stan\\\/#primaryimage\"},\"image\":{\"@id\":\"https:\\\/\\\/lightweb.dev\\\/l\\\/svm-temp\\\/nyheter\\\/utmarkelse-till-estepona-for-hallbar-utveckling-av-gamla-stan\\\/#primaryimage\"},\"thumbnailUrl\":\"https:\\\/\\\/lightweb.dev\\\/l\\\/svm-temp\\\/wp-content\\\/uploads\\\/2022\\\/06\\\/utmarkelse-till-estepona-for-hallbar-utveckling-av-gamla-stan.png\",\"datePublished\":\"2015-09-23T22:00:00+00:00\",\"breadcrumb\":{\"@id\":\"https:\\\/\\\/lightweb.dev\\\/l\\\/svm-temp\\\/nyheter\\\/utmarkelse-till-estepona-for-hallbar-utveckling-av-gamla-stan\\\/#breadcrumb\"},\"inLanguage\":\"sv-SE\",\"potentialAction\":[{\"@type\":\"ReadAction\",\"target\":[\"https:\\\/\\\/lightweb.dev\\\/l\\\/svm-temp\\\/nyheter\\\/utmarkelse-till-estepona-for-hallbar-utveckling-av-gamla-stan\\\/\"]}]},{\"@type\":\"ImageObject\",\"inLanguage\":\"sv-SE\",\"@id\":\"https:\\\/\\\/lightweb.dev\\\/l\\\/svm-temp\\\/nyheter\\\/utmarkelse-till-estepona-for-hallbar-utveckling-av-gamla-stan\\\/#primaryimage\",\"url\":\"https:\\\/\\\/lightweb.dev\\\/l\\\/svm-temp\\\/wp-content\\\/uploads\\\/2022\\\/06\\\/utmarkelse-till-estepona-for-hallbar-utveckling-av-gamla-stan.png\",\"contentUrl\":\"https:\\\/\\\/lightweb.dev\\\/l\\\/svm-temp\\\/wp-content\\\/uploads\\\/2022\\\/06\\\/utmarkelse-till-estepona-for-hallbar-utveckling-av-gamla-stan.png\",\"width\":299,\"height\":200},{\"@type\":\"BreadcrumbList\",\"@id\":\"https:\\\/\\\/lightweb.dev\\\/l\\\/svm-temp\\\/nyheter\\\/utmarkelse-till-estepona-for-hallbar-utveckling-av-gamla-stan\\\/#breadcrumb\",\"itemListElement\":[{\"@type\":\"ListItem\",\"position\":1,\"name\":\"Hem\",\"item\":\"https:\\\/\\\/lightweb.dev\\\/l\\\/svm-temp\\\/\"},{\"@type\":\"ListItem\",\"position\":2,\"name\":\"Utm\u00e4rkelse till Estepona f\u00f6r h\u00e5llbar utveckling av Gamla stan\"}]},{\"@type\":\"WebSite\",\"@id\":\"https:\\\/\\\/lightweb.dev\\\/l\\\/svm-temp\\\/#website\",\"url\":\"https:\\\/\\\/lightweb.dev\\\/l\\\/svm-temp\\\/\",\"name\":\"Svenska Magasinet\",\"description\":\"Dina Spanska nyheter p&aring; Svenska\",\"publisher\":{\"@id\":\"https:\\\/\\\/lightweb.dev\\\/l\\\/svm-temp\\\/#organization\"},\"potentialAction\":[{\"@type\":\"SearchAction\",\"target\":{\"@type\":\"EntryPoint\",\"urlTemplate\":\"https:\\\/\\\/lightweb.dev\\\/l\\\/svm-temp\\\/?s={search_term_string}\"},\"query-input\":{\"@type\":\"PropertyValueSpecification\",\"valueRequired\":true,\"valueName\":\"search_term_string\"}}],\"inLanguage\":\"sv-SE\"},{\"@type\":\"Organization\",\"@id\":\"https:\\\/\\\/lightweb.dev\\\/l\\\/svm-temp\\\/#organization\",\"name\":\"Melkerson y Nott SL\",\"alternateName\":\"Svenska Magasinet\",\"url\":\"https:\\\/\\\/lightweb.dev\\\/l\\\/svm-temp\\\/\",\"logo\":{\"@type\":\"ImageObject\",\"inLanguage\":\"sv-SE\",\"@id\":\"https:\\\/\\\/lightweb.dev\\\/l\\\/svm-temp\\\/#\\\/schema\\\/logo\\\/image\\\/\",\"url\":\"https:\\\/\\\/lightweb.dev\\\/l\\\/svm-temp\\\/wp-content\\\/uploads\\\/2025\\\/02\\\/SvM-logo-Xtra-Centrerad-SVART.png\",\"contentUrl\":\"https:\\\/\\\/lightweb.dev\\\/l\\\/svm-temp\\\/wp-content\\\/uploads\\\/2025\\\/02\\\/SvM-logo-Xtra-Centrerad-SVART.png\",\"width\":300,\"height\":99,\"caption\":\"Melkerson y Nott SL\"},\"image\":{\"@id\":\"https:\\\/\\\/lightweb.dev\\\/l\\\/svm-temp\\\/#\\\/schema\\\/logo\\\/image\\\/\"},\"sameAs\":[\"https:\\\/\\\/www.facebook.com\\\/svenskamagasinet\",\"https:\\\/\\\/x.com\\\/SvenskaMagasine\"]},{\"@type\":\"Person\",\"@id\":\"https:\\\/\\\/lightweb.dev\\\/l\\\/svm-temp\\\/#\\\/schema\\\/person\\\/206a3bda5b607b0c25e1749191e4d837\",\"name\":\"Redaktionen SvM\",\"description\":\"Redaktionen\",\"sameAs\":[\"https:\\\/\\\/lightweb.dev\\\/l\\\/svm-temp\"],\"url\":\"https:\\\/\\\/lightweb.dev\\\/l\\\/svm-temp\\\/reporter\\\/redaktionen\\\/\"}]}<\/script>\n<!-- \/ Yoast SEO Premium plugin. -->","yoast_head_json":{"title":"Utm\u00e4rkelse till Estepona f\u00f6r h\u00e5llbar utveckling av Gamla stan - Svenska Magasinet","robots":{"index":"noindex","follow":"follow","max-snippet":"max-snippet:-1","max-image-preview":"max-image-preview:large","max-video-preview":"max-video-preview:-1"},"og_locale":"sv_SE","og_type":"article","og_title":"Utm\u00e4rkelse till Estepona f\u00f6r h\u00e5llbar utveckling av Gamla stan","og_description":"Estepona kommun har f\u00e5tt en utm\u00e4rkelse i form av en bronsstaty av Milj\u00f6departementet efter det fina arbetet med att f\u00f6rsk\u00f6na Gamla stan. Priset delas ut varje \u00e5r till kommuner, institutioner och f\u00f6retag som g\u00f6r satsningar p\u00e5 h\u00e5llbar utveckling. Priset som Estepona f\u00e5r \u00e4r en utm\u00e4rkelse till kommuner med \u00f6ver 50.000 inv\u00e5nare. Totalt har 70 gator, [&hellip;]","og_url":"https:\/\/lightweb.dev\/l\/svm-temp\/nyheter\/utmarkelse-till-estepona-for-hallbar-utveckling-av-gamla-stan\/","og_site_name":"Svenska Magasinet","article_publisher":"https:\/\/www.facebook.com\/svenskamagasinet","article_published_time":"2015-09-23T22:00:00+00:00","og_image":[{"width":299,"height":200,"url":"https:\/\/lightweb.dev\/l\/svm-temp\/wp-content\/uploads\/2022\/06\/utmarkelse-till-estepona-for-hallbar-utveckling-av-gamla-stan.png","type":"image\/png"}],"author":"Redaktionen SvM","twitter_card":"summary_large_image","twitter_creator":"@SvenskaMagasine","twitter_site":"@SvenskaMagasine","schema":{"@context":"https:\/\/schema.org","@graph":[{"@type":"Article","@id":"https:\/\/lightweb.dev\/l\/svm-temp\/nyheter\/utmarkelse-till-estepona-for-hallbar-utveckling-av-gamla-stan\/#article","isPartOf":{"@id":"https:\/\/lightweb.dev\/l\/svm-temp\/nyheter\/utmarkelse-till-estepona-for-hallbar-utveckling-av-gamla-stan\/"},"author":{"name":"Redaktionen SvM","@id":"https:\/\/lightweb.dev\/l\/svm-temp\/#\/schema\/person\/206a3bda5b607b0c25e1749191e4d837"},"headline":"Utm\u00e4rkelse till Estepona f\u00f6r h\u00e5llbar utveckling av Gamla stan","datePublished":"2015-09-23T22:00:00+00:00","mainEntityOfPage":{"@id":"https:\/\/lightweb.dev\/l\/svm-temp\/nyheter\/utmarkelse-till-estepona-for-hallbar-utveckling-av-gamla-stan\/"},"wordCount":169,"commentCount":0,"publisher":{"@id":"https:\/\/lightweb.dev\/l\/svm-temp\/#organization"},"image":{"@id":"https:\/\/lightweb.dev\/l\/svm-temp\/nyheter\/utmarkelse-till-estepona-for-hallbar-utveckling-av-gamla-stan\/#primaryimage"},"thumbnailUrl":"https:\/\/lightweb.dev\/l\/svm-temp\/wp-content\/uploads\/2022\/06\/utmarkelse-till-estepona-for-hallbar-utveckling-av-gamla-stan.png","articleSection":["Arkiv","Nyheter"],"inLanguage":"sv-SE"},{"@type":"WebPage","@id":"https:\/\/lightweb.dev\/l\/svm-temp\/nyheter\/utmarkelse-till-estepona-for-hallbar-utveckling-av-gamla-stan\/","url":"https:\/\/lightweb.dev\/l\/svm-temp\/nyheter\/utmarkelse-till-estepona-for-hallbar-utveckling-av-gamla-stan\/","name":"Utm\u00e4rkelse till Estepona f\u00f6r h\u00e5llbar utveckling av Gamla stan - Svenska Magasinet","isPartOf":{"@id":"https:\/\/lightweb.dev\/l\/svm-temp\/#website"},"primaryImageOfPage":{"@id":"https:\/\/lightweb.dev\/l\/svm-temp\/nyheter\/utmarkelse-till-estepona-for-hallbar-utveckling-av-gamla-stan\/#primaryimage"},"image":{"@id":"https:\/\/lightweb.dev\/l\/svm-temp\/nyheter\/utmarkelse-till-estepona-for-hallbar-utveckling-av-gamla-stan\/#primaryimage"},"thumbnailUrl":"https:\/\/lightweb.dev\/l\/svm-temp\/wp-content\/uploads\/2022\/06\/utmarkelse-till-estepona-for-hallbar-utveckling-av-gamla-stan.png","datePublished":"2015-09-23T22:00:00+00:00","breadcrumb":{"@id":"https:\/\/lightweb.dev\/l\/svm-temp\/nyheter\/utmarkelse-till-estepona-for-hallbar-utveckling-av-gamla-stan\/#breadcrumb"},"inLanguage":"sv-SE","potentialAction":[{"@type":"ReadAction","target":["https:\/\/lightweb.dev\/l\/svm-temp\/nyheter\/utmarkelse-till-estepona-for-hallbar-utveckling-av-gamla-stan\/"]}]},{"@type":"ImageObject","inLanguage":"sv-SE","@id":"https:\/\/lightweb.dev\/l\/svm-temp\/nyheter\/utmarkelse-till-estepona-for-hallbar-utveckling-av-gamla-stan\/#primaryimage","url":"https:\/\/lightweb.dev\/l\/svm-temp\/wp-content\/uploads\/2022\/06\/utmarkelse-till-estepona-for-hallbar-utveckling-av-gamla-stan.png","contentUrl":"https:\/\/lightweb.dev\/l\/svm-temp\/wp-content\/uploads\/2022\/06\/utmarkelse-till-estepona-for-hallbar-utveckling-av-gamla-stan.png","width":299,"height":200},{"@type":"BreadcrumbList","@id":"https:\/\/lightweb.dev\/l\/svm-temp\/nyheter\/utmarkelse-till-estepona-for-hallbar-utveckling-av-gamla-stan\/#breadcrumb","itemListElement":[{"@type":"ListItem","position":1,"name":"Hem","item":"https:\/\/lightweb.dev\/l\/svm-temp\/"},{"@type":"ListItem","position":2,"name":"Utm\u00e4rkelse till Estepona f\u00f6r h\u00e5llbar utveckling av Gamla stan"}]},{"@type":"WebSite","@id":"https:\/\/lightweb.dev\/l\/svm-temp\/#website","url":"https:\/\/lightweb.dev\/l\/svm-temp\/","name":"Svenska Magasinet","description":"Dina Spanska nyheter p&aring; Svenska","publisher":{"@id":"https:\/\/lightweb.dev\/l\/svm-temp\/#organization"},"potentialAction":[{"@type":"SearchAction","target":{"@type":"EntryPoint","urlTemplate":"https:\/\/lightweb.dev\/l\/svm-temp\/?s={search_term_string}"},"query-input":{"@type":"PropertyValueSpecification","valueRequired":true,"valueName":"search_term_string"}}],"inLanguage":"sv-SE"},{"@type":"Organization","@id":"https:\/\/lightweb.dev\/l\/svm-temp\/#organization","name":"Melkerson y Nott SL","alternateName":"Svenska Magasinet","url":"https:\/\/lightweb.dev\/l\/svm-temp\/","logo":{"@type":"ImageObject","inLanguage":"sv-SE","@id":"https:\/\/lightweb.dev\/l\/svm-temp\/#\/schema\/logo\/image\/","url":"https:\/\/lightweb.dev\/l\/svm-temp\/wp-content\/uploads\/2025\/02\/SvM-logo-Xtra-Centrerad-SVART.png","contentUrl":"https:\/\/lightweb.dev\/l\/svm-temp\/wp-content\/uploads\/2025\/02\/SvM-logo-Xtra-Centrerad-SVART.png","width":300,"height":99,"caption":"Melkerson y Nott SL"},"image":{"@id":"https:\/\/lightweb.dev\/l\/svm-temp\/#\/schema\/logo\/image\/"},"sameAs":["https:\/\/www.facebook.com\/svenskamagasinet","https:\/\/x.com\/SvenskaMagasine"]},{"@type":"Person","@id":"https:\/\/lightweb.dev\/l\/svm-temp\/#\/schema\/person\/206a3bda5b607b0c25e1749191e4d837","name":"Redaktionen SvM","description":"Redaktionen","sameAs":["https:\/\/lightweb.dev\/l\/svm-temp"],"url":"https:\/\/lightweb.dev\/l\/svm-temp\/reporter\/redaktionen\/"}]}},"_links":{"self":[{"href":"https:\/\/lightweb.dev\/l\/svm-temp\/wp-json\/wp\/v2\/posts\/23530","targetHints":{"allow":["GET"]}}],"collection":[{"href":"https:\/\/lightweb.dev\/l\/svm-temp\/wp-json\/wp\/v2\/posts"}],"about":[{"href":"https:\/\/lightweb.dev\/l\/svm-temp\/wp-json\/wp\/v2\/types\/post"}],"author":[{"embeddable":true,"href":"https:\/\/lightweb.dev\/l\/svm-temp\/wp-json\/wp\/v2\/users\/8"}],"replies":[{"embeddable":true,"href":"https:\/\/lightweb.dev\/l\/svm-temp\/wp-json\/wp\/v2\/comments?post=23530"}],"version-history":[{"count":0,"href":"https:\/\/lightweb.dev\/l\/svm-temp\/wp-json\/wp\/v2\/posts\/23530\/revisions"}],"wp:featuredmedia":[{"embeddable":true,"href":"https:\/\/lightweb.dev\/l\/svm-temp\/wp-json\/wp\/v2\/media\/23531"}],"wp:attachment":[{"href":"https:\/\/lightweb.dev\/l\/svm-temp\/wp-json\/wp\/v2\/media?parent=23530"}],"wp:term":[{"taxonomy":"category","embeddable":true,"href":"https:\/\/lightweb.dev\/l\/svm-temp\/wp-json\/wp\/v2\/categories?post=23530"},{"taxonomy":"post_tag","embeddable":true,"href":"https:\/\/lightweb.dev\/l\/svm-temp\/wp-json\/wp\/v2\/tags?post=23530"}],"curies":[{"name":"wp","href":"https:\/\/api.w.org\/{rel}","templated":true}]}}