{"id":23536,"date":"2015-09-23T00:00:00","date_gmt":"2015-09-22T22:00:00","guid":{"rendered":"https:\/\/lightweb.dev\/l\/svm-temp\/nyheter\/fuengirolas-inlinehockeylag-uppvaktade-borgmastaren\/"},"modified":"2015-09-23T00:00:00","modified_gmt":"2015-09-22T22:00:00","slug":"fuengirolas-inlinehockeylag-uppvaktade-borgmastaren","status":"publish","type":"post","link":"https:\/\/lightweb.dev\/l\/svm-temp\/nyheter\/fuengirolas-inlinehockeylag-uppvaktade-borgmastaren\/","title":{"rendered":"Fuengirolas inlinehockeylag uppvaktade borgm\u00e4staren"},"content":{"rendered":"<p> Svensken Rickard \u00c5str\u00f6m var en av spelarna och ledarna i Fuengirolas inlinehockeylag som p\u00e5 m\u00e5ndagen uppvaktade borgm\u00e4staren Ana Mula och fritidsn\u00e4mndens ordf\u00f6rande Pedro Cuevas Martin.<\/p>\n<p>-Vi uppvaktade borgm\u00e4starinnan fr\u00e5n Fuengirola Lions sida efter en tredje lyckad internationell inlinehockeyturnering med \u00e5tta lag och 20 nationaliteter. I och med uppvaktningen presenterades inlinehockeyns roll i Fuengirola, sportsligt som socialt, s\u00e4ger Rickard \u00c5str\u00f6m till Svenska Magasinet.<\/p>\n<p>Intresset f\u00f6r inlinehockey v\u00e4xer i Fuengirola. I dagsl\u00e4get saknas det resurser f\u00f6r att ta emot alla och erbjuda tider f\u00f6r tr\u00e4ning.<\/p>\n<p>-Kommunen kan inte m\u00f6ta efterfr\u00e5gan n\u00e4r det g\u00e4ller tr\u00e4ningstider. Vi har presenterat olika l\u00f6sningar fr\u00e5n klubbens s\u00e5 sporten kan forts\u00e4tta v\u00e4xa i Fuengirola.<\/p>\n<p>Fuengirola Lions betonar att det \u00e4r viktigt att den nordiska kolonin f\u00e5r en plats i kommunen n\u00e5got som attraherar den spanska befolkningen och n\u00e4ringslivet. <\/p>\n","protected":false},"excerpt":{"rendered":"<p>Svensken Rickard \u00c5str\u00f6m var en av spelarna och ledarna i Fuengirolas inlinehockeylag som p\u00e5 m\u00e5ndagen uppvaktade borgm\u00e4staren Ana Mula och fritidsn\u00e4mndens ordf\u00f6rande Pedro Cuevas Martin. -Vi uppvaktade borgm\u00e4starinnan fr\u00e5n Fuengirola Lions sida efter en tredje lyckad internationell inlinehockeyturnering med \u00e5tta lag och 20 nationaliteter. I och med uppvaktningen presenterades inlinehockeyns roll i Fuengirola, sportsligt som [&hellip;]<\/p>\n","protected":false},"author":8,"featured_media":23537,"comment_status":"open","ping_status":"open","sticky":false,"template":"","format":"standard","meta":{"_et_pb_use_builder":"","_et_pb_old_content":"","_et_gb_content_width":"","footnotes":""},"categories":[395,3],"tags":[],"class_list":["post-23536","post","type-post","status-publish","format-standard","has-post-thumbnail","hentry","category-arkiv-nyheter","category-nyheter"],"yoast_head":"<!-- This site is optimized with the Yoast SEO Premium plugin v26.2 (Yoast SEO v27.4) - https:\/\/yoast.com\/product\/yoast-seo-premium-wordpress\/ -->\n<title>Fuengirolas inlinehockeylag uppvaktade borgm\u00e4staren - Svenska Magasinet<\/title>\n<meta name=\"robots\" content=\"noindex, follow, max-snippet:-1, max-image-preview:large, max-video-preview:-1\" \/>\n<meta property=\"og:locale\" content=\"sv_SE\" \/>\n<meta property=\"og:type\" content=\"article\" \/>\n<meta property=\"og:title\" content=\"Fuengirolas inlinehockeylag uppvaktade borgm\u00e4staren\" \/>\n<meta property=\"og:description\" content=\"Svensken Rickard \u00c5str\u00f6m var en av spelarna och ledarna i Fuengirolas inlinehockeylag som p\u00e5 m\u00e5ndagen uppvaktade borgm\u00e4staren Ana Mula och fritidsn\u00e4mndens ordf\u00f6rande Pedro Cuevas Martin. -Vi uppvaktade borgm\u00e4starinnan fr\u00e5n Fuengirola Lions sida efter en tredje lyckad internationell inlinehockeyturnering med \u00e5tta lag och 20 nationaliteter. I och med uppvaktningen presenterades inlinehockeyns roll i Fuengirola, sportsligt som [&hellip;]\" \/>\n<meta property=\"og:url\" content=\"https:\/\/lightweb.dev\/l\/svm-temp\/nyheter\/fuengirolas-inlinehockeylag-uppvaktade-borgmastaren\/\" \/>\n<meta property=\"og:site_name\" content=\"Svenska Magasinet\" \/>\n<meta property=\"article:publisher\" content=\"https:\/\/www.facebook.com\/svenskamagasinet\" \/>\n<meta property=\"article:published_time\" content=\"2015-09-22T22:00:00+00:00\" \/>\n<meta property=\"og:image\" content=\"https:\/\/lightweb.dev\/l\/svm-temp\/wp-content\/uploads\/2022\/06\/fuengirolas-inlinehockeylag-uppvaktade-borgmastaren.png\" \/>\n\t<meta property=\"og:image:width\" content=\"302\" \/>\n\t<meta property=\"og:image:height\" content=\"200\" \/>\n\t<meta property=\"og:image:type\" content=\"image\/png\" \/>\n<meta name=\"author\" content=\"Redaktionen SvM\" \/>\n<meta name=\"twitter:card\" content=\"summary_large_image\" \/>\n<meta name=\"twitter:creator\" content=\"@SvenskaMagasine\" \/>\n<meta name=\"twitter:site\" content=\"@SvenskaMagasine\" \/>\n<script type=\"application\/ld+json\" class=\"yoast-schema-graph\">{\"@context\":\"https:\\\/\\\/schema.org\",\"@graph\":[{\"@type\":\"Article\",\"@id\":\"https:\\\/\\\/lightweb.dev\\\/l\\\/svm-temp\\\/nyheter\\\/fuengirolas-inlinehockeylag-uppvaktade-borgmastaren\\\/#article\",\"isPartOf\":{\"@id\":\"https:\\\/\\\/lightweb.dev\\\/l\\\/svm-temp\\\/nyheter\\\/fuengirolas-inlinehockeylag-uppvaktade-borgmastaren\\\/\"},\"author\":{\"name\":\"Redaktionen SvM\",\"@id\":\"https:\\\/\\\/lightweb.dev\\\/l\\\/svm-temp\\\/#\\\/schema\\\/person\\\/206a3bda5b607b0c25e1749191e4d837\"},\"headline\":\"Fuengirolas inlinehockeylag uppvaktade borgm\u00e4staren\",\"datePublished\":\"2015-09-22T22:00:00+00:00\",\"mainEntityOfPage\":{\"@id\":\"https:\\\/\\\/lightweb.dev\\\/l\\\/svm-temp\\\/nyheter\\\/fuengirolas-inlinehockeylag-uppvaktade-borgmastaren\\\/\"},\"wordCount\":161,\"commentCount\":0,\"publisher\":{\"@id\":\"https:\\\/\\\/lightweb.dev\\\/l\\\/svm-temp\\\/#organization\"},\"image\":{\"@id\":\"https:\\\/\\\/lightweb.dev\\\/l\\\/svm-temp\\\/nyheter\\\/fuengirolas-inlinehockeylag-uppvaktade-borgmastaren\\\/#primaryimage\"},\"thumbnailUrl\":\"https:\\\/\\\/lightweb.dev\\\/l\\\/svm-temp\\\/wp-content\\\/uploads\\\/2022\\\/06\\\/fuengirolas-inlinehockeylag-uppvaktade-borgmastaren.png\",\"articleSection\":[\"Arkiv\",\"Nyheter\"],\"inLanguage\":\"sv-SE\"},{\"@type\":\"WebPage\",\"@id\":\"https:\\\/\\\/lightweb.dev\\\/l\\\/svm-temp\\\/nyheter\\\/fuengirolas-inlinehockeylag-uppvaktade-borgmastaren\\\/\",\"url\":\"https:\\\/\\\/lightweb.dev\\\/l\\\/svm-temp\\\/nyheter\\\/fuengirolas-inlinehockeylag-uppvaktade-borgmastaren\\\/\",\"name\":\"Fuengirolas inlinehockeylag uppvaktade borgm\u00e4staren - Svenska Magasinet\",\"isPartOf\":{\"@id\":\"https:\\\/\\\/lightweb.dev\\\/l\\\/svm-temp\\\/#website\"},\"primaryImageOfPage\":{\"@id\":\"https:\\\/\\\/lightweb.dev\\\/l\\\/svm-temp\\\/nyheter\\\/fuengirolas-inlinehockeylag-uppvaktade-borgmastaren\\\/#primaryimage\"},\"image\":{\"@id\":\"https:\\\/\\\/lightweb.dev\\\/l\\\/svm-temp\\\/nyheter\\\/fuengirolas-inlinehockeylag-uppvaktade-borgmastaren\\\/#primaryimage\"},\"thumbnailUrl\":\"https:\\\/\\\/lightweb.dev\\\/l\\\/svm-temp\\\/wp-content\\\/uploads\\\/2022\\\/06\\\/fuengirolas-inlinehockeylag-uppvaktade-borgmastaren.png\",\"datePublished\":\"2015-09-22T22:00:00+00:00\",\"breadcrumb\":{\"@id\":\"https:\\\/\\\/lightweb.dev\\\/l\\\/svm-temp\\\/nyheter\\\/fuengirolas-inlinehockeylag-uppvaktade-borgmastaren\\\/#breadcrumb\"},\"inLanguage\":\"sv-SE\",\"potentialAction\":[{\"@type\":\"ReadAction\",\"target\":[\"https:\\\/\\\/lightweb.dev\\\/l\\\/svm-temp\\\/nyheter\\\/fuengirolas-inlinehockeylag-uppvaktade-borgmastaren\\\/\"]}]},{\"@type\":\"ImageObject\",\"inLanguage\":\"sv-SE\",\"@id\":\"https:\\\/\\\/lightweb.dev\\\/l\\\/svm-temp\\\/nyheter\\\/fuengirolas-inlinehockeylag-uppvaktade-borgmastaren\\\/#primaryimage\",\"url\":\"https:\\\/\\\/lightweb.dev\\\/l\\\/svm-temp\\\/wp-content\\\/uploads\\\/2022\\\/06\\\/fuengirolas-inlinehockeylag-uppvaktade-borgmastaren.png\",\"contentUrl\":\"https:\\\/\\\/lightweb.dev\\\/l\\\/svm-temp\\\/wp-content\\\/uploads\\\/2022\\\/06\\\/fuengirolas-inlinehockeylag-uppvaktade-borgmastaren.png\",\"width\":302,\"height\":200},{\"@type\":\"BreadcrumbList\",\"@id\":\"https:\\\/\\\/lightweb.dev\\\/l\\\/svm-temp\\\/nyheter\\\/fuengirolas-inlinehockeylag-uppvaktade-borgmastaren\\\/#breadcrumb\",\"itemListElement\":[{\"@type\":\"ListItem\",\"position\":1,\"name\":\"Hem\",\"item\":\"https:\\\/\\\/lightweb.dev\\\/l\\\/svm-temp\\\/\"},{\"@type\":\"ListItem\",\"position\":2,\"name\":\"Fuengirolas inlinehockeylag uppvaktade borgm\u00e4staren\"}]},{\"@type\":\"WebSite\",\"@id\":\"https:\\\/\\\/lightweb.dev\\\/l\\\/svm-temp\\\/#website\",\"url\":\"https:\\\/\\\/lightweb.dev\\\/l\\\/svm-temp\\\/\",\"name\":\"Svenska Magasinet\",\"description\":\"Dina Spanska nyheter p&aring; Svenska\",\"publisher\":{\"@id\":\"https:\\\/\\\/lightweb.dev\\\/l\\\/svm-temp\\\/#organization\"},\"potentialAction\":[{\"@type\":\"SearchAction\",\"target\":{\"@type\":\"EntryPoint\",\"urlTemplate\":\"https:\\\/\\\/lightweb.dev\\\/l\\\/svm-temp\\\/?s={search_term_string}\"},\"query-input\":{\"@type\":\"PropertyValueSpecification\",\"valueRequired\":true,\"valueName\":\"search_term_string\"}}],\"inLanguage\":\"sv-SE\"},{\"@type\":\"Organization\",\"@id\":\"https:\\\/\\\/lightweb.dev\\\/l\\\/svm-temp\\\/#organization\",\"name\":\"Melkerson y Nott SL\",\"alternateName\":\"Svenska Magasinet\",\"url\":\"https:\\\/\\\/lightweb.dev\\\/l\\\/svm-temp\\\/\",\"logo\":{\"@type\":\"ImageObject\",\"inLanguage\":\"sv-SE\",\"@id\":\"https:\\\/\\\/lightweb.dev\\\/l\\\/svm-temp\\\/#\\\/schema\\\/logo\\\/image\\\/\",\"url\":\"https:\\\/\\\/lightweb.dev\\\/l\\\/svm-temp\\\/wp-content\\\/uploads\\\/2025\\\/02\\\/SvM-logo-Xtra-Centrerad-SVART.png\",\"contentUrl\":\"https:\\\/\\\/lightweb.dev\\\/l\\\/svm-temp\\\/wp-content\\\/uploads\\\/2025\\\/02\\\/SvM-logo-Xtra-Centrerad-SVART.png\",\"width\":300,\"height\":99,\"caption\":\"Melkerson y Nott SL\"},\"image\":{\"@id\":\"https:\\\/\\\/lightweb.dev\\\/l\\\/svm-temp\\\/#\\\/schema\\\/logo\\\/image\\\/\"},\"sameAs\":[\"https:\\\/\\\/www.facebook.com\\\/svenskamagasinet\",\"https:\\\/\\\/x.com\\\/SvenskaMagasine\"]},{\"@type\":\"Person\",\"@id\":\"https:\\\/\\\/lightweb.dev\\\/l\\\/svm-temp\\\/#\\\/schema\\\/person\\\/206a3bda5b607b0c25e1749191e4d837\",\"name\":\"Redaktionen SvM\",\"description\":\"Redaktionen\",\"sameAs\":[\"https:\\\/\\\/lightweb.dev\\\/l\\\/svm-temp\"],\"url\":\"https:\\\/\\\/lightweb.dev\\\/l\\\/svm-temp\\\/reporter\\\/redaktionen\\\/\"}]}<\/script>\n<!-- \/ Yoast SEO Premium plugin. -->","yoast_head_json":{"title":"Fuengirolas inlinehockeylag uppvaktade borgm\u00e4staren - Svenska Magasinet","robots":{"index":"noindex","follow":"follow","max-snippet":"max-snippet:-1","max-image-preview":"max-image-preview:large","max-video-preview":"max-video-preview:-1"},"og_locale":"sv_SE","og_type":"article","og_title":"Fuengirolas inlinehockeylag uppvaktade borgm\u00e4staren","og_description":"Svensken Rickard \u00c5str\u00f6m var en av spelarna och ledarna i Fuengirolas inlinehockeylag som p\u00e5 m\u00e5ndagen uppvaktade borgm\u00e4staren Ana Mula och fritidsn\u00e4mndens ordf\u00f6rande Pedro Cuevas Martin. -Vi uppvaktade borgm\u00e4starinnan fr\u00e5n Fuengirola Lions sida efter en tredje lyckad internationell inlinehockeyturnering med \u00e5tta lag och 20 nationaliteter. I och med uppvaktningen presenterades inlinehockeyns roll i Fuengirola, sportsligt som [&hellip;]","og_url":"https:\/\/lightweb.dev\/l\/svm-temp\/nyheter\/fuengirolas-inlinehockeylag-uppvaktade-borgmastaren\/","og_site_name":"Svenska Magasinet","article_publisher":"https:\/\/www.facebook.com\/svenskamagasinet","article_published_time":"2015-09-22T22:00:00+00:00","og_image":[{"width":302,"height":200,"url":"https:\/\/lightweb.dev\/l\/svm-temp\/wp-content\/uploads\/2022\/06\/fuengirolas-inlinehockeylag-uppvaktade-borgmastaren.png","type":"image\/png"}],"author":"Redaktionen SvM","twitter_card":"summary_large_image","twitter_creator":"@SvenskaMagasine","twitter_site":"@SvenskaMagasine","schema":{"@context":"https:\/\/schema.org","@graph":[{"@type":"Article","@id":"https:\/\/lightweb.dev\/l\/svm-temp\/nyheter\/fuengirolas-inlinehockeylag-uppvaktade-borgmastaren\/#article","isPartOf":{"@id":"https:\/\/lightweb.dev\/l\/svm-temp\/nyheter\/fuengirolas-inlinehockeylag-uppvaktade-borgmastaren\/"},"author":{"name":"Redaktionen SvM","@id":"https:\/\/lightweb.dev\/l\/svm-temp\/#\/schema\/person\/206a3bda5b607b0c25e1749191e4d837"},"headline":"Fuengirolas inlinehockeylag uppvaktade borgm\u00e4staren","datePublished":"2015-09-22T22:00:00+00:00","mainEntityOfPage":{"@id":"https:\/\/lightweb.dev\/l\/svm-temp\/nyheter\/fuengirolas-inlinehockeylag-uppvaktade-borgmastaren\/"},"wordCount":161,"commentCount":0,"publisher":{"@id":"https:\/\/lightweb.dev\/l\/svm-temp\/#organization"},"image":{"@id":"https:\/\/lightweb.dev\/l\/svm-temp\/nyheter\/fuengirolas-inlinehockeylag-uppvaktade-borgmastaren\/#primaryimage"},"thumbnailUrl":"https:\/\/lightweb.dev\/l\/svm-temp\/wp-content\/uploads\/2022\/06\/fuengirolas-inlinehockeylag-uppvaktade-borgmastaren.png","articleSection":["Arkiv","Nyheter"],"inLanguage":"sv-SE"},{"@type":"WebPage","@id":"https:\/\/lightweb.dev\/l\/svm-temp\/nyheter\/fuengirolas-inlinehockeylag-uppvaktade-borgmastaren\/","url":"https:\/\/lightweb.dev\/l\/svm-temp\/nyheter\/fuengirolas-inlinehockeylag-uppvaktade-borgmastaren\/","name":"Fuengirolas inlinehockeylag uppvaktade borgm\u00e4staren - Svenska Magasinet","isPartOf":{"@id":"https:\/\/lightweb.dev\/l\/svm-temp\/#website"},"primaryImageOfPage":{"@id":"https:\/\/lightweb.dev\/l\/svm-temp\/nyheter\/fuengirolas-inlinehockeylag-uppvaktade-borgmastaren\/#primaryimage"},"image":{"@id":"https:\/\/lightweb.dev\/l\/svm-temp\/nyheter\/fuengirolas-inlinehockeylag-uppvaktade-borgmastaren\/#primaryimage"},"thumbnailUrl":"https:\/\/lightweb.dev\/l\/svm-temp\/wp-content\/uploads\/2022\/06\/fuengirolas-inlinehockeylag-uppvaktade-borgmastaren.png","datePublished":"2015-09-22T22:00:00+00:00","breadcrumb":{"@id":"https:\/\/lightweb.dev\/l\/svm-temp\/nyheter\/fuengirolas-inlinehockeylag-uppvaktade-borgmastaren\/#breadcrumb"},"inLanguage":"sv-SE","potentialAction":[{"@type":"ReadAction","target":["https:\/\/lightweb.dev\/l\/svm-temp\/nyheter\/fuengirolas-inlinehockeylag-uppvaktade-borgmastaren\/"]}]},{"@type":"ImageObject","inLanguage":"sv-SE","@id":"https:\/\/lightweb.dev\/l\/svm-temp\/nyheter\/fuengirolas-inlinehockeylag-uppvaktade-borgmastaren\/#primaryimage","url":"https:\/\/lightweb.dev\/l\/svm-temp\/wp-content\/uploads\/2022\/06\/fuengirolas-inlinehockeylag-uppvaktade-borgmastaren.png","contentUrl":"https:\/\/lightweb.dev\/l\/svm-temp\/wp-content\/uploads\/2022\/06\/fuengirolas-inlinehockeylag-uppvaktade-borgmastaren.png","width":302,"height":200},{"@type":"BreadcrumbList","@id":"https:\/\/lightweb.dev\/l\/svm-temp\/nyheter\/fuengirolas-inlinehockeylag-uppvaktade-borgmastaren\/#breadcrumb","itemListElement":[{"@type":"ListItem","position":1,"name":"Hem","item":"https:\/\/lightweb.dev\/l\/svm-temp\/"},{"@type":"ListItem","position":2,"name":"Fuengirolas inlinehockeylag uppvaktade borgm\u00e4staren"}]},{"@type":"WebSite","@id":"https:\/\/lightweb.dev\/l\/svm-temp\/#website","url":"https:\/\/lightweb.dev\/l\/svm-temp\/","name":"Svenska Magasinet","description":"Dina Spanska nyheter p&aring; Svenska","publisher":{"@id":"https:\/\/lightweb.dev\/l\/svm-temp\/#organization"},"potentialAction":[{"@type":"SearchAction","target":{"@type":"EntryPoint","urlTemplate":"https:\/\/lightweb.dev\/l\/svm-temp\/?s={search_term_string}"},"query-input":{"@type":"PropertyValueSpecification","valueRequired":true,"valueName":"search_term_string"}}],"inLanguage":"sv-SE"},{"@type":"Organization","@id":"https:\/\/lightweb.dev\/l\/svm-temp\/#organization","name":"Melkerson y Nott SL","alternateName":"Svenska Magasinet","url":"https:\/\/lightweb.dev\/l\/svm-temp\/","logo":{"@type":"ImageObject","inLanguage":"sv-SE","@id":"https:\/\/lightweb.dev\/l\/svm-temp\/#\/schema\/logo\/image\/","url":"https:\/\/lightweb.dev\/l\/svm-temp\/wp-content\/uploads\/2025\/02\/SvM-logo-Xtra-Centrerad-SVART.png","contentUrl":"https:\/\/lightweb.dev\/l\/svm-temp\/wp-content\/uploads\/2025\/02\/SvM-logo-Xtra-Centrerad-SVART.png","width":300,"height":99,"caption":"Melkerson y Nott SL"},"image":{"@id":"https:\/\/lightweb.dev\/l\/svm-temp\/#\/schema\/logo\/image\/"},"sameAs":["https:\/\/www.facebook.com\/svenskamagasinet","https:\/\/x.com\/SvenskaMagasine"]},{"@type":"Person","@id":"https:\/\/lightweb.dev\/l\/svm-temp\/#\/schema\/person\/206a3bda5b607b0c25e1749191e4d837","name":"Redaktionen SvM","description":"Redaktionen","sameAs":["https:\/\/lightweb.dev\/l\/svm-temp"],"url":"https:\/\/lightweb.dev\/l\/svm-temp\/reporter\/redaktionen\/"}]}},"_links":{"self":[{"href":"https:\/\/lightweb.dev\/l\/svm-temp\/wp-json\/wp\/v2\/posts\/23536","targetHints":{"allow":["GET"]}}],"collection":[{"href":"https:\/\/lightweb.dev\/l\/svm-temp\/wp-json\/wp\/v2\/posts"}],"about":[{"href":"https:\/\/lightweb.dev\/l\/svm-temp\/wp-json\/wp\/v2\/types\/post"}],"author":[{"embeddable":true,"href":"https:\/\/lightweb.dev\/l\/svm-temp\/wp-json\/wp\/v2\/users\/8"}],"replies":[{"embeddable":true,"href":"https:\/\/lightweb.dev\/l\/svm-temp\/wp-json\/wp\/v2\/comments?post=23536"}],"version-history":[{"count":0,"href":"https:\/\/lightweb.dev\/l\/svm-temp\/wp-json\/wp\/v2\/posts\/23536\/revisions"}],"wp:featuredmedia":[{"embeddable":true,"href":"https:\/\/lightweb.dev\/l\/svm-temp\/wp-json\/wp\/v2\/media\/23537"}],"wp:attachment":[{"href":"https:\/\/lightweb.dev\/l\/svm-temp\/wp-json\/wp\/v2\/media?parent=23536"}],"wp:term":[{"taxonomy":"category","embeddable":true,"href":"https:\/\/lightweb.dev\/l\/svm-temp\/wp-json\/wp\/v2\/categories?post=23536"},{"taxonomy":"post_tag","embeddable":true,"href":"https:\/\/lightweb.dev\/l\/svm-temp\/wp-json\/wp\/v2\/tags?post=23536"}],"curies":[{"name":"wp","href":"https:\/\/api.w.org\/{rel}","templated":true}]}}