{"id":23540,"date":"2015-09-23T00:00:00","date_gmt":"2015-09-22T22:00:00","guid":{"rendered":"https:\/\/lightweb.dev\/l\/svm-temp\/nyheter\/dona-sofia-besokte-hjalpforening-for-aidssjuka-i-san-pedro\/"},"modified":"2015-09-23T00:00:00","modified_gmt":"2015-09-22T22:00:00","slug":"dona-sofia-besokte-hjalpforening-for-aidssjuka-i-san-pedro","status":"publish","type":"post","link":"https:\/\/lightweb.dev\/l\/svm-temp\/nyheter\/dona-sofia-besokte-hjalpforening-for-aidssjuka-i-san-pedro\/","title":{"rendered":"Do\u00f1a Sof\u00eda bes\u00f6kte hj\u00e4lpf\u00f6rening f\u00f6r aidssjuka i San Pedro"},"content":{"rendered":"<p> Do\u00f1a Sof\u00eda som deltog vid en internationell konferens om Alzheimer i M\u00e1laga passade samtidigt p\u00e5 att g\u00f6ra ett privat bes\u00f6k p\u00e5 Concordia p\u00e5 calle de Do\u00f1a Carlota Navarrete 21 i San Pedro Alc\u00e1ntara.<\/p>\n<p>Det \u00e4r en hj\u00e4lpf\u00f6rening f\u00f6r aidssjuka och initiativtagare \u00e4r Marie Louise av Preussen tillsammans med sin man, hertig Rudi, som \u00e4r ett k\u00e4nt par i Marbella. Marie Louise av Preussen \u00e4r en tysk prinsessa som kom till Marbella f\u00f6r 40 \u00e5r sedan.<\/p>\n<p>\u201dDet blev ett mycket trevlig privat bes\u00f6k av Sof\u00eda som ville veta mer om det arbete som Concordia utf\u00f6r. Vi \u00e4r mycket glada f\u00f6r bes\u00f6ket\u201d s\u00e4ger Teresa Martin, chef vid  Concordia.<\/p>\n<p>Concordia i San Pedro \u00e4r en f\u00f6rening som hj\u00e4lper och st\u00f6ttar aidssjuka och deras anh\u00f6riga.<\/p>\n<p>Bilden \u00e4r fr\u00e5n ett tidigare tillf\u00e4lle. <\/p>\n","protected":false},"excerpt":{"rendered":"<p>Do\u00f1a Sof\u00eda som deltog vid en internationell konferens om Alzheimer i M\u00e1laga passade samtidigt p\u00e5 att g\u00f6ra ett privat bes\u00f6k p\u00e5 Concordia p\u00e5 calle de Do\u00f1a Carlota Navarrete 21 i San Pedro Alc\u00e1ntara. Det \u00e4r en hj\u00e4lpf\u00f6rening f\u00f6r aidssjuka och initiativtagare \u00e4r Marie Louise av Preussen tillsammans med sin man, hertig Rudi, som \u00e4r ett [&hellip;]<\/p>\n","protected":false},"author":8,"featured_media":23541,"comment_status":"open","ping_status":"open","sticky":false,"template":"","format":"standard","meta":{"_et_pb_use_builder":"","_et_pb_old_content":"","_et_gb_content_width":"","footnotes":""},"categories":[395,3],"tags":[],"class_list":["post-23540","post","type-post","status-publish","format-standard","has-post-thumbnail","hentry","category-arkiv-nyheter","category-nyheter"],"yoast_head":"<!-- This site is optimized with the Yoast SEO Premium plugin v26.2 (Yoast SEO v27.4) - https:\/\/yoast.com\/product\/yoast-seo-premium-wordpress\/ -->\n<title>Do\u00f1a Sof\u00eda bes\u00f6kte hj\u00e4lpf\u00f6rening f\u00f6r aidssjuka i San Pedro - Svenska Magasinet<\/title>\n<meta name=\"robots\" content=\"noindex, follow, max-snippet:-1, max-image-preview:large, max-video-preview:-1\" \/>\n<meta property=\"og:locale\" content=\"sv_SE\" \/>\n<meta property=\"og:type\" content=\"article\" \/>\n<meta property=\"og:title\" content=\"Do\u00f1a Sof\u00eda bes\u00f6kte hj\u00e4lpf\u00f6rening f\u00f6r aidssjuka i San Pedro\" \/>\n<meta property=\"og:description\" content=\"Do\u00f1a Sof\u00eda som deltog vid en internationell konferens om Alzheimer i M\u00e1laga passade samtidigt p\u00e5 att g\u00f6ra ett privat bes\u00f6k p\u00e5 Concordia p\u00e5 calle de Do\u00f1a Carlota Navarrete 21 i San Pedro Alc\u00e1ntara. Det \u00e4r en hj\u00e4lpf\u00f6rening f\u00f6r aidssjuka och initiativtagare \u00e4r Marie Louise av Preussen tillsammans med sin man, hertig Rudi, som \u00e4r ett [&hellip;]\" \/>\n<meta property=\"og:url\" content=\"https:\/\/lightweb.dev\/l\/svm-temp\/nyheter\/dona-sofia-besokte-hjalpforening-for-aidssjuka-i-san-pedro\/\" \/>\n<meta property=\"og:site_name\" content=\"Svenska Magasinet\" \/>\n<meta property=\"article:publisher\" content=\"https:\/\/www.facebook.com\/svenskamagasinet\" \/>\n<meta property=\"article:published_time\" content=\"2015-09-22T22:00:00+00:00\" \/>\n<meta property=\"og:image\" content=\"https:\/\/lightweb.dev\/l\/svm-temp\/wp-content\/uploads\/2022\/06\/doa-sofia-besokte-hjalpforening-for-aidssjuka-i-san-pedro.png\" \/>\n\t<meta property=\"og:image:width\" content=\"280\" \/>\n\t<meta property=\"og:image:height\" content=\"200\" \/>\n\t<meta property=\"og:image:type\" content=\"image\/png\" \/>\n<meta name=\"author\" content=\"Redaktionen SvM\" \/>\n<meta name=\"twitter:card\" content=\"summary_large_image\" \/>\n<meta name=\"twitter:creator\" content=\"@SvenskaMagasine\" \/>\n<meta name=\"twitter:site\" content=\"@SvenskaMagasine\" \/>\n<script type=\"application\/ld+json\" class=\"yoast-schema-graph\">{\"@context\":\"https:\\\/\\\/schema.org\",\"@graph\":[{\"@type\":\"Article\",\"@id\":\"https:\\\/\\\/lightweb.dev\\\/l\\\/svm-temp\\\/nyheter\\\/dona-sofia-besokte-hjalpforening-for-aidssjuka-i-san-pedro\\\/#article\",\"isPartOf\":{\"@id\":\"https:\\\/\\\/lightweb.dev\\\/l\\\/svm-temp\\\/nyheter\\\/dona-sofia-besokte-hjalpforening-for-aidssjuka-i-san-pedro\\\/\"},\"author\":{\"name\":\"Redaktionen SvM\",\"@id\":\"https:\\\/\\\/lightweb.dev\\\/l\\\/svm-temp\\\/#\\\/schema\\\/person\\\/206a3bda5b607b0c25e1749191e4d837\"},\"headline\":\"Do\u00f1a Sof\u00eda bes\u00f6kte hj\u00e4lpf\u00f6rening f\u00f6r aidssjuka i San Pedro\",\"datePublished\":\"2015-09-22T22:00:00+00:00\",\"mainEntityOfPage\":{\"@id\":\"https:\\\/\\\/lightweb.dev\\\/l\\\/svm-temp\\\/nyheter\\\/dona-sofia-besokte-hjalpforening-for-aidssjuka-i-san-pedro\\\/\"},\"wordCount\":164,\"commentCount\":0,\"publisher\":{\"@id\":\"https:\\\/\\\/lightweb.dev\\\/l\\\/svm-temp\\\/#organization\"},\"image\":{\"@id\":\"https:\\\/\\\/lightweb.dev\\\/l\\\/svm-temp\\\/nyheter\\\/dona-sofia-besokte-hjalpforening-for-aidssjuka-i-san-pedro\\\/#primaryimage\"},\"thumbnailUrl\":\"https:\\\/\\\/lightweb.dev\\\/l\\\/svm-temp\\\/wp-content\\\/uploads\\\/2022\\\/06\\\/doa-sofia-besokte-hjalpforening-for-aidssjuka-i-san-pedro.png\",\"articleSection\":[\"Arkiv\",\"Nyheter\"],\"inLanguage\":\"sv-SE\"},{\"@type\":\"WebPage\",\"@id\":\"https:\\\/\\\/lightweb.dev\\\/l\\\/svm-temp\\\/nyheter\\\/dona-sofia-besokte-hjalpforening-for-aidssjuka-i-san-pedro\\\/\",\"url\":\"https:\\\/\\\/lightweb.dev\\\/l\\\/svm-temp\\\/nyheter\\\/dona-sofia-besokte-hjalpforening-for-aidssjuka-i-san-pedro\\\/\",\"name\":\"Do\u00f1a Sof\u00eda bes\u00f6kte hj\u00e4lpf\u00f6rening f\u00f6r aidssjuka i San Pedro - Svenska Magasinet\",\"isPartOf\":{\"@id\":\"https:\\\/\\\/lightweb.dev\\\/l\\\/svm-temp\\\/#website\"},\"primaryImageOfPage\":{\"@id\":\"https:\\\/\\\/lightweb.dev\\\/l\\\/svm-temp\\\/nyheter\\\/dona-sofia-besokte-hjalpforening-for-aidssjuka-i-san-pedro\\\/#primaryimage\"},\"image\":{\"@id\":\"https:\\\/\\\/lightweb.dev\\\/l\\\/svm-temp\\\/nyheter\\\/dona-sofia-besokte-hjalpforening-for-aidssjuka-i-san-pedro\\\/#primaryimage\"},\"thumbnailUrl\":\"https:\\\/\\\/lightweb.dev\\\/l\\\/svm-temp\\\/wp-content\\\/uploads\\\/2022\\\/06\\\/doa-sofia-besokte-hjalpforening-for-aidssjuka-i-san-pedro.png\",\"datePublished\":\"2015-09-22T22:00:00+00:00\",\"breadcrumb\":{\"@id\":\"https:\\\/\\\/lightweb.dev\\\/l\\\/svm-temp\\\/nyheter\\\/dona-sofia-besokte-hjalpforening-for-aidssjuka-i-san-pedro\\\/#breadcrumb\"},\"inLanguage\":\"sv-SE\",\"potentialAction\":[{\"@type\":\"ReadAction\",\"target\":[\"https:\\\/\\\/lightweb.dev\\\/l\\\/svm-temp\\\/nyheter\\\/dona-sofia-besokte-hjalpforening-for-aidssjuka-i-san-pedro\\\/\"]}]},{\"@type\":\"ImageObject\",\"inLanguage\":\"sv-SE\",\"@id\":\"https:\\\/\\\/lightweb.dev\\\/l\\\/svm-temp\\\/nyheter\\\/dona-sofia-besokte-hjalpforening-for-aidssjuka-i-san-pedro\\\/#primaryimage\",\"url\":\"https:\\\/\\\/lightweb.dev\\\/l\\\/svm-temp\\\/wp-content\\\/uploads\\\/2022\\\/06\\\/doa-sofia-besokte-hjalpforening-for-aidssjuka-i-san-pedro.png\",\"contentUrl\":\"https:\\\/\\\/lightweb.dev\\\/l\\\/svm-temp\\\/wp-content\\\/uploads\\\/2022\\\/06\\\/doa-sofia-besokte-hjalpforening-for-aidssjuka-i-san-pedro.png\",\"width\":280,\"height\":200},{\"@type\":\"BreadcrumbList\",\"@id\":\"https:\\\/\\\/lightweb.dev\\\/l\\\/svm-temp\\\/nyheter\\\/dona-sofia-besokte-hjalpforening-for-aidssjuka-i-san-pedro\\\/#breadcrumb\",\"itemListElement\":[{\"@type\":\"ListItem\",\"position\":1,\"name\":\"Hem\",\"item\":\"https:\\\/\\\/lightweb.dev\\\/l\\\/svm-temp\\\/\"},{\"@type\":\"ListItem\",\"position\":2,\"name\":\"Do\u00f1a Sof\u00eda bes\u00f6kte hj\u00e4lpf\u00f6rening f\u00f6r aidssjuka i San Pedro\"}]},{\"@type\":\"WebSite\",\"@id\":\"https:\\\/\\\/lightweb.dev\\\/l\\\/svm-temp\\\/#website\",\"url\":\"https:\\\/\\\/lightweb.dev\\\/l\\\/svm-temp\\\/\",\"name\":\"Svenska Magasinet\",\"description\":\"Dina Spanska nyheter p&aring; Svenska\",\"publisher\":{\"@id\":\"https:\\\/\\\/lightweb.dev\\\/l\\\/svm-temp\\\/#organization\"},\"potentialAction\":[{\"@type\":\"SearchAction\",\"target\":{\"@type\":\"EntryPoint\",\"urlTemplate\":\"https:\\\/\\\/lightweb.dev\\\/l\\\/svm-temp\\\/?s={search_term_string}\"},\"query-input\":{\"@type\":\"PropertyValueSpecification\",\"valueRequired\":true,\"valueName\":\"search_term_string\"}}],\"inLanguage\":\"sv-SE\"},{\"@type\":\"Organization\",\"@id\":\"https:\\\/\\\/lightweb.dev\\\/l\\\/svm-temp\\\/#organization\",\"name\":\"Melkerson y Nott SL\",\"alternateName\":\"Svenska Magasinet\",\"url\":\"https:\\\/\\\/lightweb.dev\\\/l\\\/svm-temp\\\/\",\"logo\":{\"@type\":\"ImageObject\",\"inLanguage\":\"sv-SE\",\"@id\":\"https:\\\/\\\/lightweb.dev\\\/l\\\/svm-temp\\\/#\\\/schema\\\/logo\\\/image\\\/\",\"url\":\"https:\\\/\\\/lightweb.dev\\\/l\\\/svm-temp\\\/wp-content\\\/uploads\\\/2025\\\/02\\\/SvM-logo-Xtra-Centrerad-SVART.png\",\"contentUrl\":\"https:\\\/\\\/lightweb.dev\\\/l\\\/svm-temp\\\/wp-content\\\/uploads\\\/2025\\\/02\\\/SvM-logo-Xtra-Centrerad-SVART.png\",\"width\":300,\"height\":99,\"caption\":\"Melkerson y Nott SL\"},\"image\":{\"@id\":\"https:\\\/\\\/lightweb.dev\\\/l\\\/svm-temp\\\/#\\\/schema\\\/logo\\\/image\\\/\"},\"sameAs\":[\"https:\\\/\\\/www.facebook.com\\\/svenskamagasinet\",\"https:\\\/\\\/x.com\\\/SvenskaMagasine\"]},{\"@type\":\"Person\",\"@id\":\"https:\\\/\\\/lightweb.dev\\\/l\\\/svm-temp\\\/#\\\/schema\\\/person\\\/206a3bda5b607b0c25e1749191e4d837\",\"name\":\"Redaktionen SvM\",\"description\":\"Redaktionen\",\"sameAs\":[\"https:\\\/\\\/lightweb.dev\\\/l\\\/svm-temp\"],\"url\":\"https:\\\/\\\/lightweb.dev\\\/l\\\/svm-temp\\\/reporter\\\/redaktionen\\\/\"}]}<\/script>\n<!-- \/ Yoast SEO Premium plugin. -->","yoast_head_json":{"title":"Do\u00f1a Sof\u00eda bes\u00f6kte hj\u00e4lpf\u00f6rening f\u00f6r aidssjuka i San Pedro - Svenska Magasinet","robots":{"index":"noindex","follow":"follow","max-snippet":"max-snippet:-1","max-image-preview":"max-image-preview:large","max-video-preview":"max-video-preview:-1"},"og_locale":"sv_SE","og_type":"article","og_title":"Do\u00f1a Sof\u00eda bes\u00f6kte hj\u00e4lpf\u00f6rening f\u00f6r aidssjuka i San Pedro","og_description":"Do\u00f1a Sof\u00eda som deltog vid en internationell konferens om Alzheimer i M\u00e1laga passade samtidigt p\u00e5 att g\u00f6ra ett privat bes\u00f6k p\u00e5 Concordia p\u00e5 calle de Do\u00f1a Carlota Navarrete 21 i San Pedro Alc\u00e1ntara. Det \u00e4r en hj\u00e4lpf\u00f6rening f\u00f6r aidssjuka och initiativtagare \u00e4r Marie Louise av Preussen tillsammans med sin man, hertig Rudi, som \u00e4r ett [&hellip;]","og_url":"https:\/\/lightweb.dev\/l\/svm-temp\/nyheter\/dona-sofia-besokte-hjalpforening-for-aidssjuka-i-san-pedro\/","og_site_name":"Svenska Magasinet","article_publisher":"https:\/\/www.facebook.com\/svenskamagasinet","article_published_time":"2015-09-22T22:00:00+00:00","og_image":[{"width":280,"height":200,"url":"https:\/\/lightweb.dev\/l\/svm-temp\/wp-content\/uploads\/2022\/06\/doa-sofia-besokte-hjalpforening-for-aidssjuka-i-san-pedro.png","type":"image\/png"}],"author":"Redaktionen SvM","twitter_card":"summary_large_image","twitter_creator":"@SvenskaMagasine","twitter_site":"@SvenskaMagasine","schema":{"@context":"https:\/\/schema.org","@graph":[{"@type":"Article","@id":"https:\/\/lightweb.dev\/l\/svm-temp\/nyheter\/dona-sofia-besokte-hjalpforening-for-aidssjuka-i-san-pedro\/#article","isPartOf":{"@id":"https:\/\/lightweb.dev\/l\/svm-temp\/nyheter\/dona-sofia-besokte-hjalpforening-for-aidssjuka-i-san-pedro\/"},"author":{"name":"Redaktionen SvM","@id":"https:\/\/lightweb.dev\/l\/svm-temp\/#\/schema\/person\/206a3bda5b607b0c25e1749191e4d837"},"headline":"Do\u00f1a Sof\u00eda bes\u00f6kte hj\u00e4lpf\u00f6rening f\u00f6r aidssjuka i San Pedro","datePublished":"2015-09-22T22:00:00+00:00","mainEntityOfPage":{"@id":"https:\/\/lightweb.dev\/l\/svm-temp\/nyheter\/dona-sofia-besokte-hjalpforening-for-aidssjuka-i-san-pedro\/"},"wordCount":164,"commentCount":0,"publisher":{"@id":"https:\/\/lightweb.dev\/l\/svm-temp\/#organization"},"image":{"@id":"https:\/\/lightweb.dev\/l\/svm-temp\/nyheter\/dona-sofia-besokte-hjalpforening-for-aidssjuka-i-san-pedro\/#primaryimage"},"thumbnailUrl":"https:\/\/lightweb.dev\/l\/svm-temp\/wp-content\/uploads\/2022\/06\/doa-sofia-besokte-hjalpforening-for-aidssjuka-i-san-pedro.png","articleSection":["Arkiv","Nyheter"],"inLanguage":"sv-SE"},{"@type":"WebPage","@id":"https:\/\/lightweb.dev\/l\/svm-temp\/nyheter\/dona-sofia-besokte-hjalpforening-for-aidssjuka-i-san-pedro\/","url":"https:\/\/lightweb.dev\/l\/svm-temp\/nyheter\/dona-sofia-besokte-hjalpforening-for-aidssjuka-i-san-pedro\/","name":"Do\u00f1a Sof\u00eda bes\u00f6kte hj\u00e4lpf\u00f6rening f\u00f6r aidssjuka i San Pedro - Svenska Magasinet","isPartOf":{"@id":"https:\/\/lightweb.dev\/l\/svm-temp\/#website"},"primaryImageOfPage":{"@id":"https:\/\/lightweb.dev\/l\/svm-temp\/nyheter\/dona-sofia-besokte-hjalpforening-for-aidssjuka-i-san-pedro\/#primaryimage"},"image":{"@id":"https:\/\/lightweb.dev\/l\/svm-temp\/nyheter\/dona-sofia-besokte-hjalpforening-for-aidssjuka-i-san-pedro\/#primaryimage"},"thumbnailUrl":"https:\/\/lightweb.dev\/l\/svm-temp\/wp-content\/uploads\/2022\/06\/doa-sofia-besokte-hjalpforening-for-aidssjuka-i-san-pedro.png","datePublished":"2015-09-22T22:00:00+00:00","breadcrumb":{"@id":"https:\/\/lightweb.dev\/l\/svm-temp\/nyheter\/dona-sofia-besokte-hjalpforening-for-aidssjuka-i-san-pedro\/#breadcrumb"},"inLanguage":"sv-SE","potentialAction":[{"@type":"ReadAction","target":["https:\/\/lightweb.dev\/l\/svm-temp\/nyheter\/dona-sofia-besokte-hjalpforening-for-aidssjuka-i-san-pedro\/"]}]},{"@type":"ImageObject","inLanguage":"sv-SE","@id":"https:\/\/lightweb.dev\/l\/svm-temp\/nyheter\/dona-sofia-besokte-hjalpforening-for-aidssjuka-i-san-pedro\/#primaryimage","url":"https:\/\/lightweb.dev\/l\/svm-temp\/wp-content\/uploads\/2022\/06\/doa-sofia-besokte-hjalpforening-for-aidssjuka-i-san-pedro.png","contentUrl":"https:\/\/lightweb.dev\/l\/svm-temp\/wp-content\/uploads\/2022\/06\/doa-sofia-besokte-hjalpforening-for-aidssjuka-i-san-pedro.png","width":280,"height":200},{"@type":"BreadcrumbList","@id":"https:\/\/lightweb.dev\/l\/svm-temp\/nyheter\/dona-sofia-besokte-hjalpforening-for-aidssjuka-i-san-pedro\/#breadcrumb","itemListElement":[{"@type":"ListItem","position":1,"name":"Hem","item":"https:\/\/lightweb.dev\/l\/svm-temp\/"},{"@type":"ListItem","position":2,"name":"Do\u00f1a Sof\u00eda bes\u00f6kte hj\u00e4lpf\u00f6rening f\u00f6r aidssjuka i San Pedro"}]},{"@type":"WebSite","@id":"https:\/\/lightweb.dev\/l\/svm-temp\/#website","url":"https:\/\/lightweb.dev\/l\/svm-temp\/","name":"Svenska Magasinet","description":"Dina Spanska nyheter p&aring; Svenska","publisher":{"@id":"https:\/\/lightweb.dev\/l\/svm-temp\/#organization"},"potentialAction":[{"@type":"SearchAction","target":{"@type":"EntryPoint","urlTemplate":"https:\/\/lightweb.dev\/l\/svm-temp\/?s={search_term_string}"},"query-input":{"@type":"PropertyValueSpecification","valueRequired":true,"valueName":"search_term_string"}}],"inLanguage":"sv-SE"},{"@type":"Organization","@id":"https:\/\/lightweb.dev\/l\/svm-temp\/#organization","name":"Melkerson y Nott SL","alternateName":"Svenska Magasinet","url":"https:\/\/lightweb.dev\/l\/svm-temp\/","logo":{"@type":"ImageObject","inLanguage":"sv-SE","@id":"https:\/\/lightweb.dev\/l\/svm-temp\/#\/schema\/logo\/image\/","url":"https:\/\/lightweb.dev\/l\/svm-temp\/wp-content\/uploads\/2025\/02\/SvM-logo-Xtra-Centrerad-SVART.png","contentUrl":"https:\/\/lightweb.dev\/l\/svm-temp\/wp-content\/uploads\/2025\/02\/SvM-logo-Xtra-Centrerad-SVART.png","width":300,"height":99,"caption":"Melkerson y Nott SL"},"image":{"@id":"https:\/\/lightweb.dev\/l\/svm-temp\/#\/schema\/logo\/image\/"},"sameAs":["https:\/\/www.facebook.com\/svenskamagasinet","https:\/\/x.com\/SvenskaMagasine"]},{"@type":"Person","@id":"https:\/\/lightweb.dev\/l\/svm-temp\/#\/schema\/person\/206a3bda5b607b0c25e1749191e4d837","name":"Redaktionen SvM","description":"Redaktionen","sameAs":["https:\/\/lightweb.dev\/l\/svm-temp"],"url":"https:\/\/lightweb.dev\/l\/svm-temp\/reporter\/redaktionen\/"}]}},"_links":{"self":[{"href":"https:\/\/lightweb.dev\/l\/svm-temp\/wp-json\/wp\/v2\/posts\/23540","targetHints":{"allow":["GET"]}}],"collection":[{"href":"https:\/\/lightweb.dev\/l\/svm-temp\/wp-json\/wp\/v2\/posts"}],"about":[{"href":"https:\/\/lightweb.dev\/l\/svm-temp\/wp-json\/wp\/v2\/types\/post"}],"author":[{"embeddable":true,"href":"https:\/\/lightweb.dev\/l\/svm-temp\/wp-json\/wp\/v2\/users\/8"}],"replies":[{"embeddable":true,"href":"https:\/\/lightweb.dev\/l\/svm-temp\/wp-json\/wp\/v2\/comments?post=23540"}],"version-history":[{"count":0,"href":"https:\/\/lightweb.dev\/l\/svm-temp\/wp-json\/wp\/v2\/posts\/23540\/revisions"}],"wp:featuredmedia":[{"embeddable":true,"href":"https:\/\/lightweb.dev\/l\/svm-temp\/wp-json\/wp\/v2\/media\/23541"}],"wp:attachment":[{"href":"https:\/\/lightweb.dev\/l\/svm-temp\/wp-json\/wp\/v2\/media?parent=23540"}],"wp:term":[{"taxonomy":"category","embeddable":true,"href":"https:\/\/lightweb.dev\/l\/svm-temp\/wp-json\/wp\/v2\/categories?post=23540"},{"taxonomy":"post_tag","embeddable":true,"href":"https:\/\/lightweb.dev\/l\/svm-temp\/wp-json\/wp\/v2\/tags?post=23540"}],"curies":[{"name":"wp","href":"https:\/\/api.w.org\/{rel}","templated":true}]}}