{"id":23542,"date":"2015-09-23T00:00:00","date_gmt":"2015-09-22T22:00:00","guid":{"rendered":"https:\/\/lightweb.dev\/l\/svm-temp\/nyheter\/misshandel-av-asna-i-mijas-anmald-i-morse\/"},"modified":"2015-09-23T00:00:00","modified_gmt":"2015-09-22T22:00:00","slug":"misshandel-av-asna-i-mijas-anmald-i-morse","status":"publish","type":"post","link":"https:\/\/lightweb.dev\/l\/svm-temp\/nyheter\/misshandel-av-asna-i-mijas-anmald-i-morse\/","title":{"rendered":"Misshandel av \u00e5sna i Mijas anm\u00e4ld i morse"},"content":{"rendered":"<p> \u00c5snan mottar sparkar i huvudet, blir dragen i svansen och knuffas \u00e5tskilliga g\u00e5nger. En misshandel av en \u201dburro-taxi\u201d i Mijas har uppm\u00e4rksammats av flera turister och med hj\u00e4lp av en film har en anm\u00e4lan om djurmisshandel l\u00e4mnats till Guardia Civil skriver dagstidningarna La Opini\u00f3n de M\u00e1laga och ABC.<\/p>\n<p>Bilderna talar sitt tydliga spr\u00e5k. \u00c5snan misshandlas sv\u00e5rt framf\u00f6r kommunhuset i Mijas av tre m\u00e4n.<\/p>\n<p>Bakom anm\u00e4lan ligger PACMA (Partido Animalista Contra el Maltrato Animal) som har anm\u00e4lt djurmisshandeln till Seprona (Servicio de Protecci\u00f3n de la Naturaleza) som \u00e4r den avdelning inom Guardia Civil som handhar misst\u00e4nkta fall av djurmisshandel.<\/p>\n<p>Partido Popular f\u00f6rd\u00f6mer h\u00e4ndelsen och ber det kommunalr\u00e5d som ansvarar f\u00f6r tj\u00e4nsten att vidta l\u00e4mpliga \u00e5tg\u00e4rder. PP s\u00e4ger samtidigt att den rapporterade h\u00e4ndelsen och beteendet inte \u00e4r utbrett, det handlar om en isolerad h\u00e4ndelse. Just tj\u00e4nsten med \u201dburro-taxi\u201d har under de senaste \u00e5ren granskats och styrts upp f\u00f6r att s\u00e4kerst\u00e4lla att \u00e5snorna f\u00e5r god v\u00e5rd och blir omt\u00e4nksamt behandlade.<\/p>\n<p>Kommunstyrelsen har godk\u00e4nt en f\u00f6rordning som reglerar verksamheten med \u201dburro-taxi\u201d. Bland annat handlar det om att \u00e5snorna f\u00e5r g\u00f6ra regelbundna veterin\u00e4runders\u00f6kningar f\u00f6r att visa att de alltid \u00e4r i bra form och med god h\u00e4lsa. De ska \u00e4ven ha f\u00e5tt en l\u00e4mplig plats vid Virgen de la Pe\u00f1a d\u00e4r de f\u00e5r skugga och vatten.<\/p>\n<p>\u201dBurro-taxi\u201d eller \u00e5snetaxi har f\u00f6rknippats med Mijas i 50 \u00e5r. Snart 50 \u00e5r sedan Mijas fick sin \u201dburro-taxi\u201d<\/p>\n","protected":false},"excerpt":{"rendered":"<p>\u00c5snan mottar sparkar i huvudet, blir dragen i svansen och knuffas \u00e5tskilliga g\u00e5nger. En misshandel av en \u201dburro-taxi\u201d i Mijas har uppm\u00e4rksammats av flera turister och med hj\u00e4lp av en film har en anm\u00e4lan om djurmisshandel l\u00e4mnats till Guardia Civil skriver dagstidningarna La Opini\u00f3n de M\u00e1laga och ABC. Bilderna talar sitt tydliga spr\u00e5k. \u00c5snan misshandlas [&hellip;]<\/p>\n","protected":false},"author":8,"featured_media":23543,"comment_status":"open","ping_status":"open","sticky":false,"template":"","format":"standard","meta":{"_et_pb_use_builder":"","_et_pb_old_content":"","_et_gb_content_width":"","footnotes":""},"categories":[395,3],"tags":[],"class_list":["post-23542","post","type-post","status-publish","format-standard","has-post-thumbnail","hentry","category-arkiv-nyheter","category-nyheter"],"yoast_head":"<!-- This site is optimized with the Yoast SEO Premium plugin v26.2 (Yoast SEO v27.4) - https:\/\/yoast.com\/product\/yoast-seo-premium-wordpress\/ -->\n<title>Misshandel av \u00e5sna i Mijas anm\u00e4ld i morse - Svenska Magasinet<\/title>\n<meta name=\"robots\" content=\"noindex, follow, max-snippet:-1, max-image-preview:large, max-video-preview:-1\" \/>\n<meta property=\"og:locale\" content=\"sv_SE\" \/>\n<meta property=\"og:type\" content=\"article\" \/>\n<meta property=\"og:title\" content=\"Misshandel av \u00e5sna i Mijas anm\u00e4ld i morse\" \/>\n<meta property=\"og:description\" content=\"\u00c5snan mottar sparkar i huvudet, blir dragen i svansen och knuffas \u00e5tskilliga g\u00e5nger. En misshandel av en \u201dburro-taxi\u201d i Mijas har uppm\u00e4rksammats av flera turister och med hj\u00e4lp av en film har en anm\u00e4lan om djurmisshandel l\u00e4mnats till Guardia Civil skriver dagstidningarna La Opini\u00f3n de M\u00e1laga och ABC. Bilderna talar sitt tydliga spr\u00e5k. \u00c5snan misshandlas [&hellip;]\" \/>\n<meta property=\"og:url\" content=\"https:\/\/lightweb.dev\/l\/svm-temp\/nyheter\/misshandel-av-asna-i-mijas-anmald-i-morse\/\" \/>\n<meta property=\"og:site_name\" content=\"Svenska Magasinet\" \/>\n<meta property=\"article:publisher\" content=\"https:\/\/www.facebook.com\/svenskamagasinet\" \/>\n<meta property=\"article:published_time\" content=\"2015-09-22T22:00:00+00:00\" \/>\n<meta property=\"og:image\" content=\"https:\/\/lightweb.dev\/l\/svm-temp\/wp-content\/uploads\/2022\/06\/misshandel-av-asna-i-mijas-anmald-i-morse.png\" \/>\n\t<meta property=\"og:image:width\" content=\"346\" \/>\n\t<meta property=\"og:image:height\" content=\"200\" \/>\n\t<meta property=\"og:image:type\" content=\"image\/png\" \/>\n<meta name=\"author\" content=\"Redaktionen SvM\" \/>\n<meta name=\"twitter:card\" content=\"summary_large_image\" \/>\n<meta name=\"twitter:creator\" content=\"@SvenskaMagasine\" \/>\n<meta name=\"twitter:site\" content=\"@SvenskaMagasine\" \/>\n<script type=\"application\/ld+json\" class=\"yoast-schema-graph\">{\"@context\":\"https:\\\/\\\/schema.org\",\"@graph\":[{\"@type\":\"Article\",\"@id\":\"https:\\\/\\\/lightweb.dev\\\/l\\\/svm-temp\\\/nyheter\\\/misshandel-av-asna-i-mijas-anmald-i-morse\\\/#article\",\"isPartOf\":{\"@id\":\"https:\\\/\\\/lightweb.dev\\\/l\\\/svm-temp\\\/nyheter\\\/misshandel-av-asna-i-mijas-anmald-i-morse\\\/\"},\"author\":{\"name\":\"Redaktionen SvM\",\"@id\":\"https:\\\/\\\/lightweb.dev\\\/l\\\/svm-temp\\\/#\\\/schema\\\/person\\\/206a3bda5b607b0c25e1749191e4d837\"},\"headline\":\"Misshandel av \u00e5sna i Mijas anm\u00e4ld i morse\",\"datePublished\":\"2015-09-22T22:00:00+00:00\",\"mainEntityOfPage\":{\"@id\":\"https:\\\/\\\/lightweb.dev\\\/l\\\/svm-temp\\\/nyheter\\\/misshandel-av-asna-i-mijas-anmald-i-morse\\\/\"},\"wordCount\":283,\"commentCount\":0,\"publisher\":{\"@id\":\"https:\\\/\\\/lightweb.dev\\\/l\\\/svm-temp\\\/#organization\"},\"image\":{\"@id\":\"https:\\\/\\\/lightweb.dev\\\/l\\\/svm-temp\\\/nyheter\\\/misshandel-av-asna-i-mijas-anmald-i-morse\\\/#primaryimage\"},\"thumbnailUrl\":\"https:\\\/\\\/lightweb.dev\\\/l\\\/svm-temp\\\/wp-content\\\/uploads\\\/2022\\\/06\\\/misshandel-av-asna-i-mijas-anmald-i-morse.png\",\"articleSection\":[\"Arkiv\",\"Nyheter\"],\"inLanguage\":\"sv-SE\"},{\"@type\":\"WebPage\",\"@id\":\"https:\\\/\\\/lightweb.dev\\\/l\\\/svm-temp\\\/nyheter\\\/misshandel-av-asna-i-mijas-anmald-i-morse\\\/\",\"url\":\"https:\\\/\\\/lightweb.dev\\\/l\\\/svm-temp\\\/nyheter\\\/misshandel-av-asna-i-mijas-anmald-i-morse\\\/\",\"name\":\"Misshandel av \u00e5sna i Mijas anm\u00e4ld i morse - Svenska Magasinet\",\"isPartOf\":{\"@id\":\"https:\\\/\\\/lightweb.dev\\\/l\\\/svm-temp\\\/#website\"},\"primaryImageOfPage\":{\"@id\":\"https:\\\/\\\/lightweb.dev\\\/l\\\/svm-temp\\\/nyheter\\\/misshandel-av-asna-i-mijas-anmald-i-morse\\\/#primaryimage\"},\"image\":{\"@id\":\"https:\\\/\\\/lightweb.dev\\\/l\\\/svm-temp\\\/nyheter\\\/misshandel-av-asna-i-mijas-anmald-i-morse\\\/#primaryimage\"},\"thumbnailUrl\":\"https:\\\/\\\/lightweb.dev\\\/l\\\/svm-temp\\\/wp-content\\\/uploads\\\/2022\\\/06\\\/misshandel-av-asna-i-mijas-anmald-i-morse.png\",\"datePublished\":\"2015-09-22T22:00:00+00:00\",\"breadcrumb\":{\"@id\":\"https:\\\/\\\/lightweb.dev\\\/l\\\/svm-temp\\\/nyheter\\\/misshandel-av-asna-i-mijas-anmald-i-morse\\\/#breadcrumb\"},\"inLanguage\":\"sv-SE\",\"potentialAction\":[{\"@type\":\"ReadAction\",\"target\":[\"https:\\\/\\\/lightweb.dev\\\/l\\\/svm-temp\\\/nyheter\\\/misshandel-av-asna-i-mijas-anmald-i-morse\\\/\"]}]},{\"@type\":\"ImageObject\",\"inLanguage\":\"sv-SE\",\"@id\":\"https:\\\/\\\/lightweb.dev\\\/l\\\/svm-temp\\\/nyheter\\\/misshandel-av-asna-i-mijas-anmald-i-morse\\\/#primaryimage\",\"url\":\"https:\\\/\\\/lightweb.dev\\\/l\\\/svm-temp\\\/wp-content\\\/uploads\\\/2022\\\/06\\\/misshandel-av-asna-i-mijas-anmald-i-morse.png\",\"contentUrl\":\"https:\\\/\\\/lightweb.dev\\\/l\\\/svm-temp\\\/wp-content\\\/uploads\\\/2022\\\/06\\\/misshandel-av-asna-i-mijas-anmald-i-morse.png\",\"width\":346,\"height\":200},{\"@type\":\"BreadcrumbList\",\"@id\":\"https:\\\/\\\/lightweb.dev\\\/l\\\/svm-temp\\\/nyheter\\\/misshandel-av-asna-i-mijas-anmald-i-morse\\\/#breadcrumb\",\"itemListElement\":[{\"@type\":\"ListItem\",\"position\":1,\"name\":\"Hem\",\"item\":\"https:\\\/\\\/lightweb.dev\\\/l\\\/svm-temp\\\/\"},{\"@type\":\"ListItem\",\"position\":2,\"name\":\"Misshandel av \u00e5sna i Mijas anm\u00e4ld i morse\"}]},{\"@type\":\"WebSite\",\"@id\":\"https:\\\/\\\/lightweb.dev\\\/l\\\/svm-temp\\\/#website\",\"url\":\"https:\\\/\\\/lightweb.dev\\\/l\\\/svm-temp\\\/\",\"name\":\"Svenska Magasinet\",\"description\":\"Dina Spanska nyheter p&aring; Svenska\",\"publisher\":{\"@id\":\"https:\\\/\\\/lightweb.dev\\\/l\\\/svm-temp\\\/#organization\"},\"potentialAction\":[{\"@type\":\"SearchAction\",\"target\":{\"@type\":\"EntryPoint\",\"urlTemplate\":\"https:\\\/\\\/lightweb.dev\\\/l\\\/svm-temp\\\/?s={search_term_string}\"},\"query-input\":{\"@type\":\"PropertyValueSpecification\",\"valueRequired\":true,\"valueName\":\"search_term_string\"}}],\"inLanguage\":\"sv-SE\"},{\"@type\":\"Organization\",\"@id\":\"https:\\\/\\\/lightweb.dev\\\/l\\\/svm-temp\\\/#organization\",\"name\":\"Melkerson y Nott SL\",\"alternateName\":\"Svenska Magasinet\",\"url\":\"https:\\\/\\\/lightweb.dev\\\/l\\\/svm-temp\\\/\",\"logo\":{\"@type\":\"ImageObject\",\"inLanguage\":\"sv-SE\",\"@id\":\"https:\\\/\\\/lightweb.dev\\\/l\\\/svm-temp\\\/#\\\/schema\\\/logo\\\/image\\\/\",\"url\":\"https:\\\/\\\/lightweb.dev\\\/l\\\/svm-temp\\\/wp-content\\\/uploads\\\/2025\\\/02\\\/SvM-logo-Xtra-Centrerad-SVART.png\",\"contentUrl\":\"https:\\\/\\\/lightweb.dev\\\/l\\\/svm-temp\\\/wp-content\\\/uploads\\\/2025\\\/02\\\/SvM-logo-Xtra-Centrerad-SVART.png\",\"width\":300,\"height\":99,\"caption\":\"Melkerson y Nott SL\"},\"image\":{\"@id\":\"https:\\\/\\\/lightweb.dev\\\/l\\\/svm-temp\\\/#\\\/schema\\\/logo\\\/image\\\/\"},\"sameAs\":[\"https:\\\/\\\/www.facebook.com\\\/svenskamagasinet\",\"https:\\\/\\\/x.com\\\/SvenskaMagasine\"]},{\"@type\":\"Person\",\"@id\":\"https:\\\/\\\/lightweb.dev\\\/l\\\/svm-temp\\\/#\\\/schema\\\/person\\\/206a3bda5b607b0c25e1749191e4d837\",\"name\":\"Redaktionen SvM\",\"description\":\"Redaktionen\",\"sameAs\":[\"https:\\\/\\\/lightweb.dev\\\/l\\\/svm-temp\"],\"url\":\"https:\\\/\\\/lightweb.dev\\\/l\\\/svm-temp\\\/reporter\\\/redaktionen\\\/\"}]}<\/script>\n<!-- \/ Yoast SEO Premium plugin. -->","yoast_head_json":{"title":"Misshandel av \u00e5sna i Mijas anm\u00e4ld i morse - Svenska Magasinet","robots":{"index":"noindex","follow":"follow","max-snippet":"max-snippet:-1","max-image-preview":"max-image-preview:large","max-video-preview":"max-video-preview:-1"},"og_locale":"sv_SE","og_type":"article","og_title":"Misshandel av \u00e5sna i Mijas anm\u00e4ld i morse","og_description":"\u00c5snan mottar sparkar i huvudet, blir dragen i svansen och knuffas \u00e5tskilliga g\u00e5nger. En misshandel av en \u201dburro-taxi\u201d i Mijas har uppm\u00e4rksammats av flera turister och med hj\u00e4lp av en film har en anm\u00e4lan om djurmisshandel l\u00e4mnats till Guardia Civil skriver dagstidningarna La Opini\u00f3n de M\u00e1laga och ABC. Bilderna talar sitt tydliga spr\u00e5k. \u00c5snan misshandlas [&hellip;]","og_url":"https:\/\/lightweb.dev\/l\/svm-temp\/nyheter\/misshandel-av-asna-i-mijas-anmald-i-morse\/","og_site_name":"Svenska Magasinet","article_publisher":"https:\/\/www.facebook.com\/svenskamagasinet","article_published_time":"2015-09-22T22:00:00+00:00","og_image":[{"width":346,"height":200,"url":"https:\/\/lightweb.dev\/l\/svm-temp\/wp-content\/uploads\/2022\/06\/misshandel-av-asna-i-mijas-anmald-i-morse.png","type":"image\/png"}],"author":"Redaktionen SvM","twitter_card":"summary_large_image","twitter_creator":"@SvenskaMagasine","twitter_site":"@SvenskaMagasine","schema":{"@context":"https:\/\/schema.org","@graph":[{"@type":"Article","@id":"https:\/\/lightweb.dev\/l\/svm-temp\/nyheter\/misshandel-av-asna-i-mijas-anmald-i-morse\/#article","isPartOf":{"@id":"https:\/\/lightweb.dev\/l\/svm-temp\/nyheter\/misshandel-av-asna-i-mijas-anmald-i-morse\/"},"author":{"name":"Redaktionen SvM","@id":"https:\/\/lightweb.dev\/l\/svm-temp\/#\/schema\/person\/206a3bda5b607b0c25e1749191e4d837"},"headline":"Misshandel av \u00e5sna i Mijas anm\u00e4ld i morse","datePublished":"2015-09-22T22:00:00+00:00","mainEntityOfPage":{"@id":"https:\/\/lightweb.dev\/l\/svm-temp\/nyheter\/misshandel-av-asna-i-mijas-anmald-i-morse\/"},"wordCount":283,"commentCount":0,"publisher":{"@id":"https:\/\/lightweb.dev\/l\/svm-temp\/#organization"},"image":{"@id":"https:\/\/lightweb.dev\/l\/svm-temp\/nyheter\/misshandel-av-asna-i-mijas-anmald-i-morse\/#primaryimage"},"thumbnailUrl":"https:\/\/lightweb.dev\/l\/svm-temp\/wp-content\/uploads\/2022\/06\/misshandel-av-asna-i-mijas-anmald-i-morse.png","articleSection":["Arkiv","Nyheter"],"inLanguage":"sv-SE"},{"@type":"WebPage","@id":"https:\/\/lightweb.dev\/l\/svm-temp\/nyheter\/misshandel-av-asna-i-mijas-anmald-i-morse\/","url":"https:\/\/lightweb.dev\/l\/svm-temp\/nyheter\/misshandel-av-asna-i-mijas-anmald-i-morse\/","name":"Misshandel av \u00e5sna i Mijas anm\u00e4ld i morse - Svenska Magasinet","isPartOf":{"@id":"https:\/\/lightweb.dev\/l\/svm-temp\/#website"},"primaryImageOfPage":{"@id":"https:\/\/lightweb.dev\/l\/svm-temp\/nyheter\/misshandel-av-asna-i-mijas-anmald-i-morse\/#primaryimage"},"image":{"@id":"https:\/\/lightweb.dev\/l\/svm-temp\/nyheter\/misshandel-av-asna-i-mijas-anmald-i-morse\/#primaryimage"},"thumbnailUrl":"https:\/\/lightweb.dev\/l\/svm-temp\/wp-content\/uploads\/2022\/06\/misshandel-av-asna-i-mijas-anmald-i-morse.png","datePublished":"2015-09-22T22:00:00+00:00","breadcrumb":{"@id":"https:\/\/lightweb.dev\/l\/svm-temp\/nyheter\/misshandel-av-asna-i-mijas-anmald-i-morse\/#breadcrumb"},"inLanguage":"sv-SE","potentialAction":[{"@type":"ReadAction","target":["https:\/\/lightweb.dev\/l\/svm-temp\/nyheter\/misshandel-av-asna-i-mijas-anmald-i-morse\/"]}]},{"@type":"ImageObject","inLanguage":"sv-SE","@id":"https:\/\/lightweb.dev\/l\/svm-temp\/nyheter\/misshandel-av-asna-i-mijas-anmald-i-morse\/#primaryimage","url":"https:\/\/lightweb.dev\/l\/svm-temp\/wp-content\/uploads\/2022\/06\/misshandel-av-asna-i-mijas-anmald-i-morse.png","contentUrl":"https:\/\/lightweb.dev\/l\/svm-temp\/wp-content\/uploads\/2022\/06\/misshandel-av-asna-i-mijas-anmald-i-morse.png","width":346,"height":200},{"@type":"BreadcrumbList","@id":"https:\/\/lightweb.dev\/l\/svm-temp\/nyheter\/misshandel-av-asna-i-mijas-anmald-i-morse\/#breadcrumb","itemListElement":[{"@type":"ListItem","position":1,"name":"Hem","item":"https:\/\/lightweb.dev\/l\/svm-temp\/"},{"@type":"ListItem","position":2,"name":"Misshandel av \u00e5sna i Mijas anm\u00e4ld i morse"}]},{"@type":"WebSite","@id":"https:\/\/lightweb.dev\/l\/svm-temp\/#website","url":"https:\/\/lightweb.dev\/l\/svm-temp\/","name":"Svenska Magasinet","description":"Dina Spanska nyheter p&aring; Svenska","publisher":{"@id":"https:\/\/lightweb.dev\/l\/svm-temp\/#organization"},"potentialAction":[{"@type":"SearchAction","target":{"@type":"EntryPoint","urlTemplate":"https:\/\/lightweb.dev\/l\/svm-temp\/?s={search_term_string}"},"query-input":{"@type":"PropertyValueSpecification","valueRequired":true,"valueName":"search_term_string"}}],"inLanguage":"sv-SE"},{"@type":"Organization","@id":"https:\/\/lightweb.dev\/l\/svm-temp\/#organization","name":"Melkerson y Nott SL","alternateName":"Svenska Magasinet","url":"https:\/\/lightweb.dev\/l\/svm-temp\/","logo":{"@type":"ImageObject","inLanguage":"sv-SE","@id":"https:\/\/lightweb.dev\/l\/svm-temp\/#\/schema\/logo\/image\/","url":"https:\/\/lightweb.dev\/l\/svm-temp\/wp-content\/uploads\/2025\/02\/SvM-logo-Xtra-Centrerad-SVART.png","contentUrl":"https:\/\/lightweb.dev\/l\/svm-temp\/wp-content\/uploads\/2025\/02\/SvM-logo-Xtra-Centrerad-SVART.png","width":300,"height":99,"caption":"Melkerson y Nott SL"},"image":{"@id":"https:\/\/lightweb.dev\/l\/svm-temp\/#\/schema\/logo\/image\/"},"sameAs":["https:\/\/www.facebook.com\/svenskamagasinet","https:\/\/x.com\/SvenskaMagasine"]},{"@type":"Person","@id":"https:\/\/lightweb.dev\/l\/svm-temp\/#\/schema\/person\/206a3bda5b607b0c25e1749191e4d837","name":"Redaktionen SvM","description":"Redaktionen","sameAs":["https:\/\/lightweb.dev\/l\/svm-temp"],"url":"https:\/\/lightweb.dev\/l\/svm-temp\/reporter\/redaktionen\/"}]}},"_links":{"self":[{"href":"https:\/\/lightweb.dev\/l\/svm-temp\/wp-json\/wp\/v2\/posts\/23542","targetHints":{"allow":["GET"]}}],"collection":[{"href":"https:\/\/lightweb.dev\/l\/svm-temp\/wp-json\/wp\/v2\/posts"}],"about":[{"href":"https:\/\/lightweb.dev\/l\/svm-temp\/wp-json\/wp\/v2\/types\/post"}],"author":[{"embeddable":true,"href":"https:\/\/lightweb.dev\/l\/svm-temp\/wp-json\/wp\/v2\/users\/8"}],"replies":[{"embeddable":true,"href":"https:\/\/lightweb.dev\/l\/svm-temp\/wp-json\/wp\/v2\/comments?post=23542"}],"version-history":[{"count":0,"href":"https:\/\/lightweb.dev\/l\/svm-temp\/wp-json\/wp\/v2\/posts\/23542\/revisions"}],"wp:featuredmedia":[{"embeddable":true,"href":"https:\/\/lightweb.dev\/l\/svm-temp\/wp-json\/wp\/v2\/media\/23543"}],"wp:attachment":[{"href":"https:\/\/lightweb.dev\/l\/svm-temp\/wp-json\/wp\/v2\/media?parent=23542"}],"wp:term":[{"taxonomy":"category","embeddable":true,"href":"https:\/\/lightweb.dev\/l\/svm-temp\/wp-json\/wp\/v2\/categories?post=23542"},{"taxonomy":"post_tag","embeddable":true,"href":"https:\/\/lightweb.dev\/l\/svm-temp\/wp-json\/wp\/v2\/tags?post=23542"}],"curies":[{"name":"wp","href":"https:\/\/api.w.org\/{rel}","templated":true}]}}