{"id":23544,"date":"2015-09-22T00:00:00","date_gmt":"2015-09-21T22:00:00","guid":{"rendered":"https:\/\/lightweb.dev\/l\/svm-temp\/nyheter\/marockan-misstankt-for-sexbrott-pa-finsk-kvinna-slappt-mot-borgen\/"},"modified":"2015-09-22T00:00:00","modified_gmt":"2015-09-21T22:00:00","slug":"marockan-misstankt-for-sexbrott-pa-finsk-kvinna-slappt-mot-borgen","status":"publish","type":"post","link":"https:\/\/lightweb.dev\/l\/svm-temp\/nyheter\/marockan-misstankt-for-sexbrott-pa-finsk-kvinna-slappt-mot-borgen\/","title":{"rendered":"Marockan misst\u00e4nkt f\u00f6r sexbrott p\u00e5 finsk kvinna sl\u00e4ppt mot borgen"},"content":{"rendered":"<p> En domare vid domstol nummer 10 i M\u00e1laga har sl\u00e4ppt den 18-\u00e5rige man fr\u00e5n Marocko som var misst\u00e4nkt f\u00f6r sexuellt \u00f6vergrepp p\u00e5 en 22-\u00e5rig kvinnlig finsk turist i M\u00e1laga. Det uppger nyhetsbyr\u00e5n EFE.<\/p>\n<p>Lokalpolisen grep den 18-\u00e5rige mannen efter att kvinnan gjort en anm\u00e4lan. Det \u00e4r oklart om kvinnan samtyckte till den h\u00e4ndelse som hon senare anm\u00e4lde mannen f\u00f6r. Utredningen forts\u00e4tter och ytterligare svar v\u00e4ntas fr\u00e5n unders\u00f6kningen av kvinnan som gjorts vid sjukhuset Hospital Materno Infantil. Samtidigt v\u00e4ntas polisen ta in nya vittnesm\u00e5l.<\/p>\n<p>Patrullerande lokalpolis uppt\u00e4ckte paret och besl\u00f6t sig f\u00f6r att ingripa d\u00e5 de s\u00e5g hur mannen mot hennes vilja pressade henne mot en v\u00e4gg. Dagen efter anm\u00e4lde kvinnan den 18-\u00e5rige mannen f\u00f6r v\u00e5ldt\u00e4kt varefter polisen grep honom. Mannen och kvinnan hade tr\u00e4ffats p\u00e5 l\u00f6rdagseftermiddagen och den unge mannen som kommer fr\u00e5n Marocko erbj\u00f6d sig att visa stan.<\/p>\n<p>Det var efter midnatt natten mot s\u00f6ndagen som h\u00e4ndelsen ska ha \u00e4gt rum n\u00e4ra f\u00e4stningen Gibralfaro i M\u00e1laga. <\/p>\n","protected":false},"excerpt":{"rendered":"<p>En domare vid domstol nummer 10 i M\u00e1laga har sl\u00e4ppt den 18-\u00e5rige man fr\u00e5n Marocko som var misst\u00e4nkt f\u00f6r sexuellt \u00f6vergrepp p\u00e5 en 22-\u00e5rig kvinnlig finsk turist i M\u00e1laga. Det uppger nyhetsbyr\u00e5n EFE. Lokalpolisen grep den 18-\u00e5rige mannen efter att kvinnan gjort en anm\u00e4lan. Det \u00e4r oklart om kvinnan samtyckte till den h\u00e4ndelse som hon [&hellip;]<\/p>\n","protected":false},"author":8,"featured_media":23545,"comment_status":"open","ping_status":"open","sticky":false,"template":"","format":"standard","meta":{"_et_pb_use_builder":"","_et_pb_old_content":"","_et_gb_content_width":"","footnotes":""},"categories":[395,3],"tags":[],"class_list":["post-23544","post","type-post","status-publish","format-standard","has-post-thumbnail","hentry","category-arkiv-nyheter","category-nyheter"],"yoast_head":"<!-- This site is optimized with the Yoast SEO Premium plugin v26.2 (Yoast SEO v27.4) - https:\/\/yoast.com\/product\/yoast-seo-premium-wordpress\/ -->\n<title>Marockan misst\u00e4nkt f\u00f6r sexbrott p\u00e5 finsk kvinna sl\u00e4ppt mot borgen - Svenska Magasinet<\/title>\n<meta name=\"robots\" content=\"noindex, follow, max-snippet:-1, max-image-preview:large, max-video-preview:-1\" \/>\n<meta property=\"og:locale\" content=\"sv_SE\" \/>\n<meta property=\"og:type\" content=\"article\" \/>\n<meta property=\"og:title\" content=\"Marockan misst\u00e4nkt f\u00f6r sexbrott p\u00e5 finsk kvinna sl\u00e4ppt mot borgen\" \/>\n<meta property=\"og:description\" content=\"En domare vid domstol nummer 10 i M\u00e1laga har sl\u00e4ppt den 18-\u00e5rige man fr\u00e5n Marocko som var misst\u00e4nkt f\u00f6r sexuellt \u00f6vergrepp p\u00e5 en 22-\u00e5rig kvinnlig finsk turist i M\u00e1laga. Det uppger nyhetsbyr\u00e5n EFE. Lokalpolisen grep den 18-\u00e5rige mannen efter att kvinnan gjort en anm\u00e4lan. Det \u00e4r oklart om kvinnan samtyckte till den h\u00e4ndelse som hon [&hellip;]\" \/>\n<meta property=\"og:url\" content=\"https:\/\/lightweb.dev\/l\/svm-temp\/nyheter\/marockan-misstankt-for-sexbrott-pa-finsk-kvinna-slappt-mot-borgen\/\" \/>\n<meta property=\"og:site_name\" content=\"Svenska Magasinet\" \/>\n<meta property=\"article:publisher\" content=\"https:\/\/www.facebook.com\/svenskamagasinet\" \/>\n<meta property=\"article:published_time\" content=\"2015-09-21T22:00:00+00:00\" \/>\n<meta property=\"og:image\" content=\"https:\/\/lightweb.dev\/l\/svm-temp\/wp-content\/uploads\/2022\/06\/marockan-misstankt-for-sexbrott-pa-finsk-kvinna-slappt-mot-borgen.png\" \/>\n\t<meta property=\"og:image:width\" content=\"299\" \/>\n\t<meta property=\"og:image:height\" content=\"200\" \/>\n\t<meta property=\"og:image:type\" content=\"image\/png\" \/>\n<meta name=\"author\" content=\"Redaktionen SvM\" \/>\n<meta name=\"twitter:card\" content=\"summary_large_image\" \/>\n<meta name=\"twitter:creator\" content=\"@SvenskaMagasine\" \/>\n<meta name=\"twitter:site\" content=\"@SvenskaMagasine\" \/>\n<script type=\"application\/ld+json\" class=\"yoast-schema-graph\">{\"@context\":\"https:\\\/\\\/schema.org\",\"@graph\":[{\"@type\":\"Article\",\"@id\":\"https:\\\/\\\/lightweb.dev\\\/l\\\/svm-temp\\\/nyheter\\\/marockan-misstankt-for-sexbrott-pa-finsk-kvinna-slappt-mot-borgen\\\/#article\",\"isPartOf\":{\"@id\":\"https:\\\/\\\/lightweb.dev\\\/l\\\/svm-temp\\\/nyheter\\\/marockan-misstankt-for-sexbrott-pa-finsk-kvinna-slappt-mot-borgen\\\/\"},\"author\":{\"name\":\"Redaktionen SvM\",\"@id\":\"https:\\\/\\\/lightweb.dev\\\/l\\\/svm-temp\\\/#\\\/schema\\\/person\\\/206a3bda5b607b0c25e1749191e4d837\"},\"headline\":\"Marockan misst\u00e4nkt f\u00f6r sexbrott p\u00e5 finsk kvinna sl\u00e4ppt mot borgen\",\"datePublished\":\"2015-09-21T22:00:00+00:00\",\"mainEntityOfPage\":{\"@id\":\"https:\\\/\\\/lightweb.dev\\\/l\\\/svm-temp\\\/nyheter\\\/marockan-misstankt-for-sexbrott-pa-finsk-kvinna-slappt-mot-borgen\\\/\"},\"wordCount\":208,\"commentCount\":0,\"publisher\":{\"@id\":\"https:\\\/\\\/lightweb.dev\\\/l\\\/svm-temp\\\/#organization\"},\"image\":{\"@id\":\"https:\\\/\\\/lightweb.dev\\\/l\\\/svm-temp\\\/nyheter\\\/marockan-misstankt-for-sexbrott-pa-finsk-kvinna-slappt-mot-borgen\\\/#primaryimage\"},\"thumbnailUrl\":\"https:\\\/\\\/lightweb.dev\\\/l\\\/svm-temp\\\/wp-content\\\/uploads\\\/2022\\\/06\\\/marockan-misstankt-for-sexbrott-pa-finsk-kvinna-slappt-mot-borgen.png\",\"articleSection\":[\"Arkiv\",\"Nyheter\"],\"inLanguage\":\"sv-SE\"},{\"@type\":\"WebPage\",\"@id\":\"https:\\\/\\\/lightweb.dev\\\/l\\\/svm-temp\\\/nyheter\\\/marockan-misstankt-for-sexbrott-pa-finsk-kvinna-slappt-mot-borgen\\\/\",\"url\":\"https:\\\/\\\/lightweb.dev\\\/l\\\/svm-temp\\\/nyheter\\\/marockan-misstankt-for-sexbrott-pa-finsk-kvinna-slappt-mot-borgen\\\/\",\"name\":\"Marockan misst\u00e4nkt f\u00f6r sexbrott p\u00e5 finsk kvinna sl\u00e4ppt mot borgen - Svenska Magasinet\",\"isPartOf\":{\"@id\":\"https:\\\/\\\/lightweb.dev\\\/l\\\/svm-temp\\\/#website\"},\"primaryImageOfPage\":{\"@id\":\"https:\\\/\\\/lightweb.dev\\\/l\\\/svm-temp\\\/nyheter\\\/marockan-misstankt-for-sexbrott-pa-finsk-kvinna-slappt-mot-borgen\\\/#primaryimage\"},\"image\":{\"@id\":\"https:\\\/\\\/lightweb.dev\\\/l\\\/svm-temp\\\/nyheter\\\/marockan-misstankt-for-sexbrott-pa-finsk-kvinna-slappt-mot-borgen\\\/#primaryimage\"},\"thumbnailUrl\":\"https:\\\/\\\/lightweb.dev\\\/l\\\/svm-temp\\\/wp-content\\\/uploads\\\/2022\\\/06\\\/marockan-misstankt-for-sexbrott-pa-finsk-kvinna-slappt-mot-borgen.png\",\"datePublished\":\"2015-09-21T22:00:00+00:00\",\"breadcrumb\":{\"@id\":\"https:\\\/\\\/lightweb.dev\\\/l\\\/svm-temp\\\/nyheter\\\/marockan-misstankt-for-sexbrott-pa-finsk-kvinna-slappt-mot-borgen\\\/#breadcrumb\"},\"inLanguage\":\"sv-SE\",\"potentialAction\":[{\"@type\":\"ReadAction\",\"target\":[\"https:\\\/\\\/lightweb.dev\\\/l\\\/svm-temp\\\/nyheter\\\/marockan-misstankt-for-sexbrott-pa-finsk-kvinna-slappt-mot-borgen\\\/\"]}]},{\"@type\":\"ImageObject\",\"inLanguage\":\"sv-SE\",\"@id\":\"https:\\\/\\\/lightweb.dev\\\/l\\\/svm-temp\\\/nyheter\\\/marockan-misstankt-for-sexbrott-pa-finsk-kvinna-slappt-mot-borgen\\\/#primaryimage\",\"url\":\"https:\\\/\\\/lightweb.dev\\\/l\\\/svm-temp\\\/wp-content\\\/uploads\\\/2022\\\/06\\\/marockan-misstankt-for-sexbrott-pa-finsk-kvinna-slappt-mot-borgen.png\",\"contentUrl\":\"https:\\\/\\\/lightweb.dev\\\/l\\\/svm-temp\\\/wp-content\\\/uploads\\\/2022\\\/06\\\/marockan-misstankt-for-sexbrott-pa-finsk-kvinna-slappt-mot-borgen.png\",\"width\":299,\"height\":200},{\"@type\":\"BreadcrumbList\",\"@id\":\"https:\\\/\\\/lightweb.dev\\\/l\\\/svm-temp\\\/nyheter\\\/marockan-misstankt-for-sexbrott-pa-finsk-kvinna-slappt-mot-borgen\\\/#breadcrumb\",\"itemListElement\":[{\"@type\":\"ListItem\",\"position\":1,\"name\":\"Hem\",\"item\":\"https:\\\/\\\/lightweb.dev\\\/l\\\/svm-temp\\\/\"},{\"@type\":\"ListItem\",\"position\":2,\"name\":\"Marockan misst\u00e4nkt f\u00f6r sexbrott p\u00e5 finsk kvinna sl\u00e4ppt mot borgen\"}]},{\"@type\":\"WebSite\",\"@id\":\"https:\\\/\\\/lightweb.dev\\\/l\\\/svm-temp\\\/#website\",\"url\":\"https:\\\/\\\/lightweb.dev\\\/l\\\/svm-temp\\\/\",\"name\":\"Svenska Magasinet\",\"description\":\"Dina Spanska nyheter p&aring; Svenska\",\"publisher\":{\"@id\":\"https:\\\/\\\/lightweb.dev\\\/l\\\/svm-temp\\\/#organization\"},\"potentialAction\":[{\"@type\":\"SearchAction\",\"target\":{\"@type\":\"EntryPoint\",\"urlTemplate\":\"https:\\\/\\\/lightweb.dev\\\/l\\\/svm-temp\\\/?s={search_term_string}\"},\"query-input\":{\"@type\":\"PropertyValueSpecification\",\"valueRequired\":true,\"valueName\":\"search_term_string\"}}],\"inLanguage\":\"sv-SE\"},{\"@type\":\"Organization\",\"@id\":\"https:\\\/\\\/lightweb.dev\\\/l\\\/svm-temp\\\/#organization\",\"name\":\"Melkerson y Nott SL\",\"alternateName\":\"Svenska Magasinet\",\"url\":\"https:\\\/\\\/lightweb.dev\\\/l\\\/svm-temp\\\/\",\"logo\":{\"@type\":\"ImageObject\",\"inLanguage\":\"sv-SE\",\"@id\":\"https:\\\/\\\/lightweb.dev\\\/l\\\/svm-temp\\\/#\\\/schema\\\/logo\\\/image\\\/\",\"url\":\"https:\\\/\\\/lightweb.dev\\\/l\\\/svm-temp\\\/wp-content\\\/uploads\\\/2025\\\/02\\\/SvM-logo-Xtra-Centrerad-SVART.png\",\"contentUrl\":\"https:\\\/\\\/lightweb.dev\\\/l\\\/svm-temp\\\/wp-content\\\/uploads\\\/2025\\\/02\\\/SvM-logo-Xtra-Centrerad-SVART.png\",\"width\":300,\"height\":99,\"caption\":\"Melkerson y Nott SL\"},\"image\":{\"@id\":\"https:\\\/\\\/lightweb.dev\\\/l\\\/svm-temp\\\/#\\\/schema\\\/logo\\\/image\\\/\"},\"sameAs\":[\"https:\\\/\\\/www.facebook.com\\\/svenskamagasinet\",\"https:\\\/\\\/x.com\\\/SvenskaMagasine\"]},{\"@type\":\"Person\",\"@id\":\"https:\\\/\\\/lightweb.dev\\\/l\\\/svm-temp\\\/#\\\/schema\\\/person\\\/206a3bda5b607b0c25e1749191e4d837\",\"name\":\"Redaktionen SvM\",\"description\":\"Redaktionen\",\"sameAs\":[\"https:\\\/\\\/lightweb.dev\\\/l\\\/svm-temp\"],\"url\":\"https:\\\/\\\/lightweb.dev\\\/l\\\/svm-temp\\\/reporter\\\/redaktionen\\\/\"}]}<\/script>\n<!-- \/ Yoast SEO Premium plugin. -->","yoast_head_json":{"title":"Marockan misst\u00e4nkt f\u00f6r sexbrott p\u00e5 finsk kvinna sl\u00e4ppt mot borgen - Svenska Magasinet","robots":{"index":"noindex","follow":"follow","max-snippet":"max-snippet:-1","max-image-preview":"max-image-preview:large","max-video-preview":"max-video-preview:-1"},"og_locale":"sv_SE","og_type":"article","og_title":"Marockan misst\u00e4nkt f\u00f6r sexbrott p\u00e5 finsk kvinna sl\u00e4ppt mot borgen","og_description":"En domare vid domstol nummer 10 i M\u00e1laga har sl\u00e4ppt den 18-\u00e5rige man fr\u00e5n Marocko som var misst\u00e4nkt f\u00f6r sexuellt \u00f6vergrepp p\u00e5 en 22-\u00e5rig kvinnlig finsk turist i M\u00e1laga. Det uppger nyhetsbyr\u00e5n EFE. Lokalpolisen grep den 18-\u00e5rige mannen efter att kvinnan gjort en anm\u00e4lan. Det \u00e4r oklart om kvinnan samtyckte till den h\u00e4ndelse som hon [&hellip;]","og_url":"https:\/\/lightweb.dev\/l\/svm-temp\/nyheter\/marockan-misstankt-for-sexbrott-pa-finsk-kvinna-slappt-mot-borgen\/","og_site_name":"Svenska Magasinet","article_publisher":"https:\/\/www.facebook.com\/svenskamagasinet","article_published_time":"2015-09-21T22:00:00+00:00","og_image":[{"width":299,"height":200,"url":"https:\/\/lightweb.dev\/l\/svm-temp\/wp-content\/uploads\/2022\/06\/marockan-misstankt-for-sexbrott-pa-finsk-kvinna-slappt-mot-borgen.png","type":"image\/png"}],"author":"Redaktionen SvM","twitter_card":"summary_large_image","twitter_creator":"@SvenskaMagasine","twitter_site":"@SvenskaMagasine","schema":{"@context":"https:\/\/schema.org","@graph":[{"@type":"Article","@id":"https:\/\/lightweb.dev\/l\/svm-temp\/nyheter\/marockan-misstankt-for-sexbrott-pa-finsk-kvinna-slappt-mot-borgen\/#article","isPartOf":{"@id":"https:\/\/lightweb.dev\/l\/svm-temp\/nyheter\/marockan-misstankt-for-sexbrott-pa-finsk-kvinna-slappt-mot-borgen\/"},"author":{"name":"Redaktionen SvM","@id":"https:\/\/lightweb.dev\/l\/svm-temp\/#\/schema\/person\/206a3bda5b607b0c25e1749191e4d837"},"headline":"Marockan misst\u00e4nkt f\u00f6r sexbrott p\u00e5 finsk kvinna sl\u00e4ppt mot borgen","datePublished":"2015-09-21T22:00:00+00:00","mainEntityOfPage":{"@id":"https:\/\/lightweb.dev\/l\/svm-temp\/nyheter\/marockan-misstankt-for-sexbrott-pa-finsk-kvinna-slappt-mot-borgen\/"},"wordCount":208,"commentCount":0,"publisher":{"@id":"https:\/\/lightweb.dev\/l\/svm-temp\/#organization"},"image":{"@id":"https:\/\/lightweb.dev\/l\/svm-temp\/nyheter\/marockan-misstankt-for-sexbrott-pa-finsk-kvinna-slappt-mot-borgen\/#primaryimage"},"thumbnailUrl":"https:\/\/lightweb.dev\/l\/svm-temp\/wp-content\/uploads\/2022\/06\/marockan-misstankt-for-sexbrott-pa-finsk-kvinna-slappt-mot-borgen.png","articleSection":["Arkiv","Nyheter"],"inLanguage":"sv-SE"},{"@type":"WebPage","@id":"https:\/\/lightweb.dev\/l\/svm-temp\/nyheter\/marockan-misstankt-for-sexbrott-pa-finsk-kvinna-slappt-mot-borgen\/","url":"https:\/\/lightweb.dev\/l\/svm-temp\/nyheter\/marockan-misstankt-for-sexbrott-pa-finsk-kvinna-slappt-mot-borgen\/","name":"Marockan misst\u00e4nkt f\u00f6r sexbrott p\u00e5 finsk kvinna sl\u00e4ppt mot borgen - Svenska Magasinet","isPartOf":{"@id":"https:\/\/lightweb.dev\/l\/svm-temp\/#website"},"primaryImageOfPage":{"@id":"https:\/\/lightweb.dev\/l\/svm-temp\/nyheter\/marockan-misstankt-for-sexbrott-pa-finsk-kvinna-slappt-mot-borgen\/#primaryimage"},"image":{"@id":"https:\/\/lightweb.dev\/l\/svm-temp\/nyheter\/marockan-misstankt-for-sexbrott-pa-finsk-kvinna-slappt-mot-borgen\/#primaryimage"},"thumbnailUrl":"https:\/\/lightweb.dev\/l\/svm-temp\/wp-content\/uploads\/2022\/06\/marockan-misstankt-for-sexbrott-pa-finsk-kvinna-slappt-mot-borgen.png","datePublished":"2015-09-21T22:00:00+00:00","breadcrumb":{"@id":"https:\/\/lightweb.dev\/l\/svm-temp\/nyheter\/marockan-misstankt-for-sexbrott-pa-finsk-kvinna-slappt-mot-borgen\/#breadcrumb"},"inLanguage":"sv-SE","potentialAction":[{"@type":"ReadAction","target":["https:\/\/lightweb.dev\/l\/svm-temp\/nyheter\/marockan-misstankt-for-sexbrott-pa-finsk-kvinna-slappt-mot-borgen\/"]}]},{"@type":"ImageObject","inLanguage":"sv-SE","@id":"https:\/\/lightweb.dev\/l\/svm-temp\/nyheter\/marockan-misstankt-for-sexbrott-pa-finsk-kvinna-slappt-mot-borgen\/#primaryimage","url":"https:\/\/lightweb.dev\/l\/svm-temp\/wp-content\/uploads\/2022\/06\/marockan-misstankt-for-sexbrott-pa-finsk-kvinna-slappt-mot-borgen.png","contentUrl":"https:\/\/lightweb.dev\/l\/svm-temp\/wp-content\/uploads\/2022\/06\/marockan-misstankt-for-sexbrott-pa-finsk-kvinna-slappt-mot-borgen.png","width":299,"height":200},{"@type":"BreadcrumbList","@id":"https:\/\/lightweb.dev\/l\/svm-temp\/nyheter\/marockan-misstankt-for-sexbrott-pa-finsk-kvinna-slappt-mot-borgen\/#breadcrumb","itemListElement":[{"@type":"ListItem","position":1,"name":"Hem","item":"https:\/\/lightweb.dev\/l\/svm-temp\/"},{"@type":"ListItem","position":2,"name":"Marockan misst\u00e4nkt f\u00f6r sexbrott p\u00e5 finsk kvinna sl\u00e4ppt mot borgen"}]},{"@type":"WebSite","@id":"https:\/\/lightweb.dev\/l\/svm-temp\/#website","url":"https:\/\/lightweb.dev\/l\/svm-temp\/","name":"Svenska Magasinet","description":"Dina Spanska nyheter p&aring; Svenska","publisher":{"@id":"https:\/\/lightweb.dev\/l\/svm-temp\/#organization"},"potentialAction":[{"@type":"SearchAction","target":{"@type":"EntryPoint","urlTemplate":"https:\/\/lightweb.dev\/l\/svm-temp\/?s={search_term_string}"},"query-input":{"@type":"PropertyValueSpecification","valueRequired":true,"valueName":"search_term_string"}}],"inLanguage":"sv-SE"},{"@type":"Organization","@id":"https:\/\/lightweb.dev\/l\/svm-temp\/#organization","name":"Melkerson y Nott SL","alternateName":"Svenska Magasinet","url":"https:\/\/lightweb.dev\/l\/svm-temp\/","logo":{"@type":"ImageObject","inLanguage":"sv-SE","@id":"https:\/\/lightweb.dev\/l\/svm-temp\/#\/schema\/logo\/image\/","url":"https:\/\/lightweb.dev\/l\/svm-temp\/wp-content\/uploads\/2025\/02\/SvM-logo-Xtra-Centrerad-SVART.png","contentUrl":"https:\/\/lightweb.dev\/l\/svm-temp\/wp-content\/uploads\/2025\/02\/SvM-logo-Xtra-Centrerad-SVART.png","width":300,"height":99,"caption":"Melkerson y Nott SL"},"image":{"@id":"https:\/\/lightweb.dev\/l\/svm-temp\/#\/schema\/logo\/image\/"},"sameAs":["https:\/\/www.facebook.com\/svenskamagasinet","https:\/\/x.com\/SvenskaMagasine"]},{"@type":"Person","@id":"https:\/\/lightweb.dev\/l\/svm-temp\/#\/schema\/person\/206a3bda5b607b0c25e1749191e4d837","name":"Redaktionen SvM","description":"Redaktionen","sameAs":["https:\/\/lightweb.dev\/l\/svm-temp"],"url":"https:\/\/lightweb.dev\/l\/svm-temp\/reporter\/redaktionen\/"}]}},"_links":{"self":[{"href":"https:\/\/lightweb.dev\/l\/svm-temp\/wp-json\/wp\/v2\/posts\/23544","targetHints":{"allow":["GET"]}}],"collection":[{"href":"https:\/\/lightweb.dev\/l\/svm-temp\/wp-json\/wp\/v2\/posts"}],"about":[{"href":"https:\/\/lightweb.dev\/l\/svm-temp\/wp-json\/wp\/v2\/types\/post"}],"author":[{"embeddable":true,"href":"https:\/\/lightweb.dev\/l\/svm-temp\/wp-json\/wp\/v2\/users\/8"}],"replies":[{"embeddable":true,"href":"https:\/\/lightweb.dev\/l\/svm-temp\/wp-json\/wp\/v2\/comments?post=23544"}],"version-history":[{"count":0,"href":"https:\/\/lightweb.dev\/l\/svm-temp\/wp-json\/wp\/v2\/posts\/23544\/revisions"}],"wp:featuredmedia":[{"embeddable":true,"href":"https:\/\/lightweb.dev\/l\/svm-temp\/wp-json\/wp\/v2\/media\/23545"}],"wp:attachment":[{"href":"https:\/\/lightweb.dev\/l\/svm-temp\/wp-json\/wp\/v2\/media?parent=23544"}],"wp:term":[{"taxonomy":"category","embeddable":true,"href":"https:\/\/lightweb.dev\/l\/svm-temp\/wp-json\/wp\/v2\/categories?post=23544"},{"taxonomy":"post_tag","embeddable":true,"href":"https:\/\/lightweb.dev\/l\/svm-temp\/wp-json\/wp\/v2\/tags?post=23544"}],"curies":[{"name":"wp","href":"https:\/\/api.w.org\/{rel}","templated":true}]}}