{"id":23546,"date":"2015-09-22T00:00:00","date_gmt":"2015-09-21T22:00:00","guid":{"rendered":"https:\/\/lightweb.dev\/l\/svm-temp\/nyheter\/slutet-for-eta-efter-gripanden-av-pla-och-sorzabal\/"},"modified":"2015-09-22T00:00:00","modified_gmt":"2015-09-21T22:00:00","slug":"slutet-for-eta-efter-gripanden-av-pla-och-sorzabal","status":"publish","type":"post","link":"https:\/\/lightweb.dev\/l\/svm-temp\/nyheter\/slutet-for-eta-efter-gripanden-av-pla-och-sorzabal\/","title":{"rendered":"\u201dSlutet f\u00f6r ETA\u201d efter gripanden av Pla och Sorzabal"},"content":{"rendered":"<p> David Pla och Iratxe Sorzabal, tv\u00e5 personer som bed\u00f6ms tillh\u00f6ra de kvarvarande i den terrorst\u00e4mplade v\u00e4nstergerillan ETA har gripits i franska Saint-\u00c9tienne-de-Ba\u00efgorry i ett tillslag samordnat av Guardia Civil. Gripandet beskrivs som det sista d\u00f6dande slaget mot organisationen som sedan 1968 har f\u00f6rt en v\u00e4pnad kamp f\u00f6r ett sj\u00e4lvst\u00e4ndigt Baskien.<\/p>\n<p>Ytterligare tv\u00e5 personer har gripits ut\u00f6ver de som beskrivs som huvudpersoner i ETA. Inrikesministern Jorge Fern\u00e1ndez D\u00edaz f\u00f6rs\u00e4krar idag i ett uttalande att gripandet av Pla och Sorzabal i Frankrike utg\u00f6r det absoluta slutet f\u00f6r de baskiska separatisterna.<\/p>\n<p>\u201dETA \u00e4r ett lik, det \u00e4r bara d\u00f6dsattesten som saknas att skriva ut\u201d s\u00e4ger Jorge Fern\u00e1ndez D\u00edaz.<\/p>\n<p>Bed\u00f6mare tror att de tv\u00e5 gripna l\u00e5g bakom uttalandet fr\u00e5n ETA den 20 oktober 2011 att deras v\u00e4pnade kamp \u00e4r \u00f6ver. Uppgifter g\u00f6r g\u00e4llande att de tv\u00e5 gripna tidigare har befunnit sig i Norge.<\/p>\n<p>Under sin v\u00e4pnade kamp har ETA tagit livet av \u00f6ver 850 m\u00e4nniskor. <\/p>\n","protected":false},"excerpt":{"rendered":"<p>David Pla och Iratxe Sorzabal, tv\u00e5 personer som bed\u00f6ms tillh\u00f6ra de kvarvarande i den terrorst\u00e4mplade v\u00e4nstergerillan ETA har gripits i franska Saint-\u00c9tienne-de-Ba\u00efgorry i ett tillslag samordnat av Guardia Civil. Gripandet beskrivs som det sista d\u00f6dande slaget mot organisationen som sedan 1968 har f\u00f6rt en v\u00e4pnad kamp f\u00f6r ett sj\u00e4lvst\u00e4ndigt Baskien. Ytterligare tv\u00e5 personer har gripits [&hellip;]<\/p>\n","protected":false},"author":8,"featured_media":23547,"comment_status":"open","ping_status":"open","sticky":false,"template":"","format":"standard","meta":{"_et_pb_use_builder":"","_et_pb_old_content":"","_et_gb_content_width":"","footnotes":""},"categories":[395,3],"tags":[],"class_list":["post-23546","post","type-post","status-publish","format-standard","has-post-thumbnail","hentry","category-arkiv-nyheter","category-nyheter"],"yoast_head":"<!-- This site is optimized with the Yoast SEO Premium plugin v26.2 (Yoast SEO v27.4) - https:\/\/yoast.com\/product\/yoast-seo-premium-wordpress\/ -->\n<title>\u201dSlutet f\u00f6r ETA\u201d efter gripanden av Pla och Sorzabal - Svenska Magasinet<\/title>\n<meta name=\"robots\" content=\"noindex, follow, max-snippet:-1, max-image-preview:large, max-video-preview:-1\" \/>\n<meta property=\"og:locale\" content=\"sv_SE\" \/>\n<meta property=\"og:type\" content=\"article\" \/>\n<meta property=\"og:title\" content=\"\u201dSlutet f\u00f6r ETA\u201d efter gripanden av Pla och Sorzabal\" \/>\n<meta property=\"og:description\" content=\"David Pla och Iratxe Sorzabal, tv\u00e5 personer som bed\u00f6ms tillh\u00f6ra de kvarvarande i den terrorst\u00e4mplade v\u00e4nstergerillan ETA har gripits i franska Saint-\u00c9tienne-de-Ba\u00efgorry i ett tillslag samordnat av Guardia Civil. Gripandet beskrivs som det sista d\u00f6dande slaget mot organisationen som sedan 1968 har f\u00f6rt en v\u00e4pnad kamp f\u00f6r ett sj\u00e4lvst\u00e4ndigt Baskien. Ytterligare tv\u00e5 personer har gripits [&hellip;]\" \/>\n<meta property=\"og:url\" content=\"https:\/\/lightweb.dev\/l\/svm-temp\/nyheter\/slutet-for-eta-efter-gripanden-av-pla-och-sorzabal\/\" \/>\n<meta property=\"og:site_name\" content=\"Svenska Magasinet\" \/>\n<meta property=\"article:publisher\" content=\"https:\/\/www.facebook.com\/svenskamagasinet\" \/>\n<meta property=\"article:published_time\" content=\"2015-09-21T22:00:00+00:00\" \/>\n<meta property=\"og:image\" content=\"https:\/\/lightweb.dev\/l\/svm-temp\/wp-content\/uploads\/2022\/06\/slutet-for-eta-efter-gripanden-av-pla-och-sorzabal.png\" \/>\n\t<meta property=\"og:image:width\" content=\"355\" \/>\n\t<meta property=\"og:image:height\" content=\"200\" \/>\n\t<meta property=\"og:image:type\" content=\"image\/png\" \/>\n<meta name=\"author\" content=\"Redaktionen SvM\" \/>\n<meta name=\"twitter:card\" content=\"summary_large_image\" \/>\n<meta name=\"twitter:creator\" content=\"@SvenskaMagasine\" \/>\n<meta name=\"twitter:site\" content=\"@SvenskaMagasine\" \/>\n<script type=\"application\/ld+json\" class=\"yoast-schema-graph\">{\"@context\":\"https:\\\/\\\/schema.org\",\"@graph\":[{\"@type\":\"Article\",\"@id\":\"https:\\\/\\\/lightweb.dev\\\/l\\\/svm-temp\\\/nyheter\\\/slutet-for-eta-efter-gripanden-av-pla-och-sorzabal\\\/#article\",\"isPartOf\":{\"@id\":\"https:\\\/\\\/lightweb.dev\\\/l\\\/svm-temp\\\/nyheter\\\/slutet-for-eta-efter-gripanden-av-pla-och-sorzabal\\\/\"},\"author\":{\"name\":\"Redaktionen SvM\",\"@id\":\"https:\\\/\\\/lightweb.dev\\\/l\\\/svm-temp\\\/#\\\/schema\\\/person\\\/206a3bda5b607b0c25e1749191e4d837\"},\"headline\":\"\u201dSlutet f\u00f6r ETA\u201d efter gripanden av Pla och Sorzabal\",\"datePublished\":\"2015-09-21T22:00:00+00:00\",\"mainEntityOfPage\":{\"@id\":\"https:\\\/\\\/lightweb.dev\\\/l\\\/svm-temp\\\/nyheter\\\/slutet-for-eta-efter-gripanden-av-pla-och-sorzabal\\\/\"},\"wordCount\":188,\"commentCount\":0,\"publisher\":{\"@id\":\"https:\\\/\\\/lightweb.dev\\\/l\\\/svm-temp\\\/#organization\"},\"image\":{\"@id\":\"https:\\\/\\\/lightweb.dev\\\/l\\\/svm-temp\\\/nyheter\\\/slutet-for-eta-efter-gripanden-av-pla-och-sorzabal\\\/#primaryimage\"},\"thumbnailUrl\":\"https:\\\/\\\/lightweb.dev\\\/l\\\/svm-temp\\\/wp-content\\\/uploads\\\/2022\\\/06\\\/slutet-for-eta-efter-gripanden-av-pla-och-sorzabal.png\",\"articleSection\":[\"Arkiv\",\"Nyheter\"],\"inLanguage\":\"sv-SE\"},{\"@type\":\"WebPage\",\"@id\":\"https:\\\/\\\/lightweb.dev\\\/l\\\/svm-temp\\\/nyheter\\\/slutet-for-eta-efter-gripanden-av-pla-och-sorzabal\\\/\",\"url\":\"https:\\\/\\\/lightweb.dev\\\/l\\\/svm-temp\\\/nyheter\\\/slutet-for-eta-efter-gripanden-av-pla-och-sorzabal\\\/\",\"name\":\"\u201dSlutet f\u00f6r ETA\u201d efter gripanden av Pla och Sorzabal - Svenska Magasinet\",\"isPartOf\":{\"@id\":\"https:\\\/\\\/lightweb.dev\\\/l\\\/svm-temp\\\/#website\"},\"primaryImageOfPage\":{\"@id\":\"https:\\\/\\\/lightweb.dev\\\/l\\\/svm-temp\\\/nyheter\\\/slutet-for-eta-efter-gripanden-av-pla-och-sorzabal\\\/#primaryimage\"},\"image\":{\"@id\":\"https:\\\/\\\/lightweb.dev\\\/l\\\/svm-temp\\\/nyheter\\\/slutet-for-eta-efter-gripanden-av-pla-och-sorzabal\\\/#primaryimage\"},\"thumbnailUrl\":\"https:\\\/\\\/lightweb.dev\\\/l\\\/svm-temp\\\/wp-content\\\/uploads\\\/2022\\\/06\\\/slutet-for-eta-efter-gripanden-av-pla-och-sorzabal.png\",\"datePublished\":\"2015-09-21T22:00:00+00:00\",\"breadcrumb\":{\"@id\":\"https:\\\/\\\/lightweb.dev\\\/l\\\/svm-temp\\\/nyheter\\\/slutet-for-eta-efter-gripanden-av-pla-och-sorzabal\\\/#breadcrumb\"},\"inLanguage\":\"sv-SE\",\"potentialAction\":[{\"@type\":\"ReadAction\",\"target\":[\"https:\\\/\\\/lightweb.dev\\\/l\\\/svm-temp\\\/nyheter\\\/slutet-for-eta-efter-gripanden-av-pla-och-sorzabal\\\/\"]}]},{\"@type\":\"ImageObject\",\"inLanguage\":\"sv-SE\",\"@id\":\"https:\\\/\\\/lightweb.dev\\\/l\\\/svm-temp\\\/nyheter\\\/slutet-for-eta-efter-gripanden-av-pla-och-sorzabal\\\/#primaryimage\",\"url\":\"https:\\\/\\\/lightweb.dev\\\/l\\\/svm-temp\\\/wp-content\\\/uploads\\\/2022\\\/06\\\/slutet-for-eta-efter-gripanden-av-pla-och-sorzabal.png\",\"contentUrl\":\"https:\\\/\\\/lightweb.dev\\\/l\\\/svm-temp\\\/wp-content\\\/uploads\\\/2022\\\/06\\\/slutet-for-eta-efter-gripanden-av-pla-och-sorzabal.png\",\"width\":355,\"height\":200},{\"@type\":\"BreadcrumbList\",\"@id\":\"https:\\\/\\\/lightweb.dev\\\/l\\\/svm-temp\\\/nyheter\\\/slutet-for-eta-efter-gripanden-av-pla-och-sorzabal\\\/#breadcrumb\",\"itemListElement\":[{\"@type\":\"ListItem\",\"position\":1,\"name\":\"Hem\",\"item\":\"https:\\\/\\\/lightweb.dev\\\/l\\\/svm-temp\\\/\"},{\"@type\":\"ListItem\",\"position\":2,\"name\":\"\u201dSlutet f\u00f6r ETA\u201d efter gripanden av Pla och Sorzabal\"}]},{\"@type\":\"WebSite\",\"@id\":\"https:\\\/\\\/lightweb.dev\\\/l\\\/svm-temp\\\/#website\",\"url\":\"https:\\\/\\\/lightweb.dev\\\/l\\\/svm-temp\\\/\",\"name\":\"Svenska Magasinet\",\"description\":\"Dina Spanska nyheter p&aring; Svenska\",\"publisher\":{\"@id\":\"https:\\\/\\\/lightweb.dev\\\/l\\\/svm-temp\\\/#organization\"},\"potentialAction\":[{\"@type\":\"SearchAction\",\"target\":{\"@type\":\"EntryPoint\",\"urlTemplate\":\"https:\\\/\\\/lightweb.dev\\\/l\\\/svm-temp\\\/?s={search_term_string}\"},\"query-input\":{\"@type\":\"PropertyValueSpecification\",\"valueRequired\":true,\"valueName\":\"search_term_string\"}}],\"inLanguage\":\"sv-SE\"},{\"@type\":\"Organization\",\"@id\":\"https:\\\/\\\/lightweb.dev\\\/l\\\/svm-temp\\\/#organization\",\"name\":\"Melkerson y Nott SL\",\"alternateName\":\"Svenska Magasinet\",\"url\":\"https:\\\/\\\/lightweb.dev\\\/l\\\/svm-temp\\\/\",\"logo\":{\"@type\":\"ImageObject\",\"inLanguage\":\"sv-SE\",\"@id\":\"https:\\\/\\\/lightweb.dev\\\/l\\\/svm-temp\\\/#\\\/schema\\\/logo\\\/image\\\/\",\"url\":\"https:\\\/\\\/lightweb.dev\\\/l\\\/svm-temp\\\/wp-content\\\/uploads\\\/2025\\\/02\\\/SvM-logo-Xtra-Centrerad-SVART.png\",\"contentUrl\":\"https:\\\/\\\/lightweb.dev\\\/l\\\/svm-temp\\\/wp-content\\\/uploads\\\/2025\\\/02\\\/SvM-logo-Xtra-Centrerad-SVART.png\",\"width\":300,\"height\":99,\"caption\":\"Melkerson y Nott SL\"},\"image\":{\"@id\":\"https:\\\/\\\/lightweb.dev\\\/l\\\/svm-temp\\\/#\\\/schema\\\/logo\\\/image\\\/\"},\"sameAs\":[\"https:\\\/\\\/www.facebook.com\\\/svenskamagasinet\",\"https:\\\/\\\/x.com\\\/SvenskaMagasine\"]},{\"@type\":\"Person\",\"@id\":\"https:\\\/\\\/lightweb.dev\\\/l\\\/svm-temp\\\/#\\\/schema\\\/person\\\/206a3bda5b607b0c25e1749191e4d837\",\"name\":\"Redaktionen SvM\",\"description\":\"Redaktionen\",\"sameAs\":[\"https:\\\/\\\/lightweb.dev\\\/l\\\/svm-temp\"],\"url\":\"https:\\\/\\\/lightweb.dev\\\/l\\\/svm-temp\\\/reporter\\\/redaktionen\\\/\"}]}<\/script>\n<!-- \/ Yoast SEO Premium plugin. -->","yoast_head_json":{"title":"\u201dSlutet f\u00f6r ETA\u201d efter gripanden av Pla och Sorzabal - Svenska Magasinet","robots":{"index":"noindex","follow":"follow","max-snippet":"max-snippet:-1","max-image-preview":"max-image-preview:large","max-video-preview":"max-video-preview:-1"},"og_locale":"sv_SE","og_type":"article","og_title":"\u201dSlutet f\u00f6r ETA\u201d efter gripanden av Pla och Sorzabal","og_description":"David Pla och Iratxe Sorzabal, tv\u00e5 personer som bed\u00f6ms tillh\u00f6ra de kvarvarande i den terrorst\u00e4mplade v\u00e4nstergerillan ETA har gripits i franska Saint-\u00c9tienne-de-Ba\u00efgorry i ett tillslag samordnat av Guardia Civil. Gripandet beskrivs som det sista d\u00f6dande slaget mot organisationen som sedan 1968 har f\u00f6rt en v\u00e4pnad kamp f\u00f6r ett sj\u00e4lvst\u00e4ndigt Baskien. Ytterligare tv\u00e5 personer har gripits [&hellip;]","og_url":"https:\/\/lightweb.dev\/l\/svm-temp\/nyheter\/slutet-for-eta-efter-gripanden-av-pla-och-sorzabal\/","og_site_name":"Svenska Magasinet","article_publisher":"https:\/\/www.facebook.com\/svenskamagasinet","article_published_time":"2015-09-21T22:00:00+00:00","og_image":[{"width":355,"height":200,"url":"https:\/\/lightweb.dev\/l\/svm-temp\/wp-content\/uploads\/2022\/06\/slutet-for-eta-efter-gripanden-av-pla-och-sorzabal.png","type":"image\/png"}],"author":"Redaktionen SvM","twitter_card":"summary_large_image","twitter_creator":"@SvenskaMagasine","twitter_site":"@SvenskaMagasine","schema":{"@context":"https:\/\/schema.org","@graph":[{"@type":"Article","@id":"https:\/\/lightweb.dev\/l\/svm-temp\/nyheter\/slutet-for-eta-efter-gripanden-av-pla-och-sorzabal\/#article","isPartOf":{"@id":"https:\/\/lightweb.dev\/l\/svm-temp\/nyheter\/slutet-for-eta-efter-gripanden-av-pla-och-sorzabal\/"},"author":{"name":"Redaktionen SvM","@id":"https:\/\/lightweb.dev\/l\/svm-temp\/#\/schema\/person\/206a3bda5b607b0c25e1749191e4d837"},"headline":"\u201dSlutet f\u00f6r ETA\u201d efter gripanden av Pla och Sorzabal","datePublished":"2015-09-21T22:00:00+00:00","mainEntityOfPage":{"@id":"https:\/\/lightweb.dev\/l\/svm-temp\/nyheter\/slutet-for-eta-efter-gripanden-av-pla-och-sorzabal\/"},"wordCount":188,"commentCount":0,"publisher":{"@id":"https:\/\/lightweb.dev\/l\/svm-temp\/#organization"},"image":{"@id":"https:\/\/lightweb.dev\/l\/svm-temp\/nyheter\/slutet-for-eta-efter-gripanden-av-pla-och-sorzabal\/#primaryimage"},"thumbnailUrl":"https:\/\/lightweb.dev\/l\/svm-temp\/wp-content\/uploads\/2022\/06\/slutet-for-eta-efter-gripanden-av-pla-och-sorzabal.png","articleSection":["Arkiv","Nyheter"],"inLanguage":"sv-SE"},{"@type":"WebPage","@id":"https:\/\/lightweb.dev\/l\/svm-temp\/nyheter\/slutet-for-eta-efter-gripanden-av-pla-och-sorzabal\/","url":"https:\/\/lightweb.dev\/l\/svm-temp\/nyheter\/slutet-for-eta-efter-gripanden-av-pla-och-sorzabal\/","name":"\u201dSlutet f\u00f6r ETA\u201d efter gripanden av Pla och Sorzabal - Svenska Magasinet","isPartOf":{"@id":"https:\/\/lightweb.dev\/l\/svm-temp\/#website"},"primaryImageOfPage":{"@id":"https:\/\/lightweb.dev\/l\/svm-temp\/nyheter\/slutet-for-eta-efter-gripanden-av-pla-och-sorzabal\/#primaryimage"},"image":{"@id":"https:\/\/lightweb.dev\/l\/svm-temp\/nyheter\/slutet-for-eta-efter-gripanden-av-pla-och-sorzabal\/#primaryimage"},"thumbnailUrl":"https:\/\/lightweb.dev\/l\/svm-temp\/wp-content\/uploads\/2022\/06\/slutet-for-eta-efter-gripanden-av-pla-och-sorzabal.png","datePublished":"2015-09-21T22:00:00+00:00","breadcrumb":{"@id":"https:\/\/lightweb.dev\/l\/svm-temp\/nyheter\/slutet-for-eta-efter-gripanden-av-pla-och-sorzabal\/#breadcrumb"},"inLanguage":"sv-SE","potentialAction":[{"@type":"ReadAction","target":["https:\/\/lightweb.dev\/l\/svm-temp\/nyheter\/slutet-for-eta-efter-gripanden-av-pla-och-sorzabal\/"]}]},{"@type":"ImageObject","inLanguage":"sv-SE","@id":"https:\/\/lightweb.dev\/l\/svm-temp\/nyheter\/slutet-for-eta-efter-gripanden-av-pla-och-sorzabal\/#primaryimage","url":"https:\/\/lightweb.dev\/l\/svm-temp\/wp-content\/uploads\/2022\/06\/slutet-for-eta-efter-gripanden-av-pla-och-sorzabal.png","contentUrl":"https:\/\/lightweb.dev\/l\/svm-temp\/wp-content\/uploads\/2022\/06\/slutet-for-eta-efter-gripanden-av-pla-och-sorzabal.png","width":355,"height":200},{"@type":"BreadcrumbList","@id":"https:\/\/lightweb.dev\/l\/svm-temp\/nyheter\/slutet-for-eta-efter-gripanden-av-pla-och-sorzabal\/#breadcrumb","itemListElement":[{"@type":"ListItem","position":1,"name":"Hem","item":"https:\/\/lightweb.dev\/l\/svm-temp\/"},{"@type":"ListItem","position":2,"name":"\u201dSlutet f\u00f6r ETA\u201d efter gripanden av Pla och Sorzabal"}]},{"@type":"WebSite","@id":"https:\/\/lightweb.dev\/l\/svm-temp\/#website","url":"https:\/\/lightweb.dev\/l\/svm-temp\/","name":"Svenska Magasinet","description":"Dina Spanska nyheter p&aring; Svenska","publisher":{"@id":"https:\/\/lightweb.dev\/l\/svm-temp\/#organization"},"potentialAction":[{"@type":"SearchAction","target":{"@type":"EntryPoint","urlTemplate":"https:\/\/lightweb.dev\/l\/svm-temp\/?s={search_term_string}"},"query-input":{"@type":"PropertyValueSpecification","valueRequired":true,"valueName":"search_term_string"}}],"inLanguage":"sv-SE"},{"@type":"Organization","@id":"https:\/\/lightweb.dev\/l\/svm-temp\/#organization","name":"Melkerson y Nott SL","alternateName":"Svenska Magasinet","url":"https:\/\/lightweb.dev\/l\/svm-temp\/","logo":{"@type":"ImageObject","inLanguage":"sv-SE","@id":"https:\/\/lightweb.dev\/l\/svm-temp\/#\/schema\/logo\/image\/","url":"https:\/\/lightweb.dev\/l\/svm-temp\/wp-content\/uploads\/2025\/02\/SvM-logo-Xtra-Centrerad-SVART.png","contentUrl":"https:\/\/lightweb.dev\/l\/svm-temp\/wp-content\/uploads\/2025\/02\/SvM-logo-Xtra-Centrerad-SVART.png","width":300,"height":99,"caption":"Melkerson y Nott SL"},"image":{"@id":"https:\/\/lightweb.dev\/l\/svm-temp\/#\/schema\/logo\/image\/"},"sameAs":["https:\/\/www.facebook.com\/svenskamagasinet","https:\/\/x.com\/SvenskaMagasine"]},{"@type":"Person","@id":"https:\/\/lightweb.dev\/l\/svm-temp\/#\/schema\/person\/206a3bda5b607b0c25e1749191e4d837","name":"Redaktionen SvM","description":"Redaktionen","sameAs":["https:\/\/lightweb.dev\/l\/svm-temp"],"url":"https:\/\/lightweb.dev\/l\/svm-temp\/reporter\/redaktionen\/"}]}},"_links":{"self":[{"href":"https:\/\/lightweb.dev\/l\/svm-temp\/wp-json\/wp\/v2\/posts\/23546","targetHints":{"allow":["GET"]}}],"collection":[{"href":"https:\/\/lightweb.dev\/l\/svm-temp\/wp-json\/wp\/v2\/posts"}],"about":[{"href":"https:\/\/lightweb.dev\/l\/svm-temp\/wp-json\/wp\/v2\/types\/post"}],"author":[{"embeddable":true,"href":"https:\/\/lightweb.dev\/l\/svm-temp\/wp-json\/wp\/v2\/users\/8"}],"replies":[{"embeddable":true,"href":"https:\/\/lightweb.dev\/l\/svm-temp\/wp-json\/wp\/v2\/comments?post=23546"}],"version-history":[{"count":0,"href":"https:\/\/lightweb.dev\/l\/svm-temp\/wp-json\/wp\/v2\/posts\/23546\/revisions"}],"wp:featuredmedia":[{"embeddable":true,"href":"https:\/\/lightweb.dev\/l\/svm-temp\/wp-json\/wp\/v2\/media\/23547"}],"wp:attachment":[{"href":"https:\/\/lightweb.dev\/l\/svm-temp\/wp-json\/wp\/v2\/media?parent=23546"}],"wp:term":[{"taxonomy":"category","embeddable":true,"href":"https:\/\/lightweb.dev\/l\/svm-temp\/wp-json\/wp\/v2\/categories?post=23546"},{"taxonomy":"post_tag","embeddable":true,"href":"https:\/\/lightweb.dev\/l\/svm-temp\/wp-json\/wp\/v2\/tags?post=23546"}],"curies":[{"name":"wp","href":"https:\/\/api.w.org\/{rel}","templated":true}]}}