{"id":23552,"date":"2015-09-21T00:00:00","date_gmt":"2015-09-20T22:00:00","guid":{"rendered":"https:\/\/lightweb.dev\/l\/svm-temp\/nyheter\/lokalpolis-kom-pa-marockan-som-valdtog-finsk-kvinna\/"},"modified":"2015-09-21T00:00:00","modified_gmt":"2015-09-20T22:00:00","slug":"lokalpolis-kom-pa-marockan-som-valdtog-finsk-kvinna","status":"publish","type":"post","link":"https:\/\/lightweb.dev\/l\/svm-temp\/nyheter\/lokalpolis-kom-pa-marockan-som-valdtog-finsk-kvinna\/","title":{"rendered":"Lokalpolis kom p\u00e5 marockan som v\u00e5ldtog finsk kvinna"},"content":{"rendered":"<p> En finsk kvinnlig turist har anm\u00e4lt en v\u00e5ldt\u00e4kt som intr\u00e4ffade n\u00e4ra den moriska f\u00e4stningen Gibralfaro i M\u00e1laga vid midnatt natten mot s\u00f6ndagen. Enligt dagstidningen Diario SUR ska lokalpolis har \u00f6verraskat den 18-\u00e5rige mannen som \u00e4r marockansk medborgare som greps p\u00e5 bar g\u00e4rning.<\/p>\n<p>H\u00e4ndelsen intr\u00e4ffade vid calle Apamares som \u00e4r uppfart till den moriska f\u00e4stningen i M\u00e1laga. Lokalpolisen var p\u00e5 platsen f\u00f6r att g\u00f6ra kontroller av \u201dbotell\u00f3n\u201d, det vill s\u00e4ga n\u00e4r ungdomar samlas p\u00e5 offentliga platser f\u00f6r att dricka och festa.<\/p>\n<p>Poliserna s\u00e5g d\u00e5 hur en ung man pressade en kvinna mot en v\u00e4gg och besl\u00f6t sig f\u00f6r att ingripa.<\/p>\n<p>Den finska kvinnan har enligt tidningen gjort en anm\u00e4lan om v\u00e5ldt\u00e4kt. Kvinnan och mannen tr\u00e4ffades p\u00e5 l\u00f6rdagseftermiddagen och mannen erbj\u00f6d sig att visa stan. Enligt den anm\u00e4lan som kvinnan gjort ska mannen ha tvingat henne till att ha sex.<\/p>\n<p>Den finska turisten f\u00f6rdes till sjukhuset Hospital Materno Infantil f\u00f6r en unders\u00f6kning. De f\u00f6rsta resultaten tyder p\u00e5 att det r\u00f6r sig om en m\u00f6jlig v\u00e5ldt\u00e4kt.<\/p>\n<p>Den gripne mannen \u00e4r k\u00e4nd av polisen sedan tidigare. <\/p>\n","protected":false},"excerpt":{"rendered":"<p>En finsk kvinnlig turist har anm\u00e4lt en v\u00e5ldt\u00e4kt som intr\u00e4ffade n\u00e4ra den moriska f\u00e4stningen Gibralfaro i M\u00e1laga vid midnatt natten mot s\u00f6ndagen. Enligt dagstidningen Diario SUR ska lokalpolis har \u00f6verraskat den 18-\u00e5rige mannen som \u00e4r marockansk medborgare som greps p\u00e5 bar g\u00e4rning. H\u00e4ndelsen intr\u00e4ffade vid calle Apamares som \u00e4r uppfart till den moriska f\u00e4stningen i [&hellip;]<\/p>\n","protected":false},"author":8,"featured_media":23553,"comment_status":"open","ping_status":"open","sticky":false,"template":"","format":"standard","meta":{"_et_pb_use_builder":"","_et_pb_old_content":"","_et_gb_content_width":"","footnotes":""},"categories":[395,3],"tags":[],"class_list":["post-23552","post","type-post","status-publish","format-standard","has-post-thumbnail","hentry","category-arkiv-nyheter","category-nyheter"],"yoast_head":"<!-- This site is optimized with the Yoast SEO Premium plugin v26.2 (Yoast SEO v27.4) - https:\/\/yoast.com\/product\/yoast-seo-premium-wordpress\/ -->\n<title>Lokalpolis kom p\u00e5 marockan som v\u00e5ldtog finsk kvinna - Svenska Magasinet<\/title>\n<meta name=\"robots\" content=\"noindex, follow, max-snippet:-1, max-image-preview:large, max-video-preview:-1\" \/>\n<meta property=\"og:locale\" content=\"sv_SE\" \/>\n<meta property=\"og:type\" content=\"article\" \/>\n<meta property=\"og:title\" content=\"Lokalpolis kom p\u00e5 marockan som v\u00e5ldtog finsk kvinna\" \/>\n<meta property=\"og:description\" content=\"En finsk kvinnlig turist har anm\u00e4lt en v\u00e5ldt\u00e4kt som intr\u00e4ffade n\u00e4ra den moriska f\u00e4stningen Gibralfaro i M\u00e1laga vid midnatt natten mot s\u00f6ndagen. Enligt dagstidningen Diario SUR ska lokalpolis har \u00f6verraskat den 18-\u00e5rige mannen som \u00e4r marockansk medborgare som greps p\u00e5 bar g\u00e4rning. H\u00e4ndelsen intr\u00e4ffade vid calle Apamares som \u00e4r uppfart till den moriska f\u00e4stningen i [&hellip;]\" \/>\n<meta property=\"og:url\" content=\"https:\/\/lightweb.dev\/l\/svm-temp\/nyheter\/lokalpolis-kom-pa-marockan-som-valdtog-finsk-kvinna\/\" \/>\n<meta property=\"og:site_name\" content=\"Svenska Magasinet\" \/>\n<meta property=\"article:publisher\" content=\"https:\/\/www.facebook.com\/svenskamagasinet\" \/>\n<meta property=\"article:published_time\" content=\"2015-09-20T22:00:00+00:00\" \/>\n<meta property=\"og:image\" content=\"https:\/\/lightweb.dev\/l\/svm-temp\/wp-content\/uploads\/2022\/06\/lokalpolis-kom-pa-marockan-som-valdtog-finsk-kvinna.png\" \/>\n\t<meta property=\"og:image:width\" content=\"299\" \/>\n\t<meta property=\"og:image:height\" content=\"200\" \/>\n\t<meta property=\"og:image:type\" content=\"image\/png\" \/>\n<meta name=\"author\" content=\"Redaktionen SvM\" \/>\n<meta name=\"twitter:card\" content=\"summary_large_image\" \/>\n<meta name=\"twitter:creator\" content=\"@SvenskaMagasine\" \/>\n<meta name=\"twitter:site\" content=\"@SvenskaMagasine\" \/>\n<script type=\"application\/ld+json\" class=\"yoast-schema-graph\">{\"@context\":\"https:\\\/\\\/schema.org\",\"@graph\":[{\"@type\":\"Article\",\"@id\":\"https:\\\/\\\/lightweb.dev\\\/l\\\/svm-temp\\\/nyheter\\\/lokalpolis-kom-pa-marockan-som-valdtog-finsk-kvinna\\\/#article\",\"isPartOf\":{\"@id\":\"https:\\\/\\\/lightweb.dev\\\/l\\\/svm-temp\\\/nyheter\\\/lokalpolis-kom-pa-marockan-som-valdtog-finsk-kvinna\\\/\"},\"author\":{\"name\":\"Redaktionen SvM\",\"@id\":\"https:\\\/\\\/lightweb.dev\\\/l\\\/svm-temp\\\/#\\\/schema\\\/person\\\/206a3bda5b607b0c25e1749191e4d837\"},\"headline\":\"Lokalpolis kom p\u00e5 marockan som v\u00e5ldtog finsk kvinna\",\"datePublished\":\"2015-09-20T22:00:00+00:00\",\"mainEntityOfPage\":{\"@id\":\"https:\\\/\\\/lightweb.dev\\\/l\\\/svm-temp\\\/nyheter\\\/lokalpolis-kom-pa-marockan-som-valdtog-finsk-kvinna\\\/\"},\"wordCount\":221,\"commentCount\":0,\"publisher\":{\"@id\":\"https:\\\/\\\/lightweb.dev\\\/l\\\/svm-temp\\\/#organization\"},\"image\":{\"@id\":\"https:\\\/\\\/lightweb.dev\\\/l\\\/svm-temp\\\/nyheter\\\/lokalpolis-kom-pa-marockan-som-valdtog-finsk-kvinna\\\/#primaryimage\"},\"thumbnailUrl\":\"https:\\\/\\\/lightweb.dev\\\/l\\\/svm-temp\\\/wp-content\\\/uploads\\\/2022\\\/06\\\/lokalpolis-kom-pa-marockan-som-valdtog-finsk-kvinna.png\",\"articleSection\":[\"Arkiv\",\"Nyheter\"],\"inLanguage\":\"sv-SE\"},{\"@type\":\"WebPage\",\"@id\":\"https:\\\/\\\/lightweb.dev\\\/l\\\/svm-temp\\\/nyheter\\\/lokalpolis-kom-pa-marockan-som-valdtog-finsk-kvinna\\\/\",\"url\":\"https:\\\/\\\/lightweb.dev\\\/l\\\/svm-temp\\\/nyheter\\\/lokalpolis-kom-pa-marockan-som-valdtog-finsk-kvinna\\\/\",\"name\":\"Lokalpolis kom p\u00e5 marockan som v\u00e5ldtog finsk kvinna - Svenska Magasinet\",\"isPartOf\":{\"@id\":\"https:\\\/\\\/lightweb.dev\\\/l\\\/svm-temp\\\/#website\"},\"primaryImageOfPage\":{\"@id\":\"https:\\\/\\\/lightweb.dev\\\/l\\\/svm-temp\\\/nyheter\\\/lokalpolis-kom-pa-marockan-som-valdtog-finsk-kvinna\\\/#primaryimage\"},\"image\":{\"@id\":\"https:\\\/\\\/lightweb.dev\\\/l\\\/svm-temp\\\/nyheter\\\/lokalpolis-kom-pa-marockan-som-valdtog-finsk-kvinna\\\/#primaryimage\"},\"thumbnailUrl\":\"https:\\\/\\\/lightweb.dev\\\/l\\\/svm-temp\\\/wp-content\\\/uploads\\\/2022\\\/06\\\/lokalpolis-kom-pa-marockan-som-valdtog-finsk-kvinna.png\",\"datePublished\":\"2015-09-20T22:00:00+00:00\",\"breadcrumb\":{\"@id\":\"https:\\\/\\\/lightweb.dev\\\/l\\\/svm-temp\\\/nyheter\\\/lokalpolis-kom-pa-marockan-som-valdtog-finsk-kvinna\\\/#breadcrumb\"},\"inLanguage\":\"sv-SE\",\"potentialAction\":[{\"@type\":\"ReadAction\",\"target\":[\"https:\\\/\\\/lightweb.dev\\\/l\\\/svm-temp\\\/nyheter\\\/lokalpolis-kom-pa-marockan-som-valdtog-finsk-kvinna\\\/\"]}]},{\"@type\":\"ImageObject\",\"inLanguage\":\"sv-SE\",\"@id\":\"https:\\\/\\\/lightweb.dev\\\/l\\\/svm-temp\\\/nyheter\\\/lokalpolis-kom-pa-marockan-som-valdtog-finsk-kvinna\\\/#primaryimage\",\"url\":\"https:\\\/\\\/lightweb.dev\\\/l\\\/svm-temp\\\/wp-content\\\/uploads\\\/2022\\\/06\\\/lokalpolis-kom-pa-marockan-som-valdtog-finsk-kvinna.png\",\"contentUrl\":\"https:\\\/\\\/lightweb.dev\\\/l\\\/svm-temp\\\/wp-content\\\/uploads\\\/2022\\\/06\\\/lokalpolis-kom-pa-marockan-som-valdtog-finsk-kvinna.png\",\"width\":299,\"height\":200},{\"@type\":\"BreadcrumbList\",\"@id\":\"https:\\\/\\\/lightweb.dev\\\/l\\\/svm-temp\\\/nyheter\\\/lokalpolis-kom-pa-marockan-som-valdtog-finsk-kvinna\\\/#breadcrumb\",\"itemListElement\":[{\"@type\":\"ListItem\",\"position\":1,\"name\":\"Hem\",\"item\":\"https:\\\/\\\/lightweb.dev\\\/l\\\/svm-temp\\\/\"},{\"@type\":\"ListItem\",\"position\":2,\"name\":\"Lokalpolis kom p\u00e5 marockan som v\u00e5ldtog finsk kvinna\"}]},{\"@type\":\"WebSite\",\"@id\":\"https:\\\/\\\/lightweb.dev\\\/l\\\/svm-temp\\\/#website\",\"url\":\"https:\\\/\\\/lightweb.dev\\\/l\\\/svm-temp\\\/\",\"name\":\"Svenska Magasinet\",\"description\":\"Dina Spanska nyheter p&aring; Svenska\",\"publisher\":{\"@id\":\"https:\\\/\\\/lightweb.dev\\\/l\\\/svm-temp\\\/#organization\"},\"potentialAction\":[{\"@type\":\"SearchAction\",\"target\":{\"@type\":\"EntryPoint\",\"urlTemplate\":\"https:\\\/\\\/lightweb.dev\\\/l\\\/svm-temp\\\/?s={search_term_string}\"},\"query-input\":{\"@type\":\"PropertyValueSpecification\",\"valueRequired\":true,\"valueName\":\"search_term_string\"}}],\"inLanguage\":\"sv-SE\"},{\"@type\":\"Organization\",\"@id\":\"https:\\\/\\\/lightweb.dev\\\/l\\\/svm-temp\\\/#organization\",\"name\":\"Melkerson y Nott SL\",\"alternateName\":\"Svenska Magasinet\",\"url\":\"https:\\\/\\\/lightweb.dev\\\/l\\\/svm-temp\\\/\",\"logo\":{\"@type\":\"ImageObject\",\"inLanguage\":\"sv-SE\",\"@id\":\"https:\\\/\\\/lightweb.dev\\\/l\\\/svm-temp\\\/#\\\/schema\\\/logo\\\/image\\\/\",\"url\":\"https:\\\/\\\/lightweb.dev\\\/l\\\/svm-temp\\\/wp-content\\\/uploads\\\/2025\\\/02\\\/SvM-logo-Xtra-Centrerad-SVART.png\",\"contentUrl\":\"https:\\\/\\\/lightweb.dev\\\/l\\\/svm-temp\\\/wp-content\\\/uploads\\\/2025\\\/02\\\/SvM-logo-Xtra-Centrerad-SVART.png\",\"width\":300,\"height\":99,\"caption\":\"Melkerson y Nott SL\"},\"image\":{\"@id\":\"https:\\\/\\\/lightweb.dev\\\/l\\\/svm-temp\\\/#\\\/schema\\\/logo\\\/image\\\/\"},\"sameAs\":[\"https:\\\/\\\/www.facebook.com\\\/svenskamagasinet\",\"https:\\\/\\\/x.com\\\/SvenskaMagasine\"]},{\"@type\":\"Person\",\"@id\":\"https:\\\/\\\/lightweb.dev\\\/l\\\/svm-temp\\\/#\\\/schema\\\/person\\\/206a3bda5b607b0c25e1749191e4d837\",\"name\":\"Redaktionen SvM\",\"description\":\"Redaktionen\",\"sameAs\":[\"https:\\\/\\\/lightweb.dev\\\/l\\\/svm-temp\"],\"url\":\"https:\\\/\\\/lightweb.dev\\\/l\\\/svm-temp\\\/reporter\\\/redaktionen\\\/\"}]}<\/script>\n<!-- \/ Yoast SEO Premium plugin. -->","yoast_head_json":{"title":"Lokalpolis kom p\u00e5 marockan som v\u00e5ldtog finsk kvinna - Svenska Magasinet","robots":{"index":"noindex","follow":"follow","max-snippet":"max-snippet:-1","max-image-preview":"max-image-preview:large","max-video-preview":"max-video-preview:-1"},"og_locale":"sv_SE","og_type":"article","og_title":"Lokalpolis kom p\u00e5 marockan som v\u00e5ldtog finsk kvinna","og_description":"En finsk kvinnlig turist har anm\u00e4lt en v\u00e5ldt\u00e4kt som intr\u00e4ffade n\u00e4ra den moriska f\u00e4stningen Gibralfaro i M\u00e1laga vid midnatt natten mot s\u00f6ndagen. Enligt dagstidningen Diario SUR ska lokalpolis har \u00f6verraskat den 18-\u00e5rige mannen som \u00e4r marockansk medborgare som greps p\u00e5 bar g\u00e4rning. H\u00e4ndelsen intr\u00e4ffade vid calle Apamares som \u00e4r uppfart till den moriska f\u00e4stningen i [&hellip;]","og_url":"https:\/\/lightweb.dev\/l\/svm-temp\/nyheter\/lokalpolis-kom-pa-marockan-som-valdtog-finsk-kvinna\/","og_site_name":"Svenska Magasinet","article_publisher":"https:\/\/www.facebook.com\/svenskamagasinet","article_published_time":"2015-09-20T22:00:00+00:00","og_image":[{"width":299,"height":200,"url":"https:\/\/lightweb.dev\/l\/svm-temp\/wp-content\/uploads\/2022\/06\/lokalpolis-kom-pa-marockan-som-valdtog-finsk-kvinna.png","type":"image\/png"}],"author":"Redaktionen SvM","twitter_card":"summary_large_image","twitter_creator":"@SvenskaMagasine","twitter_site":"@SvenskaMagasine","schema":{"@context":"https:\/\/schema.org","@graph":[{"@type":"Article","@id":"https:\/\/lightweb.dev\/l\/svm-temp\/nyheter\/lokalpolis-kom-pa-marockan-som-valdtog-finsk-kvinna\/#article","isPartOf":{"@id":"https:\/\/lightweb.dev\/l\/svm-temp\/nyheter\/lokalpolis-kom-pa-marockan-som-valdtog-finsk-kvinna\/"},"author":{"name":"Redaktionen SvM","@id":"https:\/\/lightweb.dev\/l\/svm-temp\/#\/schema\/person\/206a3bda5b607b0c25e1749191e4d837"},"headline":"Lokalpolis kom p\u00e5 marockan som v\u00e5ldtog finsk kvinna","datePublished":"2015-09-20T22:00:00+00:00","mainEntityOfPage":{"@id":"https:\/\/lightweb.dev\/l\/svm-temp\/nyheter\/lokalpolis-kom-pa-marockan-som-valdtog-finsk-kvinna\/"},"wordCount":221,"commentCount":0,"publisher":{"@id":"https:\/\/lightweb.dev\/l\/svm-temp\/#organization"},"image":{"@id":"https:\/\/lightweb.dev\/l\/svm-temp\/nyheter\/lokalpolis-kom-pa-marockan-som-valdtog-finsk-kvinna\/#primaryimage"},"thumbnailUrl":"https:\/\/lightweb.dev\/l\/svm-temp\/wp-content\/uploads\/2022\/06\/lokalpolis-kom-pa-marockan-som-valdtog-finsk-kvinna.png","articleSection":["Arkiv","Nyheter"],"inLanguage":"sv-SE"},{"@type":"WebPage","@id":"https:\/\/lightweb.dev\/l\/svm-temp\/nyheter\/lokalpolis-kom-pa-marockan-som-valdtog-finsk-kvinna\/","url":"https:\/\/lightweb.dev\/l\/svm-temp\/nyheter\/lokalpolis-kom-pa-marockan-som-valdtog-finsk-kvinna\/","name":"Lokalpolis kom p\u00e5 marockan som v\u00e5ldtog finsk kvinna - Svenska Magasinet","isPartOf":{"@id":"https:\/\/lightweb.dev\/l\/svm-temp\/#website"},"primaryImageOfPage":{"@id":"https:\/\/lightweb.dev\/l\/svm-temp\/nyheter\/lokalpolis-kom-pa-marockan-som-valdtog-finsk-kvinna\/#primaryimage"},"image":{"@id":"https:\/\/lightweb.dev\/l\/svm-temp\/nyheter\/lokalpolis-kom-pa-marockan-som-valdtog-finsk-kvinna\/#primaryimage"},"thumbnailUrl":"https:\/\/lightweb.dev\/l\/svm-temp\/wp-content\/uploads\/2022\/06\/lokalpolis-kom-pa-marockan-som-valdtog-finsk-kvinna.png","datePublished":"2015-09-20T22:00:00+00:00","breadcrumb":{"@id":"https:\/\/lightweb.dev\/l\/svm-temp\/nyheter\/lokalpolis-kom-pa-marockan-som-valdtog-finsk-kvinna\/#breadcrumb"},"inLanguage":"sv-SE","potentialAction":[{"@type":"ReadAction","target":["https:\/\/lightweb.dev\/l\/svm-temp\/nyheter\/lokalpolis-kom-pa-marockan-som-valdtog-finsk-kvinna\/"]}]},{"@type":"ImageObject","inLanguage":"sv-SE","@id":"https:\/\/lightweb.dev\/l\/svm-temp\/nyheter\/lokalpolis-kom-pa-marockan-som-valdtog-finsk-kvinna\/#primaryimage","url":"https:\/\/lightweb.dev\/l\/svm-temp\/wp-content\/uploads\/2022\/06\/lokalpolis-kom-pa-marockan-som-valdtog-finsk-kvinna.png","contentUrl":"https:\/\/lightweb.dev\/l\/svm-temp\/wp-content\/uploads\/2022\/06\/lokalpolis-kom-pa-marockan-som-valdtog-finsk-kvinna.png","width":299,"height":200},{"@type":"BreadcrumbList","@id":"https:\/\/lightweb.dev\/l\/svm-temp\/nyheter\/lokalpolis-kom-pa-marockan-som-valdtog-finsk-kvinna\/#breadcrumb","itemListElement":[{"@type":"ListItem","position":1,"name":"Hem","item":"https:\/\/lightweb.dev\/l\/svm-temp\/"},{"@type":"ListItem","position":2,"name":"Lokalpolis kom p\u00e5 marockan som v\u00e5ldtog finsk kvinna"}]},{"@type":"WebSite","@id":"https:\/\/lightweb.dev\/l\/svm-temp\/#website","url":"https:\/\/lightweb.dev\/l\/svm-temp\/","name":"Svenska Magasinet","description":"Dina Spanska nyheter p&aring; Svenska","publisher":{"@id":"https:\/\/lightweb.dev\/l\/svm-temp\/#organization"},"potentialAction":[{"@type":"SearchAction","target":{"@type":"EntryPoint","urlTemplate":"https:\/\/lightweb.dev\/l\/svm-temp\/?s={search_term_string}"},"query-input":{"@type":"PropertyValueSpecification","valueRequired":true,"valueName":"search_term_string"}}],"inLanguage":"sv-SE"},{"@type":"Organization","@id":"https:\/\/lightweb.dev\/l\/svm-temp\/#organization","name":"Melkerson y Nott SL","alternateName":"Svenska Magasinet","url":"https:\/\/lightweb.dev\/l\/svm-temp\/","logo":{"@type":"ImageObject","inLanguage":"sv-SE","@id":"https:\/\/lightweb.dev\/l\/svm-temp\/#\/schema\/logo\/image\/","url":"https:\/\/lightweb.dev\/l\/svm-temp\/wp-content\/uploads\/2025\/02\/SvM-logo-Xtra-Centrerad-SVART.png","contentUrl":"https:\/\/lightweb.dev\/l\/svm-temp\/wp-content\/uploads\/2025\/02\/SvM-logo-Xtra-Centrerad-SVART.png","width":300,"height":99,"caption":"Melkerson y Nott SL"},"image":{"@id":"https:\/\/lightweb.dev\/l\/svm-temp\/#\/schema\/logo\/image\/"},"sameAs":["https:\/\/www.facebook.com\/svenskamagasinet","https:\/\/x.com\/SvenskaMagasine"]},{"@type":"Person","@id":"https:\/\/lightweb.dev\/l\/svm-temp\/#\/schema\/person\/206a3bda5b607b0c25e1749191e4d837","name":"Redaktionen SvM","description":"Redaktionen","sameAs":["https:\/\/lightweb.dev\/l\/svm-temp"],"url":"https:\/\/lightweb.dev\/l\/svm-temp\/reporter\/redaktionen\/"}]}},"_links":{"self":[{"href":"https:\/\/lightweb.dev\/l\/svm-temp\/wp-json\/wp\/v2\/posts\/23552","targetHints":{"allow":["GET"]}}],"collection":[{"href":"https:\/\/lightweb.dev\/l\/svm-temp\/wp-json\/wp\/v2\/posts"}],"about":[{"href":"https:\/\/lightweb.dev\/l\/svm-temp\/wp-json\/wp\/v2\/types\/post"}],"author":[{"embeddable":true,"href":"https:\/\/lightweb.dev\/l\/svm-temp\/wp-json\/wp\/v2\/users\/8"}],"replies":[{"embeddable":true,"href":"https:\/\/lightweb.dev\/l\/svm-temp\/wp-json\/wp\/v2\/comments?post=23552"}],"version-history":[{"count":0,"href":"https:\/\/lightweb.dev\/l\/svm-temp\/wp-json\/wp\/v2\/posts\/23552\/revisions"}],"wp:featuredmedia":[{"embeddable":true,"href":"https:\/\/lightweb.dev\/l\/svm-temp\/wp-json\/wp\/v2\/media\/23553"}],"wp:attachment":[{"href":"https:\/\/lightweb.dev\/l\/svm-temp\/wp-json\/wp\/v2\/media?parent=23552"}],"wp:term":[{"taxonomy":"category","embeddable":true,"href":"https:\/\/lightweb.dev\/l\/svm-temp\/wp-json\/wp\/v2\/categories?post=23552"},{"taxonomy":"post_tag","embeddable":true,"href":"https:\/\/lightweb.dev\/l\/svm-temp\/wp-json\/wp\/v2\/tags?post=23552"}],"curies":[{"name":"wp","href":"https:\/\/api.w.org\/{rel}","templated":true}]}}