{"id":23560,"date":"2015-09-18T00:00:00","date_gmt":"2015-09-17T22:00:00","guid":{"rendered":"https:\/\/lightweb.dev\/l\/svm-temp\/nyheter\/san-pedro-tjejen-azahara-munoz-gor-sin-tredje-solheim-cup\/"},"modified":"2015-09-18T00:00:00","modified_gmt":"2015-09-17T22:00:00","slug":"san-pedro-tjejen-azahara-munoz-gor-sin-tredje-solheim-cup","status":"publish","type":"post","link":"https:\/\/lightweb.dev\/l\/svm-temp\/nyheter\/san-pedro-tjejen-azahara-munoz-gor-sin-tredje-solheim-cup\/","title":{"rendered":"San Pedro-tjejen Azahara Mu\u00f1oz g\u00f6r sin tredje Solheim Cup"},"content":{"rendered":"<p> Azahara Mu\u00f1oz, golftjejen fr\u00e5n San Pedro Alc\u00e1ntara i Marbella, g\u00f6r idag sin tredje start vid Solheim Cup som \u00e4r damernas motsvarighet till herrarnas Ryder Cup. Azahara har tidigare tv\u00e5 Solheim Cup-vinster i bagaget.<\/p>\n<p>2011 p\u00e5 irl\u00e4ndska Killeen Castle fick Azahara Mu\u00f1oz en inbjudan att debutera vid t\u00e4vlingen, bara 23 \u00e5r gammal. Hiittils under Solheim Cup-\u00e4ventyren har Azahara Mu\u00f1oz vunnit fyra matcher, f\u00f6rlorat tre och spelat en oavgjord.<\/p>\n<p>\u00c4ven Carlota Ciganda fr\u00e5n Navarra finns med i \u00e5rets europeiska Solheim Cup-lag. Europa spelar p\u00e5 hemmaplan p\u00e5 St. Leon Rot n\u00e4ra tyska Heidelberg.<\/p>\n<p>Inte mindre \u00e4n sju svenskar finns i Europa lag. Carin Koch \u00e4r kapten. Dessutom \u00e4r samtliga tre vice-kaptener svenskor: Annika S\u00f6renstam, Maria McBride och Sophie Gustafson. I ledarstaben finns \u00e4ven rutinerade Fanny Sunesson.<\/p>\n<p>Mellan tee och green hittar vi Anna Nordqvist och Caroline Hedwall.<\/p>\n<p>(Foto: Twitter) <\/p>\n","protected":false},"excerpt":{"rendered":"<p>Azahara Mu\u00f1oz, golftjejen fr\u00e5n San Pedro Alc\u00e1ntara i Marbella, g\u00f6r idag sin tredje start vid Solheim Cup som \u00e4r damernas motsvarighet till herrarnas Ryder Cup. Azahara har tidigare tv\u00e5 Solheim Cup-vinster i bagaget. 2011 p\u00e5 irl\u00e4ndska Killeen Castle fick Azahara Mu\u00f1oz en inbjudan att debutera vid t\u00e4vlingen, bara 23 \u00e5r gammal. Hiittils under Solheim Cup-\u00e4ventyren [&hellip;]<\/p>\n","protected":false},"author":8,"featured_media":23561,"comment_status":"open","ping_status":"open","sticky":false,"template":"","format":"standard","meta":{"_et_pb_use_builder":"","_et_pb_old_content":"","_et_gb_content_width":"","footnotes":""},"categories":[395,3],"tags":[],"class_list":["post-23560","post","type-post","status-publish","format-standard","has-post-thumbnail","hentry","category-arkiv-nyheter","category-nyheter"],"yoast_head":"<!-- This site is optimized with the Yoast SEO Premium plugin v26.2 (Yoast SEO v27.4) - https:\/\/yoast.com\/product\/yoast-seo-premium-wordpress\/ -->\n<title>San Pedro-tjejen Azahara Mu\u00f1oz g\u00f6r sin tredje Solheim Cup - Svenska Magasinet<\/title>\n<meta name=\"robots\" content=\"noindex, follow, max-snippet:-1, max-image-preview:large, max-video-preview:-1\" \/>\n<meta property=\"og:locale\" content=\"sv_SE\" \/>\n<meta property=\"og:type\" content=\"article\" \/>\n<meta property=\"og:title\" content=\"San Pedro-tjejen Azahara Mu\u00f1oz g\u00f6r sin tredje Solheim Cup\" \/>\n<meta property=\"og:description\" content=\"Azahara Mu\u00f1oz, golftjejen fr\u00e5n San Pedro Alc\u00e1ntara i Marbella, g\u00f6r idag sin tredje start vid Solheim Cup som \u00e4r damernas motsvarighet till herrarnas Ryder Cup. Azahara har tidigare tv\u00e5 Solheim Cup-vinster i bagaget. 2011 p\u00e5 irl\u00e4ndska Killeen Castle fick Azahara Mu\u00f1oz en inbjudan att debutera vid t\u00e4vlingen, bara 23 \u00e5r gammal. Hiittils under Solheim Cup-\u00e4ventyren [&hellip;]\" \/>\n<meta property=\"og:url\" content=\"https:\/\/lightweb.dev\/l\/svm-temp\/nyheter\/san-pedro-tjejen-azahara-munoz-gor-sin-tredje-solheim-cup\/\" \/>\n<meta property=\"og:site_name\" content=\"Svenska Magasinet\" \/>\n<meta property=\"article:publisher\" content=\"https:\/\/www.facebook.com\/svenskamagasinet\" \/>\n<meta property=\"article:published_time\" content=\"2015-09-17T22:00:00+00:00\" \/>\n<meta property=\"og:image\" content=\"https:\/\/lightweb.dev\/l\/svm-temp\/wp-content\/uploads\/2022\/06\/san-pedrotjejen-azahara-muoz-gor-sin-tredje-solheim-cup.png\" \/>\n\t<meta property=\"og:image:width\" content=\"288\" \/>\n\t<meta property=\"og:image:height\" content=\"200\" \/>\n\t<meta property=\"og:image:type\" content=\"image\/png\" \/>\n<meta name=\"author\" content=\"Redaktionen SvM\" \/>\n<meta name=\"twitter:card\" content=\"summary_large_image\" \/>\n<meta name=\"twitter:creator\" content=\"@SvenskaMagasine\" \/>\n<meta name=\"twitter:site\" content=\"@SvenskaMagasine\" \/>\n<script type=\"application\/ld+json\" class=\"yoast-schema-graph\">{\"@context\":\"https:\\\/\\\/schema.org\",\"@graph\":[{\"@type\":\"Article\",\"@id\":\"https:\\\/\\\/lightweb.dev\\\/l\\\/svm-temp\\\/nyheter\\\/san-pedro-tjejen-azahara-munoz-gor-sin-tredje-solheim-cup\\\/#article\",\"isPartOf\":{\"@id\":\"https:\\\/\\\/lightweb.dev\\\/l\\\/svm-temp\\\/nyheter\\\/san-pedro-tjejen-azahara-munoz-gor-sin-tredje-solheim-cup\\\/\"},\"author\":{\"name\":\"Redaktionen SvM\",\"@id\":\"https:\\\/\\\/lightweb.dev\\\/l\\\/svm-temp\\\/#\\\/schema\\\/person\\\/206a3bda5b607b0c25e1749191e4d837\"},\"headline\":\"San Pedro-tjejen Azahara Mu\u00f1oz g\u00f6r sin tredje Solheim Cup\",\"datePublished\":\"2015-09-17T22:00:00+00:00\",\"mainEntityOfPage\":{\"@id\":\"https:\\\/\\\/lightweb.dev\\\/l\\\/svm-temp\\\/nyheter\\\/san-pedro-tjejen-azahara-munoz-gor-sin-tredje-solheim-cup\\\/\"},\"wordCount\":158,\"commentCount\":0,\"publisher\":{\"@id\":\"https:\\\/\\\/lightweb.dev\\\/l\\\/svm-temp\\\/#organization\"},\"image\":{\"@id\":\"https:\\\/\\\/lightweb.dev\\\/l\\\/svm-temp\\\/nyheter\\\/san-pedro-tjejen-azahara-munoz-gor-sin-tredje-solheim-cup\\\/#primaryimage\"},\"thumbnailUrl\":\"https:\\\/\\\/lightweb.dev\\\/l\\\/svm-temp\\\/wp-content\\\/uploads\\\/2022\\\/06\\\/san-pedrotjejen-azahara-muoz-gor-sin-tredje-solheim-cup.png\",\"articleSection\":[\"Arkiv\",\"Nyheter\"],\"inLanguage\":\"sv-SE\"},{\"@type\":\"WebPage\",\"@id\":\"https:\\\/\\\/lightweb.dev\\\/l\\\/svm-temp\\\/nyheter\\\/san-pedro-tjejen-azahara-munoz-gor-sin-tredje-solheim-cup\\\/\",\"url\":\"https:\\\/\\\/lightweb.dev\\\/l\\\/svm-temp\\\/nyheter\\\/san-pedro-tjejen-azahara-munoz-gor-sin-tredje-solheim-cup\\\/\",\"name\":\"San Pedro-tjejen Azahara Mu\u00f1oz g\u00f6r sin tredje Solheim Cup - Svenska Magasinet\",\"isPartOf\":{\"@id\":\"https:\\\/\\\/lightweb.dev\\\/l\\\/svm-temp\\\/#website\"},\"primaryImageOfPage\":{\"@id\":\"https:\\\/\\\/lightweb.dev\\\/l\\\/svm-temp\\\/nyheter\\\/san-pedro-tjejen-azahara-munoz-gor-sin-tredje-solheim-cup\\\/#primaryimage\"},\"image\":{\"@id\":\"https:\\\/\\\/lightweb.dev\\\/l\\\/svm-temp\\\/nyheter\\\/san-pedro-tjejen-azahara-munoz-gor-sin-tredje-solheim-cup\\\/#primaryimage\"},\"thumbnailUrl\":\"https:\\\/\\\/lightweb.dev\\\/l\\\/svm-temp\\\/wp-content\\\/uploads\\\/2022\\\/06\\\/san-pedrotjejen-azahara-muoz-gor-sin-tredje-solheim-cup.png\",\"datePublished\":\"2015-09-17T22:00:00+00:00\",\"breadcrumb\":{\"@id\":\"https:\\\/\\\/lightweb.dev\\\/l\\\/svm-temp\\\/nyheter\\\/san-pedro-tjejen-azahara-munoz-gor-sin-tredje-solheim-cup\\\/#breadcrumb\"},\"inLanguage\":\"sv-SE\",\"potentialAction\":[{\"@type\":\"ReadAction\",\"target\":[\"https:\\\/\\\/lightweb.dev\\\/l\\\/svm-temp\\\/nyheter\\\/san-pedro-tjejen-azahara-munoz-gor-sin-tredje-solheim-cup\\\/\"]}]},{\"@type\":\"ImageObject\",\"inLanguage\":\"sv-SE\",\"@id\":\"https:\\\/\\\/lightweb.dev\\\/l\\\/svm-temp\\\/nyheter\\\/san-pedro-tjejen-azahara-munoz-gor-sin-tredje-solheim-cup\\\/#primaryimage\",\"url\":\"https:\\\/\\\/lightweb.dev\\\/l\\\/svm-temp\\\/wp-content\\\/uploads\\\/2022\\\/06\\\/san-pedrotjejen-azahara-muoz-gor-sin-tredje-solheim-cup.png\",\"contentUrl\":\"https:\\\/\\\/lightweb.dev\\\/l\\\/svm-temp\\\/wp-content\\\/uploads\\\/2022\\\/06\\\/san-pedrotjejen-azahara-muoz-gor-sin-tredje-solheim-cup.png\",\"width\":288,\"height\":200},{\"@type\":\"BreadcrumbList\",\"@id\":\"https:\\\/\\\/lightweb.dev\\\/l\\\/svm-temp\\\/nyheter\\\/san-pedro-tjejen-azahara-munoz-gor-sin-tredje-solheim-cup\\\/#breadcrumb\",\"itemListElement\":[{\"@type\":\"ListItem\",\"position\":1,\"name\":\"Hem\",\"item\":\"https:\\\/\\\/lightweb.dev\\\/l\\\/svm-temp\\\/\"},{\"@type\":\"ListItem\",\"position\":2,\"name\":\"San Pedro-tjejen Azahara Mu\u00f1oz g\u00f6r sin tredje Solheim Cup\"}]},{\"@type\":\"WebSite\",\"@id\":\"https:\\\/\\\/lightweb.dev\\\/l\\\/svm-temp\\\/#website\",\"url\":\"https:\\\/\\\/lightweb.dev\\\/l\\\/svm-temp\\\/\",\"name\":\"Svenska Magasinet\",\"description\":\"Dina Spanska nyheter p&aring; Svenska\",\"publisher\":{\"@id\":\"https:\\\/\\\/lightweb.dev\\\/l\\\/svm-temp\\\/#organization\"},\"potentialAction\":[{\"@type\":\"SearchAction\",\"target\":{\"@type\":\"EntryPoint\",\"urlTemplate\":\"https:\\\/\\\/lightweb.dev\\\/l\\\/svm-temp\\\/?s={search_term_string}\"},\"query-input\":{\"@type\":\"PropertyValueSpecification\",\"valueRequired\":true,\"valueName\":\"search_term_string\"}}],\"inLanguage\":\"sv-SE\"},{\"@type\":\"Organization\",\"@id\":\"https:\\\/\\\/lightweb.dev\\\/l\\\/svm-temp\\\/#organization\",\"name\":\"Melkerson y Nott SL\",\"alternateName\":\"Svenska Magasinet\",\"url\":\"https:\\\/\\\/lightweb.dev\\\/l\\\/svm-temp\\\/\",\"logo\":{\"@type\":\"ImageObject\",\"inLanguage\":\"sv-SE\",\"@id\":\"https:\\\/\\\/lightweb.dev\\\/l\\\/svm-temp\\\/#\\\/schema\\\/logo\\\/image\\\/\",\"url\":\"https:\\\/\\\/lightweb.dev\\\/l\\\/svm-temp\\\/wp-content\\\/uploads\\\/2025\\\/02\\\/SvM-logo-Xtra-Centrerad-SVART.png\",\"contentUrl\":\"https:\\\/\\\/lightweb.dev\\\/l\\\/svm-temp\\\/wp-content\\\/uploads\\\/2025\\\/02\\\/SvM-logo-Xtra-Centrerad-SVART.png\",\"width\":300,\"height\":99,\"caption\":\"Melkerson y Nott SL\"},\"image\":{\"@id\":\"https:\\\/\\\/lightweb.dev\\\/l\\\/svm-temp\\\/#\\\/schema\\\/logo\\\/image\\\/\"},\"sameAs\":[\"https:\\\/\\\/www.facebook.com\\\/svenskamagasinet\",\"https:\\\/\\\/x.com\\\/SvenskaMagasine\"]},{\"@type\":\"Person\",\"@id\":\"https:\\\/\\\/lightweb.dev\\\/l\\\/svm-temp\\\/#\\\/schema\\\/person\\\/206a3bda5b607b0c25e1749191e4d837\",\"name\":\"Redaktionen SvM\",\"description\":\"Redaktionen\",\"sameAs\":[\"https:\\\/\\\/lightweb.dev\\\/l\\\/svm-temp\"],\"url\":\"https:\\\/\\\/lightweb.dev\\\/l\\\/svm-temp\\\/reporter\\\/redaktionen\\\/\"}]}<\/script>\n<!-- \/ Yoast SEO Premium plugin. -->","yoast_head_json":{"title":"San Pedro-tjejen Azahara Mu\u00f1oz g\u00f6r sin tredje Solheim Cup - Svenska Magasinet","robots":{"index":"noindex","follow":"follow","max-snippet":"max-snippet:-1","max-image-preview":"max-image-preview:large","max-video-preview":"max-video-preview:-1"},"og_locale":"sv_SE","og_type":"article","og_title":"San Pedro-tjejen Azahara Mu\u00f1oz g\u00f6r sin tredje Solheim Cup","og_description":"Azahara Mu\u00f1oz, golftjejen fr\u00e5n San Pedro Alc\u00e1ntara i Marbella, g\u00f6r idag sin tredje start vid Solheim Cup som \u00e4r damernas motsvarighet till herrarnas Ryder Cup. Azahara har tidigare tv\u00e5 Solheim Cup-vinster i bagaget. 2011 p\u00e5 irl\u00e4ndska Killeen Castle fick Azahara Mu\u00f1oz en inbjudan att debutera vid t\u00e4vlingen, bara 23 \u00e5r gammal. Hiittils under Solheim Cup-\u00e4ventyren [&hellip;]","og_url":"https:\/\/lightweb.dev\/l\/svm-temp\/nyheter\/san-pedro-tjejen-azahara-munoz-gor-sin-tredje-solheim-cup\/","og_site_name":"Svenska Magasinet","article_publisher":"https:\/\/www.facebook.com\/svenskamagasinet","article_published_time":"2015-09-17T22:00:00+00:00","og_image":[{"width":288,"height":200,"url":"https:\/\/lightweb.dev\/l\/svm-temp\/wp-content\/uploads\/2022\/06\/san-pedrotjejen-azahara-muoz-gor-sin-tredje-solheim-cup.png","type":"image\/png"}],"author":"Redaktionen SvM","twitter_card":"summary_large_image","twitter_creator":"@SvenskaMagasine","twitter_site":"@SvenskaMagasine","schema":{"@context":"https:\/\/schema.org","@graph":[{"@type":"Article","@id":"https:\/\/lightweb.dev\/l\/svm-temp\/nyheter\/san-pedro-tjejen-azahara-munoz-gor-sin-tredje-solheim-cup\/#article","isPartOf":{"@id":"https:\/\/lightweb.dev\/l\/svm-temp\/nyheter\/san-pedro-tjejen-azahara-munoz-gor-sin-tredje-solheim-cup\/"},"author":{"name":"Redaktionen SvM","@id":"https:\/\/lightweb.dev\/l\/svm-temp\/#\/schema\/person\/206a3bda5b607b0c25e1749191e4d837"},"headline":"San Pedro-tjejen Azahara Mu\u00f1oz g\u00f6r sin tredje Solheim Cup","datePublished":"2015-09-17T22:00:00+00:00","mainEntityOfPage":{"@id":"https:\/\/lightweb.dev\/l\/svm-temp\/nyheter\/san-pedro-tjejen-azahara-munoz-gor-sin-tredje-solheim-cup\/"},"wordCount":158,"commentCount":0,"publisher":{"@id":"https:\/\/lightweb.dev\/l\/svm-temp\/#organization"},"image":{"@id":"https:\/\/lightweb.dev\/l\/svm-temp\/nyheter\/san-pedro-tjejen-azahara-munoz-gor-sin-tredje-solheim-cup\/#primaryimage"},"thumbnailUrl":"https:\/\/lightweb.dev\/l\/svm-temp\/wp-content\/uploads\/2022\/06\/san-pedrotjejen-azahara-muoz-gor-sin-tredje-solheim-cup.png","articleSection":["Arkiv","Nyheter"],"inLanguage":"sv-SE"},{"@type":"WebPage","@id":"https:\/\/lightweb.dev\/l\/svm-temp\/nyheter\/san-pedro-tjejen-azahara-munoz-gor-sin-tredje-solheim-cup\/","url":"https:\/\/lightweb.dev\/l\/svm-temp\/nyheter\/san-pedro-tjejen-azahara-munoz-gor-sin-tredje-solheim-cup\/","name":"San Pedro-tjejen Azahara Mu\u00f1oz g\u00f6r sin tredje Solheim Cup - Svenska Magasinet","isPartOf":{"@id":"https:\/\/lightweb.dev\/l\/svm-temp\/#website"},"primaryImageOfPage":{"@id":"https:\/\/lightweb.dev\/l\/svm-temp\/nyheter\/san-pedro-tjejen-azahara-munoz-gor-sin-tredje-solheim-cup\/#primaryimage"},"image":{"@id":"https:\/\/lightweb.dev\/l\/svm-temp\/nyheter\/san-pedro-tjejen-azahara-munoz-gor-sin-tredje-solheim-cup\/#primaryimage"},"thumbnailUrl":"https:\/\/lightweb.dev\/l\/svm-temp\/wp-content\/uploads\/2022\/06\/san-pedrotjejen-azahara-muoz-gor-sin-tredje-solheim-cup.png","datePublished":"2015-09-17T22:00:00+00:00","breadcrumb":{"@id":"https:\/\/lightweb.dev\/l\/svm-temp\/nyheter\/san-pedro-tjejen-azahara-munoz-gor-sin-tredje-solheim-cup\/#breadcrumb"},"inLanguage":"sv-SE","potentialAction":[{"@type":"ReadAction","target":["https:\/\/lightweb.dev\/l\/svm-temp\/nyheter\/san-pedro-tjejen-azahara-munoz-gor-sin-tredje-solheim-cup\/"]}]},{"@type":"ImageObject","inLanguage":"sv-SE","@id":"https:\/\/lightweb.dev\/l\/svm-temp\/nyheter\/san-pedro-tjejen-azahara-munoz-gor-sin-tredje-solheim-cup\/#primaryimage","url":"https:\/\/lightweb.dev\/l\/svm-temp\/wp-content\/uploads\/2022\/06\/san-pedrotjejen-azahara-muoz-gor-sin-tredje-solheim-cup.png","contentUrl":"https:\/\/lightweb.dev\/l\/svm-temp\/wp-content\/uploads\/2022\/06\/san-pedrotjejen-azahara-muoz-gor-sin-tredje-solheim-cup.png","width":288,"height":200},{"@type":"BreadcrumbList","@id":"https:\/\/lightweb.dev\/l\/svm-temp\/nyheter\/san-pedro-tjejen-azahara-munoz-gor-sin-tredje-solheim-cup\/#breadcrumb","itemListElement":[{"@type":"ListItem","position":1,"name":"Hem","item":"https:\/\/lightweb.dev\/l\/svm-temp\/"},{"@type":"ListItem","position":2,"name":"San Pedro-tjejen Azahara Mu\u00f1oz g\u00f6r sin tredje Solheim Cup"}]},{"@type":"WebSite","@id":"https:\/\/lightweb.dev\/l\/svm-temp\/#website","url":"https:\/\/lightweb.dev\/l\/svm-temp\/","name":"Svenska Magasinet","description":"Dina Spanska nyheter p&aring; Svenska","publisher":{"@id":"https:\/\/lightweb.dev\/l\/svm-temp\/#organization"},"potentialAction":[{"@type":"SearchAction","target":{"@type":"EntryPoint","urlTemplate":"https:\/\/lightweb.dev\/l\/svm-temp\/?s={search_term_string}"},"query-input":{"@type":"PropertyValueSpecification","valueRequired":true,"valueName":"search_term_string"}}],"inLanguage":"sv-SE"},{"@type":"Organization","@id":"https:\/\/lightweb.dev\/l\/svm-temp\/#organization","name":"Melkerson y Nott SL","alternateName":"Svenska Magasinet","url":"https:\/\/lightweb.dev\/l\/svm-temp\/","logo":{"@type":"ImageObject","inLanguage":"sv-SE","@id":"https:\/\/lightweb.dev\/l\/svm-temp\/#\/schema\/logo\/image\/","url":"https:\/\/lightweb.dev\/l\/svm-temp\/wp-content\/uploads\/2025\/02\/SvM-logo-Xtra-Centrerad-SVART.png","contentUrl":"https:\/\/lightweb.dev\/l\/svm-temp\/wp-content\/uploads\/2025\/02\/SvM-logo-Xtra-Centrerad-SVART.png","width":300,"height":99,"caption":"Melkerson y Nott SL"},"image":{"@id":"https:\/\/lightweb.dev\/l\/svm-temp\/#\/schema\/logo\/image\/"},"sameAs":["https:\/\/www.facebook.com\/svenskamagasinet","https:\/\/x.com\/SvenskaMagasine"]},{"@type":"Person","@id":"https:\/\/lightweb.dev\/l\/svm-temp\/#\/schema\/person\/206a3bda5b607b0c25e1749191e4d837","name":"Redaktionen SvM","description":"Redaktionen","sameAs":["https:\/\/lightweb.dev\/l\/svm-temp"],"url":"https:\/\/lightweb.dev\/l\/svm-temp\/reporter\/redaktionen\/"}]}},"_links":{"self":[{"href":"https:\/\/lightweb.dev\/l\/svm-temp\/wp-json\/wp\/v2\/posts\/23560","targetHints":{"allow":["GET"]}}],"collection":[{"href":"https:\/\/lightweb.dev\/l\/svm-temp\/wp-json\/wp\/v2\/posts"}],"about":[{"href":"https:\/\/lightweb.dev\/l\/svm-temp\/wp-json\/wp\/v2\/types\/post"}],"author":[{"embeddable":true,"href":"https:\/\/lightweb.dev\/l\/svm-temp\/wp-json\/wp\/v2\/users\/8"}],"replies":[{"embeddable":true,"href":"https:\/\/lightweb.dev\/l\/svm-temp\/wp-json\/wp\/v2\/comments?post=23560"}],"version-history":[{"count":0,"href":"https:\/\/lightweb.dev\/l\/svm-temp\/wp-json\/wp\/v2\/posts\/23560\/revisions"}],"wp:featuredmedia":[{"embeddable":true,"href":"https:\/\/lightweb.dev\/l\/svm-temp\/wp-json\/wp\/v2\/media\/23561"}],"wp:attachment":[{"href":"https:\/\/lightweb.dev\/l\/svm-temp\/wp-json\/wp\/v2\/media?parent=23560"}],"wp:term":[{"taxonomy":"category","embeddable":true,"href":"https:\/\/lightweb.dev\/l\/svm-temp\/wp-json\/wp\/v2\/categories?post=23560"},{"taxonomy":"post_tag","embeddable":true,"href":"https:\/\/lightweb.dev\/l\/svm-temp\/wp-json\/wp\/v2\/tags?post=23560"}],"curies":[{"name":"wp","href":"https:\/\/api.w.org\/{rel}","templated":true}]}}