{"id":23566,"date":"2015-09-17T00:00:00","date_gmt":"2015-09-16T22:00:00","guid":{"rendered":"https:\/\/lightweb.dev\/l\/svm-temp\/nyheter\/ny-is-film-vi-kommer-inte-att-vila-forran-vi-erovrat-spanien\/"},"modified":"2015-09-17T00:00:00","modified_gmt":"2015-09-16T22:00:00","slug":"ny-is-film-vi-kommer-inte-att-vila-forran-vi-erovrat-spanien","status":"publish","type":"post","link":"https:\/\/lightweb.dev\/l\/svm-temp\/nyheter\/ny-is-film-vi-kommer-inte-att-vila-forran-vi-erovrat-spanien\/","title":{"rendered":"Ny IS-film: \u201dVi kommer inte att vila f\u00f6rr\u00e4n vi er\u00f6vrat Spanien\u201d"},"content":{"rendered":"<p> I en ny propagandafilm som islamiska staten (IS) har publicerat h\u00f6js hotet mot Spanien. Terroristorganisationen som s\u00e5r terror i Syrien och Irak, st\u00e5r bakom halshuggningar av f\u00e5ngar och v\u00e4sterl\u00e4ndska journalister riktar nya hot mot Spanien.<\/p>\n<p>Det \u00e4r Spanien antiterroriststyrka som ing\u00e5r i underr\u00e4ttelsetj\u00e4nsten som avsl\u00f6jar filmen som \u00e4r p\u00e5 cirka tv\u00e5 minuter (inspelad p\u00e5 arabiska, med engelsk undertext) och som publicerades den 26 augusti. Filmen har sedan dess f\u00e5tt stor spridning p\u00e5 jihadist-forum runt om i v\u00e4rlden men \u00e4ven i \u00f6ppna sociala n\u00e4tverk.<\/p>\n<p>Filmen visar svarta flaggor, bilder p\u00e5 avr\u00e4ttningar och sammandrabbningar i Syrien och pekar direkt ut Spanien (Al Andalus) som ett av n\u00e4sta m\u00e5l d\u00e4r \u201dkalifatet ska \u00e5teruppst\u00e5\u201d.<\/p>\n<p>\u201dVi kommer inte att njuta av livet och f\u00e5 vila f\u00f6rr\u00e4n alla muslimska f\u00e5ngar har sl\u00e4ppts, tills vi \u00e5tervinner Jerusalem, er\u00f6vrar Al Andalus och ockuperar Rom genom Allahs vilja\u201d s\u00e4ger en r\u00f6st som varnar och s\u00e4ger att \u201dislamiska staten t\u00e4nker \u00e5terer\u00f6vra Spanien med v\u00e5ld och inte med ord. Detta lovar vi Profeten, frid vare med honom\u201d. I filmen s\u00e4gs det att IS kommer att anv\u00e4nda bomber och explosioner.<\/p>\n<p>Enligt Spaniens underr\u00e4ttelsetj\u00e4nst \u00e4r filmens budskap med att \u00e5terer\u00f6vra Spanien, Rom och Jerusalem inspirerad av den film som Sheik Kamal Zorouk lanserade i april 2013 d\u00e4r ocks\u00e5 tre kommande m\u00e5l pekas ut.<\/p>\n<p>Filmen kommer bara n\u00e5gra veckor efter att ytterligare en film blev publicerad inspelad av tv\u00e5 \u201dtrogna\u201d k\u00e4mpar f\u00f6r IS med m\u00e5let att \u00e5terer\u00f6vra Al Andalus, deras morf\u00f6r\u00e4ldrars land, \u201dtierra de sus &#8221;abuelos\u201d. De tv\u00e5 m\u00e4nnen har blivit identifierade som marockanen Nouredin Majdoubi och den franske medborgaren Salahedin Ghaitun, under namnen \u201dAbou Abda Lah Guitone\u201d.<\/p>\n<p>Den sistn\u00e4mnda av dem ska ha v\u00e4nner i Madrid, Katalonien, Balearerna, Melilla och Ceuta och ska enligt IS ha d\u00f6tt som martyr efter att filmen gjordes. L\u00e4s mer &#8211; Jihadism: \u201dDet st\u00f6rsta hotet mot Spanien\u201d<\/p>\n","protected":false},"excerpt":{"rendered":"<p>I en ny propagandafilm som islamiska staten (IS) har publicerat h\u00f6js hotet mot Spanien. Terroristorganisationen som s\u00e5r terror i Syrien och Irak, st\u00e5r bakom halshuggningar av f\u00e5ngar och v\u00e4sterl\u00e4ndska journalister riktar nya hot mot Spanien. Det \u00e4r Spanien antiterroriststyrka som ing\u00e5r i underr\u00e4ttelsetj\u00e4nsten som avsl\u00f6jar filmen som \u00e4r p\u00e5 cirka tv\u00e5 minuter (inspelad p\u00e5 arabiska, [&hellip;]<\/p>\n","protected":false},"author":8,"featured_media":23567,"comment_status":"open","ping_status":"open","sticky":false,"template":"","format":"standard","meta":{"_et_pb_use_builder":"","_et_pb_old_content":"","_et_gb_content_width":"","footnotes":""},"categories":[395,3],"tags":[],"class_list":["post-23566","post","type-post","status-publish","format-standard","has-post-thumbnail","hentry","category-arkiv-nyheter","category-nyheter"],"yoast_head":"<!-- This site is optimized with the Yoast SEO Premium plugin v26.2 (Yoast SEO v27.4) - https:\/\/yoast.com\/product\/yoast-seo-premium-wordpress\/ -->\n<title>Ny IS-film: \u201dVi kommer inte att vila f\u00f6rr\u00e4n vi er\u00f6vrat Spanien\u201d - Svenska Magasinet<\/title>\n<meta name=\"robots\" content=\"noindex, follow, max-snippet:-1, max-image-preview:large, max-video-preview:-1\" \/>\n<meta property=\"og:locale\" content=\"sv_SE\" \/>\n<meta property=\"og:type\" content=\"article\" \/>\n<meta property=\"og:title\" content=\"Ny IS-film: \u201dVi kommer inte att vila f\u00f6rr\u00e4n vi er\u00f6vrat Spanien\u201d\" \/>\n<meta property=\"og:description\" content=\"I en ny propagandafilm som islamiska staten (IS) har publicerat h\u00f6js hotet mot Spanien. Terroristorganisationen som s\u00e5r terror i Syrien och Irak, st\u00e5r bakom halshuggningar av f\u00e5ngar och v\u00e4sterl\u00e4ndska journalister riktar nya hot mot Spanien. Det \u00e4r Spanien antiterroriststyrka som ing\u00e5r i underr\u00e4ttelsetj\u00e4nsten som avsl\u00f6jar filmen som \u00e4r p\u00e5 cirka tv\u00e5 minuter (inspelad p\u00e5 arabiska, [&hellip;]\" \/>\n<meta property=\"og:url\" content=\"https:\/\/lightweb.dev\/l\/svm-temp\/nyheter\/ny-is-film-vi-kommer-inte-att-vila-forran-vi-erovrat-spanien\/\" \/>\n<meta property=\"og:site_name\" content=\"Svenska Magasinet\" \/>\n<meta property=\"article:publisher\" content=\"https:\/\/www.facebook.com\/svenskamagasinet\" \/>\n<meta property=\"article:published_time\" content=\"2015-09-16T22:00:00+00:00\" \/>\n<meta property=\"og:image\" content=\"https:\/\/lightweb.dev\/l\/svm-temp\/wp-content\/uploads\/2022\/06\/ny-isfilm-vi-kommer-inte-att-vila-forran-vi-erovrat-spanien.png\" \/>\n\t<meta property=\"og:image:width\" content=\"355\" \/>\n\t<meta property=\"og:image:height\" content=\"200\" \/>\n\t<meta property=\"og:image:type\" content=\"image\/png\" \/>\n<meta name=\"author\" content=\"Redaktionen SvM\" \/>\n<meta name=\"twitter:card\" content=\"summary_large_image\" \/>\n<meta name=\"twitter:creator\" content=\"@SvenskaMagasine\" \/>\n<meta name=\"twitter:site\" content=\"@SvenskaMagasine\" \/>\n<script type=\"application\/ld+json\" class=\"yoast-schema-graph\">{\"@context\":\"https:\\\/\\\/schema.org\",\"@graph\":[{\"@type\":\"Article\",\"@id\":\"https:\\\/\\\/lightweb.dev\\\/l\\\/svm-temp\\\/nyheter\\\/ny-is-film-vi-kommer-inte-att-vila-forran-vi-erovrat-spanien\\\/#article\",\"isPartOf\":{\"@id\":\"https:\\\/\\\/lightweb.dev\\\/l\\\/svm-temp\\\/nyheter\\\/ny-is-film-vi-kommer-inte-att-vila-forran-vi-erovrat-spanien\\\/\"},\"author\":{\"name\":\"Redaktionen SvM\",\"@id\":\"https:\\\/\\\/lightweb.dev\\\/l\\\/svm-temp\\\/#\\\/schema\\\/person\\\/206a3bda5b607b0c25e1749191e4d837\"},\"headline\":\"Ny IS-film: \u201dVi kommer inte att vila f\u00f6rr\u00e4n vi er\u00f6vrat Spanien\u201d\",\"datePublished\":\"2015-09-16T22:00:00+00:00\",\"mainEntityOfPage\":{\"@id\":\"https:\\\/\\\/lightweb.dev\\\/l\\\/svm-temp\\\/nyheter\\\/ny-is-film-vi-kommer-inte-att-vila-forran-vi-erovrat-spanien\\\/\"},\"wordCount\":359,\"commentCount\":0,\"publisher\":{\"@id\":\"https:\\\/\\\/lightweb.dev\\\/l\\\/svm-temp\\\/#organization\"},\"image\":{\"@id\":\"https:\\\/\\\/lightweb.dev\\\/l\\\/svm-temp\\\/nyheter\\\/ny-is-film-vi-kommer-inte-att-vila-forran-vi-erovrat-spanien\\\/#primaryimage\"},\"thumbnailUrl\":\"https:\\\/\\\/lightweb.dev\\\/l\\\/svm-temp\\\/wp-content\\\/uploads\\\/2022\\\/06\\\/ny-isfilm-vi-kommer-inte-att-vila-forran-vi-erovrat-spanien.png\",\"articleSection\":[\"Arkiv\",\"Nyheter\"],\"inLanguage\":\"sv-SE\"},{\"@type\":\"WebPage\",\"@id\":\"https:\\\/\\\/lightweb.dev\\\/l\\\/svm-temp\\\/nyheter\\\/ny-is-film-vi-kommer-inte-att-vila-forran-vi-erovrat-spanien\\\/\",\"url\":\"https:\\\/\\\/lightweb.dev\\\/l\\\/svm-temp\\\/nyheter\\\/ny-is-film-vi-kommer-inte-att-vila-forran-vi-erovrat-spanien\\\/\",\"name\":\"Ny IS-film: \u201dVi kommer inte att vila f\u00f6rr\u00e4n vi er\u00f6vrat Spanien\u201d - Svenska Magasinet\",\"isPartOf\":{\"@id\":\"https:\\\/\\\/lightweb.dev\\\/l\\\/svm-temp\\\/#website\"},\"primaryImageOfPage\":{\"@id\":\"https:\\\/\\\/lightweb.dev\\\/l\\\/svm-temp\\\/nyheter\\\/ny-is-film-vi-kommer-inte-att-vila-forran-vi-erovrat-spanien\\\/#primaryimage\"},\"image\":{\"@id\":\"https:\\\/\\\/lightweb.dev\\\/l\\\/svm-temp\\\/nyheter\\\/ny-is-film-vi-kommer-inte-att-vila-forran-vi-erovrat-spanien\\\/#primaryimage\"},\"thumbnailUrl\":\"https:\\\/\\\/lightweb.dev\\\/l\\\/svm-temp\\\/wp-content\\\/uploads\\\/2022\\\/06\\\/ny-isfilm-vi-kommer-inte-att-vila-forran-vi-erovrat-spanien.png\",\"datePublished\":\"2015-09-16T22:00:00+00:00\",\"breadcrumb\":{\"@id\":\"https:\\\/\\\/lightweb.dev\\\/l\\\/svm-temp\\\/nyheter\\\/ny-is-film-vi-kommer-inte-att-vila-forran-vi-erovrat-spanien\\\/#breadcrumb\"},\"inLanguage\":\"sv-SE\",\"potentialAction\":[{\"@type\":\"ReadAction\",\"target\":[\"https:\\\/\\\/lightweb.dev\\\/l\\\/svm-temp\\\/nyheter\\\/ny-is-film-vi-kommer-inte-att-vila-forran-vi-erovrat-spanien\\\/\"]}]},{\"@type\":\"ImageObject\",\"inLanguage\":\"sv-SE\",\"@id\":\"https:\\\/\\\/lightweb.dev\\\/l\\\/svm-temp\\\/nyheter\\\/ny-is-film-vi-kommer-inte-att-vila-forran-vi-erovrat-spanien\\\/#primaryimage\",\"url\":\"https:\\\/\\\/lightweb.dev\\\/l\\\/svm-temp\\\/wp-content\\\/uploads\\\/2022\\\/06\\\/ny-isfilm-vi-kommer-inte-att-vila-forran-vi-erovrat-spanien.png\",\"contentUrl\":\"https:\\\/\\\/lightweb.dev\\\/l\\\/svm-temp\\\/wp-content\\\/uploads\\\/2022\\\/06\\\/ny-isfilm-vi-kommer-inte-att-vila-forran-vi-erovrat-spanien.png\",\"width\":355,\"height\":200},{\"@type\":\"BreadcrumbList\",\"@id\":\"https:\\\/\\\/lightweb.dev\\\/l\\\/svm-temp\\\/nyheter\\\/ny-is-film-vi-kommer-inte-att-vila-forran-vi-erovrat-spanien\\\/#breadcrumb\",\"itemListElement\":[{\"@type\":\"ListItem\",\"position\":1,\"name\":\"Hem\",\"item\":\"https:\\\/\\\/lightweb.dev\\\/l\\\/svm-temp\\\/\"},{\"@type\":\"ListItem\",\"position\":2,\"name\":\"Ny IS-film: \u201dVi kommer inte att vila f\u00f6rr\u00e4n vi er\u00f6vrat Spanien\u201d\"}]},{\"@type\":\"WebSite\",\"@id\":\"https:\\\/\\\/lightweb.dev\\\/l\\\/svm-temp\\\/#website\",\"url\":\"https:\\\/\\\/lightweb.dev\\\/l\\\/svm-temp\\\/\",\"name\":\"Svenska Magasinet\",\"description\":\"Dina Spanska nyheter p&aring; Svenska\",\"publisher\":{\"@id\":\"https:\\\/\\\/lightweb.dev\\\/l\\\/svm-temp\\\/#organization\"},\"potentialAction\":[{\"@type\":\"SearchAction\",\"target\":{\"@type\":\"EntryPoint\",\"urlTemplate\":\"https:\\\/\\\/lightweb.dev\\\/l\\\/svm-temp\\\/?s={search_term_string}\"},\"query-input\":{\"@type\":\"PropertyValueSpecification\",\"valueRequired\":true,\"valueName\":\"search_term_string\"}}],\"inLanguage\":\"sv-SE\"},{\"@type\":\"Organization\",\"@id\":\"https:\\\/\\\/lightweb.dev\\\/l\\\/svm-temp\\\/#organization\",\"name\":\"Melkerson y Nott SL\",\"alternateName\":\"Svenska Magasinet\",\"url\":\"https:\\\/\\\/lightweb.dev\\\/l\\\/svm-temp\\\/\",\"logo\":{\"@type\":\"ImageObject\",\"inLanguage\":\"sv-SE\",\"@id\":\"https:\\\/\\\/lightweb.dev\\\/l\\\/svm-temp\\\/#\\\/schema\\\/logo\\\/image\\\/\",\"url\":\"https:\\\/\\\/lightweb.dev\\\/l\\\/svm-temp\\\/wp-content\\\/uploads\\\/2025\\\/02\\\/SvM-logo-Xtra-Centrerad-SVART.png\",\"contentUrl\":\"https:\\\/\\\/lightweb.dev\\\/l\\\/svm-temp\\\/wp-content\\\/uploads\\\/2025\\\/02\\\/SvM-logo-Xtra-Centrerad-SVART.png\",\"width\":300,\"height\":99,\"caption\":\"Melkerson y Nott SL\"},\"image\":{\"@id\":\"https:\\\/\\\/lightweb.dev\\\/l\\\/svm-temp\\\/#\\\/schema\\\/logo\\\/image\\\/\"},\"sameAs\":[\"https:\\\/\\\/www.facebook.com\\\/svenskamagasinet\",\"https:\\\/\\\/x.com\\\/SvenskaMagasine\"]},{\"@type\":\"Person\",\"@id\":\"https:\\\/\\\/lightweb.dev\\\/l\\\/svm-temp\\\/#\\\/schema\\\/person\\\/206a3bda5b607b0c25e1749191e4d837\",\"name\":\"Redaktionen SvM\",\"description\":\"Redaktionen\",\"sameAs\":[\"https:\\\/\\\/lightweb.dev\\\/l\\\/svm-temp\"],\"url\":\"https:\\\/\\\/lightweb.dev\\\/l\\\/svm-temp\\\/reporter\\\/redaktionen\\\/\"}]}<\/script>\n<!-- \/ Yoast SEO Premium plugin. -->","yoast_head_json":{"title":"Ny IS-film: \u201dVi kommer inte att vila f\u00f6rr\u00e4n vi er\u00f6vrat Spanien\u201d - Svenska Magasinet","robots":{"index":"noindex","follow":"follow","max-snippet":"max-snippet:-1","max-image-preview":"max-image-preview:large","max-video-preview":"max-video-preview:-1"},"og_locale":"sv_SE","og_type":"article","og_title":"Ny IS-film: \u201dVi kommer inte att vila f\u00f6rr\u00e4n vi er\u00f6vrat Spanien\u201d","og_description":"I en ny propagandafilm som islamiska staten (IS) har publicerat h\u00f6js hotet mot Spanien. Terroristorganisationen som s\u00e5r terror i Syrien och Irak, st\u00e5r bakom halshuggningar av f\u00e5ngar och v\u00e4sterl\u00e4ndska journalister riktar nya hot mot Spanien. Det \u00e4r Spanien antiterroriststyrka som ing\u00e5r i underr\u00e4ttelsetj\u00e4nsten som avsl\u00f6jar filmen som \u00e4r p\u00e5 cirka tv\u00e5 minuter (inspelad p\u00e5 arabiska, [&hellip;]","og_url":"https:\/\/lightweb.dev\/l\/svm-temp\/nyheter\/ny-is-film-vi-kommer-inte-att-vila-forran-vi-erovrat-spanien\/","og_site_name":"Svenska Magasinet","article_publisher":"https:\/\/www.facebook.com\/svenskamagasinet","article_published_time":"2015-09-16T22:00:00+00:00","og_image":[{"width":355,"height":200,"url":"https:\/\/lightweb.dev\/l\/svm-temp\/wp-content\/uploads\/2022\/06\/ny-isfilm-vi-kommer-inte-att-vila-forran-vi-erovrat-spanien.png","type":"image\/png"}],"author":"Redaktionen SvM","twitter_card":"summary_large_image","twitter_creator":"@SvenskaMagasine","twitter_site":"@SvenskaMagasine","schema":{"@context":"https:\/\/schema.org","@graph":[{"@type":"Article","@id":"https:\/\/lightweb.dev\/l\/svm-temp\/nyheter\/ny-is-film-vi-kommer-inte-att-vila-forran-vi-erovrat-spanien\/#article","isPartOf":{"@id":"https:\/\/lightweb.dev\/l\/svm-temp\/nyheter\/ny-is-film-vi-kommer-inte-att-vila-forran-vi-erovrat-spanien\/"},"author":{"name":"Redaktionen SvM","@id":"https:\/\/lightweb.dev\/l\/svm-temp\/#\/schema\/person\/206a3bda5b607b0c25e1749191e4d837"},"headline":"Ny IS-film: \u201dVi kommer inte att vila f\u00f6rr\u00e4n vi er\u00f6vrat Spanien\u201d","datePublished":"2015-09-16T22:00:00+00:00","mainEntityOfPage":{"@id":"https:\/\/lightweb.dev\/l\/svm-temp\/nyheter\/ny-is-film-vi-kommer-inte-att-vila-forran-vi-erovrat-spanien\/"},"wordCount":359,"commentCount":0,"publisher":{"@id":"https:\/\/lightweb.dev\/l\/svm-temp\/#organization"},"image":{"@id":"https:\/\/lightweb.dev\/l\/svm-temp\/nyheter\/ny-is-film-vi-kommer-inte-att-vila-forran-vi-erovrat-spanien\/#primaryimage"},"thumbnailUrl":"https:\/\/lightweb.dev\/l\/svm-temp\/wp-content\/uploads\/2022\/06\/ny-isfilm-vi-kommer-inte-att-vila-forran-vi-erovrat-spanien.png","articleSection":["Arkiv","Nyheter"],"inLanguage":"sv-SE"},{"@type":"WebPage","@id":"https:\/\/lightweb.dev\/l\/svm-temp\/nyheter\/ny-is-film-vi-kommer-inte-att-vila-forran-vi-erovrat-spanien\/","url":"https:\/\/lightweb.dev\/l\/svm-temp\/nyheter\/ny-is-film-vi-kommer-inte-att-vila-forran-vi-erovrat-spanien\/","name":"Ny IS-film: \u201dVi kommer inte att vila f\u00f6rr\u00e4n vi er\u00f6vrat Spanien\u201d - Svenska Magasinet","isPartOf":{"@id":"https:\/\/lightweb.dev\/l\/svm-temp\/#website"},"primaryImageOfPage":{"@id":"https:\/\/lightweb.dev\/l\/svm-temp\/nyheter\/ny-is-film-vi-kommer-inte-att-vila-forran-vi-erovrat-spanien\/#primaryimage"},"image":{"@id":"https:\/\/lightweb.dev\/l\/svm-temp\/nyheter\/ny-is-film-vi-kommer-inte-att-vila-forran-vi-erovrat-spanien\/#primaryimage"},"thumbnailUrl":"https:\/\/lightweb.dev\/l\/svm-temp\/wp-content\/uploads\/2022\/06\/ny-isfilm-vi-kommer-inte-att-vila-forran-vi-erovrat-spanien.png","datePublished":"2015-09-16T22:00:00+00:00","breadcrumb":{"@id":"https:\/\/lightweb.dev\/l\/svm-temp\/nyheter\/ny-is-film-vi-kommer-inte-att-vila-forran-vi-erovrat-spanien\/#breadcrumb"},"inLanguage":"sv-SE","potentialAction":[{"@type":"ReadAction","target":["https:\/\/lightweb.dev\/l\/svm-temp\/nyheter\/ny-is-film-vi-kommer-inte-att-vila-forran-vi-erovrat-spanien\/"]}]},{"@type":"ImageObject","inLanguage":"sv-SE","@id":"https:\/\/lightweb.dev\/l\/svm-temp\/nyheter\/ny-is-film-vi-kommer-inte-att-vila-forran-vi-erovrat-spanien\/#primaryimage","url":"https:\/\/lightweb.dev\/l\/svm-temp\/wp-content\/uploads\/2022\/06\/ny-isfilm-vi-kommer-inte-att-vila-forran-vi-erovrat-spanien.png","contentUrl":"https:\/\/lightweb.dev\/l\/svm-temp\/wp-content\/uploads\/2022\/06\/ny-isfilm-vi-kommer-inte-att-vila-forran-vi-erovrat-spanien.png","width":355,"height":200},{"@type":"BreadcrumbList","@id":"https:\/\/lightweb.dev\/l\/svm-temp\/nyheter\/ny-is-film-vi-kommer-inte-att-vila-forran-vi-erovrat-spanien\/#breadcrumb","itemListElement":[{"@type":"ListItem","position":1,"name":"Hem","item":"https:\/\/lightweb.dev\/l\/svm-temp\/"},{"@type":"ListItem","position":2,"name":"Ny IS-film: \u201dVi kommer inte att vila f\u00f6rr\u00e4n vi er\u00f6vrat Spanien\u201d"}]},{"@type":"WebSite","@id":"https:\/\/lightweb.dev\/l\/svm-temp\/#website","url":"https:\/\/lightweb.dev\/l\/svm-temp\/","name":"Svenska Magasinet","description":"Dina Spanska nyheter p&aring; Svenska","publisher":{"@id":"https:\/\/lightweb.dev\/l\/svm-temp\/#organization"},"potentialAction":[{"@type":"SearchAction","target":{"@type":"EntryPoint","urlTemplate":"https:\/\/lightweb.dev\/l\/svm-temp\/?s={search_term_string}"},"query-input":{"@type":"PropertyValueSpecification","valueRequired":true,"valueName":"search_term_string"}}],"inLanguage":"sv-SE"},{"@type":"Organization","@id":"https:\/\/lightweb.dev\/l\/svm-temp\/#organization","name":"Melkerson y Nott SL","alternateName":"Svenska Magasinet","url":"https:\/\/lightweb.dev\/l\/svm-temp\/","logo":{"@type":"ImageObject","inLanguage":"sv-SE","@id":"https:\/\/lightweb.dev\/l\/svm-temp\/#\/schema\/logo\/image\/","url":"https:\/\/lightweb.dev\/l\/svm-temp\/wp-content\/uploads\/2025\/02\/SvM-logo-Xtra-Centrerad-SVART.png","contentUrl":"https:\/\/lightweb.dev\/l\/svm-temp\/wp-content\/uploads\/2025\/02\/SvM-logo-Xtra-Centrerad-SVART.png","width":300,"height":99,"caption":"Melkerson y Nott SL"},"image":{"@id":"https:\/\/lightweb.dev\/l\/svm-temp\/#\/schema\/logo\/image\/"},"sameAs":["https:\/\/www.facebook.com\/svenskamagasinet","https:\/\/x.com\/SvenskaMagasine"]},{"@type":"Person","@id":"https:\/\/lightweb.dev\/l\/svm-temp\/#\/schema\/person\/206a3bda5b607b0c25e1749191e4d837","name":"Redaktionen SvM","description":"Redaktionen","sameAs":["https:\/\/lightweb.dev\/l\/svm-temp"],"url":"https:\/\/lightweb.dev\/l\/svm-temp\/reporter\/redaktionen\/"}]}},"_links":{"self":[{"href":"https:\/\/lightweb.dev\/l\/svm-temp\/wp-json\/wp\/v2\/posts\/23566","targetHints":{"allow":["GET"]}}],"collection":[{"href":"https:\/\/lightweb.dev\/l\/svm-temp\/wp-json\/wp\/v2\/posts"}],"about":[{"href":"https:\/\/lightweb.dev\/l\/svm-temp\/wp-json\/wp\/v2\/types\/post"}],"author":[{"embeddable":true,"href":"https:\/\/lightweb.dev\/l\/svm-temp\/wp-json\/wp\/v2\/users\/8"}],"replies":[{"embeddable":true,"href":"https:\/\/lightweb.dev\/l\/svm-temp\/wp-json\/wp\/v2\/comments?post=23566"}],"version-history":[{"count":0,"href":"https:\/\/lightweb.dev\/l\/svm-temp\/wp-json\/wp\/v2\/posts\/23566\/revisions"}],"wp:featuredmedia":[{"embeddable":true,"href":"https:\/\/lightweb.dev\/l\/svm-temp\/wp-json\/wp\/v2\/media\/23567"}],"wp:attachment":[{"href":"https:\/\/lightweb.dev\/l\/svm-temp\/wp-json\/wp\/v2\/media?parent=23566"}],"wp:term":[{"taxonomy":"category","embeddable":true,"href":"https:\/\/lightweb.dev\/l\/svm-temp\/wp-json\/wp\/v2\/categories?post=23566"},{"taxonomy":"post_tag","embeddable":true,"href":"https:\/\/lightweb.dev\/l\/svm-temp\/wp-json\/wp\/v2\/tags?post=23566"}],"curies":[{"name":"wp","href":"https:\/\/api.w.org\/{rel}","templated":true}]}}