{"id":23572,"date":"2015-09-17T00:00:00","date_gmt":"2015-09-16T22:00:00","guid":{"rendered":"https:\/\/lightweb.dev\/l\/svm-temp\/nyheter\/fortsatt-koplage-i-spanien\/"},"modified":"2015-09-17T00:00:00","modified_gmt":"2015-09-16T22:00:00","slug":"fortsatt-koplage-i-spanien","status":"publish","type":"post","link":"https:\/\/lightweb.dev\/l\/svm-temp\/nyheter\/fortsatt-koplage-i-spanien\/","title":{"rendered":"Fortsatt k\u00f6pl\u00e4ge i Spanien"},"content":{"rendered":"<p> Nordens st\u00f6rsta m\u00e4ssa om utlandsboende arrangeras kommande helg i Kistam\u00e4ssan norr om Stockholm. Det \u00e4r Nordens st\u00f6rsta och mest v\u00e4lbes\u00f6kta m\u00e4ssa f\u00f6r k\u00f6p av bostad i utlandet som arrangeras av Fair Media International AB. Av Ola Josefsson<\/p>\n<p>&#8211; Vi \u00e4r tillbaka p\u00e5 Kistam\u00e4ssan igen j\u00e4mf\u00f6rt med i v\u00e5ras d\u00e5 vi var p\u00e5 Globen-omr\u00e5det. Vi har ut\u00f6kat antalet seminarier och har nu tre seminariehallar. I \u00f6vrigt \u00e4r det som det brukar vara. Inf\u00f6r varje m\u00e4ssa f\u00f6rs\u00f6ker vi hitta nya vinklar och fr\u00e5gar bes\u00f6karna vad de vill ha och vilka \u00f6nskem\u00e5l de har. De \u00e4r mycket n\u00f6jda med det som m\u00e4ssan erbjuder, s\u00e4ger Bj\u00f6rn Simonsson, verkst\u00e4llande direkt\u00f6r och \u00e4gare.<\/p>\n<p>Ett 90-tal utst\u00e4llare finns med p\u00e5 Kistam\u00e4ssan till helgen. Bo Wennertorp fr\u00e5n revisionsbyr\u00e5n Global Accounting i Marbella h\u00e5ller i Spanien-seminarierna.<\/p>\n<p>&#8211; Vi har f\u00f6rs\u00f6kt utveckla Spanien-delen med nya vinklingar. Vi har en panel med Stefan Thomsson som moderator d\u00e4r olika experter som jobbar p\u00e5 den spanska marknaden medverkar. Det \u00e4r turistorganisationen, m\u00e4klare och andra som bidrar med specialkunskap fr\u00e5n de olika delarna av landet. Vi vill f\u00e5 seminarierna att bli mer levande.<\/p>\n<p>I Stockholmsomr\u00e5det \u00e4r intresset stort f\u00f6r Barcelona varf\u00f6r Katalonien och Barcelona har ett eget seminarium.<br \/>\n&#8211; Annars \u00e4r svenskarna ganska konservativa. De vet vad de vill ha. Tidigare bes\u00f6kare f\u00e5r en inbjudan, det \u00e4r cirka 20.000 personer som f\u00e5r denna inbjudan och jag skickar den fr\u00e5n min personliga e-postadress vilket har inneburit m\u00e5nga v\u00e4rdefulla kontakter, s\u00e4ger Bj\u00f6rn Simonsson.<\/p>\n<p>Prisl\u00e4get har b\u00f6rjat att r\u00f6ra p\u00e5 sig och stiger p\u00e5 m\u00e5nga h\u00e5ll.<br \/>\n&#8211; Priserna b\u00f6rjar g\u00e5 upp p\u00e5 lite olika h\u00e5ll. K\u00f6pa hus utomlands \u00e4r en investering men samtidigt kan man inte v\u00e4nta hur l\u00e4nge som helst. Vi har en global ekonomi som r\u00f6r p\u00e5 sig. Den brittiska ekonomin g\u00e5r b\u00e4ttre vilket g\u00f6r att trycket p\u00e5 att k\u00f6pa i utlandet \u00f6kar. N\u00e4r fler ska k\u00f6pa stiger priserna.<\/p>\n<p>En nyhet inf\u00f6r h\u00f6sten \u00e4r att Fair Media arrangerar en m\u00e4ssa i \u00d6rebro.<br \/>\n&#8211; Det blir f\u00f6rsta g\u00e5ngen i \u00d6rebro. Utfallet h\u00e4r f\u00e5r styra hur vi g\u00f6r i framtiden. \u00d6rebro har betydligt f\u00e4rre inv\u00e5nare \u00e4n Stockholm men vi n\u00e5r ut p\u00e5 ett st\u00f6rre geografiskt omr\u00e5de. Det \u00e4r knappt 30-talet utst\u00e4llare i \u00d6rebro s\u00e5 de ber\u00e4knas f\u00e5 ungef\u00e4r lika m\u00e5nga bes\u00f6kare som i Stockholm, s\u00e4ger Bj\u00f6rn Simonsson avslutningsvis.<\/p>\n<p>Sedan starten 2003 har Fair Media arrangerat \u00f6ver 100 fastighetsm\u00e4ssor. F\u00f6r tillf\u00e4llet arrangeras \u00e5tta m\u00e4ssor i Sverige och Finland varje \u00e5r. Stockholm, G\u00f6teborg, Malm\u00f6 och \u00d6rebro i Sverige och Helsingfors i Finland. Fastighetsm\u00e4ssorna \u00e4r specialm\u00e4ssor enbart f\u00f6r bost\u00e4der i utlandet.<\/p>\n<p>Svenska Magasinets Madeleine \u00d6berg \u00e4r p\u00e5 plats i Kistam\u00e4ssan under hela helgen. Som bes\u00f6kare kan du f\u00e5 ett exemplar av Svenska Magasinet och systertidningen Spa\u00f1ien Magasinet.<\/p>\n<p>Fastighetsm\u00e4ssorna K\u00f6pa hus utomlands arrangeras p\u00e5 ytterligare tre platser under h\u00f6sten:<br \/>\n\u00d6rebro, Conventum Arena, 10 \u2013 11 oktober<br \/>\nHelsingfors, Wanha Satama, 24 \u2013 25 oktober<br \/>\nG\u00f6teborg, Svenska M\u00e4ssan, 14 \u2013 15 november<\/p>\n<p>Seminarieprogram, Spanien<br \/>\nSal 1<br \/>\n15.00 Spanien<br \/>\nPanel  med Stefan Thomsson som moderator<br \/>\nSal 2<br \/>\n11.30 Spanien<br \/>\nPanel  med Stefan Thomsson som moderator<br \/>\n12.30 Skatter vid utflyttning<br \/>\nStefan Thomsson ifr\u00e5n Grant Thornton<br \/>\n14.30 Pensionering utomlands<br \/>\nG\u00f6ran Andersson ifr\u00e5n Sparsam Skatt<br \/>\n15.30 Bolag utomlands<br \/>\nG\u00f6ran Andersson ifr\u00e5n Sparsam Skatt<br \/>\nSal 3<br \/>\n13.00 Bol\u00e5n i Spanien och Frankrike<br \/>\nNykredit<br \/>\n14.00 Barcelona och Katalonien<br \/>\nPaneldiskussion<br \/>\n15.00 Familjer\u00e4tt vid utlandsflytt<br \/>\nLucia Fuentes och Ewa-Maria Van der Kwast ifr\u00e5n Familjens Jurist<\/p>\n","protected":false},"excerpt":{"rendered":"<p>Nordens st\u00f6rsta m\u00e4ssa om utlandsboende arrangeras kommande helg i Kistam\u00e4ssan norr om Stockholm. Det \u00e4r Nordens st\u00f6rsta och mest v\u00e4lbes\u00f6kta m\u00e4ssa f\u00f6r k\u00f6p av bostad i utlandet som arrangeras av Fair Media International AB. Av Ola Josefsson &#8211; Vi \u00e4r tillbaka p\u00e5 Kistam\u00e4ssan igen j\u00e4mf\u00f6rt med i v\u00e5ras d\u00e5 vi var p\u00e5 Globen-omr\u00e5det. Vi har [&hellip;]<\/p>\n","protected":false},"author":8,"featured_media":23573,"comment_status":"open","ping_status":"open","sticky":false,"template":"","format":"standard","meta":{"_et_pb_use_builder":"","_et_pb_old_content":"","_et_gb_content_width":"","footnotes":""},"categories":[395,3],"tags":[],"class_list":["post-23572","post","type-post","status-publish","format-standard","has-post-thumbnail","hentry","category-arkiv-nyheter","category-nyheter"],"yoast_head":"<!-- This site is optimized with the Yoast SEO Premium plugin v26.2 (Yoast SEO v27.5) - https:\/\/yoast.com\/product\/yoast-seo-premium-wordpress\/ -->\n<title>Fortsatt k\u00f6pl\u00e4ge i Spanien - Svenska Magasinet<\/title>\n<meta name=\"robots\" content=\"noindex, follow, max-snippet:-1, max-image-preview:large, max-video-preview:-1\" \/>\n<meta property=\"og:locale\" content=\"sv_SE\" \/>\n<meta property=\"og:type\" content=\"article\" \/>\n<meta property=\"og:title\" content=\"Fortsatt k\u00f6pl\u00e4ge i Spanien\" \/>\n<meta property=\"og:description\" content=\"Nordens st\u00f6rsta m\u00e4ssa om utlandsboende arrangeras kommande helg i Kistam\u00e4ssan norr om Stockholm. Det \u00e4r Nordens st\u00f6rsta och mest v\u00e4lbes\u00f6kta m\u00e4ssa f\u00f6r k\u00f6p av bostad i utlandet som arrangeras av Fair Media International AB. Av Ola Josefsson &#8211; Vi \u00e4r tillbaka p\u00e5 Kistam\u00e4ssan igen j\u00e4mf\u00f6rt med i v\u00e5ras d\u00e5 vi var p\u00e5 Globen-omr\u00e5det. Vi har [&hellip;]\" \/>\n<meta property=\"og:url\" content=\"https:\/\/lightweb.dev\/l\/svm-temp\/nyheter\/fortsatt-koplage-i-spanien\/\" \/>\n<meta property=\"og:site_name\" content=\"Svenska Magasinet\" \/>\n<meta property=\"article:publisher\" content=\"https:\/\/www.facebook.com\/svenskamagasinet\" \/>\n<meta property=\"article:published_time\" content=\"2015-09-16T22:00:00+00:00\" \/>\n<meta property=\"og:image\" content=\"https:\/\/lightweb.dev\/l\/svm-temp\/wp-content\/uploads\/2022\/06\/fortsatt-koplage-i-spanien.png\" \/>\n\t<meta property=\"og:image:width\" content=\"683\" \/>\n\t<meta property=\"og:image:height\" content=\"200\" \/>\n\t<meta property=\"og:image:type\" content=\"image\/png\" \/>\n<meta name=\"author\" content=\"Redaktionen SvM\" \/>\n<meta name=\"twitter:card\" content=\"summary_large_image\" \/>\n<meta name=\"twitter:creator\" content=\"@SvenskaMagasine\" \/>\n<meta name=\"twitter:site\" content=\"@SvenskaMagasine\" \/>\n<script type=\"application\/ld+json\" class=\"yoast-schema-graph\">{\"@context\":\"https:\\\/\\\/schema.org\",\"@graph\":[{\"@type\":\"Article\",\"@id\":\"https:\\\/\\\/lightweb.dev\\\/l\\\/svm-temp\\\/nyheter\\\/fortsatt-koplage-i-spanien\\\/#article\",\"isPartOf\":{\"@id\":\"https:\\\/\\\/lightweb.dev\\\/l\\\/svm-temp\\\/nyheter\\\/fortsatt-koplage-i-spanien\\\/\"},\"author\":{\"name\":\"Redaktionen SvM\",\"@id\":\"https:\\\/\\\/lightweb.dev\\\/l\\\/svm-temp\\\/#\\\/schema\\\/person\\\/206a3bda5b607b0c25e1749191e4d837\"},\"headline\":\"Fortsatt k\u00f6pl\u00e4ge i Spanien\",\"datePublished\":\"2015-09-16T22:00:00+00:00\",\"mainEntityOfPage\":{\"@id\":\"https:\\\/\\\/lightweb.dev\\\/l\\\/svm-temp\\\/nyheter\\\/fortsatt-koplage-i-spanien\\\/\"},\"wordCount\":638,\"commentCount\":0,\"publisher\":{\"@id\":\"https:\\\/\\\/lightweb.dev\\\/l\\\/svm-temp\\\/#organization\"},\"image\":{\"@id\":\"https:\\\/\\\/lightweb.dev\\\/l\\\/svm-temp\\\/nyheter\\\/fortsatt-koplage-i-spanien\\\/#primaryimage\"},\"thumbnailUrl\":\"https:\\\/\\\/lightweb.dev\\\/l\\\/svm-temp\\\/wp-content\\\/uploads\\\/2022\\\/06\\\/fortsatt-koplage-i-spanien.png\",\"articleSection\":[\"Arkiv\",\"Nyheter\"],\"inLanguage\":\"sv-SE\"},{\"@type\":\"WebPage\",\"@id\":\"https:\\\/\\\/lightweb.dev\\\/l\\\/svm-temp\\\/nyheter\\\/fortsatt-koplage-i-spanien\\\/\",\"url\":\"https:\\\/\\\/lightweb.dev\\\/l\\\/svm-temp\\\/nyheter\\\/fortsatt-koplage-i-spanien\\\/\",\"name\":\"Fortsatt k\u00f6pl\u00e4ge i Spanien - Svenska Magasinet\",\"isPartOf\":{\"@id\":\"https:\\\/\\\/lightweb.dev\\\/l\\\/svm-temp\\\/#website\"},\"primaryImageOfPage\":{\"@id\":\"https:\\\/\\\/lightweb.dev\\\/l\\\/svm-temp\\\/nyheter\\\/fortsatt-koplage-i-spanien\\\/#primaryimage\"},\"image\":{\"@id\":\"https:\\\/\\\/lightweb.dev\\\/l\\\/svm-temp\\\/nyheter\\\/fortsatt-koplage-i-spanien\\\/#primaryimage\"},\"thumbnailUrl\":\"https:\\\/\\\/lightweb.dev\\\/l\\\/svm-temp\\\/wp-content\\\/uploads\\\/2022\\\/06\\\/fortsatt-koplage-i-spanien.png\",\"datePublished\":\"2015-09-16T22:00:00+00:00\",\"breadcrumb\":{\"@id\":\"https:\\\/\\\/lightweb.dev\\\/l\\\/svm-temp\\\/nyheter\\\/fortsatt-koplage-i-spanien\\\/#breadcrumb\"},\"inLanguage\":\"sv-SE\",\"potentialAction\":[{\"@type\":\"ReadAction\",\"target\":[\"https:\\\/\\\/lightweb.dev\\\/l\\\/svm-temp\\\/nyheter\\\/fortsatt-koplage-i-spanien\\\/\"]}]},{\"@type\":\"ImageObject\",\"inLanguage\":\"sv-SE\",\"@id\":\"https:\\\/\\\/lightweb.dev\\\/l\\\/svm-temp\\\/nyheter\\\/fortsatt-koplage-i-spanien\\\/#primaryimage\",\"url\":\"https:\\\/\\\/lightweb.dev\\\/l\\\/svm-temp\\\/wp-content\\\/uploads\\\/2022\\\/06\\\/fortsatt-koplage-i-spanien.png\",\"contentUrl\":\"https:\\\/\\\/lightweb.dev\\\/l\\\/svm-temp\\\/wp-content\\\/uploads\\\/2022\\\/06\\\/fortsatt-koplage-i-spanien.png\",\"width\":683,\"height\":200},{\"@type\":\"BreadcrumbList\",\"@id\":\"https:\\\/\\\/lightweb.dev\\\/l\\\/svm-temp\\\/nyheter\\\/fortsatt-koplage-i-spanien\\\/#breadcrumb\",\"itemListElement\":[{\"@type\":\"ListItem\",\"position\":1,\"name\":\"Hem\",\"item\":\"https:\\\/\\\/lightweb.dev\\\/l\\\/svm-temp\\\/\"},{\"@type\":\"ListItem\",\"position\":2,\"name\":\"Fortsatt k\u00f6pl\u00e4ge i Spanien\"}]},{\"@type\":\"WebSite\",\"@id\":\"https:\\\/\\\/lightweb.dev\\\/l\\\/svm-temp\\\/#website\",\"url\":\"https:\\\/\\\/lightweb.dev\\\/l\\\/svm-temp\\\/\",\"name\":\"Svenska Magasinet\",\"description\":\"Dina Spanska nyheter p&aring; Svenska\",\"publisher\":{\"@id\":\"https:\\\/\\\/lightweb.dev\\\/l\\\/svm-temp\\\/#organization\"},\"potentialAction\":[{\"@type\":\"SearchAction\",\"target\":{\"@type\":\"EntryPoint\",\"urlTemplate\":\"https:\\\/\\\/lightweb.dev\\\/l\\\/svm-temp\\\/?s={search_term_string}\"},\"query-input\":{\"@type\":\"PropertyValueSpecification\",\"valueRequired\":true,\"valueName\":\"search_term_string\"}}],\"inLanguage\":\"sv-SE\"},{\"@type\":\"Organization\",\"@id\":\"https:\\\/\\\/lightweb.dev\\\/l\\\/svm-temp\\\/#organization\",\"name\":\"Melkerson y Nott SL\",\"alternateName\":\"Svenska Magasinet\",\"url\":\"https:\\\/\\\/lightweb.dev\\\/l\\\/svm-temp\\\/\",\"logo\":{\"@type\":\"ImageObject\",\"inLanguage\":\"sv-SE\",\"@id\":\"https:\\\/\\\/lightweb.dev\\\/l\\\/svm-temp\\\/#\\\/schema\\\/logo\\\/image\\\/\",\"url\":\"https:\\\/\\\/lightweb.dev\\\/l\\\/svm-temp\\\/wp-content\\\/uploads\\\/2025\\\/02\\\/SvM-logo-Xtra-Centrerad-SVART.png\",\"contentUrl\":\"https:\\\/\\\/lightweb.dev\\\/l\\\/svm-temp\\\/wp-content\\\/uploads\\\/2025\\\/02\\\/SvM-logo-Xtra-Centrerad-SVART.png\",\"width\":300,\"height\":99,\"caption\":\"Melkerson y Nott SL\"},\"image\":{\"@id\":\"https:\\\/\\\/lightweb.dev\\\/l\\\/svm-temp\\\/#\\\/schema\\\/logo\\\/image\\\/\"},\"sameAs\":[\"https:\\\/\\\/www.facebook.com\\\/svenskamagasinet\",\"https:\\\/\\\/x.com\\\/SvenskaMagasine\"]},{\"@type\":\"Person\",\"@id\":\"https:\\\/\\\/lightweb.dev\\\/l\\\/svm-temp\\\/#\\\/schema\\\/person\\\/206a3bda5b607b0c25e1749191e4d837\",\"name\":\"Redaktionen SvM\",\"description\":\"Redaktionen\",\"sameAs\":[\"https:\\\/\\\/lightweb.dev\\\/l\\\/svm-temp\"],\"url\":\"https:\\\/\\\/lightweb.dev\\\/l\\\/svm-temp\\\/reporter\\\/redaktionen\\\/\"}]}<\/script>\n<!-- \/ Yoast SEO Premium plugin. -->","yoast_head_json":{"title":"Fortsatt k\u00f6pl\u00e4ge i Spanien - Svenska Magasinet","robots":{"index":"noindex","follow":"follow","max-snippet":"max-snippet:-1","max-image-preview":"max-image-preview:large","max-video-preview":"max-video-preview:-1"},"og_locale":"sv_SE","og_type":"article","og_title":"Fortsatt k\u00f6pl\u00e4ge i Spanien","og_description":"Nordens st\u00f6rsta m\u00e4ssa om utlandsboende arrangeras kommande helg i Kistam\u00e4ssan norr om Stockholm. Det \u00e4r Nordens st\u00f6rsta och mest v\u00e4lbes\u00f6kta m\u00e4ssa f\u00f6r k\u00f6p av bostad i utlandet som arrangeras av Fair Media International AB. Av Ola Josefsson &#8211; Vi \u00e4r tillbaka p\u00e5 Kistam\u00e4ssan igen j\u00e4mf\u00f6rt med i v\u00e5ras d\u00e5 vi var p\u00e5 Globen-omr\u00e5det. Vi har [&hellip;]","og_url":"https:\/\/lightweb.dev\/l\/svm-temp\/nyheter\/fortsatt-koplage-i-spanien\/","og_site_name":"Svenska Magasinet","article_publisher":"https:\/\/www.facebook.com\/svenskamagasinet","article_published_time":"2015-09-16T22:00:00+00:00","og_image":[{"width":683,"height":200,"url":"https:\/\/lightweb.dev\/l\/svm-temp\/wp-content\/uploads\/2022\/06\/fortsatt-koplage-i-spanien.png","type":"image\/png"}],"author":"Redaktionen SvM","twitter_card":"summary_large_image","twitter_creator":"@SvenskaMagasine","twitter_site":"@SvenskaMagasine","schema":{"@context":"https:\/\/schema.org","@graph":[{"@type":"Article","@id":"https:\/\/lightweb.dev\/l\/svm-temp\/nyheter\/fortsatt-koplage-i-spanien\/#article","isPartOf":{"@id":"https:\/\/lightweb.dev\/l\/svm-temp\/nyheter\/fortsatt-koplage-i-spanien\/"},"author":{"name":"Redaktionen SvM","@id":"https:\/\/lightweb.dev\/l\/svm-temp\/#\/schema\/person\/206a3bda5b607b0c25e1749191e4d837"},"headline":"Fortsatt k\u00f6pl\u00e4ge i Spanien","datePublished":"2015-09-16T22:00:00+00:00","mainEntityOfPage":{"@id":"https:\/\/lightweb.dev\/l\/svm-temp\/nyheter\/fortsatt-koplage-i-spanien\/"},"wordCount":638,"commentCount":0,"publisher":{"@id":"https:\/\/lightweb.dev\/l\/svm-temp\/#organization"},"image":{"@id":"https:\/\/lightweb.dev\/l\/svm-temp\/nyheter\/fortsatt-koplage-i-spanien\/#primaryimage"},"thumbnailUrl":"https:\/\/lightweb.dev\/l\/svm-temp\/wp-content\/uploads\/2022\/06\/fortsatt-koplage-i-spanien.png","articleSection":["Arkiv","Nyheter"],"inLanguage":"sv-SE"},{"@type":"WebPage","@id":"https:\/\/lightweb.dev\/l\/svm-temp\/nyheter\/fortsatt-koplage-i-spanien\/","url":"https:\/\/lightweb.dev\/l\/svm-temp\/nyheter\/fortsatt-koplage-i-spanien\/","name":"Fortsatt k\u00f6pl\u00e4ge i Spanien - Svenska Magasinet","isPartOf":{"@id":"https:\/\/lightweb.dev\/l\/svm-temp\/#website"},"primaryImageOfPage":{"@id":"https:\/\/lightweb.dev\/l\/svm-temp\/nyheter\/fortsatt-koplage-i-spanien\/#primaryimage"},"image":{"@id":"https:\/\/lightweb.dev\/l\/svm-temp\/nyheter\/fortsatt-koplage-i-spanien\/#primaryimage"},"thumbnailUrl":"https:\/\/lightweb.dev\/l\/svm-temp\/wp-content\/uploads\/2022\/06\/fortsatt-koplage-i-spanien.png","datePublished":"2015-09-16T22:00:00+00:00","breadcrumb":{"@id":"https:\/\/lightweb.dev\/l\/svm-temp\/nyheter\/fortsatt-koplage-i-spanien\/#breadcrumb"},"inLanguage":"sv-SE","potentialAction":[{"@type":"ReadAction","target":["https:\/\/lightweb.dev\/l\/svm-temp\/nyheter\/fortsatt-koplage-i-spanien\/"]}]},{"@type":"ImageObject","inLanguage":"sv-SE","@id":"https:\/\/lightweb.dev\/l\/svm-temp\/nyheter\/fortsatt-koplage-i-spanien\/#primaryimage","url":"https:\/\/lightweb.dev\/l\/svm-temp\/wp-content\/uploads\/2022\/06\/fortsatt-koplage-i-spanien.png","contentUrl":"https:\/\/lightweb.dev\/l\/svm-temp\/wp-content\/uploads\/2022\/06\/fortsatt-koplage-i-spanien.png","width":683,"height":200},{"@type":"BreadcrumbList","@id":"https:\/\/lightweb.dev\/l\/svm-temp\/nyheter\/fortsatt-koplage-i-spanien\/#breadcrumb","itemListElement":[{"@type":"ListItem","position":1,"name":"Hem","item":"https:\/\/lightweb.dev\/l\/svm-temp\/"},{"@type":"ListItem","position":2,"name":"Fortsatt k\u00f6pl\u00e4ge i Spanien"}]},{"@type":"WebSite","@id":"https:\/\/lightweb.dev\/l\/svm-temp\/#website","url":"https:\/\/lightweb.dev\/l\/svm-temp\/","name":"Svenska Magasinet","description":"Dina Spanska nyheter p&aring; Svenska","publisher":{"@id":"https:\/\/lightweb.dev\/l\/svm-temp\/#organization"},"potentialAction":[{"@type":"SearchAction","target":{"@type":"EntryPoint","urlTemplate":"https:\/\/lightweb.dev\/l\/svm-temp\/?s={search_term_string}"},"query-input":{"@type":"PropertyValueSpecification","valueRequired":true,"valueName":"search_term_string"}}],"inLanguage":"sv-SE"},{"@type":"Organization","@id":"https:\/\/lightweb.dev\/l\/svm-temp\/#organization","name":"Melkerson y Nott SL","alternateName":"Svenska Magasinet","url":"https:\/\/lightweb.dev\/l\/svm-temp\/","logo":{"@type":"ImageObject","inLanguage":"sv-SE","@id":"https:\/\/lightweb.dev\/l\/svm-temp\/#\/schema\/logo\/image\/","url":"https:\/\/lightweb.dev\/l\/svm-temp\/wp-content\/uploads\/2025\/02\/SvM-logo-Xtra-Centrerad-SVART.png","contentUrl":"https:\/\/lightweb.dev\/l\/svm-temp\/wp-content\/uploads\/2025\/02\/SvM-logo-Xtra-Centrerad-SVART.png","width":300,"height":99,"caption":"Melkerson y Nott SL"},"image":{"@id":"https:\/\/lightweb.dev\/l\/svm-temp\/#\/schema\/logo\/image\/"},"sameAs":["https:\/\/www.facebook.com\/svenskamagasinet","https:\/\/x.com\/SvenskaMagasine"]},{"@type":"Person","@id":"https:\/\/lightweb.dev\/l\/svm-temp\/#\/schema\/person\/206a3bda5b607b0c25e1749191e4d837","name":"Redaktionen SvM","description":"Redaktionen","sameAs":["https:\/\/lightweb.dev\/l\/svm-temp"],"url":"https:\/\/lightweb.dev\/l\/svm-temp\/reporter\/redaktionen\/"}]}},"_links":{"self":[{"href":"https:\/\/lightweb.dev\/l\/svm-temp\/wp-json\/wp\/v2\/posts\/23572","targetHints":{"allow":["GET"]}}],"collection":[{"href":"https:\/\/lightweb.dev\/l\/svm-temp\/wp-json\/wp\/v2\/posts"}],"about":[{"href":"https:\/\/lightweb.dev\/l\/svm-temp\/wp-json\/wp\/v2\/types\/post"}],"author":[{"embeddable":true,"href":"https:\/\/lightweb.dev\/l\/svm-temp\/wp-json\/wp\/v2\/users\/8"}],"replies":[{"embeddable":true,"href":"https:\/\/lightweb.dev\/l\/svm-temp\/wp-json\/wp\/v2\/comments?post=23572"}],"version-history":[{"count":0,"href":"https:\/\/lightweb.dev\/l\/svm-temp\/wp-json\/wp\/v2\/posts\/23572\/revisions"}],"wp:featuredmedia":[{"embeddable":true,"href":"https:\/\/lightweb.dev\/l\/svm-temp\/wp-json\/wp\/v2\/media\/23573"}],"wp:attachment":[{"href":"https:\/\/lightweb.dev\/l\/svm-temp\/wp-json\/wp\/v2\/media?parent=23572"}],"wp:term":[{"taxonomy":"category","embeddable":true,"href":"https:\/\/lightweb.dev\/l\/svm-temp\/wp-json\/wp\/v2\/categories?post=23572"},{"taxonomy":"post_tag","embeddable":true,"href":"https:\/\/lightweb.dev\/l\/svm-temp\/wp-json\/wp\/v2\/tags?post=23572"}],"curies":[{"name":"wp","href":"https:\/\/api.w.org\/{rel}","templated":true}]}}