{"id":23580,"date":"2015-09-16T00:00:00","date_gmt":"2015-09-15T22:00:00","guid":{"rendered":"https:\/\/lightweb.dev\/l\/svm-temp\/nyheter\/pilgrimsmordaren-styckade-sitt-offer\/"},"modified":"2015-09-16T00:00:00","modified_gmt":"2015-09-15T22:00:00","slug":"pilgrimsmordaren-styckade-sitt-offer","status":"publish","type":"post","link":"https:\/\/lightweb.dev\/l\/svm-temp\/nyheter\/pilgrimsmordaren-styckade-sitt-offer\/","title":{"rendered":"Pilgrimsm\u00f6rdaren styckade sitt offer"},"content":{"rendered":"<p> Han satt upp falska v\u00e4gm\u00e4rken f\u00f6r att avleda pilgrimer fr\u00e5n huvudv\u00e4gen. Han har beg\u00e5tt st\u00f6lder och inbrott. Flera tidigare rapporterade h\u00e4ndelser kan vara p\u00e5 v\u00e4g mot sin l\u00f6sning efter att Miguel \u00c1ngel Mu\u00f1oz i m\u00e5ndags h\u00e4ktades f\u00f6r mordet p\u00e5 den amerikanska pilgrimsvandraren Denise Pikka Thiem. Hon f\u00f6rsvann i april och kvarlevorna hittades i f\u00f6rra veckan.<\/p>\n<p>Idag uppger spanska medier hur Miguel \u00c1ngel Mu\u00f1oz har \u00e4gnat sig \u00e5t att attackera m\u00e4nniskor som vandrat utmed Camino de Santiago. Flera anm\u00e4lningar har gjorts men polisen har tidigare inte lyckats sp\u00e5ra den misst\u00e4nkte. Nu faller alla brickor p\u00e5 plats.<\/p>\n<p>I hans hemby Castrillo de los Polvazares visste alla vem han var. Han stal \u00e4pplen och p\u00e4ron och \u00e4gnade sig \u00e5t snatteri. Han var en s\u00e5dan som man p\u00e5 spanska kallar \u201draterillo\u201d, \u00f6k\u00e4nd i omr\u00e5det.<\/p>\n<p>Men grannarna trodde inte att han var beredd att beg\u00e5 ett s\u00e5dant brott som han nu \u00e4r misst\u00e4nkt f\u00f6r. Han har haft vissa \u00f6vervakningspunkter d\u00e4r han iakttagit pilgrimsvandrare f\u00f6r att sedan trakassera dem.<\/p>\n<p>Han har \u00e4ven satt upp falska v\u00e4gm\u00e4rken (gula pilar) f\u00f6r att f\u00f6rs\u00f6ka avleda pilgrimer till en annan v\u00e4g flera hundra meter fr\u00e5n huvudv\u00e4gen. Hans plan beskrivs som \u201dmycket v\u00e4l genomarbetad\u201d.<\/p>\n<p>Den 5 april \u00f6verf\u00f6ll han den amerikanska medborgaren Denis Pikka Thiem. Med hj\u00e4lp av olika verktyg styckade han sedan kroppen och k\u00f6rde iv\u00e4g den p\u00e5 en skottk\u00e4rra.<\/p>\n<p>I mannens bostad har polisen funnit 37.000 euro som kopplas till tidigare st\u00f6lder och inbrott i omr\u00e5det. <\/p>\n","protected":false},"excerpt":{"rendered":"<p>Han satt upp falska v\u00e4gm\u00e4rken f\u00f6r att avleda pilgrimer fr\u00e5n huvudv\u00e4gen. Han har beg\u00e5tt st\u00f6lder och inbrott. Flera tidigare rapporterade h\u00e4ndelser kan vara p\u00e5 v\u00e4g mot sin l\u00f6sning efter att Miguel \u00c1ngel Mu\u00f1oz i m\u00e5ndags h\u00e4ktades f\u00f6r mordet p\u00e5 den amerikanska pilgrimsvandraren Denise Pikka Thiem. Hon f\u00f6rsvann i april och kvarlevorna hittades i f\u00f6rra veckan. [&hellip;]<\/p>\n","protected":false},"author":8,"featured_media":23581,"comment_status":"open","ping_status":"open","sticky":false,"template":"","format":"standard","meta":{"_et_pb_use_builder":"","_et_pb_old_content":"","_et_gb_content_width":"","footnotes":""},"categories":[395,3],"tags":[],"class_list":["post-23580","post","type-post","status-publish","format-standard","has-post-thumbnail","hentry","category-arkiv-nyheter","category-nyheter"],"yoast_head":"<!-- This site is optimized with the Yoast SEO Premium plugin v26.2 (Yoast SEO v27.5) - https:\/\/yoast.com\/product\/yoast-seo-premium-wordpress\/ -->\n<title>Pilgrimsm\u00f6rdaren styckade sitt offer - Svenska Magasinet<\/title>\n<meta name=\"robots\" content=\"noindex, follow, max-snippet:-1, max-image-preview:large, max-video-preview:-1\" \/>\n<meta property=\"og:locale\" content=\"sv_SE\" \/>\n<meta property=\"og:type\" content=\"article\" \/>\n<meta property=\"og:title\" content=\"Pilgrimsm\u00f6rdaren styckade sitt offer\" \/>\n<meta property=\"og:description\" content=\"Han satt upp falska v\u00e4gm\u00e4rken f\u00f6r att avleda pilgrimer fr\u00e5n huvudv\u00e4gen. Han har beg\u00e5tt st\u00f6lder och inbrott. Flera tidigare rapporterade h\u00e4ndelser kan vara p\u00e5 v\u00e4g mot sin l\u00f6sning efter att Miguel \u00c1ngel Mu\u00f1oz i m\u00e5ndags h\u00e4ktades f\u00f6r mordet p\u00e5 den amerikanska pilgrimsvandraren Denise Pikka Thiem. Hon f\u00f6rsvann i april och kvarlevorna hittades i f\u00f6rra veckan. [&hellip;]\" \/>\n<meta property=\"og:url\" content=\"https:\/\/lightweb.dev\/l\/svm-temp\/nyheter\/pilgrimsmordaren-styckade-sitt-offer\/\" \/>\n<meta property=\"og:site_name\" content=\"Svenska Magasinet\" \/>\n<meta property=\"article:publisher\" content=\"https:\/\/www.facebook.com\/svenskamagasinet\" \/>\n<meta property=\"article:published_time\" content=\"2015-09-15T22:00:00+00:00\" \/>\n<meta property=\"og:image\" content=\"https:\/\/lightweb.dev\/l\/svm-temp\/wp-content\/uploads\/2022\/06\/pilgrimsmordaren-styckade-sitt-offer.png\" \/>\n\t<meta property=\"og:image:width\" content=\"280\" \/>\n\t<meta property=\"og:image:height\" content=\"280\" \/>\n\t<meta property=\"og:image:type\" content=\"image\/png\" \/>\n<meta name=\"author\" content=\"Redaktionen SvM\" \/>\n<meta name=\"twitter:card\" content=\"summary_large_image\" \/>\n<meta name=\"twitter:creator\" content=\"@SvenskaMagasine\" \/>\n<meta name=\"twitter:site\" content=\"@SvenskaMagasine\" \/>\n<script type=\"application\/ld+json\" class=\"yoast-schema-graph\">{\"@context\":\"https:\\\/\\\/schema.org\",\"@graph\":[{\"@type\":\"Article\",\"@id\":\"https:\\\/\\\/lightweb.dev\\\/l\\\/svm-temp\\\/nyheter\\\/pilgrimsmordaren-styckade-sitt-offer\\\/#article\",\"isPartOf\":{\"@id\":\"https:\\\/\\\/lightweb.dev\\\/l\\\/svm-temp\\\/nyheter\\\/pilgrimsmordaren-styckade-sitt-offer\\\/\"},\"author\":{\"name\":\"Redaktionen SvM\",\"@id\":\"https:\\\/\\\/lightweb.dev\\\/l\\\/svm-temp\\\/#\\\/schema\\\/person\\\/206a3bda5b607b0c25e1749191e4d837\"},\"headline\":\"Pilgrimsm\u00f6rdaren styckade sitt offer\",\"datePublished\":\"2015-09-15T22:00:00+00:00\",\"mainEntityOfPage\":{\"@id\":\"https:\\\/\\\/lightweb.dev\\\/l\\\/svm-temp\\\/nyheter\\\/pilgrimsmordaren-styckade-sitt-offer\\\/\"},\"wordCount\":286,\"commentCount\":0,\"publisher\":{\"@id\":\"https:\\\/\\\/lightweb.dev\\\/l\\\/svm-temp\\\/#organization\"},\"image\":{\"@id\":\"https:\\\/\\\/lightweb.dev\\\/l\\\/svm-temp\\\/nyheter\\\/pilgrimsmordaren-styckade-sitt-offer\\\/#primaryimage\"},\"thumbnailUrl\":\"https:\\\/\\\/lightweb.dev\\\/l\\\/svm-temp\\\/wp-content\\\/uploads\\\/2022\\\/06\\\/pilgrimsmordaren-styckade-sitt-offer.png\",\"articleSection\":[\"Arkiv\",\"Nyheter\"],\"inLanguage\":\"sv-SE\"},{\"@type\":\"WebPage\",\"@id\":\"https:\\\/\\\/lightweb.dev\\\/l\\\/svm-temp\\\/nyheter\\\/pilgrimsmordaren-styckade-sitt-offer\\\/\",\"url\":\"https:\\\/\\\/lightweb.dev\\\/l\\\/svm-temp\\\/nyheter\\\/pilgrimsmordaren-styckade-sitt-offer\\\/\",\"name\":\"Pilgrimsm\u00f6rdaren styckade sitt offer - Svenska Magasinet\",\"isPartOf\":{\"@id\":\"https:\\\/\\\/lightweb.dev\\\/l\\\/svm-temp\\\/#website\"},\"primaryImageOfPage\":{\"@id\":\"https:\\\/\\\/lightweb.dev\\\/l\\\/svm-temp\\\/nyheter\\\/pilgrimsmordaren-styckade-sitt-offer\\\/#primaryimage\"},\"image\":{\"@id\":\"https:\\\/\\\/lightweb.dev\\\/l\\\/svm-temp\\\/nyheter\\\/pilgrimsmordaren-styckade-sitt-offer\\\/#primaryimage\"},\"thumbnailUrl\":\"https:\\\/\\\/lightweb.dev\\\/l\\\/svm-temp\\\/wp-content\\\/uploads\\\/2022\\\/06\\\/pilgrimsmordaren-styckade-sitt-offer.png\",\"datePublished\":\"2015-09-15T22:00:00+00:00\",\"breadcrumb\":{\"@id\":\"https:\\\/\\\/lightweb.dev\\\/l\\\/svm-temp\\\/nyheter\\\/pilgrimsmordaren-styckade-sitt-offer\\\/#breadcrumb\"},\"inLanguage\":\"sv-SE\",\"potentialAction\":[{\"@type\":\"ReadAction\",\"target\":[\"https:\\\/\\\/lightweb.dev\\\/l\\\/svm-temp\\\/nyheter\\\/pilgrimsmordaren-styckade-sitt-offer\\\/\"]}]},{\"@type\":\"ImageObject\",\"inLanguage\":\"sv-SE\",\"@id\":\"https:\\\/\\\/lightweb.dev\\\/l\\\/svm-temp\\\/nyheter\\\/pilgrimsmordaren-styckade-sitt-offer\\\/#primaryimage\",\"url\":\"https:\\\/\\\/lightweb.dev\\\/l\\\/svm-temp\\\/wp-content\\\/uploads\\\/2022\\\/06\\\/pilgrimsmordaren-styckade-sitt-offer.png\",\"contentUrl\":\"https:\\\/\\\/lightweb.dev\\\/l\\\/svm-temp\\\/wp-content\\\/uploads\\\/2022\\\/06\\\/pilgrimsmordaren-styckade-sitt-offer.png\",\"width\":280,\"height\":280},{\"@type\":\"BreadcrumbList\",\"@id\":\"https:\\\/\\\/lightweb.dev\\\/l\\\/svm-temp\\\/nyheter\\\/pilgrimsmordaren-styckade-sitt-offer\\\/#breadcrumb\",\"itemListElement\":[{\"@type\":\"ListItem\",\"position\":1,\"name\":\"Hem\",\"item\":\"https:\\\/\\\/lightweb.dev\\\/l\\\/svm-temp\\\/\"},{\"@type\":\"ListItem\",\"position\":2,\"name\":\"Pilgrimsm\u00f6rdaren styckade sitt offer\"}]},{\"@type\":\"WebSite\",\"@id\":\"https:\\\/\\\/lightweb.dev\\\/l\\\/svm-temp\\\/#website\",\"url\":\"https:\\\/\\\/lightweb.dev\\\/l\\\/svm-temp\\\/\",\"name\":\"Svenska Magasinet\",\"description\":\"Dina Spanska nyheter p&aring; Svenska\",\"publisher\":{\"@id\":\"https:\\\/\\\/lightweb.dev\\\/l\\\/svm-temp\\\/#organization\"},\"potentialAction\":[{\"@type\":\"SearchAction\",\"target\":{\"@type\":\"EntryPoint\",\"urlTemplate\":\"https:\\\/\\\/lightweb.dev\\\/l\\\/svm-temp\\\/?s={search_term_string}\"},\"query-input\":{\"@type\":\"PropertyValueSpecification\",\"valueRequired\":true,\"valueName\":\"search_term_string\"}}],\"inLanguage\":\"sv-SE\"},{\"@type\":\"Organization\",\"@id\":\"https:\\\/\\\/lightweb.dev\\\/l\\\/svm-temp\\\/#organization\",\"name\":\"Melkerson y Nott SL\",\"alternateName\":\"Svenska Magasinet\",\"url\":\"https:\\\/\\\/lightweb.dev\\\/l\\\/svm-temp\\\/\",\"logo\":{\"@type\":\"ImageObject\",\"inLanguage\":\"sv-SE\",\"@id\":\"https:\\\/\\\/lightweb.dev\\\/l\\\/svm-temp\\\/#\\\/schema\\\/logo\\\/image\\\/\",\"url\":\"https:\\\/\\\/lightweb.dev\\\/l\\\/svm-temp\\\/wp-content\\\/uploads\\\/2025\\\/02\\\/SvM-logo-Xtra-Centrerad-SVART.png\",\"contentUrl\":\"https:\\\/\\\/lightweb.dev\\\/l\\\/svm-temp\\\/wp-content\\\/uploads\\\/2025\\\/02\\\/SvM-logo-Xtra-Centrerad-SVART.png\",\"width\":300,\"height\":99,\"caption\":\"Melkerson y Nott SL\"},\"image\":{\"@id\":\"https:\\\/\\\/lightweb.dev\\\/l\\\/svm-temp\\\/#\\\/schema\\\/logo\\\/image\\\/\"},\"sameAs\":[\"https:\\\/\\\/www.facebook.com\\\/svenskamagasinet\",\"https:\\\/\\\/x.com\\\/SvenskaMagasine\"]},{\"@type\":\"Person\",\"@id\":\"https:\\\/\\\/lightweb.dev\\\/l\\\/svm-temp\\\/#\\\/schema\\\/person\\\/206a3bda5b607b0c25e1749191e4d837\",\"name\":\"Redaktionen SvM\",\"description\":\"Redaktionen\",\"sameAs\":[\"https:\\\/\\\/lightweb.dev\\\/l\\\/svm-temp\"],\"url\":\"https:\\\/\\\/lightweb.dev\\\/l\\\/svm-temp\\\/reporter\\\/redaktionen\\\/\"}]}<\/script>\n<!-- \/ Yoast SEO Premium plugin. -->","yoast_head_json":{"title":"Pilgrimsm\u00f6rdaren styckade sitt offer - Svenska Magasinet","robots":{"index":"noindex","follow":"follow","max-snippet":"max-snippet:-1","max-image-preview":"max-image-preview:large","max-video-preview":"max-video-preview:-1"},"og_locale":"sv_SE","og_type":"article","og_title":"Pilgrimsm\u00f6rdaren styckade sitt offer","og_description":"Han satt upp falska v\u00e4gm\u00e4rken f\u00f6r att avleda pilgrimer fr\u00e5n huvudv\u00e4gen. Han har beg\u00e5tt st\u00f6lder och inbrott. Flera tidigare rapporterade h\u00e4ndelser kan vara p\u00e5 v\u00e4g mot sin l\u00f6sning efter att Miguel \u00c1ngel Mu\u00f1oz i m\u00e5ndags h\u00e4ktades f\u00f6r mordet p\u00e5 den amerikanska pilgrimsvandraren Denise Pikka Thiem. Hon f\u00f6rsvann i april och kvarlevorna hittades i f\u00f6rra veckan. [&hellip;]","og_url":"https:\/\/lightweb.dev\/l\/svm-temp\/nyheter\/pilgrimsmordaren-styckade-sitt-offer\/","og_site_name":"Svenska Magasinet","article_publisher":"https:\/\/www.facebook.com\/svenskamagasinet","article_published_time":"2015-09-15T22:00:00+00:00","og_image":[{"width":280,"height":280,"url":"https:\/\/lightweb.dev\/l\/svm-temp\/wp-content\/uploads\/2022\/06\/pilgrimsmordaren-styckade-sitt-offer.png","type":"image\/png"}],"author":"Redaktionen SvM","twitter_card":"summary_large_image","twitter_creator":"@SvenskaMagasine","twitter_site":"@SvenskaMagasine","schema":{"@context":"https:\/\/schema.org","@graph":[{"@type":"Article","@id":"https:\/\/lightweb.dev\/l\/svm-temp\/nyheter\/pilgrimsmordaren-styckade-sitt-offer\/#article","isPartOf":{"@id":"https:\/\/lightweb.dev\/l\/svm-temp\/nyheter\/pilgrimsmordaren-styckade-sitt-offer\/"},"author":{"name":"Redaktionen SvM","@id":"https:\/\/lightweb.dev\/l\/svm-temp\/#\/schema\/person\/206a3bda5b607b0c25e1749191e4d837"},"headline":"Pilgrimsm\u00f6rdaren styckade sitt offer","datePublished":"2015-09-15T22:00:00+00:00","mainEntityOfPage":{"@id":"https:\/\/lightweb.dev\/l\/svm-temp\/nyheter\/pilgrimsmordaren-styckade-sitt-offer\/"},"wordCount":286,"commentCount":0,"publisher":{"@id":"https:\/\/lightweb.dev\/l\/svm-temp\/#organization"},"image":{"@id":"https:\/\/lightweb.dev\/l\/svm-temp\/nyheter\/pilgrimsmordaren-styckade-sitt-offer\/#primaryimage"},"thumbnailUrl":"https:\/\/lightweb.dev\/l\/svm-temp\/wp-content\/uploads\/2022\/06\/pilgrimsmordaren-styckade-sitt-offer.png","articleSection":["Arkiv","Nyheter"],"inLanguage":"sv-SE"},{"@type":"WebPage","@id":"https:\/\/lightweb.dev\/l\/svm-temp\/nyheter\/pilgrimsmordaren-styckade-sitt-offer\/","url":"https:\/\/lightweb.dev\/l\/svm-temp\/nyheter\/pilgrimsmordaren-styckade-sitt-offer\/","name":"Pilgrimsm\u00f6rdaren styckade sitt offer - Svenska Magasinet","isPartOf":{"@id":"https:\/\/lightweb.dev\/l\/svm-temp\/#website"},"primaryImageOfPage":{"@id":"https:\/\/lightweb.dev\/l\/svm-temp\/nyheter\/pilgrimsmordaren-styckade-sitt-offer\/#primaryimage"},"image":{"@id":"https:\/\/lightweb.dev\/l\/svm-temp\/nyheter\/pilgrimsmordaren-styckade-sitt-offer\/#primaryimage"},"thumbnailUrl":"https:\/\/lightweb.dev\/l\/svm-temp\/wp-content\/uploads\/2022\/06\/pilgrimsmordaren-styckade-sitt-offer.png","datePublished":"2015-09-15T22:00:00+00:00","breadcrumb":{"@id":"https:\/\/lightweb.dev\/l\/svm-temp\/nyheter\/pilgrimsmordaren-styckade-sitt-offer\/#breadcrumb"},"inLanguage":"sv-SE","potentialAction":[{"@type":"ReadAction","target":["https:\/\/lightweb.dev\/l\/svm-temp\/nyheter\/pilgrimsmordaren-styckade-sitt-offer\/"]}]},{"@type":"ImageObject","inLanguage":"sv-SE","@id":"https:\/\/lightweb.dev\/l\/svm-temp\/nyheter\/pilgrimsmordaren-styckade-sitt-offer\/#primaryimage","url":"https:\/\/lightweb.dev\/l\/svm-temp\/wp-content\/uploads\/2022\/06\/pilgrimsmordaren-styckade-sitt-offer.png","contentUrl":"https:\/\/lightweb.dev\/l\/svm-temp\/wp-content\/uploads\/2022\/06\/pilgrimsmordaren-styckade-sitt-offer.png","width":280,"height":280},{"@type":"BreadcrumbList","@id":"https:\/\/lightweb.dev\/l\/svm-temp\/nyheter\/pilgrimsmordaren-styckade-sitt-offer\/#breadcrumb","itemListElement":[{"@type":"ListItem","position":1,"name":"Hem","item":"https:\/\/lightweb.dev\/l\/svm-temp\/"},{"@type":"ListItem","position":2,"name":"Pilgrimsm\u00f6rdaren styckade sitt offer"}]},{"@type":"WebSite","@id":"https:\/\/lightweb.dev\/l\/svm-temp\/#website","url":"https:\/\/lightweb.dev\/l\/svm-temp\/","name":"Svenska Magasinet","description":"Dina Spanska nyheter p&aring; Svenska","publisher":{"@id":"https:\/\/lightweb.dev\/l\/svm-temp\/#organization"},"potentialAction":[{"@type":"SearchAction","target":{"@type":"EntryPoint","urlTemplate":"https:\/\/lightweb.dev\/l\/svm-temp\/?s={search_term_string}"},"query-input":{"@type":"PropertyValueSpecification","valueRequired":true,"valueName":"search_term_string"}}],"inLanguage":"sv-SE"},{"@type":"Organization","@id":"https:\/\/lightweb.dev\/l\/svm-temp\/#organization","name":"Melkerson y Nott SL","alternateName":"Svenska Magasinet","url":"https:\/\/lightweb.dev\/l\/svm-temp\/","logo":{"@type":"ImageObject","inLanguage":"sv-SE","@id":"https:\/\/lightweb.dev\/l\/svm-temp\/#\/schema\/logo\/image\/","url":"https:\/\/lightweb.dev\/l\/svm-temp\/wp-content\/uploads\/2025\/02\/SvM-logo-Xtra-Centrerad-SVART.png","contentUrl":"https:\/\/lightweb.dev\/l\/svm-temp\/wp-content\/uploads\/2025\/02\/SvM-logo-Xtra-Centrerad-SVART.png","width":300,"height":99,"caption":"Melkerson y Nott SL"},"image":{"@id":"https:\/\/lightweb.dev\/l\/svm-temp\/#\/schema\/logo\/image\/"},"sameAs":["https:\/\/www.facebook.com\/svenskamagasinet","https:\/\/x.com\/SvenskaMagasine"]},{"@type":"Person","@id":"https:\/\/lightweb.dev\/l\/svm-temp\/#\/schema\/person\/206a3bda5b607b0c25e1749191e4d837","name":"Redaktionen SvM","description":"Redaktionen","sameAs":["https:\/\/lightweb.dev\/l\/svm-temp"],"url":"https:\/\/lightweb.dev\/l\/svm-temp\/reporter\/redaktionen\/"}]}},"_links":{"self":[{"href":"https:\/\/lightweb.dev\/l\/svm-temp\/wp-json\/wp\/v2\/posts\/23580","targetHints":{"allow":["GET"]}}],"collection":[{"href":"https:\/\/lightweb.dev\/l\/svm-temp\/wp-json\/wp\/v2\/posts"}],"about":[{"href":"https:\/\/lightweb.dev\/l\/svm-temp\/wp-json\/wp\/v2\/types\/post"}],"author":[{"embeddable":true,"href":"https:\/\/lightweb.dev\/l\/svm-temp\/wp-json\/wp\/v2\/users\/8"}],"replies":[{"embeddable":true,"href":"https:\/\/lightweb.dev\/l\/svm-temp\/wp-json\/wp\/v2\/comments?post=23580"}],"version-history":[{"count":0,"href":"https:\/\/lightweb.dev\/l\/svm-temp\/wp-json\/wp\/v2\/posts\/23580\/revisions"}],"wp:featuredmedia":[{"embeddable":true,"href":"https:\/\/lightweb.dev\/l\/svm-temp\/wp-json\/wp\/v2\/media\/23581"}],"wp:attachment":[{"href":"https:\/\/lightweb.dev\/l\/svm-temp\/wp-json\/wp\/v2\/media?parent=23580"}],"wp:term":[{"taxonomy":"category","embeddable":true,"href":"https:\/\/lightweb.dev\/l\/svm-temp\/wp-json\/wp\/v2\/categories?post=23580"},{"taxonomy":"post_tag","embeddable":true,"href":"https:\/\/lightweb.dev\/l\/svm-temp\/wp-json\/wp\/v2\/tags?post=23580"}],"curies":[{"name":"wp","href":"https:\/\/api.w.org\/{rel}","templated":true}]}}