{"id":23604,"date":"2015-09-10T00:00:00","date_gmt":"2015-09-09T22:00:00","guid":{"rendered":"https:\/\/lightweb.dev\/l\/svm-temp\/nyheter\/ytterligare-tva-omkomna-efter-regnovadret-pa-costa-tropical\/"},"modified":"2015-09-10T00:00:00","modified_gmt":"2015-09-09T22:00:00","slug":"ytterligare-tva-omkomna-efter-regnovadret-pa-costa-tropical","status":"publish","type":"post","link":"https:\/\/lightweb.dev\/l\/svm-temp\/nyheter\/ytterligare-tva-omkomna-efter-regnovadret-pa-costa-tropical\/","title":{"rendered":"Ytterligare tv\u00e5 omkomna efter regnov\u00e4dret p\u00e5 Costa Tropical."},"content":{"rendered":"<p> Ytterligare tv\u00e5 personer har hittats d\u00f6da, totalt fyra personer, efter m\u00e5ndagens h\u00e4ftiga skyfall. Tv\u00e5 av kropparna hittades i en liten tunnel under en meter lera med madrasser och p\u00e5sar av kl\u00e4der. <\/p>\n<p>Tre migranter fr\u00e5n Litauen och Ryssland som bodde i en tunnel vid Angostura som ligger n\u00e4ra samh\u00e4llet Albu\u00f1ol finns med bland de totalt fyra personer som hittats d\u00f6da efter m\u00e5ndagens ov\u00e4der. Dagstidningen Ideal skriver att de tre personerna troligtvis l\u00e5g och sov n\u00e4r de \u00f6verraskades av vattenmassor i den l\u00e5ga tunneln.<\/p>\n<p>Tunneln fylldes med en meter lera och under leran har \u00e4ven madrasser och p\u00e5sar med kl\u00e4der hittats. En av de omkomna m\u00e4nnen, 45 \u00e5r och rysk medborgare, f\u00f6ljde med den starka str\u00f6mmen och hittades d\u00f6d p\u00e5 stranden playa de la Rijana mellan Calahonda och Castell de Ferro cirka 30 kilometer fr\u00e5n platsen d\u00e4r de brukade sova. De \u00f6vriga omkomna \u00e4r 63 och 50 \u00e5r gamla fr\u00e5n Litauen.<\/p>\n<p>Den fj\u00e4rde omkomne \u00e4r en 61-\u00e5rig spansk man som arbetade vid ett v\u00e4xthus. Mannen satt i sin bil som spolades iv\u00e4g och kunde inte komma ut. Bilen och den d\u00f6de mannen hittades senare i Casarones. <\/p>\n","protected":false},"excerpt":{"rendered":"<p>Ytterligare tv\u00e5 personer har hittats d\u00f6da, totalt fyra personer, efter m\u00e5ndagens h\u00e4ftiga skyfall. Tv\u00e5 av kropparna hittades i en liten tunnel under en meter lera med madrasser och p\u00e5sar av kl\u00e4der. Tre migranter fr\u00e5n Litauen och Ryssland som bodde i en tunnel vid Angostura som ligger n\u00e4ra samh\u00e4llet Albu\u00f1ol finns med bland de totalt fyra [&hellip;]<\/p>\n","protected":false},"author":8,"featured_media":23605,"comment_status":"open","ping_status":"open","sticky":false,"template":"","format":"standard","meta":{"_et_pb_use_builder":"","_et_pb_old_content":"","_et_gb_content_width":"","footnotes":""},"categories":[395,3],"tags":[],"class_list":["post-23604","post","type-post","status-publish","format-standard","has-post-thumbnail","hentry","category-arkiv-nyheter","category-nyheter"],"yoast_head":"<!-- This site is optimized with the Yoast SEO Premium plugin v26.2 (Yoast SEO v27.5) - https:\/\/yoast.com\/product\/yoast-seo-premium-wordpress\/ -->\n<title>Ytterligare tv\u00e5 omkomna efter regnov\u00e4dret p\u00e5 Costa Tropical. - Svenska Magasinet<\/title>\n<meta name=\"robots\" content=\"noindex, follow, max-snippet:-1, max-image-preview:large, max-video-preview:-1\" \/>\n<meta property=\"og:locale\" content=\"sv_SE\" \/>\n<meta property=\"og:type\" content=\"article\" \/>\n<meta property=\"og:title\" content=\"Ytterligare tv\u00e5 omkomna efter regnov\u00e4dret p\u00e5 Costa Tropical.\" \/>\n<meta property=\"og:description\" content=\"Ytterligare tv\u00e5 personer har hittats d\u00f6da, totalt fyra personer, efter m\u00e5ndagens h\u00e4ftiga skyfall. Tv\u00e5 av kropparna hittades i en liten tunnel under en meter lera med madrasser och p\u00e5sar av kl\u00e4der. Tre migranter fr\u00e5n Litauen och Ryssland som bodde i en tunnel vid Angostura som ligger n\u00e4ra samh\u00e4llet Albu\u00f1ol finns med bland de totalt fyra [&hellip;]\" \/>\n<meta property=\"og:url\" content=\"https:\/\/lightweb.dev\/l\/svm-temp\/nyheter\/ytterligare-tva-omkomna-efter-regnovadret-pa-costa-tropical\/\" \/>\n<meta property=\"og:site_name\" content=\"Svenska Magasinet\" \/>\n<meta property=\"article:publisher\" content=\"https:\/\/www.facebook.com\/svenskamagasinet\" \/>\n<meta property=\"article:published_time\" content=\"2015-09-09T22:00:00+00:00\" \/>\n<meta property=\"og:image\" content=\"https:\/\/lightweb.dev\/l\/svm-temp\/wp-content\/uploads\/2022\/06\/ytterligare-tva-omkomna-efter-regnovadret-pa-costa-tropical.png\" \/>\n\t<meta property=\"og:image:width\" content=\"280\" \/>\n\t<meta property=\"og:image:height\" content=\"210\" \/>\n\t<meta property=\"og:image:type\" content=\"image\/png\" \/>\n<meta name=\"author\" content=\"Redaktionen SvM\" \/>\n<meta name=\"twitter:card\" content=\"summary_large_image\" \/>\n<meta name=\"twitter:creator\" content=\"@SvenskaMagasine\" \/>\n<meta name=\"twitter:site\" content=\"@SvenskaMagasine\" \/>\n<script type=\"application\/ld+json\" class=\"yoast-schema-graph\">{\"@context\":\"https:\\\/\\\/schema.org\",\"@graph\":[{\"@type\":\"Article\",\"@id\":\"https:\\\/\\\/lightweb.dev\\\/l\\\/svm-temp\\\/nyheter\\\/ytterligare-tva-omkomna-efter-regnovadret-pa-costa-tropical\\\/#article\",\"isPartOf\":{\"@id\":\"https:\\\/\\\/lightweb.dev\\\/l\\\/svm-temp\\\/nyheter\\\/ytterligare-tva-omkomna-efter-regnovadret-pa-costa-tropical\\\/\"},\"author\":{\"name\":\"Redaktionen SvM\",\"@id\":\"https:\\\/\\\/lightweb.dev\\\/l\\\/svm-temp\\\/#\\\/schema\\\/person\\\/206a3bda5b607b0c25e1749191e4d837\"},\"headline\":\"Ytterligare tv\u00e5 omkomna efter regnov\u00e4dret p\u00e5 Costa Tropical.\",\"datePublished\":\"2015-09-09T22:00:00+00:00\",\"mainEntityOfPage\":{\"@id\":\"https:\\\/\\\/lightweb.dev\\\/l\\\/svm-temp\\\/nyheter\\\/ytterligare-tva-omkomna-efter-regnovadret-pa-costa-tropical\\\/\"},\"wordCount\":218,\"commentCount\":0,\"publisher\":{\"@id\":\"https:\\\/\\\/lightweb.dev\\\/l\\\/svm-temp\\\/#organization\"},\"image\":{\"@id\":\"https:\\\/\\\/lightweb.dev\\\/l\\\/svm-temp\\\/nyheter\\\/ytterligare-tva-omkomna-efter-regnovadret-pa-costa-tropical\\\/#primaryimage\"},\"thumbnailUrl\":\"https:\\\/\\\/lightweb.dev\\\/l\\\/svm-temp\\\/wp-content\\\/uploads\\\/2022\\\/06\\\/ytterligare-tva-omkomna-efter-regnovadret-pa-costa-tropical.png\",\"articleSection\":[\"Arkiv\",\"Nyheter\"],\"inLanguage\":\"sv-SE\"},{\"@type\":\"WebPage\",\"@id\":\"https:\\\/\\\/lightweb.dev\\\/l\\\/svm-temp\\\/nyheter\\\/ytterligare-tva-omkomna-efter-regnovadret-pa-costa-tropical\\\/\",\"url\":\"https:\\\/\\\/lightweb.dev\\\/l\\\/svm-temp\\\/nyheter\\\/ytterligare-tva-omkomna-efter-regnovadret-pa-costa-tropical\\\/\",\"name\":\"Ytterligare tv\u00e5 omkomna efter regnov\u00e4dret p\u00e5 Costa Tropical. - Svenska Magasinet\",\"isPartOf\":{\"@id\":\"https:\\\/\\\/lightweb.dev\\\/l\\\/svm-temp\\\/#website\"},\"primaryImageOfPage\":{\"@id\":\"https:\\\/\\\/lightweb.dev\\\/l\\\/svm-temp\\\/nyheter\\\/ytterligare-tva-omkomna-efter-regnovadret-pa-costa-tropical\\\/#primaryimage\"},\"image\":{\"@id\":\"https:\\\/\\\/lightweb.dev\\\/l\\\/svm-temp\\\/nyheter\\\/ytterligare-tva-omkomna-efter-regnovadret-pa-costa-tropical\\\/#primaryimage\"},\"thumbnailUrl\":\"https:\\\/\\\/lightweb.dev\\\/l\\\/svm-temp\\\/wp-content\\\/uploads\\\/2022\\\/06\\\/ytterligare-tva-omkomna-efter-regnovadret-pa-costa-tropical.png\",\"datePublished\":\"2015-09-09T22:00:00+00:00\",\"breadcrumb\":{\"@id\":\"https:\\\/\\\/lightweb.dev\\\/l\\\/svm-temp\\\/nyheter\\\/ytterligare-tva-omkomna-efter-regnovadret-pa-costa-tropical\\\/#breadcrumb\"},\"inLanguage\":\"sv-SE\",\"potentialAction\":[{\"@type\":\"ReadAction\",\"target\":[\"https:\\\/\\\/lightweb.dev\\\/l\\\/svm-temp\\\/nyheter\\\/ytterligare-tva-omkomna-efter-regnovadret-pa-costa-tropical\\\/\"]}]},{\"@type\":\"ImageObject\",\"inLanguage\":\"sv-SE\",\"@id\":\"https:\\\/\\\/lightweb.dev\\\/l\\\/svm-temp\\\/nyheter\\\/ytterligare-tva-omkomna-efter-regnovadret-pa-costa-tropical\\\/#primaryimage\",\"url\":\"https:\\\/\\\/lightweb.dev\\\/l\\\/svm-temp\\\/wp-content\\\/uploads\\\/2022\\\/06\\\/ytterligare-tva-omkomna-efter-regnovadret-pa-costa-tropical.png\",\"contentUrl\":\"https:\\\/\\\/lightweb.dev\\\/l\\\/svm-temp\\\/wp-content\\\/uploads\\\/2022\\\/06\\\/ytterligare-tva-omkomna-efter-regnovadret-pa-costa-tropical.png\",\"width\":280,\"height\":210},{\"@type\":\"BreadcrumbList\",\"@id\":\"https:\\\/\\\/lightweb.dev\\\/l\\\/svm-temp\\\/nyheter\\\/ytterligare-tva-omkomna-efter-regnovadret-pa-costa-tropical\\\/#breadcrumb\",\"itemListElement\":[{\"@type\":\"ListItem\",\"position\":1,\"name\":\"Hem\",\"item\":\"https:\\\/\\\/lightweb.dev\\\/l\\\/svm-temp\\\/\"},{\"@type\":\"ListItem\",\"position\":2,\"name\":\"Ytterligare tv\u00e5 omkomna efter regnov\u00e4dret p\u00e5 Costa Tropical.\"}]},{\"@type\":\"WebSite\",\"@id\":\"https:\\\/\\\/lightweb.dev\\\/l\\\/svm-temp\\\/#website\",\"url\":\"https:\\\/\\\/lightweb.dev\\\/l\\\/svm-temp\\\/\",\"name\":\"Svenska Magasinet\",\"description\":\"Dina Spanska nyheter p&aring; Svenska\",\"publisher\":{\"@id\":\"https:\\\/\\\/lightweb.dev\\\/l\\\/svm-temp\\\/#organization\"},\"potentialAction\":[{\"@type\":\"SearchAction\",\"target\":{\"@type\":\"EntryPoint\",\"urlTemplate\":\"https:\\\/\\\/lightweb.dev\\\/l\\\/svm-temp\\\/?s={search_term_string}\"},\"query-input\":{\"@type\":\"PropertyValueSpecification\",\"valueRequired\":true,\"valueName\":\"search_term_string\"}}],\"inLanguage\":\"sv-SE\"},{\"@type\":\"Organization\",\"@id\":\"https:\\\/\\\/lightweb.dev\\\/l\\\/svm-temp\\\/#organization\",\"name\":\"Melkerson y Nott SL\",\"alternateName\":\"Svenska Magasinet\",\"url\":\"https:\\\/\\\/lightweb.dev\\\/l\\\/svm-temp\\\/\",\"logo\":{\"@type\":\"ImageObject\",\"inLanguage\":\"sv-SE\",\"@id\":\"https:\\\/\\\/lightweb.dev\\\/l\\\/svm-temp\\\/#\\\/schema\\\/logo\\\/image\\\/\",\"url\":\"https:\\\/\\\/lightweb.dev\\\/l\\\/svm-temp\\\/wp-content\\\/uploads\\\/2025\\\/02\\\/SvM-logo-Xtra-Centrerad-SVART.png\",\"contentUrl\":\"https:\\\/\\\/lightweb.dev\\\/l\\\/svm-temp\\\/wp-content\\\/uploads\\\/2025\\\/02\\\/SvM-logo-Xtra-Centrerad-SVART.png\",\"width\":300,\"height\":99,\"caption\":\"Melkerson y Nott SL\"},\"image\":{\"@id\":\"https:\\\/\\\/lightweb.dev\\\/l\\\/svm-temp\\\/#\\\/schema\\\/logo\\\/image\\\/\"},\"sameAs\":[\"https:\\\/\\\/www.facebook.com\\\/svenskamagasinet\",\"https:\\\/\\\/x.com\\\/SvenskaMagasine\"]},{\"@type\":\"Person\",\"@id\":\"https:\\\/\\\/lightweb.dev\\\/l\\\/svm-temp\\\/#\\\/schema\\\/person\\\/206a3bda5b607b0c25e1749191e4d837\",\"name\":\"Redaktionen SvM\",\"description\":\"Redaktionen\",\"sameAs\":[\"https:\\\/\\\/lightweb.dev\\\/l\\\/svm-temp\"],\"url\":\"https:\\\/\\\/lightweb.dev\\\/l\\\/svm-temp\\\/reporter\\\/redaktionen\\\/\"}]}<\/script>\n<!-- \/ Yoast SEO Premium plugin. -->","yoast_head_json":{"title":"Ytterligare tv\u00e5 omkomna efter regnov\u00e4dret p\u00e5 Costa Tropical. - Svenska Magasinet","robots":{"index":"noindex","follow":"follow","max-snippet":"max-snippet:-1","max-image-preview":"max-image-preview:large","max-video-preview":"max-video-preview:-1"},"og_locale":"sv_SE","og_type":"article","og_title":"Ytterligare tv\u00e5 omkomna efter regnov\u00e4dret p\u00e5 Costa Tropical.","og_description":"Ytterligare tv\u00e5 personer har hittats d\u00f6da, totalt fyra personer, efter m\u00e5ndagens h\u00e4ftiga skyfall. Tv\u00e5 av kropparna hittades i en liten tunnel under en meter lera med madrasser och p\u00e5sar av kl\u00e4der. Tre migranter fr\u00e5n Litauen och Ryssland som bodde i en tunnel vid Angostura som ligger n\u00e4ra samh\u00e4llet Albu\u00f1ol finns med bland de totalt fyra [&hellip;]","og_url":"https:\/\/lightweb.dev\/l\/svm-temp\/nyheter\/ytterligare-tva-omkomna-efter-regnovadret-pa-costa-tropical\/","og_site_name":"Svenska Magasinet","article_publisher":"https:\/\/www.facebook.com\/svenskamagasinet","article_published_time":"2015-09-09T22:00:00+00:00","og_image":[{"width":280,"height":210,"url":"https:\/\/lightweb.dev\/l\/svm-temp\/wp-content\/uploads\/2022\/06\/ytterligare-tva-omkomna-efter-regnovadret-pa-costa-tropical.png","type":"image\/png"}],"author":"Redaktionen SvM","twitter_card":"summary_large_image","twitter_creator":"@SvenskaMagasine","twitter_site":"@SvenskaMagasine","schema":{"@context":"https:\/\/schema.org","@graph":[{"@type":"Article","@id":"https:\/\/lightweb.dev\/l\/svm-temp\/nyheter\/ytterligare-tva-omkomna-efter-regnovadret-pa-costa-tropical\/#article","isPartOf":{"@id":"https:\/\/lightweb.dev\/l\/svm-temp\/nyheter\/ytterligare-tva-omkomna-efter-regnovadret-pa-costa-tropical\/"},"author":{"name":"Redaktionen SvM","@id":"https:\/\/lightweb.dev\/l\/svm-temp\/#\/schema\/person\/206a3bda5b607b0c25e1749191e4d837"},"headline":"Ytterligare tv\u00e5 omkomna efter regnov\u00e4dret p\u00e5 Costa Tropical.","datePublished":"2015-09-09T22:00:00+00:00","mainEntityOfPage":{"@id":"https:\/\/lightweb.dev\/l\/svm-temp\/nyheter\/ytterligare-tva-omkomna-efter-regnovadret-pa-costa-tropical\/"},"wordCount":218,"commentCount":0,"publisher":{"@id":"https:\/\/lightweb.dev\/l\/svm-temp\/#organization"},"image":{"@id":"https:\/\/lightweb.dev\/l\/svm-temp\/nyheter\/ytterligare-tva-omkomna-efter-regnovadret-pa-costa-tropical\/#primaryimage"},"thumbnailUrl":"https:\/\/lightweb.dev\/l\/svm-temp\/wp-content\/uploads\/2022\/06\/ytterligare-tva-omkomna-efter-regnovadret-pa-costa-tropical.png","articleSection":["Arkiv","Nyheter"],"inLanguage":"sv-SE"},{"@type":"WebPage","@id":"https:\/\/lightweb.dev\/l\/svm-temp\/nyheter\/ytterligare-tva-omkomna-efter-regnovadret-pa-costa-tropical\/","url":"https:\/\/lightweb.dev\/l\/svm-temp\/nyheter\/ytterligare-tva-omkomna-efter-regnovadret-pa-costa-tropical\/","name":"Ytterligare tv\u00e5 omkomna efter regnov\u00e4dret p\u00e5 Costa Tropical. - Svenska Magasinet","isPartOf":{"@id":"https:\/\/lightweb.dev\/l\/svm-temp\/#website"},"primaryImageOfPage":{"@id":"https:\/\/lightweb.dev\/l\/svm-temp\/nyheter\/ytterligare-tva-omkomna-efter-regnovadret-pa-costa-tropical\/#primaryimage"},"image":{"@id":"https:\/\/lightweb.dev\/l\/svm-temp\/nyheter\/ytterligare-tva-omkomna-efter-regnovadret-pa-costa-tropical\/#primaryimage"},"thumbnailUrl":"https:\/\/lightweb.dev\/l\/svm-temp\/wp-content\/uploads\/2022\/06\/ytterligare-tva-omkomna-efter-regnovadret-pa-costa-tropical.png","datePublished":"2015-09-09T22:00:00+00:00","breadcrumb":{"@id":"https:\/\/lightweb.dev\/l\/svm-temp\/nyheter\/ytterligare-tva-omkomna-efter-regnovadret-pa-costa-tropical\/#breadcrumb"},"inLanguage":"sv-SE","potentialAction":[{"@type":"ReadAction","target":["https:\/\/lightweb.dev\/l\/svm-temp\/nyheter\/ytterligare-tva-omkomna-efter-regnovadret-pa-costa-tropical\/"]}]},{"@type":"ImageObject","inLanguage":"sv-SE","@id":"https:\/\/lightweb.dev\/l\/svm-temp\/nyheter\/ytterligare-tva-omkomna-efter-regnovadret-pa-costa-tropical\/#primaryimage","url":"https:\/\/lightweb.dev\/l\/svm-temp\/wp-content\/uploads\/2022\/06\/ytterligare-tva-omkomna-efter-regnovadret-pa-costa-tropical.png","contentUrl":"https:\/\/lightweb.dev\/l\/svm-temp\/wp-content\/uploads\/2022\/06\/ytterligare-tva-omkomna-efter-regnovadret-pa-costa-tropical.png","width":280,"height":210},{"@type":"BreadcrumbList","@id":"https:\/\/lightweb.dev\/l\/svm-temp\/nyheter\/ytterligare-tva-omkomna-efter-regnovadret-pa-costa-tropical\/#breadcrumb","itemListElement":[{"@type":"ListItem","position":1,"name":"Hem","item":"https:\/\/lightweb.dev\/l\/svm-temp\/"},{"@type":"ListItem","position":2,"name":"Ytterligare tv\u00e5 omkomna efter regnov\u00e4dret p\u00e5 Costa Tropical."}]},{"@type":"WebSite","@id":"https:\/\/lightweb.dev\/l\/svm-temp\/#website","url":"https:\/\/lightweb.dev\/l\/svm-temp\/","name":"Svenska Magasinet","description":"Dina Spanska nyheter p&aring; Svenska","publisher":{"@id":"https:\/\/lightweb.dev\/l\/svm-temp\/#organization"},"potentialAction":[{"@type":"SearchAction","target":{"@type":"EntryPoint","urlTemplate":"https:\/\/lightweb.dev\/l\/svm-temp\/?s={search_term_string}"},"query-input":{"@type":"PropertyValueSpecification","valueRequired":true,"valueName":"search_term_string"}}],"inLanguage":"sv-SE"},{"@type":"Organization","@id":"https:\/\/lightweb.dev\/l\/svm-temp\/#organization","name":"Melkerson y Nott SL","alternateName":"Svenska Magasinet","url":"https:\/\/lightweb.dev\/l\/svm-temp\/","logo":{"@type":"ImageObject","inLanguage":"sv-SE","@id":"https:\/\/lightweb.dev\/l\/svm-temp\/#\/schema\/logo\/image\/","url":"https:\/\/lightweb.dev\/l\/svm-temp\/wp-content\/uploads\/2025\/02\/SvM-logo-Xtra-Centrerad-SVART.png","contentUrl":"https:\/\/lightweb.dev\/l\/svm-temp\/wp-content\/uploads\/2025\/02\/SvM-logo-Xtra-Centrerad-SVART.png","width":300,"height":99,"caption":"Melkerson y Nott SL"},"image":{"@id":"https:\/\/lightweb.dev\/l\/svm-temp\/#\/schema\/logo\/image\/"},"sameAs":["https:\/\/www.facebook.com\/svenskamagasinet","https:\/\/x.com\/SvenskaMagasine"]},{"@type":"Person","@id":"https:\/\/lightweb.dev\/l\/svm-temp\/#\/schema\/person\/206a3bda5b607b0c25e1749191e4d837","name":"Redaktionen SvM","description":"Redaktionen","sameAs":["https:\/\/lightweb.dev\/l\/svm-temp"],"url":"https:\/\/lightweb.dev\/l\/svm-temp\/reporter\/redaktionen\/"}]}},"_links":{"self":[{"href":"https:\/\/lightweb.dev\/l\/svm-temp\/wp-json\/wp\/v2\/posts\/23604","targetHints":{"allow":["GET"]}}],"collection":[{"href":"https:\/\/lightweb.dev\/l\/svm-temp\/wp-json\/wp\/v2\/posts"}],"about":[{"href":"https:\/\/lightweb.dev\/l\/svm-temp\/wp-json\/wp\/v2\/types\/post"}],"author":[{"embeddable":true,"href":"https:\/\/lightweb.dev\/l\/svm-temp\/wp-json\/wp\/v2\/users\/8"}],"replies":[{"embeddable":true,"href":"https:\/\/lightweb.dev\/l\/svm-temp\/wp-json\/wp\/v2\/comments?post=23604"}],"version-history":[{"count":0,"href":"https:\/\/lightweb.dev\/l\/svm-temp\/wp-json\/wp\/v2\/posts\/23604\/revisions"}],"wp:featuredmedia":[{"embeddable":true,"href":"https:\/\/lightweb.dev\/l\/svm-temp\/wp-json\/wp\/v2\/media\/23605"}],"wp:attachment":[{"href":"https:\/\/lightweb.dev\/l\/svm-temp\/wp-json\/wp\/v2\/media?parent=23604"}],"wp:term":[{"taxonomy":"category","embeddable":true,"href":"https:\/\/lightweb.dev\/l\/svm-temp\/wp-json\/wp\/v2\/categories?post=23604"},{"taxonomy":"post_tag","embeddable":true,"href":"https:\/\/lightweb.dev\/l\/svm-temp\/wp-json\/wp\/v2\/tags?post=23604"}],"curies":[{"name":"wp","href":"https:\/\/api.w.org\/{rel}","templated":true}]}}