{"id":23614,"date":"2015-09-09T00:00:00","date_gmt":"2015-09-08T22:00:00","guid":{"rendered":"https:\/\/lightweb.dev\/l\/svm-temp\/nyheter\/baskernas-ursprung-kan-vara-pa-vag-mot-sin-losning\/"},"modified":"2015-09-09T00:00:00","modified_gmt":"2015-09-08T22:00:00","slug":"baskernas-ursprung-kan-vara-pa-vag-mot-sin-losning","status":"publish","type":"post","link":"https:\/\/lightweb.dev\/l\/svm-temp\/nyheter\/baskernas-ursprung-kan-vara-pa-vag-mot-sin-losning\/","title":{"rendered":"Baskernas ursprung kan vara p\u00e5 v\u00e4g mot sin l\u00f6sning"},"content":{"rendered":"<p> En internationell forskargrupp ledd fr\u00e5n Uppsala universitet publicerar nu \u00f6verraskande resultat fr\u00e5n en DNA-studie av kvarl\u00e4mningarna efter \u00e5tta iberiska sten\u00e5ldersb\u00f6nder i El Portal\u00f3ngrottan vid den v\u00e4lk\u00e4nda antropologiska fyndplatsen Atapuerca i norra Spanien.<\/p>\n<p>&#8211; V\u00e5ra resultat visar att baskerna kan sp\u00e5ra sin h\u00e4rkomst till de tidiga grupperna av jourdbrukare fr\u00e5n Iberiska halv\u00f6n. Detta tv\u00e4rt emot tidigare uppfattningar om att dagens basker \u00e4r en befolkningsspillra som kan sp\u00e5ra sin h\u00e4rkomst till mesolitiska j\u00e4gar\/samlar-grupper, s\u00e4ger Mattias Jakobsson, professor i genetik vid Uppsala universitet, som lett studien.<\/p>\n<p>&#8211; Skillnaden mellan basker och andra iberiska grupper \u00e4r att de senare har blandat sig med migranter fr\u00e5n \u00f6ster och fr\u00e5n norra Afrika, s\u00e4ger Mattias Jakobsson.<\/p>\n<p>Analysen visar att tidiga iberiska jordbrukare \u00e4r de n\u00e4rmsta f\u00f6rf\u00e4derna till dagens basker. Tidigare hypoteser har kopplat samman basker med tidigare j\u00e4gare\/samlare.<\/p>\n<p>&#8211; El Portal\u00f3ngrottan \u00e4r en fantastisk fyndplats som bevarat artefakter otroligt v\u00e4l, s\u00e4ger Cristina Valdiosera forskare i paleogenetik vid Uppsala universitet och La Trobe University i Melbourne, en av studiens huvudf\u00f6rfattare.<\/p>\n<p>&#8211; Varje \u00e5r hittar vi ben fr\u00e5n m\u00e4nniskor och djur samt artefakter som stenverktyg, keramik och f\u00f6rem\u00e5l gjorda av ben och metall. Grottan \u00e4r som en detaljerad bok om de senaste 10 000 \u00e5ren och bidrar till en fantastisk f\u00f6rst\u00e5else av den h\u00e4r perioden. Organiska l\u00e4mningar har bevarats mycket bra och det har gjort det m\u00f6jligt f\u00f6r oss att studera det genetiska materialet som kompletterar arkeologin, s\u00e4ger Cristina Valdiosera.<\/p>\n<p>Baskerna h\u00e4rstammar fr\u00e5n de f\u00f6rsta jordbrukarna, men de blandade sig inte med de folkslag som senare invaderade den Iberiska halv\u00f6n. P\u00e5 s\u00e5 s\u00e4tt f\u00f6rblev b\u00e5de spr\u00e5ket och kulturen unika.<\/p>\n<p>I norra Spanien och sydv\u00e4stligaste Frankrike talar m\u00e4nniskorna ett spr\u00e5k som inte liknar n\u00e5got annat, obesl\u00e4ktat med n\u00e5got av v\u00e4rldens nu levande spr\u00e5k. Kulturen skiljer sig ocks\u00e5 \u00e5t.<\/p>\n<p>Men nu har allts\u00e5 forskare vid bland annat Uppsala universitet analyserat arvsmassa fr\u00e5n \u00e5tta sten\u00e5ldersb\u00f6nder som levde f\u00f6r 3.500 till 5.500 \u00e5r sedan i norra Spanien. L\u00e4s hela nyheten h\u00e4r<\/p>\n","protected":false},"excerpt":{"rendered":"<p>En internationell forskargrupp ledd fr\u00e5n Uppsala universitet publicerar nu \u00f6verraskande resultat fr\u00e5n en DNA-studie av kvarl\u00e4mningarna efter \u00e5tta iberiska sten\u00e5ldersb\u00f6nder i El Portal\u00f3ngrottan vid den v\u00e4lk\u00e4nda antropologiska fyndplatsen Atapuerca i norra Spanien. &#8211; V\u00e5ra resultat visar att baskerna kan sp\u00e5ra sin h\u00e4rkomst till de tidiga grupperna av jourdbrukare fr\u00e5n Iberiska halv\u00f6n. Detta tv\u00e4rt emot tidigare [&hellip;]<\/p>\n","protected":false},"author":8,"featured_media":23615,"comment_status":"open","ping_status":"open","sticky":false,"template":"","format":"standard","meta":{"_et_pb_use_builder":"","_et_pb_old_content":"","_et_gb_content_width":"","footnotes":""},"categories":[395,3],"tags":[],"class_list":["post-23614","post","type-post","status-publish","format-standard","has-post-thumbnail","hentry","category-arkiv-nyheter","category-nyheter"],"yoast_head":"<!-- This site is optimized with the Yoast SEO Premium plugin v26.2 (Yoast SEO v27.5) - https:\/\/yoast.com\/product\/yoast-seo-premium-wordpress\/ -->\n<title>Baskernas ursprung kan vara p\u00e5 v\u00e4g mot sin l\u00f6sning - Svenska Magasinet<\/title>\n<meta name=\"robots\" content=\"noindex, follow, max-snippet:-1, max-image-preview:large, max-video-preview:-1\" \/>\n<meta property=\"og:locale\" content=\"sv_SE\" \/>\n<meta property=\"og:type\" content=\"article\" \/>\n<meta property=\"og:title\" content=\"Baskernas ursprung kan vara p\u00e5 v\u00e4g mot sin l\u00f6sning\" \/>\n<meta property=\"og:description\" content=\"En internationell forskargrupp ledd fr\u00e5n Uppsala universitet publicerar nu \u00f6verraskande resultat fr\u00e5n en DNA-studie av kvarl\u00e4mningarna efter \u00e5tta iberiska sten\u00e5ldersb\u00f6nder i El Portal\u00f3ngrottan vid den v\u00e4lk\u00e4nda antropologiska fyndplatsen Atapuerca i norra Spanien. &#8211; V\u00e5ra resultat visar att baskerna kan sp\u00e5ra sin h\u00e4rkomst till de tidiga grupperna av jourdbrukare fr\u00e5n Iberiska halv\u00f6n. Detta tv\u00e4rt emot tidigare [&hellip;]\" \/>\n<meta property=\"og:url\" content=\"https:\/\/lightweb.dev\/l\/svm-temp\/nyheter\/baskernas-ursprung-kan-vara-pa-vag-mot-sin-losning\/\" \/>\n<meta property=\"og:site_name\" content=\"Svenska Magasinet\" \/>\n<meta property=\"article:publisher\" content=\"https:\/\/www.facebook.com\/svenskamagasinet\" \/>\n<meta property=\"article:published_time\" content=\"2015-09-08T22:00:00+00:00\" \/>\n<meta property=\"og:image\" content=\"https:\/\/lightweb.dev\/l\/svm-temp\/wp-content\/uploads\/2022\/06\/baskernas-ursprung-kan-vara-pa-vag-mot-sin-losning.png\" \/>\n\t<meta property=\"og:image:width\" content=\"299\" \/>\n\t<meta property=\"og:image:height\" content=\"200\" \/>\n\t<meta property=\"og:image:type\" content=\"image\/png\" \/>\n<meta name=\"author\" content=\"Redaktionen SvM\" \/>\n<meta name=\"twitter:card\" content=\"summary_large_image\" \/>\n<meta name=\"twitter:creator\" content=\"@SvenskaMagasine\" \/>\n<meta name=\"twitter:site\" content=\"@SvenskaMagasine\" \/>\n<script type=\"application\/ld+json\" class=\"yoast-schema-graph\">{\"@context\":\"https:\\\/\\\/schema.org\",\"@graph\":[{\"@type\":\"Article\",\"@id\":\"https:\\\/\\\/lightweb.dev\\\/l\\\/svm-temp\\\/nyheter\\\/baskernas-ursprung-kan-vara-pa-vag-mot-sin-losning\\\/#article\",\"isPartOf\":{\"@id\":\"https:\\\/\\\/lightweb.dev\\\/l\\\/svm-temp\\\/nyheter\\\/baskernas-ursprung-kan-vara-pa-vag-mot-sin-losning\\\/\"},\"author\":{\"name\":\"Redaktionen SvM\",\"@id\":\"https:\\\/\\\/lightweb.dev\\\/l\\\/svm-temp\\\/#\\\/schema\\\/person\\\/206a3bda5b607b0c25e1749191e4d837\"},\"headline\":\"Baskernas ursprung kan vara p\u00e5 v\u00e4g mot sin l\u00f6sning\",\"datePublished\":\"2015-09-08T22:00:00+00:00\",\"mainEntityOfPage\":{\"@id\":\"https:\\\/\\\/lightweb.dev\\\/l\\\/svm-temp\\\/nyheter\\\/baskernas-ursprung-kan-vara-pa-vag-mot-sin-losning\\\/\"},\"wordCount\":389,\"commentCount\":0,\"publisher\":{\"@id\":\"https:\\\/\\\/lightweb.dev\\\/l\\\/svm-temp\\\/#organization\"},\"image\":{\"@id\":\"https:\\\/\\\/lightweb.dev\\\/l\\\/svm-temp\\\/nyheter\\\/baskernas-ursprung-kan-vara-pa-vag-mot-sin-losning\\\/#primaryimage\"},\"thumbnailUrl\":\"https:\\\/\\\/lightweb.dev\\\/l\\\/svm-temp\\\/wp-content\\\/uploads\\\/2022\\\/06\\\/baskernas-ursprung-kan-vara-pa-vag-mot-sin-losning.png\",\"articleSection\":[\"Arkiv\",\"Nyheter\"],\"inLanguage\":\"sv-SE\"},{\"@type\":\"WebPage\",\"@id\":\"https:\\\/\\\/lightweb.dev\\\/l\\\/svm-temp\\\/nyheter\\\/baskernas-ursprung-kan-vara-pa-vag-mot-sin-losning\\\/\",\"url\":\"https:\\\/\\\/lightweb.dev\\\/l\\\/svm-temp\\\/nyheter\\\/baskernas-ursprung-kan-vara-pa-vag-mot-sin-losning\\\/\",\"name\":\"Baskernas ursprung kan vara p\u00e5 v\u00e4g mot sin l\u00f6sning - Svenska Magasinet\",\"isPartOf\":{\"@id\":\"https:\\\/\\\/lightweb.dev\\\/l\\\/svm-temp\\\/#website\"},\"primaryImageOfPage\":{\"@id\":\"https:\\\/\\\/lightweb.dev\\\/l\\\/svm-temp\\\/nyheter\\\/baskernas-ursprung-kan-vara-pa-vag-mot-sin-losning\\\/#primaryimage\"},\"image\":{\"@id\":\"https:\\\/\\\/lightweb.dev\\\/l\\\/svm-temp\\\/nyheter\\\/baskernas-ursprung-kan-vara-pa-vag-mot-sin-losning\\\/#primaryimage\"},\"thumbnailUrl\":\"https:\\\/\\\/lightweb.dev\\\/l\\\/svm-temp\\\/wp-content\\\/uploads\\\/2022\\\/06\\\/baskernas-ursprung-kan-vara-pa-vag-mot-sin-losning.png\",\"datePublished\":\"2015-09-08T22:00:00+00:00\",\"breadcrumb\":{\"@id\":\"https:\\\/\\\/lightweb.dev\\\/l\\\/svm-temp\\\/nyheter\\\/baskernas-ursprung-kan-vara-pa-vag-mot-sin-losning\\\/#breadcrumb\"},\"inLanguage\":\"sv-SE\",\"potentialAction\":[{\"@type\":\"ReadAction\",\"target\":[\"https:\\\/\\\/lightweb.dev\\\/l\\\/svm-temp\\\/nyheter\\\/baskernas-ursprung-kan-vara-pa-vag-mot-sin-losning\\\/\"]}]},{\"@type\":\"ImageObject\",\"inLanguage\":\"sv-SE\",\"@id\":\"https:\\\/\\\/lightweb.dev\\\/l\\\/svm-temp\\\/nyheter\\\/baskernas-ursprung-kan-vara-pa-vag-mot-sin-losning\\\/#primaryimage\",\"url\":\"https:\\\/\\\/lightweb.dev\\\/l\\\/svm-temp\\\/wp-content\\\/uploads\\\/2022\\\/06\\\/baskernas-ursprung-kan-vara-pa-vag-mot-sin-losning.png\",\"contentUrl\":\"https:\\\/\\\/lightweb.dev\\\/l\\\/svm-temp\\\/wp-content\\\/uploads\\\/2022\\\/06\\\/baskernas-ursprung-kan-vara-pa-vag-mot-sin-losning.png\",\"width\":299,\"height\":200},{\"@type\":\"BreadcrumbList\",\"@id\":\"https:\\\/\\\/lightweb.dev\\\/l\\\/svm-temp\\\/nyheter\\\/baskernas-ursprung-kan-vara-pa-vag-mot-sin-losning\\\/#breadcrumb\",\"itemListElement\":[{\"@type\":\"ListItem\",\"position\":1,\"name\":\"Hem\",\"item\":\"https:\\\/\\\/lightweb.dev\\\/l\\\/svm-temp\\\/\"},{\"@type\":\"ListItem\",\"position\":2,\"name\":\"Baskernas ursprung kan vara p\u00e5 v\u00e4g mot sin l\u00f6sning\"}]},{\"@type\":\"WebSite\",\"@id\":\"https:\\\/\\\/lightweb.dev\\\/l\\\/svm-temp\\\/#website\",\"url\":\"https:\\\/\\\/lightweb.dev\\\/l\\\/svm-temp\\\/\",\"name\":\"Svenska Magasinet\",\"description\":\"Dina Spanska nyheter p&aring; Svenska\",\"publisher\":{\"@id\":\"https:\\\/\\\/lightweb.dev\\\/l\\\/svm-temp\\\/#organization\"},\"potentialAction\":[{\"@type\":\"SearchAction\",\"target\":{\"@type\":\"EntryPoint\",\"urlTemplate\":\"https:\\\/\\\/lightweb.dev\\\/l\\\/svm-temp\\\/?s={search_term_string}\"},\"query-input\":{\"@type\":\"PropertyValueSpecification\",\"valueRequired\":true,\"valueName\":\"search_term_string\"}}],\"inLanguage\":\"sv-SE\"},{\"@type\":\"Organization\",\"@id\":\"https:\\\/\\\/lightweb.dev\\\/l\\\/svm-temp\\\/#organization\",\"name\":\"Melkerson y Nott SL\",\"alternateName\":\"Svenska Magasinet\",\"url\":\"https:\\\/\\\/lightweb.dev\\\/l\\\/svm-temp\\\/\",\"logo\":{\"@type\":\"ImageObject\",\"inLanguage\":\"sv-SE\",\"@id\":\"https:\\\/\\\/lightweb.dev\\\/l\\\/svm-temp\\\/#\\\/schema\\\/logo\\\/image\\\/\",\"url\":\"https:\\\/\\\/lightweb.dev\\\/l\\\/svm-temp\\\/wp-content\\\/uploads\\\/2025\\\/02\\\/SvM-logo-Xtra-Centrerad-SVART.png\",\"contentUrl\":\"https:\\\/\\\/lightweb.dev\\\/l\\\/svm-temp\\\/wp-content\\\/uploads\\\/2025\\\/02\\\/SvM-logo-Xtra-Centrerad-SVART.png\",\"width\":300,\"height\":99,\"caption\":\"Melkerson y Nott SL\"},\"image\":{\"@id\":\"https:\\\/\\\/lightweb.dev\\\/l\\\/svm-temp\\\/#\\\/schema\\\/logo\\\/image\\\/\"},\"sameAs\":[\"https:\\\/\\\/www.facebook.com\\\/svenskamagasinet\",\"https:\\\/\\\/x.com\\\/SvenskaMagasine\"]},{\"@type\":\"Person\",\"@id\":\"https:\\\/\\\/lightweb.dev\\\/l\\\/svm-temp\\\/#\\\/schema\\\/person\\\/206a3bda5b607b0c25e1749191e4d837\",\"name\":\"Redaktionen SvM\",\"description\":\"Redaktionen\",\"sameAs\":[\"https:\\\/\\\/lightweb.dev\\\/l\\\/svm-temp\"],\"url\":\"https:\\\/\\\/lightweb.dev\\\/l\\\/svm-temp\\\/reporter\\\/redaktionen\\\/\"}]}<\/script>\n<!-- \/ Yoast SEO Premium plugin. -->","yoast_head_json":{"title":"Baskernas ursprung kan vara p\u00e5 v\u00e4g mot sin l\u00f6sning - Svenska Magasinet","robots":{"index":"noindex","follow":"follow","max-snippet":"max-snippet:-1","max-image-preview":"max-image-preview:large","max-video-preview":"max-video-preview:-1"},"og_locale":"sv_SE","og_type":"article","og_title":"Baskernas ursprung kan vara p\u00e5 v\u00e4g mot sin l\u00f6sning","og_description":"En internationell forskargrupp ledd fr\u00e5n Uppsala universitet publicerar nu \u00f6verraskande resultat fr\u00e5n en DNA-studie av kvarl\u00e4mningarna efter \u00e5tta iberiska sten\u00e5ldersb\u00f6nder i El Portal\u00f3ngrottan vid den v\u00e4lk\u00e4nda antropologiska fyndplatsen Atapuerca i norra Spanien. &#8211; V\u00e5ra resultat visar att baskerna kan sp\u00e5ra sin h\u00e4rkomst till de tidiga grupperna av jourdbrukare fr\u00e5n Iberiska halv\u00f6n. Detta tv\u00e4rt emot tidigare [&hellip;]","og_url":"https:\/\/lightweb.dev\/l\/svm-temp\/nyheter\/baskernas-ursprung-kan-vara-pa-vag-mot-sin-losning\/","og_site_name":"Svenska Magasinet","article_publisher":"https:\/\/www.facebook.com\/svenskamagasinet","article_published_time":"2015-09-08T22:00:00+00:00","og_image":[{"width":299,"height":200,"url":"https:\/\/lightweb.dev\/l\/svm-temp\/wp-content\/uploads\/2022\/06\/baskernas-ursprung-kan-vara-pa-vag-mot-sin-losning.png","type":"image\/png"}],"author":"Redaktionen SvM","twitter_card":"summary_large_image","twitter_creator":"@SvenskaMagasine","twitter_site":"@SvenskaMagasine","schema":{"@context":"https:\/\/schema.org","@graph":[{"@type":"Article","@id":"https:\/\/lightweb.dev\/l\/svm-temp\/nyheter\/baskernas-ursprung-kan-vara-pa-vag-mot-sin-losning\/#article","isPartOf":{"@id":"https:\/\/lightweb.dev\/l\/svm-temp\/nyheter\/baskernas-ursprung-kan-vara-pa-vag-mot-sin-losning\/"},"author":{"name":"Redaktionen SvM","@id":"https:\/\/lightweb.dev\/l\/svm-temp\/#\/schema\/person\/206a3bda5b607b0c25e1749191e4d837"},"headline":"Baskernas ursprung kan vara p\u00e5 v\u00e4g mot sin l\u00f6sning","datePublished":"2015-09-08T22:00:00+00:00","mainEntityOfPage":{"@id":"https:\/\/lightweb.dev\/l\/svm-temp\/nyheter\/baskernas-ursprung-kan-vara-pa-vag-mot-sin-losning\/"},"wordCount":389,"commentCount":0,"publisher":{"@id":"https:\/\/lightweb.dev\/l\/svm-temp\/#organization"},"image":{"@id":"https:\/\/lightweb.dev\/l\/svm-temp\/nyheter\/baskernas-ursprung-kan-vara-pa-vag-mot-sin-losning\/#primaryimage"},"thumbnailUrl":"https:\/\/lightweb.dev\/l\/svm-temp\/wp-content\/uploads\/2022\/06\/baskernas-ursprung-kan-vara-pa-vag-mot-sin-losning.png","articleSection":["Arkiv","Nyheter"],"inLanguage":"sv-SE"},{"@type":"WebPage","@id":"https:\/\/lightweb.dev\/l\/svm-temp\/nyheter\/baskernas-ursprung-kan-vara-pa-vag-mot-sin-losning\/","url":"https:\/\/lightweb.dev\/l\/svm-temp\/nyheter\/baskernas-ursprung-kan-vara-pa-vag-mot-sin-losning\/","name":"Baskernas ursprung kan vara p\u00e5 v\u00e4g mot sin l\u00f6sning - Svenska Magasinet","isPartOf":{"@id":"https:\/\/lightweb.dev\/l\/svm-temp\/#website"},"primaryImageOfPage":{"@id":"https:\/\/lightweb.dev\/l\/svm-temp\/nyheter\/baskernas-ursprung-kan-vara-pa-vag-mot-sin-losning\/#primaryimage"},"image":{"@id":"https:\/\/lightweb.dev\/l\/svm-temp\/nyheter\/baskernas-ursprung-kan-vara-pa-vag-mot-sin-losning\/#primaryimage"},"thumbnailUrl":"https:\/\/lightweb.dev\/l\/svm-temp\/wp-content\/uploads\/2022\/06\/baskernas-ursprung-kan-vara-pa-vag-mot-sin-losning.png","datePublished":"2015-09-08T22:00:00+00:00","breadcrumb":{"@id":"https:\/\/lightweb.dev\/l\/svm-temp\/nyheter\/baskernas-ursprung-kan-vara-pa-vag-mot-sin-losning\/#breadcrumb"},"inLanguage":"sv-SE","potentialAction":[{"@type":"ReadAction","target":["https:\/\/lightweb.dev\/l\/svm-temp\/nyheter\/baskernas-ursprung-kan-vara-pa-vag-mot-sin-losning\/"]}]},{"@type":"ImageObject","inLanguage":"sv-SE","@id":"https:\/\/lightweb.dev\/l\/svm-temp\/nyheter\/baskernas-ursprung-kan-vara-pa-vag-mot-sin-losning\/#primaryimage","url":"https:\/\/lightweb.dev\/l\/svm-temp\/wp-content\/uploads\/2022\/06\/baskernas-ursprung-kan-vara-pa-vag-mot-sin-losning.png","contentUrl":"https:\/\/lightweb.dev\/l\/svm-temp\/wp-content\/uploads\/2022\/06\/baskernas-ursprung-kan-vara-pa-vag-mot-sin-losning.png","width":299,"height":200},{"@type":"BreadcrumbList","@id":"https:\/\/lightweb.dev\/l\/svm-temp\/nyheter\/baskernas-ursprung-kan-vara-pa-vag-mot-sin-losning\/#breadcrumb","itemListElement":[{"@type":"ListItem","position":1,"name":"Hem","item":"https:\/\/lightweb.dev\/l\/svm-temp\/"},{"@type":"ListItem","position":2,"name":"Baskernas ursprung kan vara p\u00e5 v\u00e4g mot sin l\u00f6sning"}]},{"@type":"WebSite","@id":"https:\/\/lightweb.dev\/l\/svm-temp\/#website","url":"https:\/\/lightweb.dev\/l\/svm-temp\/","name":"Svenska Magasinet","description":"Dina Spanska nyheter p&aring; Svenska","publisher":{"@id":"https:\/\/lightweb.dev\/l\/svm-temp\/#organization"},"potentialAction":[{"@type":"SearchAction","target":{"@type":"EntryPoint","urlTemplate":"https:\/\/lightweb.dev\/l\/svm-temp\/?s={search_term_string}"},"query-input":{"@type":"PropertyValueSpecification","valueRequired":true,"valueName":"search_term_string"}}],"inLanguage":"sv-SE"},{"@type":"Organization","@id":"https:\/\/lightweb.dev\/l\/svm-temp\/#organization","name":"Melkerson y Nott SL","alternateName":"Svenska Magasinet","url":"https:\/\/lightweb.dev\/l\/svm-temp\/","logo":{"@type":"ImageObject","inLanguage":"sv-SE","@id":"https:\/\/lightweb.dev\/l\/svm-temp\/#\/schema\/logo\/image\/","url":"https:\/\/lightweb.dev\/l\/svm-temp\/wp-content\/uploads\/2025\/02\/SvM-logo-Xtra-Centrerad-SVART.png","contentUrl":"https:\/\/lightweb.dev\/l\/svm-temp\/wp-content\/uploads\/2025\/02\/SvM-logo-Xtra-Centrerad-SVART.png","width":300,"height":99,"caption":"Melkerson y Nott SL"},"image":{"@id":"https:\/\/lightweb.dev\/l\/svm-temp\/#\/schema\/logo\/image\/"},"sameAs":["https:\/\/www.facebook.com\/svenskamagasinet","https:\/\/x.com\/SvenskaMagasine"]},{"@type":"Person","@id":"https:\/\/lightweb.dev\/l\/svm-temp\/#\/schema\/person\/206a3bda5b607b0c25e1749191e4d837","name":"Redaktionen SvM","description":"Redaktionen","sameAs":["https:\/\/lightweb.dev\/l\/svm-temp"],"url":"https:\/\/lightweb.dev\/l\/svm-temp\/reporter\/redaktionen\/"}]}},"_links":{"self":[{"href":"https:\/\/lightweb.dev\/l\/svm-temp\/wp-json\/wp\/v2\/posts\/23614","targetHints":{"allow":["GET"]}}],"collection":[{"href":"https:\/\/lightweb.dev\/l\/svm-temp\/wp-json\/wp\/v2\/posts"}],"about":[{"href":"https:\/\/lightweb.dev\/l\/svm-temp\/wp-json\/wp\/v2\/types\/post"}],"author":[{"embeddable":true,"href":"https:\/\/lightweb.dev\/l\/svm-temp\/wp-json\/wp\/v2\/users\/8"}],"replies":[{"embeddable":true,"href":"https:\/\/lightweb.dev\/l\/svm-temp\/wp-json\/wp\/v2\/comments?post=23614"}],"version-history":[{"count":0,"href":"https:\/\/lightweb.dev\/l\/svm-temp\/wp-json\/wp\/v2\/posts\/23614\/revisions"}],"wp:featuredmedia":[{"embeddable":true,"href":"https:\/\/lightweb.dev\/l\/svm-temp\/wp-json\/wp\/v2\/media\/23615"}],"wp:attachment":[{"href":"https:\/\/lightweb.dev\/l\/svm-temp\/wp-json\/wp\/v2\/media?parent=23614"}],"wp:term":[{"taxonomy":"category","embeddable":true,"href":"https:\/\/lightweb.dev\/l\/svm-temp\/wp-json\/wp\/v2\/categories?post=23614"},{"taxonomy":"post_tag","embeddable":true,"href":"https:\/\/lightweb.dev\/l\/svm-temp\/wp-json\/wp\/v2\/tags?post=23614"}],"curies":[{"name":"wp","href":"https:\/\/api.w.org\/{rel}","templated":true}]}}