{"id":23628,"date":"2015-09-08T00:00:00","date_gmt":"2015-09-07T22:00:00","guid":{"rendered":"https:\/\/lightweb.dev\/l\/svm-temp\/nyheter\/jordbrukarna-tog-emot-regnet-med-oppna-armar\/"},"modified":"2015-09-08T00:00:00","modified_gmt":"2015-09-07T22:00:00","slug":"jordbrukarna-tog-emot-regnet-med-oppna-armar","status":"publish","type":"post","link":"https:\/\/lightweb.dev\/l\/svm-temp\/nyheter\/jordbrukarna-tog-emot-regnet-med-oppna-armar\/","title":{"rendered":"Jordbrukarna tog emot regnet med \u00f6ppna armar"},"content":{"rendered":"<p> Provinsens jordbrukare och boskapssk\u00f6tare v\u00e4lkomnar regnet som f\u00f6ll under m\u00e5ndagen. Sommarens hetta och torka utan en droppe regn sedan i maj g\u00f6r att g\u00e5rdagens nederb\u00f6rd ses som en v\u00e4lsignelse s\u00e4ger Juan Antonio Garc\u00eda, vid jordbruksorganisationen COAG i M\u00e1laga.<\/p>\n<p>Framf\u00f6r allt \u00e4r det olivodlarna som uppskattar regnet allra mest just f\u00f6r tillf\u00e4llet. H\u00f6stens olivsk\u00f6rd bed\u00f6ms bli n\u00e5got st\u00f6rre j\u00e4mf\u00f6rt med ifjol d\u00e5 det producerades 61.000 ton olivolja och 55.000 ton bordsoliver. Men det n\u00e5r inte upp till 2013\/2014 med 94.000 ton olivolja.<\/p>\n<p>Olivodlingar \u00e4r mycket betydelsefulla f\u00f6r jordbrukarna i provinsen M\u00e1laga och odlas p\u00e5 140.000 hektar stor yta.<\/p>\n<p>\u00c4ven tropiska fruktodlingar i Axarqu\u00eda-omr\u00e5det, citrusfrukter i Guadalhorce-dalen gynnas av g\u00e5rdagens regn liksom k\u00f6ttproducenterna i Ronda-omr\u00e5det. <\/p>\n","protected":false},"excerpt":{"rendered":"<p>Provinsens jordbrukare och boskapssk\u00f6tare v\u00e4lkomnar regnet som f\u00f6ll under m\u00e5ndagen. Sommarens hetta och torka utan en droppe regn sedan i maj g\u00f6r att g\u00e5rdagens nederb\u00f6rd ses som en v\u00e4lsignelse s\u00e4ger Juan Antonio Garc\u00eda, vid jordbruksorganisationen COAG i M\u00e1laga. Framf\u00f6r allt \u00e4r det olivodlarna som uppskattar regnet allra mest just f\u00f6r tillf\u00e4llet. H\u00f6stens olivsk\u00f6rd bed\u00f6ms bli [&hellip;]<\/p>\n","protected":false},"author":8,"featured_media":23629,"comment_status":"open","ping_status":"open","sticky":false,"template":"","format":"standard","meta":{"_et_pb_use_builder":"","_et_pb_old_content":"","_et_gb_content_width":"","footnotes":""},"categories":[395,3],"tags":[],"class_list":["post-23628","post","type-post","status-publish","format-standard","has-post-thumbnail","hentry","category-arkiv-nyheter","category-nyheter"],"yoast_head":"<!-- This site is optimized with the Yoast SEO Premium plugin v26.2 (Yoast SEO v27.5) - https:\/\/yoast.com\/product\/yoast-seo-premium-wordpress\/ -->\n<title>Jordbrukarna tog emot regnet med \u00f6ppna armar - Svenska Magasinet<\/title>\n<meta name=\"robots\" content=\"noindex, follow, max-snippet:-1, max-image-preview:large, max-video-preview:-1\" \/>\n<meta property=\"og:locale\" content=\"sv_SE\" \/>\n<meta property=\"og:type\" content=\"article\" \/>\n<meta property=\"og:title\" content=\"Jordbrukarna tog emot regnet med \u00f6ppna armar\" \/>\n<meta property=\"og:description\" content=\"Provinsens jordbrukare och boskapssk\u00f6tare v\u00e4lkomnar regnet som f\u00f6ll under m\u00e5ndagen. Sommarens hetta och torka utan en droppe regn sedan i maj g\u00f6r att g\u00e5rdagens nederb\u00f6rd ses som en v\u00e4lsignelse s\u00e4ger Juan Antonio Garc\u00eda, vid jordbruksorganisationen COAG i M\u00e1laga. Framf\u00f6r allt \u00e4r det olivodlarna som uppskattar regnet allra mest just f\u00f6r tillf\u00e4llet. H\u00f6stens olivsk\u00f6rd bed\u00f6ms bli [&hellip;]\" \/>\n<meta property=\"og:url\" content=\"https:\/\/lightweb.dev\/l\/svm-temp\/nyheter\/jordbrukarna-tog-emot-regnet-med-oppna-armar\/\" \/>\n<meta property=\"og:site_name\" content=\"Svenska Magasinet\" \/>\n<meta property=\"article:publisher\" content=\"https:\/\/www.facebook.com\/svenskamagasinet\" \/>\n<meta property=\"article:published_time\" content=\"2015-09-07T22:00:00+00:00\" \/>\n<meta property=\"og:image\" content=\"https:\/\/lightweb.dev\/l\/svm-temp\/wp-content\/uploads\/2022\/06\/jordbrukarna-tog-emot-regnet-med-oppna-armar.png\" \/>\n\t<meta property=\"og:image:width\" content=\"398\" \/>\n\t<meta property=\"og:image:height\" content=\"200\" \/>\n\t<meta property=\"og:image:type\" content=\"image\/png\" \/>\n<meta name=\"author\" content=\"Redaktionen SvM\" \/>\n<meta name=\"twitter:card\" content=\"summary_large_image\" \/>\n<meta name=\"twitter:creator\" content=\"@SvenskaMagasine\" \/>\n<meta name=\"twitter:site\" content=\"@SvenskaMagasine\" \/>\n<script type=\"application\/ld+json\" class=\"yoast-schema-graph\">{\"@context\":\"https:\\\/\\\/schema.org\",\"@graph\":[{\"@type\":\"Article\",\"@id\":\"https:\\\/\\\/lightweb.dev\\\/l\\\/svm-temp\\\/nyheter\\\/jordbrukarna-tog-emot-regnet-med-oppna-armar\\\/#article\",\"isPartOf\":{\"@id\":\"https:\\\/\\\/lightweb.dev\\\/l\\\/svm-temp\\\/nyheter\\\/jordbrukarna-tog-emot-regnet-med-oppna-armar\\\/\"},\"author\":{\"name\":\"Redaktionen SvM\",\"@id\":\"https:\\\/\\\/lightweb.dev\\\/l\\\/svm-temp\\\/#\\\/schema\\\/person\\\/206a3bda5b607b0c25e1749191e4d837\"},\"headline\":\"Jordbrukarna tog emot regnet med \u00f6ppna armar\",\"datePublished\":\"2015-09-07T22:00:00+00:00\",\"mainEntityOfPage\":{\"@id\":\"https:\\\/\\\/lightweb.dev\\\/l\\\/svm-temp\\\/nyheter\\\/jordbrukarna-tog-emot-regnet-med-oppna-armar\\\/\"},\"wordCount\":144,\"commentCount\":0,\"publisher\":{\"@id\":\"https:\\\/\\\/lightweb.dev\\\/l\\\/svm-temp\\\/#organization\"},\"image\":{\"@id\":\"https:\\\/\\\/lightweb.dev\\\/l\\\/svm-temp\\\/nyheter\\\/jordbrukarna-tog-emot-regnet-med-oppna-armar\\\/#primaryimage\"},\"thumbnailUrl\":\"https:\\\/\\\/lightweb.dev\\\/l\\\/svm-temp\\\/wp-content\\\/uploads\\\/2022\\\/06\\\/jordbrukarna-tog-emot-regnet-med-oppna-armar.png\",\"articleSection\":[\"Arkiv\",\"Nyheter\"],\"inLanguage\":\"sv-SE\"},{\"@type\":\"WebPage\",\"@id\":\"https:\\\/\\\/lightweb.dev\\\/l\\\/svm-temp\\\/nyheter\\\/jordbrukarna-tog-emot-regnet-med-oppna-armar\\\/\",\"url\":\"https:\\\/\\\/lightweb.dev\\\/l\\\/svm-temp\\\/nyheter\\\/jordbrukarna-tog-emot-regnet-med-oppna-armar\\\/\",\"name\":\"Jordbrukarna tog emot regnet med \u00f6ppna armar - Svenska Magasinet\",\"isPartOf\":{\"@id\":\"https:\\\/\\\/lightweb.dev\\\/l\\\/svm-temp\\\/#website\"},\"primaryImageOfPage\":{\"@id\":\"https:\\\/\\\/lightweb.dev\\\/l\\\/svm-temp\\\/nyheter\\\/jordbrukarna-tog-emot-regnet-med-oppna-armar\\\/#primaryimage\"},\"image\":{\"@id\":\"https:\\\/\\\/lightweb.dev\\\/l\\\/svm-temp\\\/nyheter\\\/jordbrukarna-tog-emot-regnet-med-oppna-armar\\\/#primaryimage\"},\"thumbnailUrl\":\"https:\\\/\\\/lightweb.dev\\\/l\\\/svm-temp\\\/wp-content\\\/uploads\\\/2022\\\/06\\\/jordbrukarna-tog-emot-regnet-med-oppna-armar.png\",\"datePublished\":\"2015-09-07T22:00:00+00:00\",\"breadcrumb\":{\"@id\":\"https:\\\/\\\/lightweb.dev\\\/l\\\/svm-temp\\\/nyheter\\\/jordbrukarna-tog-emot-regnet-med-oppna-armar\\\/#breadcrumb\"},\"inLanguage\":\"sv-SE\",\"potentialAction\":[{\"@type\":\"ReadAction\",\"target\":[\"https:\\\/\\\/lightweb.dev\\\/l\\\/svm-temp\\\/nyheter\\\/jordbrukarna-tog-emot-regnet-med-oppna-armar\\\/\"]}]},{\"@type\":\"ImageObject\",\"inLanguage\":\"sv-SE\",\"@id\":\"https:\\\/\\\/lightweb.dev\\\/l\\\/svm-temp\\\/nyheter\\\/jordbrukarna-tog-emot-regnet-med-oppna-armar\\\/#primaryimage\",\"url\":\"https:\\\/\\\/lightweb.dev\\\/l\\\/svm-temp\\\/wp-content\\\/uploads\\\/2022\\\/06\\\/jordbrukarna-tog-emot-regnet-med-oppna-armar.png\",\"contentUrl\":\"https:\\\/\\\/lightweb.dev\\\/l\\\/svm-temp\\\/wp-content\\\/uploads\\\/2022\\\/06\\\/jordbrukarna-tog-emot-regnet-med-oppna-armar.png\",\"width\":398,\"height\":200},{\"@type\":\"BreadcrumbList\",\"@id\":\"https:\\\/\\\/lightweb.dev\\\/l\\\/svm-temp\\\/nyheter\\\/jordbrukarna-tog-emot-regnet-med-oppna-armar\\\/#breadcrumb\",\"itemListElement\":[{\"@type\":\"ListItem\",\"position\":1,\"name\":\"Hem\",\"item\":\"https:\\\/\\\/lightweb.dev\\\/l\\\/svm-temp\\\/\"},{\"@type\":\"ListItem\",\"position\":2,\"name\":\"Jordbrukarna tog emot regnet med \u00f6ppna armar\"}]},{\"@type\":\"WebSite\",\"@id\":\"https:\\\/\\\/lightweb.dev\\\/l\\\/svm-temp\\\/#website\",\"url\":\"https:\\\/\\\/lightweb.dev\\\/l\\\/svm-temp\\\/\",\"name\":\"Svenska Magasinet\",\"description\":\"Dina Spanska nyheter p&aring; Svenska\",\"publisher\":{\"@id\":\"https:\\\/\\\/lightweb.dev\\\/l\\\/svm-temp\\\/#organization\"},\"potentialAction\":[{\"@type\":\"SearchAction\",\"target\":{\"@type\":\"EntryPoint\",\"urlTemplate\":\"https:\\\/\\\/lightweb.dev\\\/l\\\/svm-temp\\\/?s={search_term_string}\"},\"query-input\":{\"@type\":\"PropertyValueSpecification\",\"valueRequired\":true,\"valueName\":\"search_term_string\"}}],\"inLanguage\":\"sv-SE\"},{\"@type\":\"Organization\",\"@id\":\"https:\\\/\\\/lightweb.dev\\\/l\\\/svm-temp\\\/#organization\",\"name\":\"Melkerson y Nott SL\",\"alternateName\":\"Svenska Magasinet\",\"url\":\"https:\\\/\\\/lightweb.dev\\\/l\\\/svm-temp\\\/\",\"logo\":{\"@type\":\"ImageObject\",\"inLanguage\":\"sv-SE\",\"@id\":\"https:\\\/\\\/lightweb.dev\\\/l\\\/svm-temp\\\/#\\\/schema\\\/logo\\\/image\\\/\",\"url\":\"https:\\\/\\\/lightweb.dev\\\/l\\\/svm-temp\\\/wp-content\\\/uploads\\\/2025\\\/02\\\/SvM-logo-Xtra-Centrerad-SVART.png\",\"contentUrl\":\"https:\\\/\\\/lightweb.dev\\\/l\\\/svm-temp\\\/wp-content\\\/uploads\\\/2025\\\/02\\\/SvM-logo-Xtra-Centrerad-SVART.png\",\"width\":300,\"height\":99,\"caption\":\"Melkerson y Nott SL\"},\"image\":{\"@id\":\"https:\\\/\\\/lightweb.dev\\\/l\\\/svm-temp\\\/#\\\/schema\\\/logo\\\/image\\\/\"},\"sameAs\":[\"https:\\\/\\\/www.facebook.com\\\/svenskamagasinet\",\"https:\\\/\\\/x.com\\\/SvenskaMagasine\"]},{\"@type\":\"Person\",\"@id\":\"https:\\\/\\\/lightweb.dev\\\/l\\\/svm-temp\\\/#\\\/schema\\\/person\\\/206a3bda5b607b0c25e1749191e4d837\",\"name\":\"Redaktionen SvM\",\"description\":\"Redaktionen\",\"sameAs\":[\"https:\\\/\\\/lightweb.dev\\\/l\\\/svm-temp\"],\"url\":\"https:\\\/\\\/lightweb.dev\\\/l\\\/svm-temp\\\/reporter\\\/redaktionen\\\/\"}]}<\/script>\n<!-- \/ Yoast SEO Premium plugin. -->","yoast_head_json":{"title":"Jordbrukarna tog emot regnet med \u00f6ppna armar - Svenska Magasinet","robots":{"index":"noindex","follow":"follow","max-snippet":"max-snippet:-1","max-image-preview":"max-image-preview:large","max-video-preview":"max-video-preview:-1"},"og_locale":"sv_SE","og_type":"article","og_title":"Jordbrukarna tog emot regnet med \u00f6ppna armar","og_description":"Provinsens jordbrukare och boskapssk\u00f6tare v\u00e4lkomnar regnet som f\u00f6ll under m\u00e5ndagen. Sommarens hetta och torka utan en droppe regn sedan i maj g\u00f6r att g\u00e5rdagens nederb\u00f6rd ses som en v\u00e4lsignelse s\u00e4ger Juan Antonio Garc\u00eda, vid jordbruksorganisationen COAG i M\u00e1laga. Framf\u00f6r allt \u00e4r det olivodlarna som uppskattar regnet allra mest just f\u00f6r tillf\u00e4llet. H\u00f6stens olivsk\u00f6rd bed\u00f6ms bli [&hellip;]","og_url":"https:\/\/lightweb.dev\/l\/svm-temp\/nyheter\/jordbrukarna-tog-emot-regnet-med-oppna-armar\/","og_site_name":"Svenska Magasinet","article_publisher":"https:\/\/www.facebook.com\/svenskamagasinet","article_published_time":"2015-09-07T22:00:00+00:00","og_image":[{"width":398,"height":200,"url":"https:\/\/lightweb.dev\/l\/svm-temp\/wp-content\/uploads\/2022\/06\/jordbrukarna-tog-emot-regnet-med-oppna-armar.png","type":"image\/png"}],"author":"Redaktionen SvM","twitter_card":"summary_large_image","twitter_creator":"@SvenskaMagasine","twitter_site":"@SvenskaMagasine","schema":{"@context":"https:\/\/schema.org","@graph":[{"@type":"Article","@id":"https:\/\/lightweb.dev\/l\/svm-temp\/nyheter\/jordbrukarna-tog-emot-regnet-med-oppna-armar\/#article","isPartOf":{"@id":"https:\/\/lightweb.dev\/l\/svm-temp\/nyheter\/jordbrukarna-tog-emot-regnet-med-oppna-armar\/"},"author":{"name":"Redaktionen SvM","@id":"https:\/\/lightweb.dev\/l\/svm-temp\/#\/schema\/person\/206a3bda5b607b0c25e1749191e4d837"},"headline":"Jordbrukarna tog emot regnet med \u00f6ppna armar","datePublished":"2015-09-07T22:00:00+00:00","mainEntityOfPage":{"@id":"https:\/\/lightweb.dev\/l\/svm-temp\/nyheter\/jordbrukarna-tog-emot-regnet-med-oppna-armar\/"},"wordCount":144,"commentCount":0,"publisher":{"@id":"https:\/\/lightweb.dev\/l\/svm-temp\/#organization"},"image":{"@id":"https:\/\/lightweb.dev\/l\/svm-temp\/nyheter\/jordbrukarna-tog-emot-regnet-med-oppna-armar\/#primaryimage"},"thumbnailUrl":"https:\/\/lightweb.dev\/l\/svm-temp\/wp-content\/uploads\/2022\/06\/jordbrukarna-tog-emot-regnet-med-oppna-armar.png","articleSection":["Arkiv","Nyheter"],"inLanguage":"sv-SE"},{"@type":"WebPage","@id":"https:\/\/lightweb.dev\/l\/svm-temp\/nyheter\/jordbrukarna-tog-emot-regnet-med-oppna-armar\/","url":"https:\/\/lightweb.dev\/l\/svm-temp\/nyheter\/jordbrukarna-tog-emot-regnet-med-oppna-armar\/","name":"Jordbrukarna tog emot regnet med \u00f6ppna armar - Svenska Magasinet","isPartOf":{"@id":"https:\/\/lightweb.dev\/l\/svm-temp\/#website"},"primaryImageOfPage":{"@id":"https:\/\/lightweb.dev\/l\/svm-temp\/nyheter\/jordbrukarna-tog-emot-regnet-med-oppna-armar\/#primaryimage"},"image":{"@id":"https:\/\/lightweb.dev\/l\/svm-temp\/nyheter\/jordbrukarna-tog-emot-regnet-med-oppna-armar\/#primaryimage"},"thumbnailUrl":"https:\/\/lightweb.dev\/l\/svm-temp\/wp-content\/uploads\/2022\/06\/jordbrukarna-tog-emot-regnet-med-oppna-armar.png","datePublished":"2015-09-07T22:00:00+00:00","breadcrumb":{"@id":"https:\/\/lightweb.dev\/l\/svm-temp\/nyheter\/jordbrukarna-tog-emot-regnet-med-oppna-armar\/#breadcrumb"},"inLanguage":"sv-SE","potentialAction":[{"@type":"ReadAction","target":["https:\/\/lightweb.dev\/l\/svm-temp\/nyheter\/jordbrukarna-tog-emot-regnet-med-oppna-armar\/"]}]},{"@type":"ImageObject","inLanguage":"sv-SE","@id":"https:\/\/lightweb.dev\/l\/svm-temp\/nyheter\/jordbrukarna-tog-emot-regnet-med-oppna-armar\/#primaryimage","url":"https:\/\/lightweb.dev\/l\/svm-temp\/wp-content\/uploads\/2022\/06\/jordbrukarna-tog-emot-regnet-med-oppna-armar.png","contentUrl":"https:\/\/lightweb.dev\/l\/svm-temp\/wp-content\/uploads\/2022\/06\/jordbrukarna-tog-emot-regnet-med-oppna-armar.png","width":398,"height":200},{"@type":"BreadcrumbList","@id":"https:\/\/lightweb.dev\/l\/svm-temp\/nyheter\/jordbrukarna-tog-emot-regnet-med-oppna-armar\/#breadcrumb","itemListElement":[{"@type":"ListItem","position":1,"name":"Hem","item":"https:\/\/lightweb.dev\/l\/svm-temp\/"},{"@type":"ListItem","position":2,"name":"Jordbrukarna tog emot regnet med \u00f6ppna armar"}]},{"@type":"WebSite","@id":"https:\/\/lightweb.dev\/l\/svm-temp\/#website","url":"https:\/\/lightweb.dev\/l\/svm-temp\/","name":"Svenska Magasinet","description":"Dina Spanska nyheter p&aring; Svenska","publisher":{"@id":"https:\/\/lightweb.dev\/l\/svm-temp\/#organization"},"potentialAction":[{"@type":"SearchAction","target":{"@type":"EntryPoint","urlTemplate":"https:\/\/lightweb.dev\/l\/svm-temp\/?s={search_term_string}"},"query-input":{"@type":"PropertyValueSpecification","valueRequired":true,"valueName":"search_term_string"}}],"inLanguage":"sv-SE"},{"@type":"Organization","@id":"https:\/\/lightweb.dev\/l\/svm-temp\/#organization","name":"Melkerson y Nott SL","alternateName":"Svenska Magasinet","url":"https:\/\/lightweb.dev\/l\/svm-temp\/","logo":{"@type":"ImageObject","inLanguage":"sv-SE","@id":"https:\/\/lightweb.dev\/l\/svm-temp\/#\/schema\/logo\/image\/","url":"https:\/\/lightweb.dev\/l\/svm-temp\/wp-content\/uploads\/2025\/02\/SvM-logo-Xtra-Centrerad-SVART.png","contentUrl":"https:\/\/lightweb.dev\/l\/svm-temp\/wp-content\/uploads\/2025\/02\/SvM-logo-Xtra-Centrerad-SVART.png","width":300,"height":99,"caption":"Melkerson y Nott SL"},"image":{"@id":"https:\/\/lightweb.dev\/l\/svm-temp\/#\/schema\/logo\/image\/"},"sameAs":["https:\/\/www.facebook.com\/svenskamagasinet","https:\/\/x.com\/SvenskaMagasine"]},{"@type":"Person","@id":"https:\/\/lightweb.dev\/l\/svm-temp\/#\/schema\/person\/206a3bda5b607b0c25e1749191e4d837","name":"Redaktionen SvM","description":"Redaktionen","sameAs":["https:\/\/lightweb.dev\/l\/svm-temp"],"url":"https:\/\/lightweb.dev\/l\/svm-temp\/reporter\/redaktionen\/"}]}},"_links":{"self":[{"href":"https:\/\/lightweb.dev\/l\/svm-temp\/wp-json\/wp\/v2\/posts\/23628","targetHints":{"allow":["GET"]}}],"collection":[{"href":"https:\/\/lightweb.dev\/l\/svm-temp\/wp-json\/wp\/v2\/posts"}],"about":[{"href":"https:\/\/lightweb.dev\/l\/svm-temp\/wp-json\/wp\/v2\/types\/post"}],"author":[{"embeddable":true,"href":"https:\/\/lightweb.dev\/l\/svm-temp\/wp-json\/wp\/v2\/users\/8"}],"replies":[{"embeddable":true,"href":"https:\/\/lightweb.dev\/l\/svm-temp\/wp-json\/wp\/v2\/comments?post=23628"}],"version-history":[{"count":0,"href":"https:\/\/lightweb.dev\/l\/svm-temp\/wp-json\/wp\/v2\/posts\/23628\/revisions"}],"wp:featuredmedia":[{"embeddable":true,"href":"https:\/\/lightweb.dev\/l\/svm-temp\/wp-json\/wp\/v2\/media\/23629"}],"wp:attachment":[{"href":"https:\/\/lightweb.dev\/l\/svm-temp\/wp-json\/wp\/v2\/media?parent=23628"}],"wp:term":[{"taxonomy":"category","embeddable":true,"href":"https:\/\/lightweb.dev\/l\/svm-temp\/wp-json\/wp\/v2\/categories?post=23628"},{"taxonomy":"post_tag","embeddable":true,"href":"https:\/\/lightweb.dev\/l\/svm-temp\/wp-json\/wp\/v2\/tags?post=23628"}],"curies":[{"name":"wp","href":"https:\/\/api.w.org\/{rel}","templated":true}]}}