{"id":23632,"date":"2015-09-08T00:00:00","date_gmt":"2015-09-07T22:00:00","guid":{"rendered":"https:\/\/lightweb.dev\/l\/svm-temp\/nyheter\/spanjorer-oppnar-sina-hjartan-for-barn-och-barnbarn\/"},"modified":"2015-09-08T00:00:00","modified_gmt":"2015-09-07T22:00:00","slug":"spanjorer-oppnar-sina-hjartan-for-barn-och-barnbarn","status":"publish","type":"post","link":"https:\/\/lightweb.dev\/l\/svm-temp\/nyheter\/spanjorer-oppnar-sina-hjartan-for-barn-och-barnbarn\/","title":{"rendered":"Spanjorer \u00f6ppnar sina hj\u00e4rtan f\u00f6r barn och barnbarn"},"content":{"rendered":"<p> \u00c5tta av tio spanjorer hj\u00e4lper sina barn och barnbarn att f\u00e5 ekonomin att g\u00e5 ihop. Farfars pension har blivit allt viktigare f\u00f6r m\u00e5nga hush\u00e5ll. H\u00e4lften av de spanska pension\u00e4rerna spenderar mellan 20 till 30 procent av sin inkomst till att hj\u00e4lpa barn eller barnbarn.<\/p>\n<p>Studien \u201dCrisis y efecto domin\u00f3\u201d (Kris och dominoeffekten) fr\u00e5n Educo som Salvetti&#038;Llombart ligger bakom visar att spanjorer i genomsnitt ger 290 euro i m\u00e5naden till sina barn och barnbarn. P\u00e5 grund av den ekonomiska krisen har antalet f\u00f6r\u00e4ldrar samt mor- och farf\u00f6r\u00e4ldrar som hj\u00e4lper till \u00f6kat.<\/p>\n<p>Det \u00e4r i f\u00f6rsta hand lunch och middag som barn och barnbarn bjuds p\u00e5. En av tre donerar \u00e4ven pengar medan tio procent har inbjudit sina barn eller barnbarn att flytta hem till f\u00f6r\u00e4ldrahemmet.<\/p>\n<p>Studien visar ocks\u00e5 att 45 procent av pension\u00e4rerna har en m\u00e5nadsinkomst p\u00e5 tusen euro. 46 procent av de som ing\u00e5r i unders\u00f6kningen uppger att de sparat in p\u00e5 h\u00e4lsobehandlingar som tandl\u00e4kare och optiker f\u00f6r att kunna hj\u00e4lpa sina barn eller barnbarn.<\/p>\n<p>Omkring 700.000 familjer hade ingen officiell inkomst under f\u00f6rsta kvartalet 2015 vilket \u00e4r dubbelt s\u00e5 m\u00e5nga som 2007. Den ekonomiska nedg\u00e5ngen har l\u00e4mnat 2,55 miljoner barn i riskzonen f\u00f6r fattigdom. <\/p>\n","protected":false},"excerpt":{"rendered":"<p>\u00c5tta av tio spanjorer hj\u00e4lper sina barn och barnbarn att f\u00e5 ekonomin att g\u00e5 ihop. Farfars pension har blivit allt viktigare f\u00f6r m\u00e5nga hush\u00e5ll. H\u00e4lften av de spanska pension\u00e4rerna spenderar mellan 20 till 30 procent av sin inkomst till att hj\u00e4lpa barn eller barnbarn. Studien \u201dCrisis y efecto domin\u00f3\u201d (Kris och dominoeffekten) fr\u00e5n Educo som [&hellip;]<\/p>\n","protected":false},"author":8,"featured_media":23633,"comment_status":"open","ping_status":"open","sticky":false,"template":"","format":"standard","meta":{"_et_pb_use_builder":"","_et_pb_old_content":"","_et_gb_content_width":"","footnotes":""},"categories":[395,3],"tags":[],"class_list":["post-23632","post","type-post","status-publish","format-standard","has-post-thumbnail","hentry","category-arkiv-nyheter","category-nyheter"],"yoast_head":"<!-- This site is optimized with the Yoast SEO Premium plugin v26.2 (Yoast SEO v27.5) - https:\/\/yoast.com\/product\/yoast-seo-premium-wordpress\/ -->\n<title>Spanjorer \u00f6ppnar sina hj\u00e4rtan f\u00f6r barn och barnbarn - Svenska Magasinet<\/title>\n<meta name=\"robots\" content=\"noindex, follow, max-snippet:-1, max-image-preview:large, max-video-preview:-1\" \/>\n<meta property=\"og:locale\" content=\"sv_SE\" \/>\n<meta property=\"og:type\" content=\"article\" \/>\n<meta property=\"og:title\" content=\"Spanjorer \u00f6ppnar sina hj\u00e4rtan f\u00f6r barn och barnbarn\" \/>\n<meta property=\"og:description\" content=\"\u00c5tta av tio spanjorer hj\u00e4lper sina barn och barnbarn att f\u00e5 ekonomin att g\u00e5 ihop. Farfars pension har blivit allt viktigare f\u00f6r m\u00e5nga hush\u00e5ll. H\u00e4lften av de spanska pension\u00e4rerna spenderar mellan 20 till 30 procent av sin inkomst till att hj\u00e4lpa barn eller barnbarn. Studien \u201dCrisis y efecto domin\u00f3\u201d (Kris och dominoeffekten) fr\u00e5n Educo som [&hellip;]\" \/>\n<meta property=\"og:url\" content=\"https:\/\/lightweb.dev\/l\/svm-temp\/nyheter\/spanjorer-oppnar-sina-hjartan-for-barn-och-barnbarn\/\" \/>\n<meta property=\"og:site_name\" content=\"Svenska Magasinet\" \/>\n<meta property=\"article:publisher\" content=\"https:\/\/www.facebook.com\/svenskamagasinet\" \/>\n<meta property=\"article:published_time\" content=\"2015-09-07T22:00:00+00:00\" \/>\n<meta property=\"og:image\" content=\"https:\/\/lightweb.dev\/l\/svm-temp\/wp-content\/uploads\/2022\/06\/spanjorer-oppnar-sina-hjartan-for-barn-och-barnbarn.png\" \/>\n\t<meta property=\"og:image:width\" content=\"311\" \/>\n\t<meta property=\"og:image:height\" content=\"200\" \/>\n\t<meta property=\"og:image:type\" content=\"image\/png\" \/>\n<meta name=\"author\" content=\"Redaktionen SvM\" \/>\n<meta name=\"twitter:card\" content=\"summary_large_image\" \/>\n<meta name=\"twitter:creator\" content=\"@SvenskaMagasine\" \/>\n<meta name=\"twitter:site\" content=\"@SvenskaMagasine\" \/>\n<script type=\"application\/ld+json\" class=\"yoast-schema-graph\">{\"@context\":\"https:\\\/\\\/schema.org\",\"@graph\":[{\"@type\":\"Article\",\"@id\":\"https:\\\/\\\/lightweb.dev\\\/l\\\/svm-temp\\\/nyheter\\\/spanjorer-oppnar-sina-hjartan-for-barn-och-barnbarn\\\/#article\",\"isPartOf\":{\"@id\":\"https:\\\/\\\/lightweb.dev\\\/l\\\/svm-temp\\\/nyheter\\\/spanjorer-oppnar-sina-hjartan-for-barn-och-barnbarn\\\/\"},\"author\":{\"name\":\"Redaktionen SvM\",\"@id\":\"https:\\\/\\\/lightweb.dev\\\/l\\\/svm-temp\\\/#\\\/schema\\\/person\\\/206a3bda5b607b0c25e1749191e4d837\"},\"headline\":\"Spanjorer \u00f6ppnar sina hj\u00e4rtan f\u00f6r barn och barnbarn\",\"datePublished\":\"2015-09-07T22:00:00+00:00\",\"mainEntityOfPage\":{\"@id\":\"https:\\\/\\\/lightweb.dev\\\/l\\\/svm-temp\\\/nyheter\\\/spanjorer-oppnar-sina-hjartan-for-barn-och-barnbarn\\\/\"},\"wordCount\":227,\"commentCount\":0,\"publisher\":{\"@id\":\"https:\\\/\\\/lightweb.dev\\\/l\\\/svm-temp\\\/#organization\"},\"image\":{\"@id\":\"https:\\\/\\\/lightweb.dev\\\/l\\\/svm-temp\\\/nyheter\\\/spanjorer-oppnar-sina-hjartan-for-barn-och-barnbarn\\\/#primaryimage\"},\"thumbnailUrl\":\"https:\\\/\\\/lightweb.dev\\\/l\\\/svm-temp\\\/wp-content\\\/uploads\\\/2022\\\/06\\\/spanjorer-oppnar-sina-hjartan-for-barn-och-barnbarn.png\",\"articleSection\":[\"Arkiv\",\"Nyheter\"],\"inLanguage\":\"sv-SE\"},{\"@type\":\"WebPage\",\"@id\":\"https:\\\/\\\/lightweb.dev\\\/l\\\/svm-temp\\\/nyheter\\\/spanjorer-oppnar-sina-hjartan-for-barn-och-barnbarn\\\/\",\"url\":\"https:\\\/\\\/lightweb.dev\\\/l\\\/svm-temp\\\/nyheter\\\/spanjorer-oppnar-sina-hjartan-for-barn-och-barnbarn\\\/\",\"name\":\"Spanjorer \u00f6ppnar sina hj\u00e4rtan f\u00f6r barn och barnbarn - Svenska Magasinet\",\"isPartOf\":{\"@id\":\"https:\\\/\\\/lightweb.dev\\\/l\\\/svm-temp\\\/#website\"},\"primaryImageOfPage\":{\"@id\":\"https:\\\/\\\/lightweb.dev\\\/l\\\/svm-temp\\\/nyheter\\\/spanjorer-oppnar-sina-hjartan-for-barn-och-barnbarn\\\/#primaryimage\"},\"image\":{\"@id\":\"https:\\\/\\\/lightweb.dev\\\/l\\\/svm-temp\\\/nyheter\\\/spanjorer-oppnar-sina-hjartan-for-barn-och-barnbarn\\\/#primaryimage\"},\"thumbnailUrl\":\"https:\\\/\\\/lightweb.dev\\\/l\\\/svm-temp\\\/wp-content\\\/uploads\\\/2022\\\/06\\\/spanjorer-oppnar-sina-hjartan-for-barn-och-barnbarn.png\",\"datePublished\":\"2015-09-07T22:00:00+00:00\",\"breadcrumb\":{\"@id\":\"https:\\\/\\\/lightweb.dev\\\/l\\\/svm-temp\\\/nyheter\\\/spanjorer-oppnar-sina-hjartan-for-barn-och-barnbarn\\\/#breadcrumb\"},\"inLanguage\":\"sv-SE\",\"potentialAction\":[{\"@type\":\"ReadAction\",\"target\":[\"https:\\\/\\\/lightweb.dev\\\/l\\\/svm-temp\\\/nyheter\\\/spanjorer-oppnar-sina-hjartan-for-barn-och-barnbarn\\\/\"]}]},{\"@type\":\"ImageObject\",\"inLanguage\":\"sv-SE\",\"@id\":\"https:\\\/\\\/lightweb.dev\\\/l\\\/svm-temp\\\/nyheter\\\/spanjorer-oppnar-sina-hjartan-for-barn-och-barnbarn\\\/#primaryimage\",\"url\":\"https:\\\/\\\/lightweb.dev\\\/l\\\/svm-temp\\\/wp-content\\\/uploads\\\/2022\\\/06\\\/spanjorer-oppnar-sina-hjartan-for-barn-och-barnbarn.png\",\"contentUrl\":\"https:\\\/\\\/lightweb.dev\\\/l\\\/svm-temp\\\/wp-content\\\/uploads\\\/2022\\\/06\\\/spanjorer-oppnar-sina-hjartan-for-barn-och-barnbarn.png\",\"width\":311,\"height\":200},{\"@type\":\"BreadcrumbList\",\"@id\":\"https:\\\/\\\/lightweb.dev\\\/l\\\/svm-temp\\\/nyheter\\\/spanjorer-oppnar-sina-hjartan-for-barn-och-barnbarn\\\/#breadcrumb\",\"itemListElement\":[{\"@type\":\"ListItem\",\"position\":1,\"name\":\"Hem\",\"item\":\"https:\\\/\\\/lightweb.dev\\\/l\\\/svm-temp\\\/\"},{\"@type\":\"ListItem\",\"position\":2,\"name\":\"Spanjorer \u00f6ppnar sina hj\u00e4rtan f\u00f6r barn och barnbarn\"}]},{\"@type\":\"WebSite\",\"@id\":\"https:\\\/\\\/lightweb.dev\\\/l\\\/svm-temp\\\/#website\",\"url\":\"https:\\\/\\\/lightweb.dev\\\/l\\\/svm-temp\\\/\",\"name\":\"Svenska Magasinet\",\"description\":\"Dina Spanska nyheter p&aring; Svenska\",\"publisher\":{\"@id\":\"https:\\\/\\\/lightweb.dev\\\/l\\\/svm-temp\\\/#organization\"},\"potentialAction\":[{\"@type\":\"SearchAction\",\"target\":{\"@type\":\"EntryPoint\",\"urlTemplate\":\"https:\\\/\\\/lightweb.dev\\\/l\\\/svm-temp\\\/?s={search_term_string}\"},\"query-input\":{\"@type\":\"PropertyValueSpecification\",\"valueRequired\":true,\"valueName\":\"search_term_string\"}}],\"inLanguage\":\"sv-SE\"},{\"@type\":\"Organization\",\"@id\":\"https:\\\/\\\/lightweb.dev\\\/l\\\/svm-temp\\\/#organization\",\"name\":\"Melkerson y Nott SL\",\"alternateName\":\"Svenska Magasinet\",\"url\":\"https:\\\/\\\/lightweb.dev\\\/l\\\/svm-temp\\\/\",\"logo\":{\"@type\":\"ImageObject\",\"inLanguage\":\"sv-SE\",\"@id\":\"https:\\\/\\\/lightweb.dev\\\/l\\\/svm-temp\\\/#\\\/schema\\\/logo\\\/image\\\/\",\"url\":\"https:\\\/\\\/lightweb.dev\\\/l\\\/svm-temp\\\/wp-content\\\/uploads\\\/2025\\\/02\\\/SvM-logo-Xtra-Centrerad-SVART.png\",\"contentUrl\":\"https:\\\/\\\/lightweb.dev\\\/l\\\/svm-temp\\\/wp-content\\\/uploads\\\/2025\\\/02\\\/SvM-logo-Xtra-Centrerad-SVART.png\",\"width\":300,\"height\":99,\"caption\":\"Melkerson y Nott SL\"},\"image\":{\"@id\":\"https:\\\/\\\/lightweb.dev\\\/l\\\/svm-temp\\\/#\\\/schema\\\/logo\\\/image\\\/\"},\"sameAs\":[\"https:\\\/\\\/www.facebook.com\\\/svenskamagasinet\",\"https:\\\/\\\/x.com\\\/SvenskaMagasine\"]},{\"@type\":\"Person\",\"@id\":\"https:\\\/\\\/lightweb.dev\\\/l\\\/svm-temp\\\/#\\\/schema\\\/person\\\/206a3bda5b607b0c25e1749191e4d837\",\"name\":\"Redaktionen SvM\",\"description\":\"Redaktionen\",\"sameAs\":[\"https:\\\/\\\/lightweb.dev\\\/l\\\/svm-temp\"],\"url\":\"https:\\\/\\\/lightweb.dev\\\/l\\\/svm-temp\\\/reporter\\\/redaktionen\\\/\"}]}<\/script>\n<!-- \/ Yoast SEO Premium plugin. -->","yoast_head_json":{"title":"Spanjorer \u00f6ppnar sina hj\u00e4rtan f\u00f6r barn och barnbarn - Svenska Magasinet","robots":{"index":"noindex","follow":"follow","max-snippet":"max-snippet:-1","max-image-preview":"max-image-preview:large","max-video-preview":"max-video-preview:-1"},"og_locale":"sv_SE","og_type":"article","og_title":"Spanjorer \u00f6ppnar sina hj\u00e4rtan f\u00f6r barn och barnbarn","og_description":"\u00c5tta av tio spanjorer hj\u00e4lper sina barn och barnbarn att f\u00e5 ekonomin att g\u00e5 ihop. Farfars pension har blivit allt viktigare f\u00f6r m\u00e5nga hush\u00e5ll. H\u00e4lften av de spanska pension\u00e4rerna spenderar mellan 20 till 30 procent av sin inkomst till att hj\u00e4lpa barn eller barnbarn. Studien \u201dCrisis y efecto domin\u00f3\u201d (Kris och dominoeffekten) fr\u00e5n Educo som [&hellip;]","og_url":"https:\/\/lightweb.dev\/l\/svm-temp\/nyheter\/spanjorer-oppnar-sina-hjartan-for-barn-och-barnbarn\/","og_site_name":"Svenska Magasinet","article_publisher":"https:\/\/www.facebook.com\/svenskamagasinet","article_published_time":"2015-09-07T22:00:00+00:00","og_image":[{"width":311,"height":200,"url":"https:\/\/lightweb.dev\/l\/svm-temp\/wp-content\/uploads\/2022\/06\/spanjorer-oppnar-sina-hjartan-for-barn-och-barnbarn.png","type":"image\/png"}],"author":"Redaktionen SvM","twitter_card":"summary_large_image","twitter_creator":"@SvenskaMagasine","twitter_site":"@SvenskaMagasine","schema":{"@context":"https:\/\/schema.org","@graph":[{"@type":"Article","@id":"https:\/\/lightweb.dev\/l\/svm-temp\/nyheter\/spanjorer-oppnar-sina-hjartan-for-barn-och-barnbarn\/#article","isPartOf":{"@id":"https:\/\/lightweb.dev\/l\/svm-temp\/nyheter\/spanjorer-oppnar-sina-hjartan-for-barn-och-barnbarn\/"},"author":{"name":"Redaktionen SvM","@id":"https:\/\/lightweb.dev\/l\/svm-temp\/#\/schema\/person\/206a3bda5b607b0c25e1749191e4d837"},"headline":"Spanjorer \u00f6ppnar sina hj\u00e4rtan f\u00f6r barn och barnbarn","datePublished":"2015-09-07T22:00:00+00:00","mainEntityOfPage":{"@id":"https:\/\/lightweb.dev\/l\/svm-temp\/nyheter\/spanjorer-oppnar-sina-hjartan-for-barn-och-barnbarn\/"},"wordCount":227,"commentCount":0,"publisher":{"@id":"https:\/\/lightweb.dev\/l\/svm-temp\/#organization"},"image":{"@id":"https:\/\/lightweb.dev\/l\/svm-temp\/nyheter\/spanjorer-oppnar-sina-hjartan-for-barn-och-barnbarn\/#primaryimage"},"thumbnailUrl":"https:\/\/lightweb.dev\/l\/svm-temp\/wp-content\/uploads\/2022\/06\/spanjorer-oppnar-sina-hjartan-for-barn-och-barnbarn.png","articleSection":["Arkiv","Nyheter"],"inLanguage":"sv-SE"},{"@type":"WebPage","@id":"https:\/\/lightweb.dev\/l\/svm-temp\/nyheter\/spanjorer-oppnar-sina-hjartan-for-barn-och-barnbarn\/","url":"https:\/\/lightweb.dev\/l\/svm-temp\/nyheter\/spanjorer-oppnar-sina-hjartan-for-barn-och-barnbarn\/","name":"Spanjorer \u00f6ppnar sina hj\u00e4rtan f\u00f6r barn och barnbarn - Svenska Magasinet","isPartOf":{"@id":"https:\/\/lightweb.dev\/l\/svm-temp\/#website"},"primaryImageOfPage":{"@id":"https:\/\/lightweb.dev\/l\/svm-temp\/nyheter\/spanjorer-oppnar-sina-hjartan-for-barn-och-barnbarn\/#primaryimage"},"image":{"@id":"https:\/\/lightweb.dev\/l\/svm-temp\/nyheter\/spanjorer-oppnar-sina-hjartan-for-barn-och-barnbarn\/#primaryimage"},"thumbnailUrl":"https:\/\/lightweb.dev\/l\/svm-temp\/wp-content\/uploads\/2022\/06\/spanjorer-oppnar-sina-hjartan-for-barn-och-barnbarn.png","datePublished":"2015-09-07T22:00:00+00:00","breadcrumb":{"@id":"https:\/\/lightweb.dev\/l\/svm-temp\/nyheter\/spanjorer-oppnar-sina-hjartan-for-barn-och-barnbarn\/#breadcrumb"},"inLanguage":"sv-SE","potentialAction":[{"@type":"ReadAction","target":["https:\/\/lightweb.dev\/l\/svm-temp\/nyheter\/spanjorer-oppnar-sina-hjartan-for-barn-och-barnbarn\/"]}]},{"@type":"ImageObject","inLanguage":"sv-SE","@id":"https:\/\/lightweb.dev\/l\/svm-temp\/nyheter\/spanjorer-oppnar-sina-hjartan-for-barn-och-barnbarn\/#primaryimage","url":"https:\/\/lightweb.dev\/l\/svm-temp\/wp-content\/uploads\/2022\/06\/spanjorer-oppnar-sina-hjartan-for-barn-och-barnbarn.png","contentUrl":"https:\/\/lightweb.dev\/l\/svm-temp\/wp-content\/uploads\/2022\/06\/spanjorer-oppnar-sina-hjartan-for-barn-och-barnbarn.png","width":311,"height":200},{"@type":"BreadcrumbList","@id":"https:\/\/lightweb.dev\/l\/svm-temp\/nyheter\/spanjorer-oppnar-sina-hjartan-for-barn-och-barnbarn\/#breadcrumb","itemListElement":[{"@type":"ListItem","position":1,"name":"Hem","item":"https:\/\/lightweb.dev\/l\/svm-temp\/"},{"@type":"ListItem","position":2,"name":"Spanjorer \u00f6ppnar sina hj\u00e4rtan f\u00f6r barn och barnbarn"}]},{"@type":"WebSite","@id":"https:\/\/lightweb.dev\/l\/svm-temp\/#website","url":"https:\/\/lightweb.dev\/l\/svm-temp\/","name":"Svenska Magasinet","description":"Dina Spanska nyheter p&aring; Svenska","publisher":{"@id":"https:\/\/lightweb.dev\/l\/svm-temp\/#organization"},"potentialAction":[{"@type":"SearchAction","target":{"@type":"EntryPoint","urlTemplate":"https:\/\/lightweb.dev\/l\/svm-temp\/?s={search_term_string}"},"query-input":{"@type":"PropertyValueSpecification","valueRequired":true,"valueName":"search_term_string"}}],"inLanguage":"sv-SE"},{"@type":"Organization","@id":"https:\/\/lightweb.dev\/l\/svm-temp\/#organization","name":"Melkerson y Nott SL","alternateName":"Svenska Magasinet","url":"https:\/\/lightweb.dev\/l\/svm-temp\/","logo":{"@type":"ImageObject","inLanguage":"sv-SE","@id":"https:\/\/lightweb.dev\/l\/svm-temp\/#\/schema\/logo\/image\/","url":"https:\/\/lightweb.dev\/l\/svm-temp\/wp-content\/uploads\/2025\/02\/SvM-logo-Xtra-Centrerad-SVART.png","contentUrl":"https:\/\/lightweb.dev\/l\/svm-temp\/wp-content\/uploads\/2025\/02\/SvM-logo-Xtra-Centrerad-SVART.png","width":300,"height":99,"caption":"Melkerson y Nott SL"},"image":{"@id":"https:\/\/lightweb.dev\/l\/svm-temp\/#\/schema\/logo\/image\/"},"sameAs":["https:\/\/www.facebook.com\/svenskamagasinet","https:\/\/x.com\/SvenskaMagasine"]},{"@type":"Person","@id":"https:\/\/lightweb.dev\/l\/svm-temp\/#\/schema\/person\/206a3bda5b607b0c25e1749191e4d837","name":"Redaktionen SvM","description":"Redaktionen","sameAs":["https:\/\/lightweb.dev\/l\/svm-temp"],"url":"https:\/\/lightweb.dev\/l\/svm-temp\/reporter\/redaktionen\/"}]}},"_links":{"self":[{"href":"https:\/\/lightweb.dev\/l\/svm-temp\/wp-json\/wp\/v2\/posts\/23632","targetHints":{"allow":["GET"]}}],"collection":[{"href":"https:\/\/lightweb.dev\/l\/svm-temp\/wp-json\/wp\/v2\/posts"}],"about":[{"href":"https:\/\/lightweb.dev\/l\/svm-temp\/wp-json\/wp\/v2\/types\/post"}],"author":[{"embeddable":true,"href":"https:\/\/lightweb.dev\/l\/svm-temp\/wp-json\/wp\/v2\/users\/8"}],"replies":[{"embeddable":true,"href":"https:\/\/lightweb.dev\/l\/svm-temp\/wp-json\/wp\/v2\/comments?post=23632"}],"version-history":[{"count":0,"href":"https:\/\/lightweb.dev\/l\/svm-temp\/wp-json\/wp\/v2\/posts\/23632\/revisions"}],"wp:featuredmedia":[{"embeddable":true,"href":"https:\/\/lightweb.dev\/l\/svm-temp\/wp-json\/wp\/v2\/media\/23633"}],"wp:attachment":[{"href":"https:\/\/lightweb.dev\/l\/svm-temp\/wp-json\/wp\/v2\/media?parent=23632"}],"wp:term":[{"taxonomy":"category","embeddable":true,"href":"https:\/\/lightweb.dev\/l\/svm-temp\/wp-json\/wp\/v2\/categories?post=23632"},{"taxonomy":"post_tag","embeddable":true,"href":"https:\/\/lightweb.dev\/l\/svm-temp\/wp-json\/wp\/v2\/tags?post=23632"}],"curies":[{"name":"wp","href":"https:\/\/api.w.org\/{rel}","templated":true}]}}