{"id":23636,"date":"2015-09-07T00:00:00","date_gmt":"2015-09-06T22:00:00","guid":{"rendered":"https:\/\/lightweb.dev\/l\/svm-temp\/nyheter\/11-arig-flicka-sjunde-dodsoffret-vid-rallyolyckan\/"},"modified":"2015-09-07T00:00:00","modified_gmt":"2015-09-06T22:00:00","slug":"11-arig-flicka-sjunde-dodsoffret-vid-rallyolyckan","status":"publish","type":"post","link":"https:\/\/lightweb.dev\/l\/svm-temp\/nyheter\/11-arig-flicka-sjunde-dodsoffret-vid-rallyolyckan\/","title":{"rendered":"11-\u00e5rig flicka sjunde d\u00f6dsoffret vid rallyolyckan"},"content":{"rendered":"<p> Ett av de tv\u00e5 barn som skadades allvarligt i samband med olyckan under Coru\u00f1a-rallyt vid Carral i nordv\u00e4stra Spanien har avlidit p\u00e5 barnsjukhuset i Coru\u00f1a. Det betyder att olyckan har tagit sitt sjunde offer skriver nyhetsbyr\u00e5n Efe.<\/p>\n<p>De tidigare sex omkomna, fyra kvinnor och tv\u00e5 m\u00e4n, var hemmah\u00f6rande i Cambre och Carral d\u00e4r de kommer att begravas. Av sexton s\u00e5rade har tio skrivits ut fr\u00e5n sjukhuset medan fem andra f\u00f6rblir p\u00e5 sjukhus rapporterar sjukhusk\u00e4llor.<\/p>\n<p>\u00c4nnu en minder\u00e5rig v\u00e5rdas p\u00e5 barnsjukhuset Materno Infantil och fyra v\u00e5rdas p\u00e5 Universitetssjukhuset CHUAC (Complejo Hospitalario Universitario de A Coru\u00f1a). F\u00f6r en av dessa \u00e4r tillst\u00e5ndet kritiskt och personen f\u00e5r v\u00e5rd p\u00e5 intensivv\u00e5rdsavdelningen.<\/p>\n<p>F\u00f6raren som k\u00f6rde bilen som kom ut i \u00e5sk\u00e5darmassorna som stod n\u00e4ra v\u00e4gen var granne till flera av de omkomna. F\u00f6raren k\u00f6rde en Peugeot 206 XS under t\u00e4vlingen Rally Ciudad de La Coru\u00f1a som inte hade k\u00f6rts p\u00e5 14 \u00e5r. Bilen tillh\u00f6rde motorstallet Lal\u00edn Deza.<\/p>\n<p>(Foto: Twitter) <\/p>\n","protected":false},"excerpt":{"rendered":"<p>Ett av de tv\u00e5 barn som skadades allvarligt i samband med olyckan under Coru\u00f1a-rallyt vid Carral i nordv\u00e4stra Spanien har avlidit p\u00e5 barnsjukhuset i Coru\u00f1a. Det betyder att olyckan har tagit sitt sjunde offer skriver nyhetsbyr\u00e5n Efe. De tidigare sex omkomna, fyra kvinnor och tv\u00e5 m\u00e4n, var hemmah\u00f6rande i Cambre och Carral d\u00e4r de kommer [&hellip;]<\/p>\n","protected":false},"author":8,"featured_media":23637,"comment_status":"open","ping_status":"open","sticky":false,"template":"","format":"standard","meta":{"_et_pb_use_builder":"","_et_pb_old_content":"","_et_gb_content_width":"","footnotes":""},"categories":[395,3],"tags":[],"class_list":["post-23636","post","type-post","status-publish","format-standard","has-post-thumbnail","hentry","category-arkiv-nyheter","category-nyheter"],"yoast_head":"<!-- This site is optimized with the Yoast SEO Premium plugin v26.2 (Yoast SEO v27.5) - https:\/\/yoast.com\/product\/yoast-seo-premium-wordpress\/ -->\n<title>11-\u00e5rig flicka sjunde d\u00f6dsoffret vid rallyolyckan - Svenska Magasinet<\/title>\n<meta name=\"robots\" content=\"noindex, follow, max-snippet:-1, max-image-preview:large, max-video-preview:-1\" \/>\n<meta property=\"og:locale\" content=\"sv_SE\" \/>\n<meta property=\"og:type\" content=\"article\" \/>\n<meta property=\"og:title\" content=\"11-\u00e5rig flicka sjunde d\u00f6dsoffret vid rallyolyckan\" \/>\n<meta property=\"og:description\" content=\"Ett av de tv\u00e5 barn som skadades allvarligt i samband med olyckan under Coru\u00f1a-rallyt vid Carral i nordv\u00e4stra Spanien har avlidit p\u00e5 barnsjukhuset i Coru\u00f1a. Det betyder att olyckan har tagit sitt sjunde offer skriver nyhetsbyr\u00e5n Efe. De tidigare sex omkomna, fyra kvinnor och tv\u00e5 m\u00e4n, var hemmah\u00f6rande i Cambre och Carral d\u00e4r de kommer [&hellip;]\" \/>\n<meta property=\"og:url\" content=\"https:\/\/lightweb.dev\/l\/svm-temp\/nyheter\/11-arig-flicka-sjunde-dodsoffret-vid-rallyolyckan\/\" \/>\n<meta property=\"og:site_name\" content=\"Svenska Magasinet\" \/>\n<meta property=\"article:publisher\" content=\"https:\/\/www.facebook.com\/svenskamagasinet\" \/>\n<meta property=\"article:published_time\" content=\"2015-09-06T22:00:00+00:00\" \/>\n<meta property=\"og:image\" content=\"https:\/\/lightweb.dev\/l\/svm-temp\/wp-content\/uploads\/2022\/06\/11arig-flicka-sjunde-dodsoffret-vid-rallyolyckan.png\" \/>\n\t<meta property=\"og:image:width\" content=\"386\" \/>\n\t<meta property=\"og:image:height\" content=\"200\" \/>\n\t<meta property=\"og:image:type\" content=\"image\/png\" \/>\n<meta name=\"author\" content=\"Redaktionen SvM\" \/>\n<meta name=\"twitter:card\" content=\"summary_large_image\" \/>\n<meta name=\"twitter:creator\" content=\"@SvenskaMagasine\" \/>\n<meta name=\"twitter:site\" content=\"@SvenskaMagasine\" \/>\n<script type=\"application\/ld+json\" class=\"yoast-schema-graph\">{\"@context\":\"https:\\\/\\\/schema.org\",\"@graph\":[{\"@type\":\"Article\",\"@id\":\"https:\\\/\\\/lightweb.dev\\\/l\\\/svm-temp\\\/nyheter\\\/11-arig-flicka-sjunde-dodsoffret-vid-rallyolyckan\\\/#article\",\"isPartOf\":{\"@id\":\"https:\\\/\\\/lightweb.dev\\\/l\\\/svm-temp\\\/nyheter\\\/11-arig-flicka-sjunde-dodsoffret-vid-rallyolyckan\\\/\"},\"author\":{\"name\":\"Redaktionen SvM\",\"@id\":\"https:\\\/\\\/lightweb.dev\\\/l\\\/svm-temp\\\/#\\\/schema\\\/person\\\/206a3bda5b607b0c25e1749191e4d837\"},\"headline\":\"11-\u00e5rig flicka sjunde d\u00f6dsoffret vid rallyolyckan\",\"datePublished\":\"2015-09-06T22:00:00+00:00\",\"mainEntityOfPage\":{\"@id\":\"https:\\\/\\\/lightweb.dev\\\/l\\\/svm-temp\\\/nyheter\\\/11-arig-flicka-sjunde-dodsoffret-vid-rallyolyckan\\\/\"},\"wordCount\":192,\"commentCount\":0,\"publisher\":{\"@id\":\"https:\\\/\\\/lightweb.dev\\\/l\\\/svm-temp\\\/#organization\"},\"image\":{\"@id\":\"https:\\\/\\\/lightweb.dev\\\/l\\\/svm-temp\\\/nyheter\\\/11-arig-flicka-sjunde-dodsoffret-vid-rallyolyckan\\\/#primaryimage\"},\"thumbnailUrl\":\"https:\\\/\\\/lightweb.dev\\\/l\\\/svm-temp\\\/wp-content\\\/uploads\\\/2022\\\/06\\\/11arig-flicka-sjunde-dodsoffret-vid-rallyolyckan.png\",\"articleSection\":[\"Arkiv\",\"Nyheter\"],\"inLanguage\":\"sv-SE\"},{\"@type\":\"WebPage\",\"@id\":\"https:\\\/\\\/lightweb.dev\\\/l\\\/svm-temp\\\/nyheter\\\/11-arig-flicka-sjunde-dodsoffret-vid-rallyolyckan\\\/\",\"url\":\"https:\\\/\\\/lightweb.dev\\\/l\\\/svm-temp\\\/nyheter\\\/11-arig-flicka-sjunde-dodsoffret-vid-rallyolyckan\\\/\",\"name\":\"11-\u00e5rig flicka sjunde d\u00f6dsoffret vid rallyolyckan - Svenska Magasinet\",\"isPartOf\":{\"@id\":\"https:\\\/\\\/lightweb.dev\\\/l\\\/svm-temp\\\/#website\"},\"primaryImageOfPage\":{\"@id\":\"https:\\\/\\\/lightweb.dev\\\/l\\\/svm-temp\\\/nyheter\\\/11-arig-flicka-sjunde-dodsoffret-vid-rallyolyckan\\\/#primaryimage\"},\"image\":{\"@id\":\"https:\\\/\\\/lightweb.dev\\\/l\\\/svm-temp\\\/nyheter\\\/11-arig-flicka-sjunde-dodsoffret-vid-rallyolyckan\\\/#primaryimage\"},\"thumbnailUrl\":\"https:\\\/\\\/lightweb.dev\\\/l\\\/svm-temp\\\/wp-content\\\/uploads\\\/2022\\\/06\\\/11arig-flicka-sjunde-dodsoffret-vid-rallyolyckan.png\",\"datePublished\":\"2015-09-06T22:00:00+00:00\",\"breadcrumb\":{\"@id\":\"https:\\\/\\\/lightweb.dev\\\/l\\\/svm-temp\\\/nyheter\\\/11-arig-flicka-sjunde-dodsoffret-vid-rallyolyckan\\\/#breadcrumb\"},\"inLanguage\":\"sv-SE\",\"potentialAction\":[{\"@type\":\"ReadAction\",\"target\":[\"https:\\\/\\\/lightweb.dev\\\/l\\\/svm-temp\\\/nyheter\\\/11-arig-flicka-sjunde-dodsoffret-vid-rallyolyckan\\\/\"]}]},{\"@type\":\"ImageObject\",\"inLanguage\":\"sv-SE\",\"@id\":\"https:\\\/\\\/lightweb.dev\\\/l\\\/svm-temp\\\/nyheter\\\/11-arig-flicka-sjunde-dodsoffret-vid-rallyolyckan\\\/#primaryimage\",\"url\":\"https:\\\/\\\/lightweb.dev\\\/l\\\/svm-temp\\\/wp-content\\\/uploads\\\/2022\\\/06\\\/11arig-flicka-sjunde-dodsoffret-vid-rallyolyckan.png\",\"contentUrl\":\"https:\\\/\\\/lightweb.dev\\\/l\\\/svm-temp\\\/wp-content\\\/uploads\\\/2022\\\/06\\\/11arig-flicka-sjunde-dodsoffret-vid-rallyolyckan.png\",\"width\":386,\"height\":200},{\"@type\":\"BreadcrumbList\",\"@id\":\"https:\\\/\\\/lightweb.dev\\\/l\\\/svm-temp\\\/nyheter\\\/11-arig-flicka-sjunde-dodsoffret-vid-rallyolyckan\\\/#breadcrumb\",\"itemListElement\":[{\"@type\":\"ListItem\",\"position\":1,\"name\":\"Hem\",\"item\":\"https:\\\/\\\/lightweb.dev\\\/l\\\/svm-temp\\\/\"},{\"@type\":\"ListItem\",\"position\":2,\"name\":\"11-\u00e5rig flicka sjunde d\u00f6dsoffret vid rallyolyckan\"}]},{\"@type\":\"WebSite\",\"@id\":\"https:\\\/\\\/lightweb.dev\\\/l\\\/svm-temp\\\/#website\",\"url\":\"https:\\\/\\\/lightweb.dev\\\/l\\\/svm-temp\\\/\",\"name\":\"Svenska Magasinet\",\"description\":\"Dina Spanska nyheter p&aring; Svenska\",\"publisher\":{\"@id\":\"https:\\\/\\\/lightweb.dev\\\/l\\\/svm-temp\\\/#organization\"},\"potentialAction\":[{\"@type\":\"SearchAction\",\"target\":{\"@type\":\"EntryPoint\",\"urlTemplate\":\"https:\\\/\\\/lightweb.dev\\\/l\\\/svm-temp\\\/?s={search_term_string}\"},\"query-input\":{\"@type\":\"PropertyValueSpecification\",\"valueRequired\":true,\"valueName\":\"search_term_string\"}}],\"inLanguage\":\"sv-SE\"},{\"@type\":\"Organization\",\"@id\":\"https:\\\/\\\/lightweb.dev\\\/l\\\/svm-temp\\\/#organization\",\"name\":\"Melkerson y Nott SL\",\"alternateName\":\"Svenska Magasinet\",\"url\":\"https:\\\/\\\/lightweb.dev\\\/l\\\/svm-temp\\\/\",\"logo\":{\"@type\":\"ImageObject\",\"inLanguage\":\"sv-SE\",\"@id\":\"https:\\\/\\\/lightweb.dev\\\/l\\\/svm-temp\\\/#\\\/schema\\\/logo\\\/image\\\/\",\"url\":\"https:\\\/\\\/lightweb.dev\\\/l\\\/svm-temp\\\/wp-content\\\/uploads\\\/2025\\\/02\\\/SvM-logo-Xtra-Centrerad-SVART.png\",\"contentUrl\":\"https:\\\/\\\/lightweb.dev\\\/l\\\/svm-temp\\\/wp-content\\\/uploads\\\/2025\\\/02\\\/SvM-logo-Xtra-Centrerad-SVART.png\",\"width\":300,\"height\":99,\"caption\":\"Melkerson y Nott SL\"},\"image\":{\"@id\":\"https:\\\/\\\/lightweb.dev\\\/l\\\/svm-temp\\\/#\\\/schema\\\/logo\\\/image\\\/\"},\"sameAs\":[\"https:\\\/\\\/www.facebook.com\\\/svenskamagasinet\",\"https:\\\/\\\/x.com\\\/SvenskaMagasine\"]},{\"@type\":\"Person\",\"@id\":\"https:\\\/\\\/lightweb.dev\\\/l\\\/svm-temp\\\/#\\\/schema\\\/person\\\/206a3bda5b607b0c25e1749191e4d837\",\"name\":\"Redaktionen SvM\",\"description\":\"Redaktionen\",\"sameAs\":[\"https:\\\/\\\/lightweb.dev\\\/l\\\/svm-temp\"],\"url\":\"https:\\\/\\\/lightweb.dev\\\/l\\\/svm-temp\\\/reporter\\\/redaktionen\\\/\"}]}<\/script>\n<!-- \/ Yoast SEO Premium plugin. -->","yoast_head_json":{"title":"11-\u00e5rig flicka sjunde d\u00f6dsoffret vid rallyolyckan - Svenska Magasinet","robots":{"index":"noindex","follow":"follow","max-snippet":"max-snippet:-1","max-image-preview":"max-image-preview:large","max-video-preview":"max-video-preview:-1"},"og_locale":"sv_SE","og_type":"article","og_title":"11-\u00e5rig flicka sjunde d\u00f6dsoffret vid rallyolyckan","og_description":"Ett av de tv\u00e5 barn som skadades allvarligt i samband med olyckan under Coru\u00f1a-rallyt vid Carral i nordv\u00e4stra Spanien har avlidit p\u00e5 barnsjukhuset i Coru\u00f1a. Det betyder att olyckan har tagit sitt sjunde offer skriver nyhetsbyr\u00e5n Efe. De tidigare sex omkomna, fyra kvinnor och tv\u00e5 m\u00e4n, var hemmah\u00f6rande i Cambre och Carral d\u00e4r de kommer [&hellip;]","og_url":"https:\/\/lightweb.dev\/l\/svm-temp\/nyheter\/11-arig-flicka-sjunde-dodsoffret-vid-rallyolyckan\/","og_site_name":"Svenska Magasinet","article_publisher":"https:\/\/www.facebook.com\/svenskamagasinet","article_published_time":"2015-09-06T22:00:00+00:00","og_image":[{"width":386,"height":200,"url":"https:\/\/lightweb.dev\/l\/svm-temp\/wp-content\/uploads\/2022\/06\/11arig-flicka-sjunde-dodsoffret-vid-rallyolyckan.png","type":"image\/png"}],"author":"Redaktionen SvM","twitter_card":"summary_large_image","twitter_creator":"@SvenskaMagasine","twitter_site":"@SvenskaMagasine","schema":{"@context":"https:\/\/schema.org","@graph":[{"@type":"Article","@id":"https:\/\/lightweb.dev\/l\/svm-temp\/nyheter\/11-arig-flicka-sjunde-dodsoffret-vid-rallyolyckan\/#article","isPartOf":{"@id":"https:\/\/lightweb.dev\/l\/svm-temp\/nyheter\/11-arig-flicka-sjunde-dodsoffret-vid-rallyolyckan\/"},"author":{"name":"Redaktionen SvM","@id":"https:\/\/lightweb.dev\/l\/svm-temp\/#\/schema\/person\/206a3bda5b607b0c25e1749191e4d837"},"headline":"11-\u00e5rig flicka sjunde d\u00f6dsoffret vid rallyolyckan","datePublished":"2015-09-06T22:00:00+00:00","mainEntityOfPage":{"@id":"https:\/\/lightweb.dev\/l\/svm-temp\/nyheter\/11-arig-flicka-sjunde-dodsoffret-vid-rallyolyckan\/"},"wordCount":192,"commentCount":0,"publisher":{"@id":"https:\/\/lightweb.dev\/l\/svm-temp\/#organization"},"image":{"@id":"https:\/\/lightweb.dev\/l\/svm-temp\/nyheter\/11-arig-flicka-sjunde-dodsoffret-vid-rallyolyckan\/#primaryimage"},"thumbnailUrl":"https:\/\/lightweb.dev\/l\/svm-temp\/wp-content\/uploads\/2022\/06\/11arig-flicka-sjunde-dodsoffret-vid-rallyolyckan.png","articleSection":["Arkiv","Nyheter"],"inLanguage":"sv-SE"},{"@type":"WebPage","@id":"https:\/\/lightweb.dev\/l\/svm-temp\/nyheter\/11-arig-flicka-sjunde-dodsoffret-vid-rallyolyckan\/","url":"https:\/\/lightweb.dev\/l\/svm-temp\/nyheter\/11-arig-flicka-sjunde-dodsoffret-vid-rallyolyckan\/","name":"11-\u00e5rig flicka sjunde d\u00f6dsoffret vid rallyolyckan - Svenska Magasinet","isPartOf":{"@id":"https:\/\/lightweb.dev\/l\/svm-temp\/#website"},"primaryImageOfPage":{"@id":"https:\/\/lightweb.dev\/l\/svm-temp\/nyheter\/11-arig-flicka-sjunde-dodsoffret-vid-rallyolyckan\/#primaryimage"},"image":{"@id":"https:\/\/lightweb.dev\/l\/svm-temp\/nyheter\/11-arig-flicka-sjunde-dodsoffret-vid-rallyolyckan\/#primaryimage"},"thumbnailUrl":"https:\/\/lightweb.dev\/l\/svm-temp\/wp-content\/uploads\/2022\/06\/11arig-flicka-sjunde-dodsoffret-vid-rallyolyckan.png","datePublished":"2015-09-06T22:00:00+00:00","breadcrumb":{"@id":"https:\/\/lightweb.dev\/l\/svm-temp\/nyheter\/11-arig-flicka-sjunde-dodsoffret-vid-rallyolyckan\/#breadcrumb"},"inLanguage":"sv-SE","potentialAction":[{"@type":"ReadAction","target":["https:\/\/lightweb.dev\/l\/svm-temp\/nyheter\/11-arig-flicka-sjunde-dodsoffret-vid-rallyolyckan\/"]}]},{"@type":"ImageObject","inLanguage":"sv-SE","@id":"https:\/\/lightweb.dev\/l\/svm-temp\/nyheter\/11-arig-flicka-sjunde-dodsoffret-vid-rallyolyckan\/#primaryimage","url":"https:\/\/lightweb.dev\/l\/svm-temp\/wp-content\/uploads\/2022\/06\/11arig-flicka-sjunde-dodsoffret-vid-rallyolyckan.png","contentUrl":"https:\/\/lightweb.dev\/l\/svm-temp\/wp-content\/uploads\/2022\/06\/11arig-flicka-sjunde-dodsoffret-vid-rallyolyckan.png","width":386,"height":200},{"@type":"BreadcrumbList","@id":"https:\/\/lightweb.dev\/l\/svm-temp\/nyheter\/11-arig-flicka-sjunde-dodsoffret-vid-rallyolyckan\/#breadcrumb","itemListElement":[{"@type":"ListItem","position":1,"name":"Hem","item":"https:\/\/lightweb.dev\/l\/svm-temp\/"},{"@type":"ListItem","position":2,"name":"11-\u00e5rig flicka sjunde d\u00f6dsoffret vid rallyolyckan"}]},{"@type":"WebSite","@id":"https:\/\/lightweb.dev\/l\/svm-temp\/#website","url":"https:\/\/lightweb.dev\/l\/svm-temp\/","name":"Svenska Magasinet","description":"Dina Spanska nyheter p&aring; Svenska","publisher":{"@id":"https:\/\/lightweb.dev\/l\/svm-temp\/#organization"},"potentialAction":[{"@type":"SearchAction","target":{"@type":"EntryPoint","urlTemplate":"https:\/\/lightweb.dev\/l\/svm-temp\/?s={search_term_string}"},"query-input":{"@type":"PropertyValueSpecification","valueRequired":true,"valueName":"search_term_string"}}],"inLanguage":"sv-SE"},{"@type":"Organization","@id":"https:\/\/lightweb.dev\/l\/svm-temp\/#organization","name":"Melkerson y Nott SL","alternateName":"Svenska Magasinet","url":"https:\/\/lightweb.dev\/l\/svm-temp\/","logo":{"@type":"ImageObject","inLanguage":"sv-SE","@id":"https:\/\/lightweb.dev\/l\/svm-temp\/#\/schema\/logo\/image\/","url":"https:\/\/lightweb.dev\/l\/svm-temp\/wp-content\/uploads\/2025\/02\/SvM-logo-Xtra-Centrerad-SVART.png","contentUrl":"https:\/\/lightweb.dev\/l\/svm-temp\/wp-content\/uploads\/2025\/02\/SvM-logo-Xtra-Centrerad-SVART.png","width":300,"height":99,"caption":"Melkerson y Nott SL"},"image":{"@id":"https:\/\/lightweb.dev\/l\/svm-temp\/#\/schema\/logo\/image\/"},"sameAs":["https:\/\/www.facebook.com\/svenskamagasinet","https:\/\/x.com\/SvenskaMagasine"]},{"@type":"Person","@id":"https:\/\/lightweb.dev\/l\/svm-temp\/#\/schema\/person\/206a3bda5b607b0c25e1749191e4d837","name":"Redaktionen SvM","description":"Redaktionen","sameAs":["https:\/\/lightweb.dev\/l\/svm-temp"],"url":"https:\/\/lightweb.dev\/l\/svm-temp\/reporter\/redaktionen\/"}]}},"_links":{"self":[{"href":"https:\/\/lightweb.dev\/l\/svm-temp\/wp-json\/wp\/v2\/posts\/23636","targetHints":{"allow":["GET"]}}],"collection":[{"href":"https:\/\/lightweb.dev\/l\/svm-temp\/wp-json\/wp\/v2\/posts"}],"about":[{"href":"https:\/\/lightweb.dev\/l\/svm-temp\/wp-json\/wp\/v2\/types\/post"}],"author":[{"embeddable":true,"href":"https:\/\/lightweb.dev\/l\/svm-temp\/wp-json\/wp\/v2\/users\/8"}],"replies":[{"embeddable":true,"href":"https:\/\/lightweb.dev\/l\/svm-temp\/wp-json\/wp\/v2\/comments?post=23636"}],"version-history":[{"count":0,"href":"https:\/\/lightweb.dev\/l\/svm-temp\/wp-json\/wp\/v2\/posts\/23636\/revisions"}],"wp:featuredmedia":[{"embeddable":true,"href":"https:\/\/lightweb.dev\/l\/svm-temp\/wp-json\/wp\/v2\/media\/23637"}],"wp:attachment":[{"href":"https:\/\/lightweb.dev\/l\/svm-temp\/wp-json\/wp\/v2\/media?parent=23636"}],"wp:term":[{"taxonomy":"category","embeddable":true,"href":"https:\/\/lightweb.dev\/l\/svm-temp\/wp-json\/wp\/v2\/categories?post=23636"},{"taxonomy":"post_tag","embeddable":true,"href":"https:\/\/lightweb.dev\/l\/svm-temp\/wp-json\/wp\/v2\/tags?post=23636"}],"curies":[{"name":"wp","href":"https:\/\/api.w.org\/{rel}","templated":true}]}}