{"id":23640,"date":"2015-09-07T00:00:00","date_gmt":"2015-09-06T22:00:00","guid":{"rendered":"https:\/\/lightweb.dev\/l\/svm-temp\/nyheter\/mjolkbonder-ber-om-om-ett-minimipris-pa-30-centimos-per-liter\/"},"modified":"2015-09-07T00:00:00","modified_gmt":"2015-09-06T22:00:00","slug":"mjolkbonder-ber-om-om-ett-minimipris-pa-30-centimos-per-liter","status":"publish","type":"post","link":"https:\/\/lightweb.dev\/l\/svm-temp\/nyheter\/mjolkbonder-ber-om-om-ett-minimipris-pa-30-centimos-per-liter\/","title":{"rendered":"Mj\u00f6lkb\u00f6nder ber om om ett minimipris p\u00e5 30 c\u00e9ntimos per liter"},"content":{"rendered":"<p> Den spanska regeringen st\u00f6der de spanska mj\u00f6lkb\u00f6ndernas krav men p\u00e5minner samtidigt att det finns ett EU-f\u00f6rbud till ett fastst\u00e4llt minimipris. Protestmarschen \u201dMarcha Blanca\u201d, Vita marschen, som startade den 25 augusti anl\u00e4nde nyligen till Madrid.<\/p>\n<p>Mj\u00f6lkb\u00f6nderna vill s\u00e4tta extra press i samband med att EU:s jordbruksministrar m\u00f6ts i Bryssel. Landets mj\u00f6lkb\u00f6nder vill ha ett minimipris per liter.<\/p>\n<p>Genomsnitt i Spanien ligger i nul\u00e4get p\u00e5 29,3 c\u00e9ntimos men det finns regioner som Galicien d\u00e4r priset ligger p\u00e5 mellan 24 eller 25 c\u00e9ntimos f\u00f6r en sektor som inte finner n\u00e5gon l\u00f6nsamhet.<\/p>\n<p>\u201dSpanien riskerar att f\u00f6rlora sin produktion av mj\u00f6lk\u201d s\u00e4ger generalsekreteraren vid jordbruksf\u00f6reningen COAG, Miguel Blanco. \u00d6ver 2.000 mj\u00f6lkb\u00f6nder har varit tvungna att st\u00e4nga sina g\u00e5rdar p\u00e5 grund av l\u00f6nsamhetsproblem.<\/p>\n<p>Regeringen kan t\u00e4nka sig att bevilja ett direkt st\u00f6d p\u00e5 300 euro per mj\u00f6lkko f\u00f6r g\u00e5rdar som inte g\u00f6r n\u00e5gon l\u00f6nsamhet vilket skulle betyda 2.500 till 3.000 g\u00e5rdar. <\/p>\n","protected":false},"excerpt":{"rendered":"<p>Den spanska regeringen st\u00f6der de spanska mj\u00f6lkb\u00f6ndernas krav men p\u00e5minner samtidigt att det finns ett EU-f\u00f6rbud till ett fastst\u00e4llt minimipris. Protestmarschen \u201dMarcha Blanca\u201d, Vita marschen, som startade den 25 augusti anl\u00e4nde nyligen till Madrid. Mj\u00f6lkb\u00f6nderna vill s\u00e4tta extra press i samband med att EU:s jordbruksministrar m\u00f6ts i Bryssel. Landets mj\u00f6lkb\u00f6nder vill ha ett minimipris per [&hellip;]<\/p>\n","protected":false},"author":8,"featured_media":23641,"comment_status":"open","ping_status":"open","sticky":false,"template":"","format":"standard","meta":{"_et_pb_use_builder":"","_et_pb_old_content":"","_et_gb_content_width":"","footnotes":""},"categories":[395,3],"tags":[],"class_list":["post-23640","post","type-post","status-publish","format-standard","has-post-thumbnail","hentry","category-arkiv-nyheter","category-nyheter"],"yoast_head":"<!-- This site is optimized with the Yoast SEO Premium plugin v26.2 (Yoast SEO v27.5) - https:\/\/yoast.com\/product\/yoast-seo-premium-wordpress\/ -->\n<title>Mj\u00f6lkb\u00f6nder ber om om ett minimipris p\u00e5 30 c\u00e9ntimos per liter - Svenska Magasinet<\/title>\n<meta name=\"robots\" content=\"noindex, follow, max-snippet:-1, max-image-preview:large, max-video-preview:-1\" \/>\n<meta property=\"og:locale\" content=\"sv_SE\" \/>\n<meta property=\"og:type\" content=\"article\" \/>\n<meta property=\"og:title\" content=\"Mj\u00f6lkb\u00f6nder ber om om ett minimipris p\u00e5 30 c\u00e9ntimos per liter\" \/>\n<meta property=\"og:description\" content=\"Den spanska regeringen st\u00f6der de spanska mj\u00f6lkb\u00f6ndernas krav men p\u00e5minner samtidigt att det finns ett EU-f\u00f6rbud till ett fastst\u00e4llt minimipris. Protestmarschen \u201dMarcha Blanca\u201d, Vita marschen, som startade den 25 augusti anl\u00e4nde nyligen till Madrid. Mj\u00f6lkb\u00f6nderna vill s\u00e4tta extra press i samband med att EU:s jordbruksministrar m\u00f6ts i Bryssel. Landets mj\u00f6lkb\u00f6nder vill ha ett minimipris per [&hellip;]\" \/>\n<meta property=\"og:url\" content=\"https:\/\/lightweb.dev\/l\/svm-temp\/nyheter\/mjolkbonder-ber-om-om-ett-minimipris-pa-30-centimos-per-liter\/\" \/>\n<meta property=\"og:site_name\" content=\"Svenska Magasinet\" \/>\n<meta property=\"article:publisher\" content=\"https:\/\/www.facebook.com\/svenskamagasinet\" \/>\n<meta property=\"article:published_time\" content=\"2015-09-06T22:00:00+00:00\" \/>\n<meta property=\"og:image\" content=\"https:\/\/lightweb.dev\/l\/svm-temp\/wp-content\/uploads\/2022\/06\/mjolkbonder-ber-om-om-ett-minimipris-pa-30-centimos-per-liter.png\" \/>\n\t<meta property=\"og:image:width\" content=\"300\" \/>\n\t<meta property=\"og:image:height\" content=\"200\" \/>\n\t<meta property=\"og:image:type\" content=\"image\/png\" \/>\n<meta name=\"author\" content=\"Redaktionen SvM\" \/>\n<meta name=\"twitter:card\" content=\"summary_large_image\" \/>\n<meta name=\"twitter:creator\" content=\"@SvenskaMagasine\" \/>\n<meta name=\"twitter:site\" content=\"@SvenskaMagasine\" \/>\n<script type=\"application\/ld+json\" class=\"yoast-schema-graph\">{\"@context\":\"https:\\\/\\\/schema.org\",\"@graph\":[{\"@type\":\"Article\",\"@id\":\"https:\\\/\\\/lightweb.dev\\\/l\\\/svm-temp\\\/nyheter\\\/mjolkbonder-ber-om-om-ett-minimipris-pa-30-centimos-per-liter\\\/#article\",\"isPartOf\":{\"@id\":\"https:\\\/\\\/lightweb.dev\\\/l\\\/svm-temp\\\/nyheter\\\/mjolkbonder-ber-om-om-ett-minimipris-pa-30-centimos-per-liter\\\/\"},\"author\":{\"name\":\"Redaktionen SvM\",\"@id\":\"https:\\\/\\\/lightweb.dev\\\/l\\\/svm-temp\\\/#\\\/schema\\\/person\\\/206a3bda5b607b0c25e1749191e4d837\"},\"headline\":\"Mj\u00f6lkb\u00f6nder ber om om ett minimipris p\u00e5 30 c\u00e9ntimos per liter\",\"datePublished\":\"2015-09-06T22:00:00+00:00\",\"mainEntityOfPage\":{\"@id\":\"https:\\\/\\\/lightweb.dev\\\/l\\\/svm-temp\\\/nyheter\\\/mjolkbonder-ber-om-om-ett-minimipris-pa-30-centimos-per-liter\\\/\"},\"wordCount\":189,\"commentCount\":0,\"publisher\":{\"@id\":\"https:\\\/\\\/lightweb.dev\\\/l\\\/svm-temp\\\/#organization\"},\"image\":{\"@id\":\"https:\\\/\\\/lightweb.dev\\\/l\\\/svm-temp\\\/nyheter\\\/mjolkbonder-ber-om-om-ett-minimipris-pa-30-centimos-per-liter\\\/#primaryimage\"},\"thumbnailUrl\":\"https:\\\/\\\/lightweb.dev\\\/l\\\/svm-temp\\\/wp-content\\\/uploads\\\/2022\\\/06\\\/mjolkbonder-ber-om-om-ett-minimipris-pa-30-centimos-per-liter.png\",\"articleSection\":[\"Arkiv\",\"Nyheter\"],\"inLanguage\":\"sv-SE\"},{\"@type\":\"WebPage\",\"@id\":\"https:\\\/\\\/lightweb.dev\\\/l\\\/svm-temp\\\/nyheter\\\/mjolkbonder-ber-om-om-ett-minimipris-pa-30-centimos-per-liter\\\/\",\"url\":\"https:\\\/\\\/lightweb.dev\\\/l\\\/svm-temp\\\/nyheter\\\/mjolkbonder-ber-om-om-ett-minimipris-pa-30-centimos-per-liter\\\/\",\"name\":\"Mj\u00f6lkb\u00f6nder ber om om ett minimipris p\u00e5 30 c\u00e9ntimos per liter - Svenska Magasinet\",\"isPartOf\":{\"@id\":\"https:\\\/\\\/lightweb.dev\\\/l\\\/svm-temp\\\/#website\"},\"primaryImageOfPage\":{\"@id\":\"https:\\\/\\\/lightweb.dev\\\/l\\\/svm-temp\\\/nyheter\\\/mjolkbonder-ber-om-om-ett-minimipris-pa-30-centimos-per-liter\\\/#primaryimage\"},\"image\":{\"@id\":\"https:\\\/\\\/lightweb.dev\\\/l\\\/svm-temp\\\/nyheter\\\/mjolkbonder-ber-om-om-ett-minimipris-pa-30-centimos-per-liter\\\/#primaryimage\"},\"thumbnailUrl\":\"https:\\\/\\\/lightweb.dev\\\/l\\\/svm-temp\\\/wp-content\\\/uploads\\\/2022\\\/06\\\/mjolkbonder-ber-om-om-ett-minimipris-pa-30-centimos-per-liter.png\",\"datePublished\":\"2015-09-06T22:00:00+00:00\",\"breadcrumb\":{\"@id\":\"https:\\\/\\\/lightweb.dev\\\/l\\\/svm-temp\\\/nyheter\\\/mjolkbonder-ber-om-om-ett-minimipris-pa-30-centimos-per-liter\\\/#breadcrumb\"},\"inLanguage\":\"sv-SE\",\"potentialAction\":[{\"@type\":\"ReadAction\",\"target\":[\"https:\\\/\\\/lightweb.dev\\\/l\\\/svm-temp\\\/nyheter\\\/mjolkbonder-ber-om-om-ett-minimipris-pa-30-centimos-per-liter\\\/\"]}]},{\"@type\":\"ImageObject\",\"inLanguage\":\"sv-SE\",\"@id\":\"https:\\\/\\\/lightweb.dev\\\/l\\\/svm-temp\\\/nyheter\\\/mjolkbonder-ber-om-om-ett-minimipris-pa-30-centimos-per-liter\\\/#primaryimage\",\"url\":\"https:\\\/\\\/lightweb.dev\\\/l\\\/svm-temp\\\/wp-content\\\/uploads\\\/2022\\\/06\\\/mjolkbonder-ber-om-om-ett-minimipris-pa-30-centimos-per-liter.png\",\"contentUrl\":\"https:\\\/\\\/lightweb.dev\\\/l\\\/svm-temp\\\/wp-content\\\/uploads\\\/2022\\\/06\\\/mjolkbonder-ber-om-om-ett-minimipris-pa-30-centimos-per-liter.png\",\"width\":300,\"height\":200},{\"@type\":\"BreadcrumbList\",\"@id\":\"https:\\\/\\\/lightweb.dev\\\/l\\\/svm-temp\\\/nyheter\\\/mjolkbonder-ber-om-om-ett-minimipris-pa-30-centimos-per-liter\\\/#breadcrumb\",\"itemListElement\":[{\"@type\":\"ListItem\",\"position\":1,\"name\":\"Hem\",\"item\":\"https:\\\/\\\/lightweb.dev\\\/l\\\/svm-temp\\\/\"},{\"@type\":\"ListItem\",\"position\":2,\"name\":\"Mj\u00f6lkb\u00f6nder ber om om ett minimipris p\u00e5 30 c\u00e9ntimos per liter\"}]},{\"@type\":\"WebSite\",\"@id\":\"https:\\\/\\\/lightweb.dev\\\/l\\\/svm-temp\\\/#website\",\"url\":\"https:\\\/\\\/lightweb.dev\\\/l\\\/svm-temp\\\/\",\"name\":\"Svenska Magasinet\",\"description\":\"Dina Spanska nyheter p&aring; Svenska\",\"publisher\":{\"@id\":\"https:\\\/\\\/lightweb.dev\\\/l\\\/svm-temp\\\/#organization\"},\"potentialAction\":[{\"@type\":\"SearchAction\",\"target\":{\"@type\":\"EntryPoint\",\"urlTemplate\":\"https:\\\/\\\/lightweb.dev\\\/l\\\/svm-temp\\\/?s={search_term_string}\"},\"query-input\":{\"@type\":\"PropertyValueSpecification\",\"valueRequired\":true,\"valueName\":\"search_term_string\"}}],\"inLanguage\":\"sv-SE\"},{\"@type\":\"Organization\",\"@id\":\"https:\\\/\\\/lightweb.dev\\\/l\\\/svm-temp\\\/#organization\",\"name\":\"Melkerson y Nott SL\",\"alternateName\":\"Svenska Magasinet\",\"url\":\"https:\\\/\\\/lightweb.dev\\\/l\\\/svm-temp\\\/\",\"logo\":{\"@type\":\"ImageObject\",\"inLanguage\":\"sv-SE\",\"@id\":\"https:\\\/\\\/lightweb.dev\\\/l\\\/svm-temp\\\/#\\\/schema\\\/logo\\\/image\\\/\",\"url\":\"https:\\\/\\\/lightweb.dev\\\/l\\\/svm-temp\\\/wp-content\\\/uploads\\\/2025\\\/02\\\/SvM-logo-Xtra-Centrerad-SVART.png\",\"contentUrl\":\"https:\\\/\\\/lightweb.dev\\\/l\\\/svm-temp\\\/wp-content\\\/uploads\\\/2025\\\/02\\\/SvM-logo-Xtra-Centrerad-SVART.png\",\"width\":300,\"height\":99,\"caption\":\"Melkerson y Nott SL\"},\"image\":{\"@id\":\"https:\\\/\\\/lightweb.dev\\\/l\\\/svm-temp\\\/#\\\/schema\\\/logo\\\/image\\\/\"},\"sameAs\":[\"https:\\\/\\\/www.facebook.com\\\/svenskamagasinet\",\"https:\\\/\\\/x.com\\\/SvenskaMagasine\"]},{\"@type\":\"Person\",\"@id\":\"https:\\\/\\\/lightweb.dev\\\/l\\\/svm-temp\\\/#\\\/schema\\\/person\\\/206a3bda5b607b0c25e1749191e4d837\",\"name\":\"Redaktionen SvM\",\"description\":\"Redaktionen\",\"sameAs\":[\"https:\\\/\\\/lightweb.dev\\\/l\\\/svm-temp\"],\"url\":\"https:\\\/\\\/lightweb.dev\\\/l\\\/svm-temp\\\/reporter\\\/redaktionen\\\/\"}]}<\/script>\n<!-- \/ Yoast SEO Premium plugin. -->","yoast_head_json":{"title":"Mj\u00f6lkb\u00f6nder ber om om ett minimipris p\u00e5 30 c\u00e9ntimos per liter - Svenska Magasinet","robots":{"index":"noindex","follow":"follow","max-snippet":"max-snippet:-1","max-image-preview":"max-image-preview:large","max-video-preview":"max-video-preview:-1"},"og_locale":"sv_SE","og_type":"article","og_title":"Mj\u00f6lkb\u00f6nder ber om om ett minimipris p\u00e5 30 c\u00e9ntimos per liter","og_description":"Den spanska regeringen st\u00f6der de spanska mj\u00f6lkb\u00f6ndernas krav men p\u00e5minner samtidigt att det finns ett EU-f\u00f6rbud till ett fastst\u00e4llt minimipris. Protestmarschen \u201dMarcha Blanca\u201d, Vita marschen, som startade den 25 augusti anl\u00e4nde nyligen till Madrid. Mj\u00f6lkb\u00f6nderna vill s\u00e4tta extra press i samband med att EU:s jordbruksministrar m\u00f6ts i Bryssel. Landets mj\u00f6lkb\u00f6nder vill ha ett minimipris per [&hellip;]","og_url":"https:\/\/lightweb.dev\/l\/svm-temp\/nyheter\/mjolkbonder-ber-om-om-ett-minimipris-pa-30-centimos-per-liter\/","og_site_name":"Svenska Magasinet","article_publisher":"https:\/\/www.facebook.com\/svenskamagasinet","article_published_time":"2015-09-06T22:00:00+00:00","og_image":[{"width":300,"height":200,"url":"https:\/\/lightweb.dev\/l\/svm-temp\/wp-content\/uploads\/2022\/06\/mjolkbonder-ber-om-om-ett-minimipris-pa-30-centimos-per-liter.png","type":"image\/png"}],"author":"Redaktionen SvM","twitter_card":"summary_large_image","twitter_creator":"@SvenskaMagasine","twitter_site":"@SvenskaMagasine","schema":{"@context":"https:\/\/schema.org","@graph":[{"@type":"Article","@id":"https:\/\/lightweb.dev\/l\/svm-temp\/nyheter\/mjolkbonder-ber-om-om-ett-minimipris-pa-30-centimos-per-liter\/#article","isPartOf":{"@id":"https:\/\/lightweb.dev\/l\/svm-temp\/nyheter\/mjolkbonder-ber-om-om-ett-minimipris-pa-30-centimos-per-liter\/"},"author":{"name":"Redaktionen SvM","@id":"https:\/\/lightweb.dev\/l\/svm-temp\/#\/schema\/person\/206a3bda5b607b0c25e1749191e4d837"},"headline":"Mj\u00f6lkb\u00f6nder ber om om ett minimipris p\u00e5 30 c\u00e9ntimos per liter","datePublished":"2015-09-06T22:00:00+00:00","mainEntityOfPage":{"@id":"https:\/\/lightweb.dev\/l\/svm-temp\/nyheter\/mjolkbonder-ber-om-om-ett-minimipris-pa-30-centimos-per-liter\/"},"wordCount":189,"commentCount":0,"publisher":{"@id":"https:\/\/lightweb.dev\/l\/svm-temp\/#organization"},"image":{"@id":"https:\/\/lightweb.dev\/l\/svm-temp\/nyheter\/mjolkbonder-ber-om-om-ett-minimipris-pa-30-centimos-per-liter\/#primaryimage"},"thumbnailUrl":"https:\/\/lightweb.dev\/l\/svm-temp\/wp-content\/uploads\/2022\/06\/mjolkbonder-ber-om-om-ett-minimipris-pa-30-centimos-per-liter.png","articleSection":["Arkiv","Nyheter"],"inLanguage":"sv-SE"},{"@type":"WebPage","@id":"https:\/\/lightweb.dev\/l\/svm-temp\/nyheter\/mjolkbonder-ber-om-om-ett-minimipris-pa-30-centimos-per-liter\/","url":"https:\/\/lightweb.dev\/l\/svm-temp\/nyheter\/mjolkbonder-ber-om-om-ett-minimipris-pa-30-centimos-per-liter\/","name":"Mj\u00f6lkb\u00f6nder ber om om ett minimipris p\u00e5 30 c\u00e9ntimos per liter - Svenska Magasinet","isPartOf":{"@id":"https:\/\/lightweb.dev\/l\/svm-temp\/#website"},"primaryImageOfPage":{"@id":"https:\/\/lightweb.dev\/l\/svm-temp\/nyheter\/mjolkbonder-ber-om-om-ett-minimipris-pa-30-centimos-per-liter\/#primaryimage"},"image":{"@id":"https:\/\/lightweb.dev\/l\/svm-temp\/nyheter\/mjolkbonder-ber-om-om-ett-minimipris-pa-30-centimos-per-liter\/#primaryimage"},"thumbnailUrl":"https:\/\/lightweb.dev\/l\/svm-temp\/wp-content\/uploads\/2022\/06\/mjolkbonder-ber-om-om-ett-minimipris-pa-30-centimos-per-liter.png","datePublished":"2015-09-06T22:00:00+00:00","breadcrumb":{"@id":"https:\/\/lightweb.dev\/l\/svm-temp\/nyheter\/mjolkbonder-ber-om-om-ett-minimipris-pa-30-centimos-per-liter\/#breadcrumb"},"inLanguage":"sv-SE","potentialAction":[{"@type":"ReadAction","target":["https:\/\/lightweb.dev\/l\/svm-temp\/nyheter\/mjolkbonder-ber-om-om-ett-minimipris-pa-30-centimos-per-liter\/"]}]},{"@type":"ImageObject","inLanguage":"sv-SE","@id":"https:\/\/lightweb.dev\/l\/svm-temp\/nyheter\/mjolkbonder-ber-om-om-ett-minimipris-pa-30-centimos-per-liter\/#primaryimage","url":"https:\/\/lightweb.dev\/l\/svm-temp\/wp-content\/uploads\/2022\/06\/mjolkbonder-ber-om-om-ett-minimipris-pa-30-centimos-per-liter.png","contentUrl":"https:\/\/lightweb.dev\/l\/svm-temp\/wp-content\/uploads\/2022\/06\/mjolkbonder-ber-om-om-ett-minimipris-pa-30-centimos-per-liter.png","width":300,"height":200},{"@type":"BreadcrumbList","@id":"https:\/\/lightweb.dev\/l\/svm-temp\/nyheter\/mjolkbonder-ber-om-om-ett-minimipris-pa-30-centimos-per-liter\/#breadcrumb","itemListElement":[{"@type":"ListItem","position":1,"name":"Hem","item":"https:\/\/lightweb.dev\/l\/svm-temp\/"},{"@type":"ListItem","position":2,"name":"Mj\u00f6lkb\u00f6nder ber om om ett minimipris p\u00e5 30 c\u00e9ntimos per liter"}]},{"@type":"WebSite","@id":"https:\/\/lightweb.dev\/l\/svm-temp\/#website","url":"https:\/\/lightweb.dev\/l\/svm-temp\/","name":"Svenska Magasinet","description":"Dina Spanska nyheter p&aring; Svenska","publisher":{"@id":"https:\/\/lightweb.dev\/l\/svm-temp\/#organization"},"potentialAction":[{"@type":"SearchAction","target":{"@type":"EntryPoint","urlTemplate":"https:\/\/lightweb.dev\/l\/svm-temp\/?s={search_term_string}"},"query-input":{"@type":"PropertyValueSpecification","valueRequired":true,"valueName":"search_term_string"}}],"inLanguage":"sv-SE"},{"@type":"Organization","@id":"https:\/\/lightweb.dev\/l\/svm-temp\/#organization","name":"Melkerson y Nott SL","alternateName":"Svenska Magasinet","url":"https:\/\/lightweb.dev\/l\/svm-temp\/","logo":{"@type":"ImageObject","inLanguage":"sv-SE","@id":"https:\/\/lightweb.dev\/l\/svm-temp\/#\/schema\/logo\/image\/","url":"https:\/\/lightweb.dev\/l\/svm-temp\/wp-content\/uploads\/2025\/02\/SvM-logo-Xtra-Centrerad-SVART.png","contentUrl":"https:\/\/lightweb.dev\/l\/svm-temp\/wp-content\/uploads\/2025\/02\/SvM-logo-Xtra-Centrerad-SVART.png","width":300,"height":99,"caption":"Melkerson y Nott SL"},"image":{"@id":"https:\/\/lightweb.dev\/l\/svm-temp\/#\/schema\/logo\/image\/"},"sameAs":["https:\/\/www.facebook.com\/svenskamagasinet","https:\/\/x.com\/SvenskaMagasine"]},{"@type":"Person","@id":"https:\/\/lightweb.dev\/l\/svm-temp\/#\/schema\/person\/206a3bda5b607b0c25e1749191e4d837","name":"Redaktionen SvM","description":"Redaktionen","sameAs":["https:\/\/lightweb.dev\/l\/svm-temp"],"url":"https:\/\/lightweb.dev\/l\/svm-temp\/reporter\/redaktionen\/"}]}},"_links":{"self":[{"href":"https:\/\/lightweb.dev\/l\/svm-temp\/wp-json\/wp\/v2\/posts\/23640","targetHints":{"allow":["GET"]}}],"collection":[{"href":"https:\/\/lightweb.dev\/l\/svm-temp\/wp-json\/wp\/v2\/posts"}],"about":[{"href":"https:\/\/lightweb.dev\/l\/svm-temp\/wp-json\/wp\/v2\/types\/post"}],"author":[{"embeddable":true,"href":"https:\/\/lightweb.dev\/l\/svm-temp\/wp-json\/wp\/v2\/users\/8"}],"replies":[{"embeddable":true,"href":"https:\/\/lightweb.dev\/l\/svm-temp\/wp-json\/wp\/v2\/comments?post=23640"}],"version-history":[{"count":0,"href":"https:\/\/lightweb.dev\/l\/svm-temp\/wp-json\/wp\/v2\/posts\/23640\/revisions"}],"wp:featuredmedia":[{"embeddable":true,"href":"https:\/\/lightweb.dev\/l\/svm-temp\/wp-json\/wp\/v2\/media\/23641"}],"wp:attachment":[{"href":"https:\/\/lightweb.dev\/l\/svm-temp\/wp-json\/wp\/v2\/media?parent=23640"}],"wp:term":[{"taxonomy":"category","embeddable":true,"href":"https:\/\/lightweb.dev\/l\/svm-temp\/wp-json\/wp\/v2\/categories?post=23640"},{"taxonomy":"post_tag","embeddable":true,"href":"https:\/\/lightweb.dev\/l\/svm-temp\/wp-json\/wp\/v2\/tags?post=23640"}],"curies":[{"name":"wp","href":"https:\/\/api.w.org\/{rel}","templated":true}]}}