{"id":23644,"date":"2015-09-07T00:00:00","date_gmt":"2015-09-06T22:00:00","guid":{"rendered":"https:\/\/lightweb.dev\/l\/svm-temp\/nyheter\/kvinnor-skulle-rekrytera-4-000-extremister-pa-vag-in-i-europa-enligt-is\/"},"modified":"2015-09-07T00:00:00","modified_gmt":"2015-09-06T22:00:00","slug":"kvinnor-skulle-rekrytera-4-000-extremister-pa-vag-in-i-europa-enligt-is","status":"publish","type":"post","link":"https:\/\/lightweb.dev\/l\/svm-temp\/nyheter\/kvinnor-skulle-rekrytera-4-000-extremister-pa-vag-in-i-europa-enligt-is\/","title":{"rendered":"Kvinnor skulle rekrytera \u2013 4.000 extremister p\u00e5 v\u00e4g in i Europa enligt IS"},"content":{"rendered":"<p> Tv\u00e5 kvinnor har gripits i Spanien de senaste dagarna f\u00f6r kopplingar till islamiska staten (IS). I l\u00f6rdags omh\u00e4ndertog Guardia Civil en 18-\u00e5rig marockansk kvinna i Gand\u00eda (Valencia). Kvinnan har levererat filmer inneh\u00e5llande jihadistideologi. Genom sociala n\u00e4tverk har hon varit engagerad i att rekrytera kvinnor som vill ansluta sig till IS. Hon var \u00e4ven sj\u00e4lv villig att resa till Syrien f\u00f6r att ansluta sig till IS enligt inrikesdepartementet.<\/p>\n<p>P\u00e5 m\u00e5ndagen greps en 19-\u00e5rig kvinna av nationalpolisen i Figueres (Girona). Enligt spanska medier ska hon ha arbetat med den logistiska delen i att indoktrinera och rekrytera personer som skickas till kriget i Syrien.<\/p>\n<p>Dagens gripande sker i samarbete med tyska myndigheter efter att Ayoub Moutchou greps av polis i Stuttgart senaste m\u00e5naden. De gripna ska ing\u00e5 i ett st\u00f6rre n\u00e4tverk. Inrikesminister Jorge Fern\u00e1ndez D\u00edaz s\u00e4ger att Spanien inte t\u00e4nker s\u00e4nka garden i kampen mot terrorister.<\/p>\n<p>Den brittiska dagstidningen Sunday Express skriver att uppskattningsvis 4.000 terrorister kan ha infiltrerat de flyktingstr\u00f6mmar som n\u00e5tt Europa. Tidningen h\u00e4nvisar till en propagandak\u00e4lla n\u00e4ra islamiska staten IS. Flera spanska medier citerar uppgifterna p\u00e5 m\u00e5ndagen.<\/p>\n<p>Extremisterna ska ha blandat sig med flyktingar i de turkiska hamnst\u00e4derna Izmir och Mersin som via Medelhavet har kommit till Italien. \u00d6verf\u00f6ringen har hittills varit lyckosam. D\u00e4rifr\u00e5n ska extremisterna i f\u00f6rsta hand ta sig till Tyskland och Sverige uppger Sunday Express.<\/p>\n<p>Uppgifterna bekr\u00e4ftats av tv\u00e5 lokala smugglare som uppger sig ha hj\u00e4lpt mer \u00e4n ett dussin terrorister till Europa. De till\u00e4gger att en del vill bes\u00f6ka sina familjer, andra \u00e4r redo att agera.<\/p>\n<p>Anledningen till att extremisterna har infiltrerat flyktingstr\u00f6mmarna \u00e4r b\u00f6rjan p\u00e5 en h\u00e4mnd f\u00f6r de flyganfall mot IS som Frankrike och USA samordnar. \u201dDe vill skapa ett kalifat inte bara i Syrien utan i hela v\u00e4rlden\u201d s\u00e4ger en av smugglarna och till\u00e4gger att attackerna kommer att fokusera p\u00e5 v\u00e4sterl\u00e4ndska regeringar och inte civila. <\/p>\n","protected":false},"excerpt":{"rendered":"<p>Tv\u00e5 kvinnor har gripits i Spanien de senaste dagarna f\u00f6r kopplingar till islamiska staten (IS). I l\u00f6rdags omh\u00e4ndertog Guardia Civil en 18-\u00e5rig marockansk kvinna i Gand\u00eda (Valencia). Kvinnan har levererat filmer inneh\u00e5llande jihadistideologi. Genom sociala n\u00e4tverk har hon varit engagerad i att rekrytera kvinnor som vill ansluta sig till IS. Hon var \u00e4ven sj\u00e4lv villig [&hellip;]<\/p>\n","protected":false},"author":8,"featured_media":23645,"comment_status":"open","ping_status":"open","sticky":false,"template":"","format":"standard","meta":{"_et_pb_use_builder":"","_et_pb_old_content":"","_et_gb_content_width":"","footnotes":""},"categories":[395,3],"tags":[],"class_list":["post-23644","post","type-post","status-publish","format-standard","has-post-thumbnail","hentry","category-arkiv-nyheter","category-nyheter"],"yoast_head":"<!-- This site is optimized with the Yoast SEO Premium plugin v26.2 (Yoast SEO v27.5) - https:\/\/yoast.com\/product\/yoast-seo-premium-wordpress\/ -->\n<title>Kvinnor skulle rekrytera \u2013 4.000 extremister p\u00e5 v\u00e4g in i Europa enligt IS - Svenska Magasinet<\/title>\n<meta name=\"robots\" content=\"noindex, follow, max-snippet:-1, max-image-preview:large, max-video-preview:-1\" \/>\n<meta property=\"og:locale\" content=\"sv_SE\" \/>\n<meta property=\"og:type\" content=\"article\" \/>\n<meta property=\"og:title\" content=\"Kvinnor skulle rekrytera \u2013 4.000 extremister p\u00e5 v\u00e4g in i Europa enligt IS\" \/>\n<meta property=\"og:description\" content=\"Tv\u00e5 kvinnor har gripits i Spanien de senaste dagarna f\u00f6r kopplingar till islamiska staten (IS). I l\u00f6rdags omh\u00e4ndertog Guardia Civil en 18-\u00e5rig marockansk kvinna i Gand\u00eda (Valencia). Kvinnan har levererat filmer inneh\u00e5llande jihadistideologi. Genom sociala n\u00e4tverk har hon varit engagerad i att rekrytera kvinnor som vill ansluta sig till IS. Hon var \u00e4ven sj\u00e4lv villig [&hellip;]\" \/>\n<meta property=\"og:url\" content=\"https:\/\/lightweb.dev\/l\/svm-temp\/nyheter\/kvinnor-skulle-rekrytera-4-000-extremister-pa-vag-in-i-europa-enligt-is\/\" \/>\n<meta property=\"og:site_name\" content=\"Svenska Magasinet\" \/>\n<meta property=\"article:publisher\" content=\"https:\/\/www.facebook.com\/svenskamagasinet\" \/>\n<meta property=\"article:published_time\" content=\"2015-09-06T22:00:00+00:00\" \/>\n<meta property=\"og:image\" content=\"https:\/\/lightweb.dev\/l\/svm-temp\/wp-content\/uploads\/2022\/06\/kvinnor-skulle-rekrytera-4000-extremister-pa-vag-in-i-europa-enligt-is.png\" \/>\n\t<meta property=\"og:image:width\" content=\"536\" \/>\n\t<meta property=\"og:image:height\" content=\"200\" \/>\n\t<meta property=\"og:image:type\" content=\"image\/png\" \/>\n<meta name=\"author\" content=\"Redaktionen SvM\" \/>\n<meta name=\"twitter:card\" content=\"summary_large_image\" \/>\n<meta name=\"twitter:creator\" content=\"@SvenskaMagasine\" \/>\n<meta name=\"twitter:site\" content=\"@SvenskaMagasine\" \/>\n<script type=\"application\/ld+json\" class=\"yoast-schema-graph\">{\"@context\":\"https:\\\/\\\/schema.org\",\"@graph\":[{\"@type\":\"Article\",\"@id\":\"https:\\\/\\\/lightweb.dev\\\/l\\\/svm-temp\\\/nyheter\\\/kvinnor-skulle-rekrytera-4-000-extremister-pa-vag-in-i-europa-enligt-is\\\/#article\",\"isPartOf\":{\"@id\":\"https:\\\/\\\/lightweb.dev\\\/l\\\/svm-temp\\\/nyheter\\\/kvinnor-skulle-rekrytera-4-000-extremister-pa-vag-in-i-europa-enligt-is\\\/\"},\"author\":{\"name\":\"Redaktionen SvM\",\"@id\":\"https:\\\/\\\/lightweb.dev\\\/l\\\/svm-temp\\\/#\\\/schema\\\/person\\\/206a3bda5b607b0c25e1749191e4d837\"},\"headline\":\"Kvinnor skulle rekrytera \u2013 4.000 extremister p\u00e5 v\u00e4g in i Europa enligt IS\",\"datePublished\":\"2015-09-06T22:00:00+00:00\",\"mainEntityOfPage\":{\"@id\":\"https:\\\/\\\/lightweb.dev\\\/l\\\/svm-temp\\\/nyheter\\\/kvinnor-skulle-rekrytera-4-000-extremister-pa-vag-in-i-europa-enligt-is\\\/\"},\"wordCount\":356,\"commentCount\":0,\"publisher\":{\"@id\":\"https:\\\/\\\/lightweb.dev\\\/l\\\/svm-temp\\\/#organization\"},\"image\":{\"@id\":\"https:\\\/\\\/lightweb.dev\\\/l\\\/svm-temp\\\/nyheter\\\/kvinnor-skulle-rekrytera-4-000-extremister-pa-vag-in-i-europa-enligt-is\\\/#primaryimage\"},\"thumbnailUrl\":\"https:\\\/\\\/lightweb.dev\\\/l\\\/svm-temp\\\/wp-content\\\/uploads\\\/2022\\\/06\\\/kvinnor-skulle-rekrytera-4000-extremister-pa-vag-in-i-europa-enligt-is.png\",\"articleSection\":[\"Arkiv\",\"Nyheter\"],\"inLanguage\":\"sv-SE\"},{\"@type\":\"WebPage\",\"@id\":\"https:\\\/\\\/lightweb.dev\\\/l\\\/svm-temp\\\/nyheter\\\/kvinnor-skulle-rekrytera-4-000-extremister-pa-vag-in-i-europa-enligt-is\\\/\",\"url\":\"https:\\\/\\\/lightweb.dev\\\/l\\\/svm-temp\\\/nyheter\\\/kvinnor-skulle-rekrytera-4-000-extremister-pa-vag-in-i-europa-enligt-is\\\/\",\"name\":\"Kvinnor skulle rekrytera \u2013 4.000 extremister p\u00e5 v\u00e4g in i Europa enligt IS - Svenska Magasinet\",\"isPartOf\":{\"@id\":\"https:\\\/\\\/lightweb.dev\\\/l\\\/svm-temp\\\/#website\"},\"primaryImageOfPage\":{\"@id\":\"https:\\\/\\\/lightweb.dev\\\/l\\\/svm-temp\\\/nyheter\\\/kvinnor-skulle-rekrytera-4-000-extremister-pa-vag-in-i-europa-enligt-is\\\/#primaryimage\"},\"image\":{\"@id\":\"https:\\\/\\\/lightweb.dev\\\/l\\\/svm-temp\\\/nyheter\\\/kvinnor-skulle-rekrytera-4-000-extremister-pa-vag-in-i-europa-enligt-is\\\/#primaryimage\"},\"thumbnailUrl\":\"https:\\\/\\\/lightweb.dev\\\/l\\\/svm-temp\\\/wp-content\\\/uploads\\\/2022\\\/06\\\/kvinnor-skulle-rekrytera-4000-extremister-pa-vag-in-i-europa-enligt-is.png\",\"datePublished\":\"2015-09-06T22:00:00+00:00\",\"breadcrumb\":{\"@id\":\"https:\\\/\\\/lightweb.dev\\\/l\\\/svm-temp\\\/nyheter\\\/kvinnor-skulle-rekrytera-4-000-extremister-pa-vag-in-i-europa-enligt-is\\\/#breadcrumb\"},\"inLanguage\":\"sv-SE\",\"potentialAction\":[{\"@type\":\"ReadAction\",\"target\":[\"https:\\\/\\\/lightweb.dev\\\/l\\\/svm-temp\\\/nyheter\\\/kvinnor-skulle-rekrytera-4-000-extremister-pa-vag-in-i-europa-enligt-is\\\/\"]}]},{\"@type\":\"ImageObject\",\"inLanguage\":\"sv-SE\",\"@id\":\"https:\\\/\\\/lightweb.dev\\\/l\\\/svm-temp\\\/nyheter\\\/kvinnor-skulle-rekrytera-4-000-extremister-pa-vag-in-i-europa-enligt-is\\\/#primaryimage\",\"url\":\"https:\\\/\\\/lightweb.dev\\\/l\\\/svm-temp\\\/wp-content\\\/uploads\\\/2022\\\/06\\\/kvinnor-skulle-rekrytera-4000-extremister-pa-vag-in-i-europa-enligt-is.png\",\"contentUrl\":\"https:\\\/\\\/lightweb.dev\\\/l\\\/svm-temp\\\/wp-content\\\/uploads\\\/2022\\\/06\\\/kvinnor-skulle-rekrytera-4000-extremister-pa-vag-in-i-europa-enligt-is.png\",\"width\":536,\"height\":200},{\"@type\":\"BreadcrumbList\",\"@id\":\"https:\\\/\\\/lightweb.dev\\\/l\\\/svm-temp\\\/nyheter\\\/kvinnor-skulle-rekrytera-4-000-extremister-pa-vag-in-i-europa-enligt-is\\\/#breadcrumb\",\"itemListElement\":[{\"@type\":\"ListItem\",\"position\":1,\"name\":\"Hem\",\"item\":\"https:\\\/\\\/lightweb.dev\\\/l\\\/svm-temp\\\/\"},{\"@type\":\"ListItem\",\"position\":2,\"name\":\"Kvinnor skulle rekrytera \u2013 4.000 extremister p\u00e5 v\u00e4g in i Europa enligt IS\"}]},{\"@type\":\"WebSite\",\"@id\":\"https:\\\/\\\/lightweb.dev\\\/l\\\/svm-temp\\\/#website\",\"url\":\"https:\\\/\\\/lightweb.dev\\\/l\\\/svm-temp\\\/\",\"name\":\"Svenska Magasinet\",\"description\":\"Dina Spanska nyheter p&aring; Svenska\",\"publisher\":{\"@id\":\"https:\\\/\\\/lightweb.dev\\\/l\\\/svm-temp\\\/#organization\"},\"potentialAction\":[{\"@type\":\"SearchAction\",\"target\":{\"@type\":\"EntryPoint\",\"urlTemplate\":\"https:\\\/\\\/lightweb.dev\\\/l\\\/svm-temp\\\/?s={search_term_string}\"},\"query-input\":{\"@type\":\"PropertyValueSpecification\",\"valueRequired\":true,\"valueName\":\"search_term_string\"}}],\"inLanguage\":\"sv-SE\"},{\"@type\":\"Organization\",\"@id\":\"https:\\\/\\\/lightweb.dev\\\/l\\\/svm-temp\\\/#organization\",\"name\":\"Melkerson y Nott SL\",\"alternateName\":\"Svenska Magasinet\",\"url\":\"https:\\\/\\\/lightweb.dev\\\/l\\\/svm-temp\\\/\",\"logo\":{\"@type\":\"ImageObject\",\"inLanguage\":\"sv-SE\",\"@id\":\"https:\\\/\\\/lightweb.dev\\\/l\\\/svm-temp\\\/#\\\/schema\\\/logo\\\/image\\\/\",\"url\":\"https:\\\/\\\/lightweb.dev\\\/l\\\/svm-temp\\\/wp-content\\\/uploads\\\/2025\\\/02\\\/SvM-logo-Xtra-Centrerad-SVART.png\",\"contentUrl\":\"https:\\\/\\\/lightweb.dev\\\/l\\\/svm-temp\\\/wp-content\\\/uploads\\\/2025\\\/02\\\/SvM-logo-Xtra-Centrerad-SVART.png\",\"width\":300,\"height\":99,\"caption\":\"Melkerson y Nott SL\"},\"image\":{\"@id\":\"https:\\\/\\\/lightweb.dev\\\/l\\\/svm-temp\\\/#\\\/schema\\\/logo\\\/image\\\/\"},\"sameAs\":[\"https:\\\/\\\/www.facebook.com\\\/svenskamagasinet\",\"https:\\\/\\\/x.com\\\/SvenskaMagasine\"]},{\"@type\":\"Person\",\"@id\":\"https:\\\/\\\/lightweb.dev\\\/l\\\/svm-temp\\\/#\\\/schema\\\/person\\\/206a3bda5b607b0c25e1749191e4d837\",\"name\":\"Redaktionen SvM\",\"description\":\"Redaktionen\",\"sameAs\":[\"https:\\\/\\\/lightweb.dev\\\/l\\\/svm-temp\"],\"url\":\"https:\\\/\\\/lightweb.dev\\\/l\\\/svm-temp\\\/reporter\\\/redaktionen\\\/\"}]}<\/script>\n<!-- \/ Yoast SEO Premium plugin. -->","yoast_head_json":{"title":"Kvinnor skulle rekrytera \u2013 4.000 extremister p\u00e5 v\u00e4g in i Europa enligt IS - Svenska Magasinet","robots":{"index":"noindex","follow":"follow","max-snippet":"max-snippet:-1","max-image-preview":"max-image-preview:large","max-video-preview":"max-video-preview:-1"},"og_locale":"sv_SE","og_type":"article","og_title":"Kvinnor skulle rekrytera \u2013 4.000 extremister p\u00e5 v\u00e4g in i Europa enligt IS","og_description":"Tv\u00e5 kvinnor har gripits i Spanien de senaste dagarna f\u00f6r kopplingar till islamiska staten (IS). I l\u00f6rdags omh\u00e4ndertog Guardia Civil en 18-\u00e5rig marockansk kvinna i Gand\u00eda (Valencia). Kvinnan har levererat filmer inneh\u00e5llande jihadistideologi. Genom sociala n\u00e4tverk har hon varit engagerad i att rekrytera kvinnor som vill ansluta sig till IS. Hon var \u00e4ven sj\u00e4lv villig [&hellip;]","og_url":"https:\/\/lightweb.dev\/l\/svm-temp\/nyheter\/kvinnor-skulle-rekrytera-4-000-extremister-pa-vag-in-i-europa-enligt-is\/","og_site_name":"Svenska Magasinet","article_publisher":"https:\/\/www.facebook.com\/svenskamagasinet","article_published_time":"2015-09-06T22:00:00+00:00","og_image":[{"width":536,"height":200,"url":"https:\/\/lightweb.dev\/l\/svm-temp\/wp-content\/uploads\/2022\/06\/kvinnor-skulle-rekrytera-4000-extremister-pa-vag-in-i-europa-enligt-is.png","type":"image\/png"}],"author":"Redaktionen SvM","twitter_card":"summary_large_image","twitter_creator":"@SvenskaMagasine","twitter_site":"@SvenskaMagasine","schema":{"@context":"https:\/\/schema.org","@graph":[{"@type":"Article","@id":"https:\/\/lightweb.dev\/l\/svm-temp\/nyheter\/kvinnor-skulle-rekrytera-4-000-extremister-pa-vag-in-i-europa-enligt-is\/#article","isPartOf":{"@id":"https:\/\/lightweb.dev\/l\/svm-temp\/nyheter\/kvinnor-skulle-rekrytera-4-000-extremister-pa-vag-in-i-europa-enligt-is\/"},"author":{"name":"Redaktionen SvM","@id":"https:\/\/lightweb.dev\/l\/svm-temp\/#\/schema\/person\/206a3bda5b607b0c25e1749191e4d837"},"headline":"Kvinnor skulle rekrytera \u2013 4.000 extremister p\u00e5 v\u00e4g in i Europa enligt IS","datePublished":"2015-09-06T22:00:00+00:00","mainEntityOfPage":{"@id":"https:\/\/lightweb.dev\/l\/svm-temp\/nyheter\/kvinnor-skulle-rekrytera-4-000-extremister-pa-vag-in-i-europa-enligt-is\/"},"wordCount":356,"commentCount":0,"publisher":{"@id":"https:\/\/lightweb.dev\/l\/svm-temp\/#organization"},"image":{"@id":"https:\/\/lightweb.dev\/l\/svm-temp\/nyheter\/kvinnor-skulle-rekrytera-4-000-extremister-pa-vag-in-i-europa-enligt-is\/#primaryimage"},"thumbnailUrl":"https:\/\/lightweb.dev\/l\/svm-temp\/wp-content\/uploads\/2022\/06\/kvinnor-skulle-rekrytera-4000-extremister-pa-vag-in-i-europa-enligt-is.png","articleSection":["Arkiv","Nyheter"],"inLanguage":"sv-SE"},{"@type":"WebPage","@id":"https:\/\/lightweb.dev\/l\/svm-temp\/nyheter\/kvinnor-skulle-rekrytera-4-000-extremister-pa-vag-in-i-europa-enligt-is\/","url":"https:\/\/lightweb.dev\/l\/svm-temp\/nyheter\/kvinnor-skulle-rekrytera-4-000-extremister-pa-vag-in-i-europa-enligt-is\/","name":"Kvinnor skulle rekrytera \u2013 4.000 extremister p\u00e5 v\u00e4g in i Europa enligt IS - Svenska Magasinet","isPartOf":{"@id":"https:\/\/lightweb.dev\/l\/svm-temp\/#website"},"primaryImageOfPage":{"@id":"https:\/\/lightweb.dev\/l\/svm-temp\/nyheter\/kvinnor-skulle-rekrytera-4-000-extremister-pa-vag-in-i-europa-enligt-is\/#primaryimage"},"image":{"@id":"https:\/\/lightweb.dev\/l\/svm-temp\/nyheter\/kvinnor-skulle-rekrytera-4-000-extremister-pa-vag-in-i-europa-enligt-is\/#primaryimage"},"thumbnailUrl":"https:\/\/lightweb.dev\/l\/svm-temp\/wp-content\/uploads\/2022\/06\/kvinnor-skulle-rekrytera-4000-extremister-pa-vag-in-i-europa-enligt-is.png","datePublished":"2015-09-06T22:00:00+00:00","breadcrumb":{"@id":"https:\/\/lightweb.dev\/l\/svm-temp\/nyheter\/kvinnor-skulle-rekrytera-4-000-extremister-pa-vag-in-i-europa-enligt-is\/#breadcrumb"},"inLanguage":"sv-SE","potentialAction":[{"@type":"ReadAction","target":["https:\/\/lightweb.dev\/l\/svm-temp\/nyheter\/kvinnor-skulle-rekrytera-4-000-extremister-pa-vag-in-i-europa-enligt-is\/"]}]},{"@type":"ImageObject","inLanguage":"sv-SE","@id":"https:\/\/lightweb.dev\/l\/svm-temp\/nyheter\/kvinnor-skulle-rekrytera-4-000-extremister-pa-vag-in-i-europa-enligt-is\/#primaryimage","url":"https:\/\/lightweb.dev\/l\/svm-temp\/wp-content\/uploads\/2022\/06\/kvinnor-skulle-rekrytera-4000-extremister-pa-vag-in-i-europa-enligt-is.png","contentUrl":"https:\/\/lightweb.dev\/l\/svm-temp\/wp-content\/uploads\/2022\/06\/kvinnor-skulle-rekrytera-4000-extremister-pa-vag-in-i-europa-enligt-is.png","width":536,"height":200},{"@type":"BreadcrumbList","@id":"https:\/\/lightweb.dev\/l\/svm-temp\/nyheter\/kvinnor-skulle-rekrytera-4-000-extremister-pa-vag-in-i-europa-enligt-is\/#breadcrumb","itemListElement":[{"@type":"ListItem","position":1,"name":"Hem","item":"https:\/\/lightweb.dev\/l\/svm-temp\/"},{"@type":"ListItem","position":2,"name":"Kvinnor skulle rekrytera \u2013 4.000 extremister p\u00e5 v\u00e4g in i Europa enligt IS"}]},{"@type":"WebSite","@id":"https:\/\/lightweb.dev\/l\/svm-temp\/#website","url":"https:\/\/lightweb.dev\/l\/svm-temp\/","name":"Svenska Magasinet","description":"Dina Spanska nyheter p&aring; Svenska","publisher":{"@id":"https:\/\/lightweb.dev\/l\/svm-temp\/#organization"},"potentialAction":[{"@type":"SearchAction","target":{"@type":"EntryPoint","urlTemplate":"https:\/\/lightweb.dev\/l\/svm-temp\/?s={search_term_string}"},"query-input":{"@type":"PropertyValueSpecification","valueRequired":true,"valueName":"search_term_string"}}],"inLanguage":"sv-SE"},{"@type":"Organization","@id":"https:\/\/lightweb.dev\/l\/svm-temp\/#organization","name":"Melkerson y Nott SL","alternateName":"Svenska Magasinet","url":"https:\/\/lightweb.dev\/l\/svm-temp\/","logo":{"@type":"ImageObject","inLanguage":"sv-SE","@id":"https:\/\/lightweb.dev\/l\/svm-temp\/#\/schema\/logo\/image\/","url":"https:\/\/lightweb.dev\/l\/svm-temp\/wp-content\/uploads\/2025\/02\/SvM-logo-Xtra-Centrerad-SVART.png","contentUrl":"https:\/\/lightweb.dev\/l\/svm-temp\/wp-content\/uploads\/2025\/02\/SvM-logo-Xtra-Centrerad-SVART.png","width":300,"height":99,"caption":"Melkerson y Nott SL"},"image":{"@id":"https:\/\/lightweb.dev\/l\/svm-temp\/#\/schema\/logo\/image\/"},"sameAs":["https:\/\/www.facebook.com\/svenskamagasinet","https:\/\/x.com\/SvenskaMagasine"]},{"@type":"Person","@id":"https:\/\/lightweb.dev\/l\/svm-temp\/#\/schema\/person\/206a3bda5b607b0c25e1749191e4d837","name":"Redaktionen SvM","description":"Redaktionen","sameAs":["https:\/\/lightweb.dev\/l\/svm-temp"],"url":"https:\/\/lightweb.dev\/l\/svm-temp\/reporter\/redaktionen\/"}]}},"_links":{"self":[{"href":"https:\/\/lightweb.dev\/l\/svm-temp\/wp-json\/wp\/v2\/posts\/23644","targetHints":{"allow":["GET"]}}],"collection":[{"href":"https:\/\/lightweb.dev\/l\/svm-temp\/wp-json\/wp\/v2\/posts"}],"about":[{"href":"https:\/\/lightweb.dev\/l\/svm-temp\/wp-json\/wp\/v2\/types\/post"}],"author":[{"embeddable":true,"href":"https:\/\/lightweb.dev\/l\/svm-temp\/wp-json\/wp\/v2\/users\/8"}],"replies":[{"embeddable":true,"href":"https:\/\/lightweb.dev\/l\/svm-temp\/wp-json\/wp\/v2\/comments?post=23644"}],"version-history":[{"count":0,"href":"https:\/\/lightweb.dev\/l\/svm-temp\/wp-json\/wp\/v2\/posts\/23644\/revisions"}],"wp:featuredmedia":[{"embeddable":true,"href":"https:\/\/lightweb.dev\/l\/svm-temp\/wp-json\/wp\/v2\/media\/23645"}],"wp:attachment":[{"href":"https:\/\/lightweb.dev\/l\/svm-temp\/wp-json\/wp\/v2\/media?parent=23644"}],"wp:term":[{"taxonomy":"category","embeddable":true,"href":"https:\/\/lightweb.dev\/l\/svm-temp\/wp-json\/wp\/v2\/categories?post=23644"},{"taxonomy":"post_tag","embeddable":true,"href":"https:\/\/lightweb.dev\/l\/svm-temp\/wp-json\/wp\/v2\/tags?post=23644"}],"curies":[{"name":"wp","href":"https:\/\/api.w.org\/{rel}","templated":true}]}}