{"id":23646,"date":"2015-09-04T00:00:00","date_gmt":"2015-09-03T22:00:00","guid":{"rendered":"https:\/\/lightweb.dev\/l\/svm-temp\/nyheter\/flyktingkrisen-spanien-forsta-etappen-pa-resan-mot-tyskland-och-sverige\/"},"modified":"2015-09-04T00:00:00","modified_gmt":"2015-09-03T22:00:00","slug":"flyktingkrisen-spanien-forsta-etappen-pa-resan-mot-tyskland-och-sverige","status":"publish","type":"post","link":"https:\/\/lightweb.dev\/l\/svm-temp\/nyheter\/flyktingkrisen-spanien-forsta-etappen-pa-resan-mot-tyskland-och-sverige\/","title":{"rendered":"Flyktingkrisen: Spanien f\u00f6rsta etappen p\u00e5 resan mot Tyskland och Sverige"},"content":{"rendered":"<p> Solkusten och Spanien \u00e4r inte tillr\u00e4ckligt bra f\u00f6r asyls\u00f6kande. Anh\u00f6riga, sl\u00e4kt och v\u00e4nner samt gener\u00f6sa bidrag g\u00f6r Tyskland och Sverige till slutresans m\u00e5l. M\u00fcnchen, Hamburg, Berlin eller Sverige \u00e4r dr\u00f6mplatserna f\u00f6r syriska flyktingar som Spaniens st\u00f6rsta dagstidning El Pais har tr\u00e4ffat.<\/p>\n<p>Medan siffror och kvoter \u00f6ver flyktingmottagning dominerar den politiska debatten planerar de asyls\u00f6kande flyktingarna hur de ska komma till l\u00e4nder som \u00e4r mer gener\u00f6sa \u00e4n andra.<\/p>\n<p>Ifjol var det 5.052 flyktingar som hade tagit sig vidare fr\u00e5n Spanien till Tyskland, Schweiz eller Sverige och som blev ombedda att \u00e5terv\u00e4nda till det land dit de f\u00f6rst hade kommit, allts\u00e5 Spanien, visar siffror fr\u00e5n spanska inrikesdepartementet. Just gener\u00f6sa bidrag g\u00f6r att flyktingar lockas till vissa l\u00e4nder ist\u00e4llet f\u00f6r att stanna i det f\u00f6rsta land de kom till.<\/p>\n<p>Spanska medier skriver att t\u00e4ta familjen\u00e4tverk i norra Europa g\u00f6r tyska eller svenska st\u00e4der till flyktingarnas slutm\u00e5l. De som har pengar betalar f\u00f6r att kunna fly. De fattiga \u00e4r kvar i det krigsh\u00e4rjade landet i en situation som FN och v\u00e4rldens supermakter \u00e4r of\u00f6rm\u00f6gna att l\u00f6sa.<\/p>\n<p>En av de som El Pais intervjuat \u00e4r Hakim, 24, som hade tv\u00e5 \u00e5r kvar av sina studier i Damaskus som tandl\u00e4kare n\u00e4r han blev inkallad. Han v\u00e4grade att ansluta sig till den blodt\u00f6rstiga arm\u00e9n.<br \/>\nN\u00e4sta steg var att fly och betala pengar f\u00f6r att ta sig genom Nordafrika och n\u00e5 Marocko och d\u00e4refter in i den spanska enklaven Ceuta. Hans fru betalade 2.000 euro och b\u00e4ddas in i undersidan av en bil.<\/p>\n<p>Paret kom till en flyktingf\u00f6rl\u00e4ggning utanf\u00f6r Sevilla. Och fick 50 euro\/m\u00e5naden i fickpengar under sex m\u00e5nader. Hakim vill vidare och s\u00e4ger: \u201cAlemania, inshallah\u201d (Tyskland, om Gud vill).<\/p>\n<p>Enligt flyktingorganisationer har inte Spanien kunnat anpassa sig till det \u00f6kande antalet flyktingar efter att kriget i Syrien br\u00f6t ut. M\u00e5nga som anl\u00e4nder \u00e4r traumatiserade och talar inte spanska.<\/p>\n<p>El Pais skriver att asylprocessen i Tyskland varar vanligtvis omkring sex m\u00e5nader under vilken familjens \u00f6verhuvud erh\u00e5ller 360 euro per m\u00e5nad i fickpengar plus boende. I Sverige tas flyktingarna emot och f\u00e5r bo p\u00e5 hotell, gamla milit\u00e4ranl\u00e4ggning, l\u00e4genheter och flyktingmottagningar. De f\u00e5r ocks\u00e5 cirka 250 euro i m\u00e5naden f\u00f6r varje vuxen och barn. Bidrag som de s\u00f6kande f\u00e5r till uppeh\u00e5llstillst\u00e5nd ges. Subventionerade bost\u00e4der och spr\u00e5kkurser \u00e4r andra saker som ing\u00e5r.<\/p>\n<p>Spaniens utrikesminister, Jos\u00e9 Manuel Garc\u00eda-Margallo, sa under torsdagen att Spanien kommer att ta ansvaret f\u00f6r sin del. Garc\u00eda-Margallo efterlyser ocks\u00e5 ett st\u00f6rre globalt arrangemang och att FN:s s\u00e4kerhetsr\u00e5d tillsammans med ursprungsl\u00e4nderna, transit- och mottagarl\u00e4nder b\u00f6r tr\u00e4ffas. \u201dDet beh\u00f6vs en global \u00f6vergripande politik med tanke p\u00e5 den allvarliga och sm\u00e4rtsamma situationen som det internationella samfundet st\u00e5r inf\u00f6r\u201d. <\/p>\n","protected":false},"excerpt":{"rendered":"<p>Solkusten och Spanien \u00e4r inte tillr\u00e4ckligt bra f\u00f6r asyls\u00f6kande. Anh\u00f6riga, sl\u00e4kt och v\u00e4nner samt gener\u00f6sa bidrag g\u00f6r Tyskland och Sverige till slutresans m\u00e5l. M\u00fcnchen, Hamburg, Berlin eller Sverige \u00e4r dr\u00f6mplatserna f\u00f6r syriska flyktingar som Spaniens st\u00f6rsta dagstidning El Pais har tr\u00e4ffat. Medan siffror och kvoter \u00f6ver flyktingmottagning dominerar den politiska debatten planerar de asyls\u00f6kande flyktingarna [&hellip;]<\/p>\n","protected":false},"author":8,"featured_media":23647,"comment_status":"open","ping_status":"open","sticky":false,"template":"","format":"standard","meta":{"_et_pb_use_builder":"","_et_pb_old_content":"","_et_gb_content_width":"","footnotes":""},"categories":[395,3],"tags":[],"class_list":["post-23646","post","type-post","status-publish","format-standard","has-post-thumbnail","hentry","category-arkiv-nyheter","category-nyheter"],"yoast_head":"<!-- This site is optimized with the Yoast SEO Premium plugin v26.2 (Yoast SEO v27.5) - https:\/\/yoast.com\/product\/yoast-seo-premium-wordpress\/ -->\n<title>Flyktingkrisen: Spanien f\u00f6rsta etappen p\u00e5 resan mot Tyskland och Sverige - Svenska Magasinet<\/title>\n<meta name=\"robots\" content=\"noindex, follow, max-snippet:-1, max-image-preview:large, max-video-preview:-1\" \/>\n<meta property=\"og:locale\" content=\"sv_SE\" \/>\n<meta property=\"og:type\" content=\"article\" \/>\n<meta property=\"og:title\" content=\"Flyktingkrisen: Spanien f\u00f6rsta etappen p\u00e5 resan mot Tyskland och Sverige\" \/>\n<meta property=\"og:description\" content=\"Solkusten och Spanien \u00e4r inte tillr\u00e4ckligt bra f\u00f6r asyls\u00f6kande. Anh\u00f6riga, sl\u00e4kt och v\u00e4nner samt gener\u00f6sa bidrag g\u00f6r Tyskland och Sverige till slutresans m\u00e5l. M\u00fcnchen, Hamburg, Berlin eller Sverige \u00e4r dr\u00f6mplatserna f\u00f6r syriska flyktingar som Spaniens st\u00f6rsta dagstidning El Pais har tr\u00e4ffat. Medan siffror och kvoter \u00f6ver flyktingmottagning dominerar den politiska debatten planerar de asyls\u00f6kande flyktingarna [&hellip;]\" \/>\n<meta property=\"og:url\" content=\"https:\/\/lightweb.dev\/l\/svm-temp\/nyheter\/flyktingkrisen-spanien-forsta-etappen-pa-resan-mot-tyskland-och-sverige\/\" \/>\n<meta property=\"og:site_name\" content=\"Svenska Magasinet\" \/>\n<meta property=\"article:publisher\" content=\"https:\/\/www.facebook.com\/svenskamagasinet\" \/>\n<meta property=\"article:published_time\" content=\"2015-09-03T22:00:00+00:00\" \/>\n<meta property=\"og:image\" content=\"https:\/\/lightweb.dev\/l\/svm-temp\/wp-content\/uploads\/2022\/06\/flyktingkrisen-spanien-forsta-etappen-pa-resan-mot-tyskland-och-sverige.png\" \/>\n\t<meta property=\"og:image:width\" content=\"300\" \/>\n\t<meta property=\"og:image:height\" content=\"200\" \/>\n\t<meta property=\"og:image:type\" content=\"image\/png\" \/>\n<meta name=\"author\" content=\"Redaktionen SvM\" \/>\n<meta name=\"twitter:card\" content=\"summary_large_image\" \/>\n<meta name=\"twitter:creator\" content=\"@SvenskaMagasine\" \/>\n<meta name=\"twitter:site\" content=\"@SvenskaMagasine\" \/>\n<script type=\"application\/ld+json\" class=\"yoast-schema-graph\">{\"@context\":\"https:\\\/\\\/schema.org\",\"@graph\":[{\"@type\":\"Article\",\"@id\":\"https:\\\/\\\/lightweb.dev\\\/l\\\/svm-temp\\\/nyheter\\\/flyktingkrisen-spanien-forsta-etappen-pa-resan-mot-tyskland-och-sverige\\\/#article\",\"isPartOf\":{\"@id\":\"https:\\\/\\\/lightweb.dev\\\/l\\\/svm-temp\\\/nyheter\\\/flyktingkrisen-spanien-forsta-etappen-pa-resan-mot-tyskland-och-sverige\\\/\"},\"author\":{\"name\":\"Redaktionen SvM\",\"@id\":\"https:\\\/\\\/lightweb.dev\\\/l\\\/svm-temp\\\/#\\\/schema\\\/person\\\/206a3bda5b607b0c25e1749191e4d837\"},\"headline\":\"Flyktingkrisen: Spanien f\u00f6rsta etappen p\u00e5 resan mot Tyskland och Sverige\",\"datePublished\":\"2015-09-03T22:00:00+00:00\",\"mainEntityOfPage\":{\"@id\":\"https:\\\/\\\/lightweb.dev\\\/l\\\/svm-temp\\\/nyheter\\\/flyktingkrisen-spanien-forsta-etappen-pa-resan-mot-tyskland-och-sverige\\\/\"},\"wordCount\":521,\"commentCount\":0,\"publisher\":{\"@id\":\"https:\\\/\\\/lightweb.dev\\\/l\\\/svm-temp\\\/#organization\"},\"image\":{\"@id\":\"https:\\\/\\\/lightweb.dev\\\/l\\\/svm-temp\\\/nyheter\\\/flyktingkrisen-spanien-forsta-etappen-pa-resan-mot-tyskland-och-sverige\\\/#primaryimage\"},\"thumbnailUrl\":\"https:\\\/\\\/lightweb.dev\\\/l\\\/svm-temp\\\/wp-content\\\/uploads\\\/2022\\\/06\\\/flyktingkrisen-spanien-forsta-etappen-pa-resan-mot-tyskland-och-sverige.png\",\"articleSection\":[\"Arkiv\",\"Nyheter\"],\"inLanguage\":\"sv-SE\"},{\"@type\":\"WebPage\",\"@id\":\"https:\\\/\\\/lightweb.dev\\\/l\\\/svm-temp\\\/nyheter\\\/flyktingkrisen-spanien-forsta-etappen-pa-resan-mot-tyskland-och-sverige\\\/\",\"url\":\"https:\\\/\\\/lightweb.dev\\\/l\\\/svm-temp\\\/nyheter\\\/flyktingkrisen-spanien-forsta-etappen-pa-resan-mot-tyskland-och-sverige\\\/\",\"name\":\"Flyktingkrisen: Spanien f\u00f6rsta etappen p\u00e5 resan mot Tyskland och Sverige - Svenska Magasinet\",\"isPartOf\":{\"@id\":\"https:\\\/\\\/lightweb.dev\\\/l\\\/svm-temp\\\/#website\"},\"primaryImageOfPage\":{\"@id\":\"https:\\\/\\\/lightweb.dev\\\/l\\\/svm-temp\\\/nyheter\\\/flyktingkrisen-spanien-forsta-etappen-pa-resan-mot-tyskland-och-sverige\\\/#primaryimage\"},\"image\":{\"@id\":\"https:\\\/\\\/lightweb.dev\\\/l\\\/svm-temp\\\/nyheter\\\/flyktingkrisen-spanien-forsta-etappen-pa-resan-mot-tyskland-och-sverige\\\/#primaryimage\"},\"thumbnailUrl\":\"https:\\\/\\\/lightweb.dev\\\/l\\\/svm-temp\\\/wp-content\\\/uploads\\\/2022\\\/06\\\/flyktingkrisen-spanien-forsta-etappen-pa-resan-mot-tyskland-och-sverige.png\",\"datePublished\":\"2015-09-03T22:00:00+00:00\",\"breadcrumb\":{\"@id\":\"https:\\\/\\\/lightweb.dev\\\/l\\\/svm-temp\\\/nyheter\\\/flyktingkrisen-spanien-forsta-etappen-pa-resan-mot-tyskland-och-sverige\\\/#breadcrumb\"},\"inLanguage\":\"sv-SE\",\"potentialAction\":[{\"@type\":\"ReadAction\",\"target\":[\"https:\\\/\\\/lightweb.dev\\\/l\\\/svm-temp\\\/nyheter\\\/flyktingkrisen-spanien-forsta-etappen-pa-resan-mot-tyskland-och-sverige\\\/\"]}]},{\"@type\":\"ImageObject\",\"inLanguage\":\"sv-SE\",\"@id\":\"https:\\\/\\\/lightweb.dev\\\/l\\\/svm-temp\\\/nyheter\\\/flyktingkrisen-spanien-forsta-etappen-pa-resan-mot-tyskland-och-sverige\\\/#primaryimage\",\"url\":\"https:\\\/\\\/lightweb.dev\\\/l\\\/svm-temp\\\/wp-content\\\/uploads\\\/2022\\\/06\\\/flyktingkrisen-spanien-forsta-etappen-pa-resan-mot-tyskland-och-sverige.png\",\"contentUrl\":\"https:\\\/\\\/lightweb.dev\\\/l\\\/svm-temp\\\/wp-content\\\/uploads\\\/2022\\\/06\\\/flyktingkrisen-spanien-forsta-etappen-pa-resan-mot-tyskland-och-sverige.png\",\"width\":300,\"height\":200},{\"@type\":\"BreadcrumbList\",\"@id\":\"https:\\\/\\\/lightweb.dev\\\/l\\\/svm-temp\\\/nyheter\\\/flyktingkrisen-spanien-forsta-etappen-pa-resan-mot-tyskland-och-sverige\\\/#breadcrumb\",\"itemListElement\":[{\"@type\":\"ListItem\",\"position\":1,\"name\":\"Hem\",\"item\":\"https:\\\/\\\/lightweb.dev\\\/l\\\/svm-temp\\\/\"},{\"@type\":\"ListItem\",\"position\":2,\"name\":\"Flyktingkrisen: Spanien f\u00f6rsta etappen p\u00e5 resan mot Tyskland och Sverige\"}]},{\"@type\":\"WebSite\",\"@id\":\"https:\\\/\\\/lightweb.dev\\\/l\\\/svm-temp\\\/#website\",\"url\":\"https:\\\/\\\/lightweb.dev\\\/l\\\/svm-temp\\\/\",\"name\":\"Svenska Magasinet\",\"description\":\"Dina Spanska nyheter p&aring; Svenska\",\"publisher\":{\"@id\":\"https:\\\/\\\/lightweb.dev\\\/l\\\/svm-temp\\\/#organization\"},\"potentialAction\":[{\"@type\":\"SearchAction\",\"target\":{\"@type\":\"EntryPoint\",\"urlTemplate\":\"https:\\\/\\\/lightweb.dev\\\/l\\\/svm-temp\\\/?s={search_term_string}\"},\"query-input\":{\"@type\":\"PropertyValueSpecification\",\"valueRequired\":true,\"valueName\":\"search_term_string\"}}],\"inLanguage\":\"sv-SE\"},{\"@type\":\"Organization\",\"@id\":\"https:\\\/\\\/lightweb.dev\\\/l\\\/svm-temp\\\/#organization\",\"name\":\"Melkerson y Nott SL\",\"alternateName\":\"Svenska Magasinet\",\"url\":\"https:\\\/\\\/lightweb.dev\\\/l\\\/svm-temp\\\/\",\"logo\":{\"@type\":\"ImageObject\",\"inLanguage\":\"sv-SE\",\"@id\":\"https:\\\/\\\/lightweb.dev\\\/l\\\/svm-temp\\\/#\\\/schema\\\/logo\\\/image\\\/\",\"url\":\"https:\\\/\\\/lightweb.dev\\\/l\\\/svm-temp\\\/wp-content\\\/uploads\\\/2025\\\/02\\\/SvM-logo-Xtra-Centrerad-SVART.png\",\"contentUrl\":\"https:\\\/\\\/lightweb.dev\\\/l\\\/svm-temp\\\/wp-content\\\/uploads\\\/2025\\\/02\\\/SvM-logo-Xtra-Centrerad-SVART.png\",\"width\":300,\"height\":99,\"caption\":\"Melkerson y Nott SL\"},\"image\":{\"@id\":\"https:\\\/\\\/lightweb.dev\\\/l\\\/svm-temp\\\/#\\\/schema\\\/logo\\\/image\\\/\"},\"sameAs\":[\"https:\\\/\\\/www.facebook.com\\\/svenskamagasinet\",\"https:\\\/\\\/x.com\\\/SvenskaMagasine\"]},{\"@type\":\"Person\",\"@id\":\"https:\\\/\\\/lightweb.dev\\\/l\\\/svm-temp\\\/#\\\/schema\\\/person\\\/206a3bda5b607b0c25e1749191e4d837\",\"name\":\"Redaktionen SvM\",\"description\":\"Redaktionen\",\"sameAs\":[\"https:\\\/\\\/lightweb.dev\\\/l\\\/svm-temp\"],\"url\":\"https:\\\/\\\/lightweb.dev\\\/l\\\/svm-temp\\\/reporter\\\/redaktionen\\\/\"}]}<\/script>\n<!-- \/ Yoast SEO Premium plugin. -->","yoast_head_json":{"title":"Flyktingkrisen: Spanien f\u00f6rsta etappen p\u00e5 resan mot Tyskland och Sverige - Svenska Magasinet","robots":{"index":"noindex","follow":"follow","max-snippet":"max-snippet:-1","max-image-preview":"max-image-preview:large","max-video-preview":"max-video-preview:-1"},"og_locale":"sv_SE","og_type":"article","og_title":"Flyktingkrisen: Spanien f\u00f6rsta etappen p\u00e5 resan mot Tyskland och Sverige","og_description":"Solkusten och Spanien \u00e4r inte tillr\u00e4ckligt bra f\u00f6r asyls\u00f6kande. Anh\u00f6riga, sl\u00e4kt och v\u00e4nner samt gener\u00f6sa bidrag g\u00f6r Tyskland och Sverige till slutresans m\u00e5l. M\u00fcnchen, Hamburg, Berlin eller Sverige \u00e4r dr\u00f6mplatserna f\u00f6r syriska flyktingar som Spaniens st\u00f6rsta dagstidning El Pais har tr\u00e4ffat. Medan siffror och kvoter \u00f6ver flyktingmottagning dominerar den politiska debatten planerar de asyls\u00f6kande flyktingarna [&hellip;]","og_url":"https:\/\/lightweb.dev\/l\/svm-temp\/nyheter\/flyktingkrisen-spanien-forsta-etappen-pa-resan-mot-tyskland-och-sverige\/","og_site_name":"Svenska Magasinet","article_publisher":"https:\/\/www.facebook.com\/svenskamagasinet","article_published_time":"2015-09-03T22:00:00+00:00","og_image":[{"width":300,"height":200,"url":"https:\/\/lightweb.dev\/l\/svm-temp\/wp-content\/uploads\/2022\/06\/flyktingkrisen-spanien-forsta-etappen-pa-resan-mot-tyskland-och-sverige.png","type":"image\/png"}],"author":"Redaktionen SvM","twitter_card":"summary_large_image","twitter_creator":"@SvenskaMagasine","twitter_site":"@SvenskaMagasine","schema":{"@context":"https:\/\/schema.org","@graph":[{"@type":"Article","@id":"https:\/\/lightweb.dev\/l\/svm-temp\/nyheter\/flyktingkrisen-spanien-forsta-etappen-pa-resan-mot-tyskland-och-sverige\/#article","isPartOf":{"@id":"https:\/\/lightweb.dev\/l\/svm-temp\/nyheter\/flyktingkrisen-spanien-forsta-etappen-pa-resan-mot-tyskland-och-sverige\/"},"author":{"name":"Redaktionen SvM","@id":"https:\/\/lightweb.dev\/l\/svm-temp\/#\/schema\/person\/206a3bda5b607b0c25e1749191e4d837"},"headline":"Flyktingkrisen: Spanien f\u00f6rsta etappen p\u00e5 resan mot Tyskland och Sverige","datePublished":"2015-09-03T22:00:00+00:00","mainEntityOfPage":{"@id":"https:\/\/lightweb.dev\/l\/svm-temp\/nyheter\/flyktingkrisen-spanien-forsta-etappen-pa-resan-mot-tyskland-och-sverige\/"},"wordCount":521,"commentCount":0,"publisher":{"@id":"https:\/\/lightweb.dev\/l\/svm-temp\/#organization"},"image":{"@id":"https:\/\/lightweb.dev\/l\/svm-temp\/nyheter\/flyktingkrisen-spanien-forsta-etappen-pa-resan-mot-tyskland-och-sverige\/#primaryimage"},"thumbnailUrl":"https:\/\/lightweb.dev\/l\/svm-temp\/wp-content\/uploads\/2022\/06\/flyktingkrisen-spanien-forsta-etappen-pa-resan-mot-tyskland-och-sverige.png","articleSection":["Arkiv","Nyheter"],"inLanguage":"sv-SE"},{"@type":"WebPage","@id":"https:\/\/lightweb.dev\/l\/svm-temp\/nyheter\/flyktingkrisen-spanien-forsta-etappen-pa-resan-mot-tyskland-och-sverige\/","url":"https:\/\/lightweb.dev\/l\/svm-temp\/nyheter\/flyktingkrisen-spanien-forsta-etappen-pa-resan-mot-tyskland-och-sverige\/","name":"Flyktingkrisen: Spanien f\u00f6rsta etappen p\u00e5 resan mot Tyskland och Sverige - Svenska Magasinet","isPartOf":{"@id":"https:\/\/lightweb.dev\/l\/svm-temp\/#website"},"primaryImageOfPage":{"@id":"https:\/\/lightweb.dev\/l\/svm-temp\/nyheter\/flyktingkrisen-spanien-forsta-etappen-pa-resan-mot-tyskland-och-sverige\/#primaryimage"},"image":{"@id":"https:\/\/lightweb.dev\/l\/svm-temp\/nyheter\/flyktingkrisen-spanien-forsta-etappen-pa-resan-mot-tyskland-och-sverige\/#primaryimage"},"thumbnailUrl":"https:\/\/lightweb.dev\/l\/svm-temp\/wp-content\/uploads\/2022\/06\/flyktingkrisen-spanien-forsta-etappen-pa-resan-mot-tyskland-och-sverige.png","datePublished":"2015-09-03T22:00:00+00:00","breadcrumb":{"@id":"https:\/\/lightweb.dev\/l\/svm-temp\/nyheter\/flyktingkrisen-spanien-forsta-etappen-pa-resan-mot-tyskland-och-sverige\/#breadcrumb"},"inLanguage":"sv-SE","potentialAction":[{"@type":"ReadAction","target":["https:\/\/lightweb.dev\/l\/svm-temp\/nyheter\/flyktingkrisen-spanien-forsta-etappen-pa-resan-mot-tyskland-och-sverige\/"]}]},{"@type":"ImageObject","inLanguage":"sv-SE","@id":"https:\/\/lightweb.dev\/l\/svm-temp\/nyheter\/flyktingkrisen-spanien-forsta-etappen-pa-resan-mot-tyskland-och-sverige\/#primaryimage","url":"https:\/\/lightweb.dev\/l\/svm-temp\/wp-content\/uploads\/2022\/06\/flyktingkrisen-spanien-forsta-etappen-pa-resan-mot-tyskland-och-sverige.png","contentUrl":"https:\/\/lightweb.dev\/l\/svm-temp\/wp-content\/uploads\/2022\/06\/flyktingkrisen-spanien-forsta-etappen-pa-resan-mot-tyskland-och-sverige.png","width":300,"height":200},{"@type":"BreadcrumbList","@id":"https:\/\/lightweb.dev\/l\/svm-temp\/nyheter\/flyktingkrisen-spanien-forsta-etappen-pa-resan-mot-tyskland-och-sverige\/#breadcrumb","itemListElement":[{"@type":"ListItem","position":1,"name":"Hem","item":"https:\/\/lightweb.dev\/l\/svm-temp\/"},{"@type":"ListItem","position":2,"name":"Flyktingkrisen: Spanien f\u00f6rsta etappen p\u00e5 resan mot Tyskland och Sverige"}]},{"@type":"WebSite","@id":"https:\/\/lightweb.dev\/l\/svm-temp\/#website","url":"https:\/\/lightweb.dev\/l\/svm-temp\/","name":"Svenska Magasinet","description":"Dina Spanska nyheter p&aring; Svenska","publisher":{"@id":"https:\/\/lightweb.dev\/l\/svm-temp\/#organization"},"potentialAction":[{"@type":"SearchAction","target":{"@type":"EntryPoint","urlTemplate":"https:\/\/lightweb.dev\/l\/svm-temp\/?s={search_term_string}"},"query-input":{"@type":"PropertyValueSpecification","valueRequired":true,"valueName":"search_term_string"}}],"inLanguage":"sv-SE"},{"@type":"Organization","@id":"https:\/\/lightweb.dev\/l\/svm-temp\/#organization","name":"Melkerson y Nott SL","alternateName":"Svenska Magasinet","url":"https:\/\/lightweb.dev\/l\/svm-temp\/","logo":{"@type":"ImageObject","inLanguage":"sv-SE","@id":"https:\/\/lightweb.dev\/l\/svm-temp\/#\/schema\/logo\/image\/","url":"https:\/\/lightweb.dev\/l\/svm-temp\/wp-content\/uploads\/2025\/02\/SvM-logo-Xtra-Centrerad-SVART.png","contentUrl":"https:\/\/lightweb.dev\/l\/svm-temp\/wp-content\/uploads\/2025\/02\/SvM-logo-Xtra-Centrerad-SVART.png","width":300,"height":99,"caption":"Melkerson y Nott SL"},"image":{"@id":"https:\/\/lightweb.dev\/l\/svm-temp\/#\/schema\/logo\/image\/"},"sameAs":["https:\/\/www.facebook.com\/svenskamagasinet","https:\/\/x.com\/SvenskaMagasine"]},{"@type":"Person","@id":"https:\/\/lightweb.dev\/l\/svm-temp\/#\/schema\/person\/206a3bda5b607b0c25e1749191e4d837","name":"Redaktionen SvM","description":"Redaktionen","sameAs":["https:\/\/lightweb.dev\/l\/svm-temp"],"url":"https:\/\/lightweb.dev\/l\/svm-temp\/reporter\/redaktionen\/"}]}},"_links":{"self":[{"href":"https:\/\/lightweb.dev\/l\/svm-temp\/wp-json\/wp\/v2\/posts\/23646","targetHints":{"allow":["GET"]}}],"collection":[{"href":"https:\/\/lightweb.dev\/l\/svm-temp\/wp-json\/wp\/v2\/posts"}],"about":[{"href":"https:\/\/lightweb.dev\/l\/svm-temp\/wp-json\/wp\/v2\/types\/post"}],"author":[{"embeddable":true,"href":"https:\/\/lightweb.dev\/l\/svm-temp\/wp-json\/wp\/v2\/users\/8"}],"replies":[{"embeddable":true,"href":"https:\/\/lightweb.dev\/l\/svm-temp\/wp-json\/wp\/v2\/comments?post=23646"}],"version-history":[{"count":0,"href":"https:\/\/lightweb.dev\/l\/svm-temp\/wp-json\/wp\/v2\/posts\/23646\/revisions"}],"wp:featuredmedia":[{"embeddable":true,"href":"https:\/\/lightweb.dev\/l\/svm-temp\/wp-json\/wp\/v2\/media\/23647"}],"wp:attachment":[{"href":"https:\/\/lightweb.dev\/l\/svm-temp\/wp-json\/wp\/v2\/media?parent=23646"}],"wp:term":[{"taxonomy":"category","embeddable":true,"href":"https:\/\/lightweb.dev\/l\/svm-temp\/wp-json\/wp\/v2\/categories?post=23646"},{"taxonomy":"post_tag","embeddable":true,"href":"https:\/\/lightweb.dev\/l\/svm-temp\/wp-json\/wp\/v2\/tags?post=23646"}],"curies":[{"name":"wp","href":"https:\/\/api.w.org\/{rel}","templated":true}]}}