{"id":23652,"date":"2015-09-03T00:00:00","date_gmt":"2015-09-02T22:00:00","guid":{"rendered":"https:\/\/lightweb.dev\/l\/svm-temp\/nyheter\/forsta-djursjukhuset-i-andalusien-oppnar-i-mijas-costa\/"},"modified":"2015-09-03T00:00:00","modified_gmt":"2015-09-02T22:00:00","slug":"forsta-djursjukhuset-i-andalusien-oppnar-i-mijas-costa","status":"publish","type":"post","link":"https:\/\/lightweb.dev\/l\/svm-temp\/nyheter\/forsta-djursjukhuset-i-andalusien-oppnar-i-mijas-costa\/","title":{"rendered":"F\u00f6rsta djursjukhuset i Andalusien \u00f6ppnar i Mijas Costa"},"content":{"rendered":"<p> Till h\u00f6sten \u00f6ppnar det f\u00f6rsta djursjukhuset med akutv\u00e5rd f\u00f6r s\u00e4llskapsdjur, exotiska f\u00e5glar och d\u00e4ggdjur i Andalusien. Djursjukhuset ligger n\u00e4ra fyren El Faro i Calaburras mitt emot stranden Playa Marina. Sjukhuset \u00e4r p\u00e5 tv\u00e5 plan, totalt tre tusen kvadratmeter.<\/p>\n<p>\u201dDet har funnits en stor efterfr\u00e5gan av ett djursjukhus under m\u00e5nga \u00e5r som kan ge akutv\u00e5rd 24 timmar om dygnet. Det blir en referens f\u00f6r hela Costa del Sol d\u00e4r ett stort antal lokala inv\u00e5nare samt m\u00e5nga utl\u00e4ndska residenta kommer att uppskatta den nya m\u00f6jligheten\u201d s\u00e4ger Mijas borgm\u00e4stare Juan Carlos Maldonado (C&#8217;s).<\/p>\n<p>\u201dVi ser det som ett innovativt centrum, inte bara p\u00e5 lokal niv\u00e5 utan \u00e4ven internationellt. Med djursjukhuset f\u00e5r v\u00e5ra djur extra uppm\u00e4rksamhet samtidigt som det kommer att skapas v\u00e4lst\u00e5nd och syssels\u00e4ttning vilket placerar Mijas ytterligare p\u00e5 kartan\u201d.<\/p>\n<p>Anl\u00e4ggningen kommer att vara i full drift fr\u00e5n december. Totalt kommer trettio personer att arbeta h\u00e4r varav 23 veterin\u00e4rer inom sjukhusv\u00e5rd, kirurgi, avancerad diagnostik, teknik, digital r\u00f6ntgen, datortomografi, magnetisk resonanstomografi och andra omr\u00e5den.<\/p>\n<p>Totalt tusen personer har s\u00f6kt tj\u00e4nsterna. <\/p>\n","protected":false},"excerpt":{"rendered":"<p>Till h\u00f6sten \u00f6ppnar det f\u00f6rsta djursjukhuset med akutv\u00e5rd f\u00f6r s\u00e4llskapsdjur, exotiska f\u00e5glar och d\u00e4ggdjur i Andalusien. Djursjukhuset ligger n\u00e4ra fyren El Faro i Calaburras mitt emot stranden Playa Marina. Sjukhuset \u00e4r p\u00e5 tv\u00e5 plan, totalt tre tusen kvadratmeter. \u201dDet har funnits en stor efterfr\u00e5gan av ett djursjukhus under m\u00e5nga \u00e5r som kan ge akutv\u00e5rd 24 [&hellip;]<\/p>\n","protected":false},"author":8,"featured_media":23653,"comment_status":"open","ping_status":"open","sticky":false,"template":"","format":"standard","meta":{"_et_pb_use_builder":"","_et_pb_old_content":"","_et_gb_content_width":"","footnotes":""},"categories":[395,3],"tags":[],"class_list":["post-23652","post","type-post","status-publish","format-standard","has-post-thumbnail","hentry","category-arkiv-nyheter","category-nyheter"],"yoast_head":"<!-- This site is optimized with the Yoast SEO Premium plugin v26.2 (Yoast SEO v27.5) - https:\/\/yoast.com\/product\/yoast-seo-premium-wordpress\/ -->\n<title>F\u00f6rsta djursjukhuset i Andalusien \u00f6ppnar i Mijas Costa - Svenska Magasinet<\/title>\n<meta name=\"robots\" content=\"noindex, follow, max-snippet:-1, max-image-preview:large, max-video-preview:-1\" \/>\n<meta property=\"og:locale\" content=\"sv_SE\" \/>\n<meta property=\"og:type\" content=\"article\" \/>\n<meta property=\"og:title\" content=\"F\u00f6rsta djursjukhuset i Andalusien \u00f6ppnar i Mijas Costa\" \/>\n<meta property=\"og:description\" content=\"Till h\u00f6sten \u00f6ppnar det f\u00f6rsta djursjukhuset med akutv\u00e5rd f\u00f6r s\u00e4llskapsdjur, exotiska f\u00e5glar och d\u00e4ggdjur i Andalusien. Djursjukhuset ligger n\u00e4ra fyren El Faro i Calaburras mitt emot stranden Playa Marina. Sjukhuset \u00e4r p\u00e5 tv\u00e5 plan, totalt tre tusen kvadratmeter. \u201dDet har funnits en stor efterfr\u00e5gan av ett djursjukhus under m\u00e5nga \u00e5r som kan ge akutv\u00e5rd 24 [&hellip;]\" \/>\n<meta property=\"og:url\" content=\"https:\/\/lightweb.dev\/l\/svm-temp\/nyheter\/forsta-djursjukhuset-i-andalusien-oppnar-i-mijas-costa\/\" \/>\n<meta property=\"og:site_name\" content=\"Svenska Magasinet\" \/>\n<meta property=\"article:publisher\" content=\"https:\/\/www.facebook.com\/svenskamagasinet\" \/>\n<meta property=\"article:published_time\" content=\"2015-09-02T22:00:00+00:00\" \/>\n<meta property=\"og:image\" content=\"https:\/\/lightweb.dev\/l\/svm-temp\/wp-content\/uploads\/2022\/06\/forsta-djursjukhuset-i-andalusien-oppnar-i-mijas-costa.png\" \/>\n\t<meta property=\"og:image:width\" content=\"280\" \/>\n\t<meta property=\"og:image:height\" content=\"210\" \/>\n\t<meta property=\"og:image:type\" content=\"image\/png\" \/>\n<meta name=\"author\" content=\"Redaktionen SvM\" \/>\n<meta name=\"twitter:card\" content=\"summary_large_image\" \/>\n<meta name=\"twitter:creator\" content=\"@SvenskaMagasine\" \/>\n<meta name=\"twitter:site\" content=\"@SvenskaMagasine\" \/>\n<script type=\"application\/ld+json\" class=\"yoast-schema-graph\">{\"@context\":\"https:\\\/\\\/schema.org\",\"@graph\":[{\"@type\":\"Article\",\"@id\":\"https:\\\/\\\/lightweb.dev\\\/l\\\/svm-temp\\\/nyheter\\\/forsta-djursjukhuset-i-andalusien-oppnar-i-mijas-costa\\\/#article\",\"isPartOf\":{\"@id\":\"https:\\\/\\\/lightweb.dev\\\/l\\\/svm-temp\\\/nyheter\\\/forsta-djursjukhuset-i-andalusien-oppnar-i-mijas-costa\\\/\"},\"author\":{\"name\":\"Redaktionen SvM\",\"@id\":\"https:\\\/\\\/lightweb.dev\\\/l\\\/svm-temp\\\/#\\\/schema\\\/person\\\/206a3bda5b607b0c25e1749191e4d837\"},\"headline\":\"F\u00f6rsta djursjukhuset i Andalusien \u00f6ppnar i Mijas Costa\",\"datePublished\":\"2015-09-02T22:00:00+00:00\",\"mainEntityOfPage\":{\"@id\":\"https:\\\/\\\/lightweb.dev\\\/l\\\/svm-temp\\\/nyheter\\\/forsta-djursjukhuset-i-andalusien-oppnar-i-mijas-costa\\\/\"},\"wordCount\":208,\"commentCount\":0,\"publisher\":{\"@id\":\"https:\\\/\\\/lightweb.dev\\\/l\\\/svm-temp\\\/#organization\"},\"image\":{\"@id\":\"https:\\\/\\\/lightweb.dev\\\/l\\\/svm-temp\\\/nyheter\\\/forsta-djursjukhuset-i-andalusien-oppnar-i-mijas-costa\\\/#primaryimage\"},\"thumbnailUrl\":\"https:\\\/\\\/lightweb.dev\\\/l\\\/svm-temp\\\/wp-content\\\/uploads\\\/2022\\\/06\\\/forsta-djursjukhuset-i-andalusien-oppnar-i-mijas-costa.png\",\"articleSection\":[\"Arkiv\",\"Nyheter\"],\"inLanguage\":\"sv-SE\"},{\"@type\":\"WebPage\",\"@id\":\"https:\\\/\\\/lightweb.dev\\\/l\\\/svm-temp\\\/nyheter\\\/forsta-djursjukhuset-i-andalusien-oppnar-i-mijas-costa\\\/\",\"url\":\"https:\\\/\\\/lightweb.dev\\\/l\\\/svm-temp\\\/nyheter\\\/forsta-djursjukhuset-i-andalusien-oppnar-i-mijas-costa\\\/\",\"name\":\"F\u00f6rsta djursjukhuset i Andalusien \u00f6ppnar i Mijas Costa - Svenska Magasinet\",\"isPartOf\":{\"@id\":\"https:\\\/\\\/lightweb.dev\\\/l\\\/svm-temp\\\/#website\"},\"primaryImageOfPage\":{\"@id\":\"https:\\\/\\\/lightweb.dev\\\/l\\\/svm-temp\\\/nyheter\\\/forsta-djursjukhuset-i-andalusien-oppnar-i-mijas-costa\\\/#primaryimage\"},\"image\":{\"@id\":\"https:\\\/\\\/lightweb.dev\\\/l\\\/svm-temp\\\/nyheter\\\/forsta-djursjukhuset-i-andalusien-oppnar-i-mijas-costa\\\/#primaryimage\"},\"thumbnailUrl\":\"https:\\\/\\\/lightweb.dev\\\/l\\\/svm-temp\\\/wp-content\\\/uploads\\\/2022\\\/06\\\/forsta-djursjukhuset-i-andalusien-oppnar-i-mijas-costa.png\",\"datePublished\":\"2015-09-02T22:00:00+00:00\",\"breadcrumb\":{\"@id\":\"https:\\\/\\\/lightweb.dev\\\/l\\\/svm-temp\\\/nyheter\\\/forsta-djursjukhuset-i-andalusien-oppnar-i-mijas-costa\\\/#breadcrumb\"},\"inLanguage\":\"sv-SE\",\"potentialAction\":[{\"@type\":\"ReadAction\",\"target\":[\"https:\\\/\\\/lightweb.dev\\\/l\\\/svm-temp\\\/nyheter\\\/forsta-djursjukhuset-i-andalusien-oppnar-i-mijas-costa\\\/\"]}]},{\"@type\":\"ImageObject\",\"inLanguage\":\"sv-SE\",\"@id\":\"https:\\\/\\\/lightweb.dev\\\/l\\\/svm-temp\\\/nyheter\\\/forsta-djursjukhuset-i-andalusien-oppnar-i-mijas-costa\\\/#primaryimage\",\"url\":\"https:\\\/\\\/lightweb.dev\\\/l\\\/svm-temp\\\/wp-content\\\/uploads\\\/2022\\\/06\\\/forsta-djursjukhuset-i-andalusien-oppnar-i-mijas-costa.png\",\"contentUrl\":\"https:\\\/\\\/lightweb.dev\\\/l\\\/svm-temp\\\/wp-content\\\/uploads\\\/2022\\\/06\\\/forsta-djursjukhuset-i-andalusien-oppnar-i-mijas-costa.png\",\"width\":280,\"height\":210},{\"@type\":\"BreadcrumbList\",\"@id\":\"https:\\\/\\\/lightweb.dev\\\/l\\\/svm-temp\\\/nyheter\\\/forsta-djursjukhuset-i-andalusien-oppnar-i-mijas-costa\\\/#breadcrumb\",\"itemListElement\":[{\"@type\":\"ListItem\",\"position\":1,\"name\":\"Hem\",\"item\":\"https:\\\/\\\/lightweb.dev\\\/l\\\/svm-temp\\\/\"},{\"@type\":\"ListItem\",\"position\":2,\"name\":\"F\u00f6rsta djursjukhuset i Andalusien \u00f6ppnar i Mijas Costa\"}]},{\"@type\":\"WebSite\",\"@id\":\"https:\\\/\\\/lightweb.dev\\\/l\\\/svm-temp\\\/#website\",\"url\":\"https:\\\/\\\/lightweb.dev\\\/l\\\/svm-temp\\\/\",\"name\":\"Svenska Magasinet\",\"description\":\"Dina Spanska nyheter p&aring; Svenska\",\"publisher\":{\"@id\":\"https:\\\/\\\/lightweb.dev\\\/l\\\/svm-temp\\\/#organization\"},\"potentialAction\":[{\"@type\":\"SearchAction\",\"target\":{\"@type\":\"EntryPoint\",\"urlTemplate\":\"https:\\\/\\\/lightweb.dev\\\/l\\\/svm-temp\\\/?s={search_term_string}\"},\"query-input\":{\"@type\":\"PropertyValueSpecification\",\"valueRequired\":true,\"valueName\":\"search_term_string\"}}],\"inLanguage\":\"sv-SE\"},{\"@type\":\"Organization\",\"@id\":\"https:\\\/\\\/lightweb.dev\\\/l\\\/svm-temp\\\/#organization\",\"name\":\"Melkerson y Nott SL\",\"alternateName\":\"Svenska Magasinet\",\"url\":\"https:\\\/\\\/lightweb.dev\\\/l\\\/svm-temp\\\/\",\"logo\":{\"@type\":\"ImageObject\",\"inLanguage\":\"sv-SE\",\"@id\":\"https:\\\/\\\/lightweb.dev\\\/l\\\/svm-temp\\\/#\\\/schema\\\/logo\\\/image\\\/\",\"url\":\"https:\\\/\\\/lightweb.dev\\\/l\\\/svm-temp\\\/wp-content\\\/uploads\\\/2025\\\/02\\\/SvM-logo-Xtra-Centrerad-SVART.png\",\"contentUrl\":\"https:\\\/\\\/lightweb.dev\\\/l\\\/svm-temp\\\/wp-content\\\/uploads\\\/2025\\\/02\\\/SvM-logo-Xtra-Centrerad-SVART.png\",\"width\":300,\"height\":99,\"caption\":\"Melkerson y Nott SL\"},\"image\":{\"@id\":\"https:\\\/\\\/lightweb.dev\\\/l\\\/svm-temp\\\/#\\\/schema\\\/logo\\\/image\\\/\"},\"sameAs\":[\"https:\\\/\\\/www.facebook.com\\\/svenskamagasinet\",\"https:\\\/\\\/x.com\\\/SvenskaMagasine\"]},{\"@type\":\"Person\",\"@id\":\"https:\\\/\\\/lightweb.dev\\\/l\\\/svm-temp\\\/#\\\/schema\\\/person\\\/206a3bda5b607b0c25e1749191e4d837\",\"name\":\"Redaktionen SvM\",\"description\":\"Redaktionen\",\"sameAs\":[\"https:\\\/\\\/lightweb.dev\\\/l\\\/svm-temp\"],\"url\":\"https:\\\/\\\/lightweb.dev\\\/l\\\/svm-temp\\\/reporter\\\/redaktionen\\\/\"}]}<\/script>\n<!-- \/ Yoast SEO Premium plugin. -->","yoast_head_json":{"title":"F\u00f6rsta djursjukhuset i Andalusien \u00f6ppnar i Mijas Costa - Svenska Magasinet","robots":{"index":"noindex","follow":"follow","max-snippet":"max-snippet:-1","max-image-preview":"max-image-preview:large","max-video-preview":"max-video-preview:-1"},"og_locale":"sv_SE","og_type":"article","og_title":"F\u00f6rsta djursjukhuset i Andalusien \u00f6ppnar i Mijas Costa","og_description":"Till h\u00f6sten \u00f6ppnar det f\u00f6rsta djursjukhuset med akutv\u00e5rd f\u00f6r s\u00e4llskapsdjur, exotiska f\u00e5glar och d\u00e4ggdjur i Andalusien. Djursjukhuset ligger n\u00e4ra fyren El Faro i Calaburras mitt emot stranden Playa Marina. Sjukhuset \u00e4r p\u00e5 tv\u00e5 plan, totalt tre tusen kvadratmeter. \u201dDet har funnits en stor efterfr\u00e5gan av ett djursjukhus under m\u00e5nga \u00e5r som kan ge akutv\u00e5rd 24 [&hellip;]","og_url":"https:\/\/lightweb.dev\/l\/svm-temp\/nyheter\/forsta-djursjukhuset-i-andalusien-oppnar-i-mijas-costa\/","og_site_name":"Svenska Magasinet","article_publisher":"https:\/\/www.facebook.com\/svenskamagasinet","article_published_time":"2015-09-02T22:00:00+00:00","og_image":[{"width":280,"height":210,"url":"https:\/\/lightweb.dev\/l\/svm-temp\/wp-content\/uploads\/2022\/06\/forsta-djursjukhuset-i-andalusien-oppnar-i-mijas-costa.png","type":"image\/png"}],"author":"Redaktionen SvM","twitter_card":"summary_large_image","twitter_creator":"@SvenskaMagasine","twitter_site":"@SvenskaMagasine","schema":{"@context":"https:\/\/schema.org","@graph":[{"@type":"Article","@id":"https:\/\/lightweb.dev\/l\/svm-temp\/nyheter\/forsta-djursjukhuset-i-andalusien-oppnar-i-mijas-costa\/#article","isPartOf":{"@id":"https:\/\/lightweb.dev\/l\/svm-temp\/nyheter\/forsta-djursjukhuset-i-andalusien-oppnar-i-mijas-costa\/"},"author":{"name":"Redaktionen SvM","@id":"https:\/\/lightweb.dev\/l\/svm-temp\/#\/schema\/person\/206a3bda5b607b0c25e1749191e4d837"},"headline":"F\u00f6rsta djursjukhuset i Andalusien \u00f6ppnar i Mijas Costa","datePublished":"2015-09-02T22:00:00+00:00","mainEntityOfPage":{"@id":"https:\/\/lightweb.dev\/l\/svm-temp\/nyheter\/forsta-djursjukhuset-i-andalusien-oppnar-i-mijas-costa\/"},"wordCount":208,"commentCount":0,"publisher":{"@id":"https:\/\/lightweb.dev\/l\/svm-temp\/#organization"},"image":{"@id":"https:\/\/lightweb.dev\/l\/svm-temp\/nyheter\/forsta-djursjukhuset-i-andalusien-oppnar-i-mijas-costa\/#primaryimage"},"thumbnailUrl":"https:\/\/lightweb.dev\/l\/svm-temp\/wp-content\/uploads\/2022\/06\/forsta-djursjukhuset-i-andalusien-oppnar-i-mijas-costa.png","articleSection":["Arkiv","Nyheter"],"inLanguage":"sv-SE"},{"@type":"WebPage","@id":"https:\/\/lightweb.dev\/l\/svm-temp\/nyheter\/forsta-djursjukhuset-i-andalusien-oppnar-i-mijas-costa\/","url":"https:\/\/lightweb.dev\/l\/svm-temp\/nyheter\/forsta-djursjukhuset-i-andalusien-oppnar-i-mijas-costa\/","name":"F\u00f6rsta djursjukhuset i Andalusien \u00f6ppnar i Mijas Costa - Svenska Magasinet","isPartOf":{"@id":"https:\/\/lightweb.dev\/l\/svm-temp\/#website"},"primaryImageOfPage":{"@id":"https:\/\/lightweb.dev\/l\/svm-temp\/nyheter\/forsta-djursjukhuset-i-andalusien-oppnar-i-mijas-costa\/#primaryimage"},"image":{"@id":"https:\/\/lightweb.dev\/l\/svm-temp\/nyheter\/forsta-djursjukhuset-i-andalusien-oppnar-i-mijas-costa\/#primaryimage"},"thumbnailUrl":"https:\/\/lightweb.dev\/l\/svm-temp\/wp-content\/uploads\/2022\/06\/forsta-djursjukhuset-i-andalusien-oppnar-i-mijas-costa.png","datePublished":"2015-09-02T22:00:00+00:00","breadcrumb":{"@id":"https:\/\/lightweb.dev\/l\/svm-temp\/nyheter\/forsta-djursjukhuset-i-andalusien-oppnar-i-mijas-costa\/#breadcrumb"},"inLanguage":"sv-SE","potentialAction":[{"@type":"ReadAction","target":["https:\/\/lightweb.dev\/l\/svm-temp\/nyheter\/forsta-djursjukhuset-i-andalusien-oppnar-i-mijas-costa\/"]}]},{"@type":"ImageObject","inLanguage":"sv-SE","@id":"https:\/\/lightweb.dev\/l\/svm-temp\/nyheter\/forsta-djursjukhuset-i-andalusien-oppnar-i-mijas-costa\/#primaryimage","url":"https:\/\/lightweb.dev\/l\/svm-temp\/wp-content\/uploads\/2022\/06\/forsta-djursjukhuset-i-andalusien-oppnar-i-mijas-costa.png","contentUrl":"https:\/\/lightweb.dev\/l\/svm-temp\/wp-content\/uploads\/2022\/06\/forsta-djursjukhuset-i-andalusien-oppnar-i-mijas-costa.png","width":280,"height":210},{"@type":"BreadcrumbList","@id":"https:\/\/lightweb.dev\/l\/svm-temp\/nyheter\/forsta-djursjukhuset-i-andalusien-oppnar-i-mijas-costa\/#breadcrumb","itemListElement":[{"@type":"ListItem","position":1,"name":"Hem","item":"https:\/\/lightweb.dev\/l\/svm-temp\/"},{"@type":"ListItem","position":2,"name":"F\u00f6rsta djursjukhuset i Andalusien \u00f6ppnar i Mijas Costa"}]},{"@type":"WebSite","@id":"https:\/\/lightweb.dev\/l\/svm-temp\/#website","url":"https:\/\/lightweb.dev\/l\/svm-temp\/","name":"Svenska Magasinet","description":"Dina Spanska nyheter p&aring; Svenska","publisher":{"@id":"https:\/\/lightweb.dev\/l\/svm-temp\/#organization"},"potentialAction":[{"@type":"SearchAction","target":{"@type":"EntryPoint","urlTemplate":"https:\/\/lightweb.dev\/l\/svm-temp\/?s={search_term_string}"},"query-input":{"@type":"PropertyValueSpecification","valueRequired":true,"valueName":"search_term_string"}}],"inLanguage":"sv-SE"},{"@type":"Organization","@id":"https:\/\/lightweb.dev\/l\/svm-temp\/#organization","name":"Melkerson y Nott SL","alternateName":"Svenska Magasinet","url":"https:\/\/lightweb.dev\/l\/svm-temp\/","logo":{"@type":"ImageObject","inLanguage":"sv-SE","@id":"https:\/\/lightweb.dev\/l\/svm-temp\/#\/schema\/logo\/image\/","url":"https:\/\/lightweb.dev\/l\/svm-temp\/wp-content\/uploads\/2025\/02\/SvM-logo-Xtra-Centrerad-SVART.png","contentUrl":"https:\/\/lightweb.dev\/l\/svm-temp\/wp-content\/uploads\/2025\/02\/SvM-logo-Xtra-Centrerad-SVART.png","width":300,"height":99,"caption":"Melkerson y Nott SL"},"image":{"@id":"https:\/\/lightweb.dev\/l\/svm-temp\/#\/schema\/logo\/image\/"},"sameAs":["https:\/\/www.facebook.com\/svenskamagasinet","https:\/\/x.com\/SvenskaMagasine"]},{"@type":"Person","@id":"https:\/\/lightweb.dev\/l\/svm-temp\/#\/schema\/person\/206a3bda5b607b0c25e1749191e4d837","name":"Redaktionen SvM","description":"Redaktionen","sameAs":["https:\/\/lightweb.dev\/l\/svm-temp"],"url":"https:\/\/lightweb.dev\/l\/svm-temp\/reporter\/redaktionen\/"}]}},"_links":{"self":[{"href":"https:\/\/lightweb.dev\/l\/svm-temp\/wp-json\/wp\/v2\/posts\/23652","targetHints":{"allow":["GET"]}}],"collection":[{"href":"https:\/\/lightweb.dev\/l\/svm-temp\/wp-json\/wp\/v2\/posts"}],"about":[{"href":"https:\/\/lightweb.dev\/l\/svm-temp\/wp-json\/wp\/v2\/types\/post"}],"author":[{"embeddable":true,"href":"https:\/\/lightweb.dev\/l\/svm-temp\/wp-json\/wp\/v2\/users\/8"}],"replies":[{"embeddable":true,"href":"https:\/\/lightweb.dev\/l\/svm-temp\/wp-json\/wp\/v2\/comments?post=23652"}],"version-history":[{"count":0,"href":"https:\/\/lightweb.dev\/l\/svm-temp\/wp-json\/wp\/v2\/posts\/23652\/revisions"}],"wp:featuredmedia":[{"embeddable":true,"href":"https:\/\/lightweb.dev\/l\/svm-temp\/wp-json\/wp\/v2\/media\/23653"}],"wp:attachment":[{"href":"https:\/\/lightweb.dev\/l\/svm-temp\/wp-json\/wp\/v2\/media?parent=23652"}],"wp:term":[{"taxonomy":"category","embeddable":true,"href":"https:\/\/lightweb.dev\/l\/svm-temp\/wp-json\/wp\/v2\/categories?post=23652"},{"taxonomy":"post_tag","embeddable":true,"href":"https:\/\/lightweb.dev\/l\/svm-temp\/wp-json\/wp\/v2\/tags?post=23652"}],"curies":[{"name":"wp","href":"https:\/\/api.w.org\/{rel}","templated":true}]}}