{"id":23658,"date":"2015-09-03T00:00:00","date_gmt":"2015-09-02T22:00:00","guid":{"rendered":"https:\/\/lightweb.dev\/l\/svm-temp\/nyheter\/marbella-oppnar-natverk-av-familjer-som-vill-ta-emot-asylsokande\/"},"modified":"2015-09-03T00:00:00","modified_gmt":"2015-09-02T22:00:00","slug":"marbella-oppnar-natverk-av-familjer-som-vill-ta-emot-asylsokande","status":"publish","type":"post","link":"https:\/\/lightweb.dev\/l\/svm-temp\/nyheter\/marbella-oppnar-natverk-av-familjer-som-vill-ta-emot-asylsokande\/","title":{"rendered":"Marbella \u00f6ppnar n\u00e4tverk av familjer som vill ta emot asyls\u00f6kande"},"content":{"rendered":"<p> Marbella kommun och Rinc\u00f3n de la Victor\u00eda g\u00f6r som Madrid och Barcelona och uppr\u00e4ttar ett n\u00e4tverk av familjer som \u00e4r villiga att ta emot asyls\u00f6kande till Europa. Det \u00e4r kommunn\u00e4mnden f\u00f6r sociala r\u00e4ttigheter (Derechos Sociales) som vill uppr\u00e4tta ett n\u00e4tverk av familjer som vill samarbeta och vara v\u00e4rd f\u00f6r asylflyktingar.<\/p>\n<p>\u201dDet handlar om personer och familjer i Marbella som \u00e4r villiga att ta emot flyktingar antingen genom att \u00f6ppna sina hem, annan egendom eller dela ut mat eller ekonomiska bidrag\u201d s\u00e4ger borgm\u00e4staren Jos\u00e9 Bernal. \u201dSyftet \u00e4r att vara ett komplement till den hj\u00e4lp som staten ger\u201d.<\/p>\n<p>De som vill hj\u00e4lpa till kan kontakta avdelningen \u201dDerechos Sociales\u201d vid kommunen och erbjuda sin hj\u00e4lp.<\/p>\n<p>\u201dVi tror att ingen m\u00e4nniska \u00e4r illegal. N\u00e4r allvarliga akuta situationer intr\u00e4ffar vid gr\u00e4nserna eller i Europa kan vi inte titta bort n\u00e4r m\u00e4nniskor d\u00f6r p\u00e5 str\u00e4nder och hela familjer med barn f\u00e4rdas p\u00e5 v\u00e4gar. Det finns inga regler, lagar eller taggtr\u00e5d som kan stoppa f\u00f6rtvivlade m\u00e4nniskor d\u00e4r krig har f\u00f6rst\u00f6rt deras liv\u201d s\u00e4ger Victoria Morales vid den kommunala n\u00e4mnden f\u00f6r sociala r\u00e4ttigheter till Diario SUR.<\/p>\n<p>\u00c4ven Nerja och Benalm\u00e1dena studerar i dagsl\u00e4get m\u00f6jligheten att g\u00f6ra som Marbella och Rinc\u00f3n de la Victor\u00eda uppger radiokanalen Cadena SER. Bland landets st\u00f6rre st\u00e4der uppr\u00e4ttar Barcelona, Madrid, Valencia, Pamplona, Vitoria och C\u00e1diz n\u00e4tverk som ska ta emot flyktingar.<\/p>\n<p>Ifjol tog M\u00e1laga kommun emot 221 asyls\u00f6kande ett siffra som v\u00e4ntas f\u00f6rdubblas i \u00e5r enligt Espa\u00f1ola de Ayuda al Refugiado. Enligt EU skulle M\u00e1laga ta emot en kvot p\u00e5 422 asyls\u00f6kande.<\/p>\n<p>I provinsen M\u00e1laga finns det tv\u00e5 flyktingf\u00f6rl\u00e4ggningar. Den ena tar 77 personer men det \u00e4r bara 37 som s\u00f6kt asyl. Senast anl\u00e4nde det 28 syrier fr\u00e5n den spanska enklaven Melilla i Nordafrika.<\/p>\n<p>De flesta som kommer vill vidare till Tyskland och Sverige uppger Cadena SER.<\/p>\n<p>Du hittar Derechos Sociales i h\u00f6rnet av calle V\u00e1zquez Clavel och calle San Bernab\u00e9 i Marbella. Tlf: 952 768 700. E-postadress: bienestarsocial@marbella.es <\/p>\n","protected":false},"excerpt":{"rendered":"<p>Marbella kommun och Rinc\u00f3n de la Victor\u00eda g\u00f6r som Madrid och Barcelona och uppr\u00e4ttar ett n\u00e4tverk av familjer som \u00e4r villiga att ta emot asyls\u00f6kande till Europa. Det \u00e4r kommunn\u00e4mnden f\u00f6r sociala r\u00e4ttigheter (Derechos Sociales) som vill uppr\u00e4tta ett n\u00e4tverk av familjer som vill samarbeta och vara v\u00e4rd f\u00f6r asylflyktingar. \u201dDet handlar om personer och [&hellip;]<\/p>\n","protected":false},"author":8,"featured_media":23659,"comment_status":"open","ping_status":"open","sticky":false,"template":"","format":"standard","meta":{"_et_pb_use_builder":"","_et_pb_old_content":"","_et_gb_content_width":"","footnotes":""},"categories":[395,3],"tags":[],"class_list":["post-23658","post","type-post","status-publish","format-standard","has-post-thumbnail","hentry","category-arkiv-nyheter","category-nyheter"],"yoast_head":"<!-- This site is optimized with the Yoast SEO Premium plugin v26.2 (Yoast SEO v27.5) - https:\/\/yoast.com\/product\/yoast-seo-premium-wordpress\/ -->\n<title>Marbella \u00f6ppnar n\u00e4tverk av familjer som vill ta emot asyls\u00f6kande - Svenska Magasinet<\/title>\n<meta name=\"robots\" content=\"noindex, follow, max-snippet:-1, max-image-preview:large, max-video-preview:-1\" \/>\n<meta property=\"og:locale\" content=\"sv_SE\" \/>\n<meta property=\"og:type\" content=\"article\" \/>\n<meta property=\"og:title\" content=\"Marbella \u00f6ppnar n\u00e4tverk av familjer som vill ta emot asyls\u00f6kande\" \/>\n<meta property=\"og:description\" content=\"Marbella kommun och Rinc\u00f3n de la Victor\u00eda g\u00f6r som Madrid och Barcelona och uppr\u00e4ttar ett n\u00e4tverk av familjer som \u00e4r villiga att ta emot asyls\u00f6kande till Europa. Det \u00e4r kommunn\u00e4mnden f\u00f6r sociala r\u00e4ttigheter (Derechos Sociales) som vill uppr\u00e4tta ett n\u00e4tverk av familjer som vill samarbeta och vara v\u00e4rd f\u00f6r asylflyktingar. \u201dDet handlar om personer och [&hellip;]\" \/>\n<meta property=\"og:url\" content=\"https:\/\/lightweb.dev\/l\/svm-temp\/nyheter\/marbella-oppnar-natverk-av-familjer-som-vill-ta-emot-asylsokande\/\" \/>\n<meta property=\"og:site_name\" content=\"Svenska Magasinet\" \/>\n<meta property=\"article:publisher\" content=\"https:\/\/www.facebook.com\/svenskamagasinet\" \/>\n<meta property=\"article:published_time\" content=\"2015-09-02T22:00:00+00:00\" \/>\n<meta property=\"og:image\" content=\"https:\/\/lightweb.dev\/l\/svm-temp\/wp-content\/uploads\/2022\/06\/marbella-oppnar-natverk-av-familjer-som-vill-ta-emot-asylsokande.png\" \/>\n\t<meta property=\"og:image:width\" content=\"436\" \/>\n\t<meta property=\"og:image:height\" content=\"200\" \/>\n\t<meta property=\"og:image:type\" content=\"image\/png\" \/>\n<meta name=\"author\" content=\"Redaktionen SvM\" \/>\n<meta name=\"twitter:card\" content=\"summary_large_image\" \/>\n<meta name=\"twitter:creator\" content=\"@SvenskaMagasine\" \/>\n<meta name=\"twitter:site\" content=\"@SvenskaMagasine\" \/>\n<script type=\"application\/ld+json\" class=\"yoast-schema-graph\">{\"@context\":\"https:\\\/\\\/schema.org\",\"@graph\":[{\"@type\":\"Article\",\"@id\":\"https:\\\/\\\/lightweb.dev\\\/l\\\/svm-temp\\\/nyheter\\\/marbella-oppnar-natverk-av-familjer-som-vill-ta-emot-asylsokande\\\/#article\",\"isPartOf\":{\"@id\":\"https:\\\/\\\/lightweb.dev\\\/l\\\/svm-temp\\\/nyheter\\\/marbella-oppnar-natverk-av-familjer-som-vill-ta-emot-asylsokande\\\/\"},\"author\":{\"name\":\"Redaktionen SvM\",\"@id\":\"https:\\\/\\\/lightweb.dev\\\/l\\\/svm-temp\\\/#\\\/schema\\\/person\\\/206a3bda5b607b0c25e1749191e4d837\"},\"headline\":\"Marbella \u00f6ppnar n\u00e4tverk av familjer som vill ta emot asyls\u00f6kande\",\"datePublished\":\"2015-09-02T22:00:00+00:00\",\"mainEntityOfPage\":{\"@id\":\"https:\\\/\\\/lightweb.dev\\\/l\\\/svm-temp\\\/nyheter\\\/marbella-oppnar-natverk-av-familjer-som-vill-ta-emot-asylsokande\\\/\"},\"wordCount\":385,\"commentCount\":0,\"publisher\":{\"@id\":\"https:\\\/\\\/lightweb.dev\\\/l\\\/svm-temp\\\/#organization\"},\"image\":{\"@id\":\"https:\\\/\\\/lightweb.dev\\\/l\\\/svm-temp\\\/nyheter\\\/marbella-oppnar-natverk-av-familjer-som-vill-ta-emot-asylsokande\\\/#primaryimage\"},\"thumbnailUrl\":\"https:\\\/\\\/lightweb.dev\\\/l\\\/svm-temp\\\/wp-content\\\/uploads\\\/2022\\\/06\\\/marbella-oppnar-natverk-av-familjer-som-vill-ta-emot-asylsokande.png\",\"articleSection\":[\"Arkiv\",\"Nyheter\"],\"inLanguage\":\"sv-SE\"},{\"@type\":\"WebPage\",\"@id\":\"https:\\\/\\\/lightweb.dev\\\/l\\\/svm-temp\\\/nyheter\\\/marbella-oppnar-natverk-av-familjer-som-vill-ta-emot-asylsokande\\\/\",\"url\":\"https:\\\/\\\/lightweb.dev\\\/l\\\/svm-temp\\\/nyheter\\\/marbella-oppnar-natverk-av-familjer-som-vill-ta-emot-asylsokande\\\/\",\"name\":\"Marbella \u00f6ppnar n\u00e4tverk av familjer som vill ta emot asyls\u00f6kande - Svenska Magasinet\",\"isPartOf\":{\"@id\":\"https:\\\/\\\/lightweb.dev\\\/l\\\/svm-temp\\\/#website\"},\"primaryImageOfPage\":{\"@id\":\"https:\\\/\\\/lightweb.dev\\\/l\\\/svm-temp\\\/nyheter\\\/marbella-oppnar-natverk-av-familjer-som-vill-ta-emot-asylsokande\\\/#primaryimage\"},\"image\":{\"@id\":\"https:\\\/\\\/lightweb.dev\\\/l\\\/svm-temp\\\/nyheter\\\/marbella-oppnar-natverk-av-familjer-som-vill-ta-emot-asylsokande\\\/#primaryimage\"},\"thumbnailUrl\":\"https:\\\/\\\/lightweb.dev\\\/l\\\/svm-temp\\\/wp-content\\\/uploads\\\/2022\\\/06\\\/marbella-oppnar-natverk-av-familjer-som-vill-ta-emot-asylsokande.png\",\"datePublished\":\"2015-09-02T22:00:00+00:00\",\"breadcrumb\":{\"@id\":\"https:\\\/\\\/lightweb.dev\\\/l\\\/svm-temp\\\/nyheter\\\/marbella-oppnar-natverk-av-familjer-som-vill-ta-emot-asylsokande\\\/#breadcrumb\"},\"inLanguage\":\"sv-SE\",\"potentialAction\":[{\"@type\":\"ReadAction\",\"target\":[\"https:\\\/\\\/lightweb.dev\\\/l\\\/svm-temp\\\/nyheter\\\/marbella-oppnar-natverk-av-familjer-som-vill-ta-emot-asylsokande\\\/\"]}]},{\"@type\":\"ImageObject\",\"inLanguage\":\"sv-SE\",\"@id\":\"https:\\\/\\\/lightweb.dev\\\/l\\\/svm-temp\\\/nyheter\\\/marbella-oppnar-natverk-av-familjer-som-vill-ta-emot-asylsokande\\\/#primaryimage\",\"url\":\"https:\\\/\\\/lightweb.dev\\\/l\\\/svm-temp\\\/wp-content\\\/uploads\\\/2022\\\/06\\\/marbella-oppnar-natverk-av-familjer-som-vill-ta-emot-asylsokande.png\",\"contentUrl\":\"https:\\\/\\\/lightweb.dev\\\/l\\\/svm-temp\\\/wp-content\\\/uploads\\\/2022\\\/06\\\/marbella-oppnar-natverk-av-familjer-som-vill-ta-emot-asylsokande.png\",\"width\":436,\"height\":200},{\"@type\":\"BreadcrumbList\",\"@id\":\"https:\\\/\\\/lightweb.dev\\\/l\\\/svm-temp\\\/nyheter\\\/marbella-oppnar-natverk-av-familjer-som-vill-ta-emot-asylsokande\\\/#breadcrumb\",\"itemListElement\":[{\"@type\":\"ListItem\",\"position\":1,\"name\":\"Hem\",\"item\":\"https:\\\/\\\/lightweb.dev\\\/l\\\/svm-temp\\\/\"},{\"@type\":\"ListItem\",\"position\":2,\"name\":\"Marbella \u00f6ppnar n\u00e4tverk av familjer som vill ta emot asyls\u00f6kande\"}]},{\"@type\":\"WebSite\",\"@id\":\"https:\\\/\\\/lightweb.dev\\\/l\\\/svm-temp\\\/#website\",\"url\":\"https:\\\/\\\/lightweb.dev\\\/l\\\/svm-temp\\\/\",\"name\":\"Svenska Magasinet\",\"description\":\"Dina Spanska nyheter p&aring; Svenska\",\"publisher\":{\"@id\":\"https:\\\/\\\/lightweb.dev\\\/l\\\/svm-temp\\\/#organization\"},\"potentialAction\":[{\"@type\":\"SearchAction\",\"target\":{\"@type\":\"EntryPoint\",\"urlTemplate\":\"https:\\\/\\\/lightweb.dev\\\/l\\\/svm-temp\\\/?s={search_term_string}\"},\"query-input\":{\"@type\":\"PropertyValueSpecification\",\"valueRequired\":true,\"valueName\":\"search_term_string\"}}],\"inLanguage\":\"sv-SE\"},{\"@type\":\"Organization\",\"@id\":\"https:\\\/\\\/lightweb.dev\\\/l\\\/svm-temp\\\/#organization\",\"name\":\"Melkerson y Nott SL\",\"alternateName\":\"Svenska Magasinet\",\"url\":\"https:\\\/\\\/lightweb.dev\\\/l\\\/svm-temp\\\/\",\"logo\":{\"@type\":\"ImageObject\",\"inLanguage\":\"sv-SE\",\"@id\":\"https:\\\/\\\/lightweb.dev\\\/l\\\/svm-temp\\\/#\\\/schema\\\/logo\\\/image\\\/\",\"url\":\"https:\\\/\\\/lightweb.dev\\\/l\\\/svm-temp\\\/wp-content\\\/uploads\\\/2025\\\/02\\\/SvM-logo-Xtra-Centrerad-SVART.png\",\"contentUrl\":\"https:\\\/\\\/lightweb.dev\\\/l\\\/svm-temp\\\/wp-content\\\/uploads\\\/2025\\\/02\\\/SvM-logo-Xtra-Centrerad-SVART.png\",\"width\":300,\"height\":99,\"caption\":\"Melkerson y Nott SL\"},\"image\":{\"@id\":\"https:\\\/\\\/lightweb.dev\\\/l\\\/svm-temp\\\/#\\\/schema\\\/logo\\\/image\\\/\"},\"sameAs\":[\"https:\\\/\\\/www.facebook.com\\\/svenskamagasinet\",\"https:\\\/\\\/x.com\\\/SvenskaMagasine\"]},{\"@type\":\"Person\",\"@id\":\"https:\\\/\\\/lightweb.dev\\\/l\\\/svm-temp\\\/#\\\/schema\\\/person\\\/206a3bda5b607b0c25e1749191e4d837\",\"name\":\"Redaktionen SvM\",\"description\":\"Redaktionen\",\"sameAs\":[\"https:\\\/\\\/lightweb.dev\\\/l\\\/svm-temp\"],\"url\":\"https:\\\/\\\/lightweb.dev\\\/l\\\/svm-temp\\\/reporter\\\/redaktionen\\\/\"}]}<\/script>\n<!-- \/ Yoast SEO Premium plugin. -->","yoast_head_json":{"title":"Marbella \u00f6ppnar n\u00e4tverk av familjer som vill ta emot asyls\u00f6kande - Svenska Magasinet","robots":{"index":"noindex","follow":"follow","max-snippet":"max-snippet:-1","max-image-preview":"max-image-preview:large","max-video-preview":"max-video-preview:-1"},"og_locale":"sv_SE","og_type":"article","og_title":"Marbella \u00f6ppnar n\u00e4tverk av familjer som vill ta emot asyls\u00f6kande","og_description":"Marbella kommun och Rinc\u00f3n de la Victor\u00eda g\u00f6r som Madrid och Barcelona och uppr\u00e4ttar ett n\u00e4tverk av familjer som \u00e4r villiga att ta emot asyls\u00f6kande till Europa. Det \u00e4r kommunn\u00e4mnden f\u00f6r sociala r\u00e4ttigheter (Derechos Sociales) som vill uppr\u00e4tta ett n\u00e4tverk av familjer som vill samarbeta och vara v\u00e4rd f\u00f6r asylflyktingar. \u201dDet handlar om personer och [&hellip;]","og_url":"https:\/\/lightweb.dev\/l\/svm-temp\/nyheter\/marbella-oppnar-natverk-av-familjer-som-vill-ta-emot-asylsokande\/","og_site_name":"Svenska Magasinet","article_publisher":"https:\/\/www.facebook.com\/svenskamagasinet","article_published_time":"2015-09-02T22:00:00+00:00","og_image":[{"width":436,"height":200,"url":"https:\/\/lightweb.dev\/l\/svm-temp\/wp-content\/uploads\/2022\/06\/marbella-oppnar-natverk-av-familjer-som-vill-ta-emot-asylsokande.png","type":"image\/png"}],"author":"Redaktionen SvM","twitter_card":"summary_large_image","twitter_creator":"@SvenskaMagasine","twitter_site":"@SvenskaMagasine","schema":{"@context":"https:\/\/schema.org","@graph":[{"@type":"Article","@id":"https:\/\/lightweb.dev\/l\/svm-temp\/nyheter\/marbella-oppnar-natverk-av-familjer-som-vill-ta-emot-asylsokande\/#article","isPartOf":{"@id":"https:\/\/lightweb.dev\/l\/svm-temp\/nyheter\/marbella-oppnar-natverk-av-familjer-som-vill-ta-emot-asylsokande\/"},"author":{"name":"Redaktionen SvM","@id":"https:\/\/lightweb.dev\/l\/svm-temp\/#\/schema\/person\/206a3bda5b607b0c25e1749191e4d837"},"headline":"Marbella \u00f6ppnar n\u00e4tverk av familjer som vill ta emot asyls\u00f6kande","datePublished":"2015-09-02T22:00:00+00:00","mainEntityOfPage":{"@id":"https:\/\/lightweb.dev\/l\/svm-temp\/nyheter\/marbella-oppnar-natverk-av-familjer-som-vill-ta-emot-asylsokande\/"},"wordCount":385,"commentCount":0,"publisher":{"@id":"https:\/\/lightweb.dev\/l\/svm-temp\/#organization"},"image":{"@id":"https:\/\/lightweb.dev\/l\/svm-temp\/nyheter\/marbella-oppnar-natverk-av-familjer-som-vill-ta-emot-asylsokande\/#primaryimage"},"thumbnailUrl":"https:\/\/lightweb.dev\/l\/svm-temp\/wp-content\/uploads\/2022\/06\/marbella-oppnar-natverk-av-familjer-som-vill-ta-emot-asylsokande.png","articleSection":["Arkiv","Nyheter"],"inLanguage":"sv-SE"},{"@type":"WebPage","@id":"https:\/\/lightweb.dev\/l\/svm-temp\/nyheter\/marbella-oppnar-natverk-av-familjer-som-vill-ta-emot-asylsokande\/","url":"https:\/\/lightweb.dev\/l\/svm-temp\/nyheter\/marbella-oppnar-natverk-av-familjer-som-vill-ta-emot-asylsokande\/","name":"Marbella \u00f6ppnar n\u00e4tverk av familjer som vill ta emot asyls\u00f6kande - Svenska Magasinet","isPartOf":{"@id":"https:\/\/lightweb.dev\/l\/svm-temp\/#website"},"primaryImageOfPage":{"@id":"https:\/\/lightweb.dev\/l\/svm-temp\/nyheter\/marbella-oppnar-natverk-av-familjer-som-vill-ta-emot-asylsokande\/#primaryimage"},"image":{"@id":"https:\/\/lightweb.dev\/l\/svm-temp\/nyheter\/marbella-oppnar-natverk-av-familjer-som-vill-ta-emot-asylsokande\/#primaryimage"},"thumbnailUrl":"https:\/\/lightweb.dev\/l\/svm-temp\/wp-content\/uploads\/2022\/06\/marbella-oppnar-natverk-av-familjer-som-vill-ta-emot-asylsokande.png","datePublished":"2015-09-02T22:00:00+00:00","breadcrumb":{"@id":"https:\/\/lightweb.dev\/l\/svm-temp\/nyheter\/marbella-oppnar-natverk-av-familjer-som-vill-ta-emot-asylsokande\/#breadcrumb"},"inLanguage":"sv-SE","potentialAction":[{"@type":"ReadAction","target":["https:\/\/lightweb.dev\/l\/svm-temp\/nyheter\/marbella-oppnar-natverk-av-familjer-som-vill-ta-emot-asylsokande\/"]}]},{"@type":"ImageObject","inLanguage":"sv-SE","@id":"https:\/\/lightweb.dev\/l\/svm-temp\/nyheter\/marbella-oppnar-natverk-av-familjer-som-vill-ta-emot-asylsokande\/#primaryimage","url":"https:\/\/lightweb.dev\/l\/svm-temp\/wp-content\/uploads\/2022\/06\/marbella-oppnar-natverk-av-familjer-som-vill-ta-emot-asylsokande.png","contentUrl":"https:\/\/lightweb.dev\/l\/svm-temp\/wp-content\/uploads\/2022\/06\/marbella-oppnar-natverk-av-familjer-som-vill-ta-emot-asylsokande.png","width":436,"height":200},{"@type":"BreadcrumbList","@id":"https:\/\/lightweb.dev\/l\/svm-temp\/nyheter\/marbella-oppnar-natverk-av-familjer-som-vill-ta-emot-asylsokande\/#breadcrumb","itemListElement":[{"@type":"ListItem","position":1,"name":"Hem","item":"https:\/\/lightweb.dev\/l\/svm-temp\/"},{"@type":"ListItem","position":2,"name":"Marbella \u00f6ppnar n\u00e4tverk av familjer som vill ta emot asyls\u00f6kande"}]},{"@type":"WebSite","@id":"https:\/\/lightweb.dev\/l\/svm-temp\/#website","url":"https:\/\/lightweb.dev\/l\/svm-temp\/","name":"Svenska Magasinet","description":"Dina Spanska nyheter p&aring; Svenska","publisher":{"@id":"https:\/\/lightweb.dev\/l\/svm-temp\/#organization"},"potentialAction":[{"@type":"SearchAction","target":{"@type":"EntryPoint","urlTemplate":"https:\/\/lightweb.dev\/l\/svm-temp\/?s={search_term_string}"},"query-input":{"@type":"PropertyValueSpecification","valueRequired":true,"valueName":"search_term_string"}}],"inLanguage":"sv-SE"},{"@type":"Organization","@id":"https:\/\/lightweb.dev\/l\/svm-temp\/#organization","name":"Melkerson y Nott SL","alternateName":"Svenska Magasinet","url":"https:\/\/lightweb.dev\/l\/svm-temp\/","logo":{"@type":"ImageObject","inLanguage":"sv-SE","@id":"https:\/\/lightweb.dev\/l\/svm-temp\/#\/schema\/logo\/image\/","url":"https:\/\/lightweb.dev\/l\/svm-temp\/wp-content\/uploads\/2025\/02\/SvM-logo-Xtra-Centrerad-SVART.png","contentUrl":"https:\/\/lightweb.dev\/l\/svm-temp\/wp-content\/uploads\/2025\/02\/SvM-logo-Xtra-Centrerad-SVART.png","width":300,"height":99,"caption":"Melkerson y Nott SL"},"image":{"@id":"https:\/\/lightweb.dev\/l\/svm-temp\/#\/schema\/logo\/image\/"},"sameAs":["https:\/\/www.facebook.com\/svenskamagasinet","https:\/\/x.com\/SvenskaMagasine"]},{"@type":"Person","@id":"https:\/\/lightweb.dev\/l\/svm-temp\/#\/schema\/person\/206a3bda5b607b0c25e1749191e4d837","name":"Redaktionen SvM","description":"Redaktionen","sameAs":["https:\/\/lightweb.dev\/l\/svm-temp"],"url":"https:\/\/lightweb.dev\/l\/svm-temp\/reporter\/redaktionen\/"}]}},"_links":{"self":[{"href":"https:\/\/lightweb.dev\/l\/svm-temp\/wp-json\/wp\/v2\/posts\/23658","targetHints":{"allow":["GET"]}}],"collection":[{"href":"https:\/\/lightweb.dev\/l\/svm-temp\/wp-json\/wp\/v2\/posts"}],"about":[{"href":"https:\/\/lightweb.dev\/l\/svm-temp\/wp-json\/wp\/v2\/types\/post"}],"author":[{"embeddable":true,"href":"https:\/\/lightweb.dev\/l\/svm-temp\/wp-json\/wp\/v2\/users\/8"}],"replies":[{"embeddable":true,"href":"https:\/\/lightweb.dev\/l\/svm-temp\/wp-json\/wp\/v2\/comments?post=23658"}],"version-history":[{"count":0,"href":"https:\/\/lightweb.dev\/l\/svm-temp\/wp-json\/wp\/v2\/posts\/23658\/revisions"}],"wp:featuredmedia":[{"embeddable":true,"href":"https:\/\/lightweb.dev\/l\/svm-temp\/wp-json\/wp\/v2\/media\/23659"}],"wp:attachment":[{"href":"https:\/\/lightweb.dev\/l\/svm-temp\/wp-json\/wp\/v2\/media?parent=23658"}],"wp:term":[{"taxonomy":"category","embeddable":true,"href":"https:\/\/lightweb.dev\/l\/svm-temp\/wp-json\/wp\/v2\/categories?post=23658"},{"taxonomy":"post_tag","embeddable":true,"href":"https:\/\/lightweb.dev\/l\/svm-temp\/wp-json\/wp\/v2\/tags?post=23658"}],"curies":[{"name":"wp","href":"https:\/\/api.w.org\/{rel}","templated":true}]}}